{"id":81245,"date":"2020-09-14T09:39:08","date_gmt":"2020-09-14T08:39:08","guid":{"rendered":"https:\/\/infocul.pt\/?p=81245"},"modified":"2020-09-14T09:40:47","modified_gmt":"2020-09-14T08:40:47","slug":"luis-rouxinol-abrira-a-feira-da-moita-e-esta-pronto-para-triunfar","status":"publish","type":"post","link":"https:\/\/infocul.pt\/arquivo\/cultura\/luis-rouxinol-abrira-a-feira-da-moita-e-esta-pronto-para-triunfar\/","title":{"rendered":"Lu\u00eds Rouxinol abrir\u00e1 a Feira da Moita e est\u00e1 &#8220;pronto para triunfar&#8221;"},"content":{"rendered":"<p><img decoding=\"async\" class=\"aligncenter wp-image-81246 size-large lazyload\" data-src=\"https:\/\/infocul.pt\/arquivo\/wp-content\/uploads\/2020\/09\/C___0480-1024x682.jpg\" alt=\"\" width=\"800\" height=\"533\" data-srcset=\"https:\/\/infocul.pt\/arquivo\/wp-content\/uploads\/2020\/09\/C___0480.jpg 1024w, https:\/\/infocul.pt\/arquivo\/wp-content\/uploads\/2020\/09\/C___0480-300x200.jpg 300w, https:\/\/infocul.pt\/arquivo\/wp-content\/uploads\/2020\/09\/C___0480-768x512.jpg 768w, https:\/\/infocul.pt\/arquivo\/wp-content\/uploads\/2020\/09\/C___0480-1536x1023.jpg 1536w\" data-sizes=\"(max-width: 800px) 100vw, 800px\" src=\"data:image\/svg+xml;base64,PHN2ZyB3aWR0aD0iMSIgaGVpZ2h0PSIxIiB4bWxucz0iaHR0cDovL3d3dy53My5vcmcvMjAwMC9zdmciPjwvc3ZnPg==\" style=\"--smush-placeholder-width: 800px; --smush-placeholder-aspect-ratio: 800\/533;\" \/><\/p>\n<p><a href=\"https:\/\/www.facebook.com\/LuisRouxinol\/\" target=\"_blank\" rel=\"noopener noreferrer\">Lu\u00eds Rouxinol<\/a>, figura incontest\u00e1vel da Tauromaquia Portuguesa, ser\u00e1 o cavaleiro que abrir\u00e1 a Feira Taurina da Moita 2020.<!--more--><br \/>\nDentro da temporada at\u00edpica, que estamos a viver, Rouxinol considera que \u201c<em><strong>estamos a viver uma temporada diferente, mas \u00e9 importante adaptarmo-nos a esta nova realidade e que \u00e9 importante, sobretudo real\u00e7ar que todos temos estado a cumprir, para que a temporada prossiga<\/strong><\/em>\u201d<\/p>\n<p>O cavaleiro que tem como normalidade ser l\u00edder do escalafon, tem conseguido apresentar-se em v\u00e1rias pra\u00e7as e \u201c<em><strong>as minhas actua\u00e7\u00f5es acho que t\u00eam artisticamente corrido bem\u2026ali\u00e1s em algumas delas consegui actua\u00e7\u00f5es de alto n\u00edvel, como foi o caso da minha actua\u00e7\u00e3o deste s\u00e1bado 12 de setembro, na <a href=\"https:\/\/infocul.pt\/arquivo\/cultura\/vila-nova-da-barquinha-tourada-real-marcou-estreia-de-joao-moura-nesta-temporada-c-fotos\/\" target=\"_blank\" rel=\"noopener noreferrer\">Vila Nova da Barquinha<\/a>.<\/strong><\/em>\u201d<\/p>\n<p>Este veterano cavaleiro, salienta ainda que \u201c<em><strong>para os aficionados e para os artistas \u00e9 de extrema import\u00e2ncia que a temporada tenha acontecido, pois houve momentos em que todos pens\u00e1mos que temporada n\u00e3o ia acontecer devido pela situa\u00e7\u00e3o de sa\u00fade p\u00fablica que estamos a viver!<\/strong><\/em>\u201d<\/p>\n<p>Rouxinol ir\u00e1 integrar o cartel misto, da corrida de abertura da Feira Taurina 2020 e considera o cartel extremamente interessante.<\/p>\n<p>Sobre a an\u00e1lise aos restantes artistas que com ele ir\u00e3o tourear, Rouxinol considera que Jo\u00e3o Ribeiro Telles \u201c <em><strong>est\u00e1 num excelente momento e tem uma excelente quadra de cavalos.<\/strong><\/em>\u201d. \u201c<em><strong>Estou certo que o Jo\u00e3o vem para triunfar e eu estarei, tamb\u00e9m, preparado para dar o meu melhor<\/strong><\/em>\u201d, acrescentou.<\/p>\n<p>Relativamente ao matador espanhol Miguel \u00c1ngel Perera, Lu\u00eds Rouxinol, considera que tamb\u00e9m vir\u00e1 \u201c <em><strong>pronto para triunfar e ir\u00e1 dar o seu melhor<\/strong><\/em>\u201d, por\u00e9m refere-nos, que o mais importante \u00e9 que \u201c<em><strong>no final da corrida quero que o p\u00fablico saia satisfeito e isso sim \u00e9 o mais importante<\/strong><\/em>\u201d disse-nos o cavaleiro, de forma convicta.<\/p>\n<p>Sendo uma figura t\u00e3o importante do toureio equestre portugu\u00eas, Lu\u00eds Rouxinol, tem sido presen\u00e7a ass\u00eddua na Moita.<\/p>\n<p>\u201c<em><strong>J\u00e1 toureei v\u00e1rias feiras da Moita. \u00c9 uma das feiras taurinas mais importantes de Portugal<\/strong><\/em>\u201d.<\/p>\n<p>De todas as lembran\u00e7as que as atua\u00e7\u00f5es integradas na feira da Moita, Rouxinol tem bem presente a noite que toureou com Joaquim Bastinhas, um touro a duo e no qual tiveram grande \u00eaxito.<\/p>\n<p>\u201c<em><strong>Ter\u00e7a-feira quero repetir as boas actua\u00e7\u00f5es que j\u00e1 tive na Feira da Moita!<\/strong><\/em>\u201d Promete-nos Lu\u00eds Rouxinol!<\/p>\n<p>O cartel que abrir\u00e1 a Feira da Moita 2020 \u00e9 o seguinte:<\/p>\n<p><span style=\"color: #800080;\"><strong>Dia 15 \u2013 22:00 horas \u2013 Corrida Mista \u2013 Tradicional Corrida do Munic\u00edpio<\/strong><\/span><\/p>\n<p>Cavaleiros: Luis Rouxinol e Jo\u00e3o Telles<\/p>\n<p>Forcados: Amadores da Moita<\/p>\n<p>Matador de Toiros: Miguel \u00c1ngel Perera<\/p>\n<p>Ganadarias: David Ribeiro Telles (4 toiros para a lide a cavalo) e Ascens\u00e3o Vaz (2 toiros para a lide a p\u00e9)<\/p>\n<p><span style=\"color: #0000ff;\"><strong>Entrevista e Texto: S\u00f3nia Batista<\/strong><\/span><br \/>\n<span style=\"color: #0000ff;\"><strong>Coordena\u00e7\u00e3o e Edi\u00e7\u00e3o: Rui Lavrador<\/strong><\/span><br \/>\n<span style=\"color: #0000ff;\"><strong>Fotografia: Rute Nunes &amp; Carlos Pedroso<\/strong><\/span><\/p>\n<p><img decoding=\"async\" class=\"aligncenter wp-image-79474 size-large lazyload\" data-src=\"https:\/\/infocul.pt\/arquivo\/wp-content\/uploads\/2020\/08\/Moita-do-Ribatejo-Feira-Taurina-de-2020-469x1024.jpg\" alt=\"\" width=\"469\" height=\"1024\" data-srcset=\"https:\/\/infocul.pt\/arquivo\/wp-content\/uploads\/2020\/08\/Moita-do-Ribatejo-Feira-Taurina-de-2020.jpg 469w, https:\/\/infocul.pt\/arquivo\/wp-content\/uploads\/2020\/08\/Moita-do-Ribatejo-Feira-Taurina-de-2020-138x300.jpg 138w, https:\/\/infocul.pt\/arquivo\/wp-content\/uploads\/2020\/08\/Moita-do-Ribatejo-Feira-Taurina-de-2020-768x1676.jpg 768w, https:\/\/infocul.pt\/arquivo\/wp-content\/uploads\/2020\/08\/Moita-do-Ribatejo-Feira-Taurina-de-2020-704x1536.jpg 704w, https:\/\/infocul.pt\/arquivo\/wp-content\/uploads\/2020\/08\/Moita-do-Ribatejo-Feira-Taurina-de-2020-939x2048.jpg 939w\" data-sizes=\"(max-width: 469px) 100vw, 469px\" src=\"data:image\/svg+xml;base64,PHN2ZyB3aWR0aD0iMSIgaGVpZ2h0PSIxIiB4bWxucz0iaHR0cDovL3d3dy53My5vcmcvMjAwMC9zdmciPjwvc3ZnPg==\" style=\"--smush-placeholder-width: 469px; --smush-placeholder-aspect-ratio: 469\/1024;\" \/><\/p>\n","protected":false},"excerpt":{"rendered":"<p>Lu\u00eds Rouxinol, figura incontest\u00e1vel da Tauromaquia Portuguesa, ser\u00e1 o cavaleiro que abrir\u00e1 a Feira Taurina da Moita 2020.<\/p>\n","protected":false},"author":23,"featured_media":81246,"comment_status":"open","ping_status":"closed","sticky":false,"template":"","format":"standard","meta":{"footnotes":""},"categories":[2,36,4124,7],"tags":[],"class_list":["post-81245","post","type-post","status-publish","format-standard","has-post-thumbnail","hentry","category-cultura","category-destaque","category-entrevistas","category-tauromaquia"],"yoast_head":"<!-- This site is optimized with the Yoast SEO plugin v27.4 - https:\/\/yoast.com\/product\/yoast-seo-wordpress\/ -->\n<title>Lu\u00eds Rouxinol abrir\u00e1 a Feira da Moita e est\u00e1 &quot;pronto para triunfar&quot; | Infocul.pt - Arquivo Digital<\/title>\n<meta name=\"description\" content=\"Lu\u00eds Rouxinol abrir\u00e1 a Feira da Moita e est\u00e1 &quot;pronto para triunfar&quot; | Infocul.pt - Arquivo Digital\" \/>\n<meta name=\"robots\" content=\"noindex, follow, max-snippet:-1, max-image-preview:large, max-video-preview:-1\" \/>\n<meta property=\"og:locale\" content=\"pt_PT\" \/>\n<meta property=\"og:type\" content=\"article\" \/>\n<meta property=\"og:title\" content=\"Lu\u00eds Rouxinol abrir\u00e1 a Feira da Moita e est\u00e1 &quot;pronto para triunfar&quot; | Infocul.pt - Arquivo Digital\" \/>\n<meta property=\"og:description\" content=\"Lu\u00eds Rouxinol abrir\u00e1 a Feira da Moita e est\u00e1 &quot;pronto para triunfar&quot; | Infocul.pt - Arquivo Digital\" \/>\n<meta property=\"og:url\" content=\"https:\/\/infocul.pt\/arquivo\/cultura\/luis-rouxinol-abrira-a-feira-da-moita-e-esta-pronto-para-triunfar\/\" \/>\n<meta property=\"og:site_name\" content=\"Infocul.pt - Arquivo Digital\" \/>\n<meta property=\"article:publisher\" content=\"https:\/\/www.facebook.com\/Infocul-147816815585015\/\" \/>\n<meta property=\"article:published_time\" content=\"2020-09-14T08:39:08+00:00\" \/>\n<meta property=\"article:modified_time\" content=\"2020-09-14T08:40:47+00:00\" \/>\n<meta property=\"og:image\" content=\"https:\/\/infocul.pt\/arquivo\/wp-content\/uploads\/2020\/09\/C___0480.jpg\" \/>\n\t<meta property=\"og:image:width\" content=\"1024\" \/>\n\t<meta property=\"og:image:height\" content=\"682\" \/>\n\t<meta property=\"og:image:type\" content=\"image\/jpeg\" \/>\n<meta name=\"author\" content=\"S\u00f3nia Batista\" \/>\n<meta name=\"twitter:card\" content=\"summary_large_image\" \/>\n<meta name=\"twitter:creator\" content=\"@Infoculpt\" \/>\n<meta name=\"twitter:site\" content=\"@Infoculpt\" \/>\n<meta name=\"twitter:label1\" content=\"Escrito por\" \/>\n\t<meta name=\"twitter:data1\" content=\"S\u00f3nia Batista\" \/>\n\t<meta name=\"twitter:label2\" content=\"Tempo estimado de leitura\" \/>\n\t<meta name=\"twitter:data2\" content=\"2 minutos\" \/>\n<script type=\"application\/ld+json\" class=\"yoast-schema-graph\">{\"@context\":\"https:\\\/\\\/schema.org\",\"@graph\":[{\"@type\":\"Article\",\"@id\":\"https:\\\/\\\/infocul.pt\\\/arquivo\\\/cultura\\\/luis-rouxinol-abrira-a-feira-da-moita-e-esta-pronto-para-triunfar\\\/#article\",\"isPartOf\":{\"@id\":\"https:\\\/\\\/infocul.pt\\\/arquivo\\\/cultura\\\/luis-rouxinol-abrira-a-feira-da-moita-e-esta-pronto-para-triunfar\\\/\"},\"author\":{\"name\":\"S\u00f3nia Batista\",\"@id\":\"https:\\\/\\\/infocul.pt\\\/arquivo\\\/#\\\/schema\\\/person\\\/4052bd9b0e2f5c8bfba8d888fc81c4ce\"},\"headline\":\"Lu\u00eds Rouxinol abrir\u00e1 a Feira da Moita e est\u00e1 &#8220;pronto para triunfar&#8221;\",\"datePublished\":\"2020-09-14T08:39:08+00:00\",\"dateModified\":\"2020-09-14T08:40:47+00:00\",\"mainEntityOfPage\":{\"@id\":\"https:\\\/\\\/infocul.pt\\\/arquivo\\\/cultura\\\/luis-rouxinol-abrira-a-feira-da-moita-e-esta-pronto-para-triunfar\\\/\"},\"wordCount\":476,\"commentCount\":0,\"publisher\":{\"@id\":\"https:\\\/\\\/infocul.pt\\\/arquivo\\\/#organization\"},\"image\":{\"@id\":\"https:\\\/\\\/infocul.pt\\\/arquivo\\\/cultura\\\/luis-rouxinol-abrira-a-feira-da-moita-e-esta-pronto-para-triunfar\\\/#primaryimage\"},\"thumbnailUrl\":\"https:\\\/\\\/infocul.pt\\\/arquivo\\\/wp-content\\\/uploads\\\/2020\\\/09\\\/C___0480.jpg\",\"articleSection\":[\"Cultura\",\"Destaque\",\"Entrevistas\",\"Tauromaquia\"],\"inLanguage\":\"pt-PT\"},{\"@type\":\"WebPage\",\"@id\":\"https:\\\/\\\/infocul.pt\\\/arquivo\\\/cultura\\\/luis-rouxinol-abrira-a-feira-da-moita-e-esta-pronto-para-triunfar\\\/\",\"url\":\"https:\\\/\\\/infocul.pt\\\/arquivo\\\/cultura\\\/luis-rouxinol-abrira-a-feira-da-moita-e-esta-pronto-para-triunfar\\\/\",\"name\":\"Lu\u00eds Rouxinol abrir\u00e1 a Feira da Moita e est\u00e1 \\\"pronto para triunfar\\\" | Infocul.pt - Arquivo Digital\",\"isPartOf\":{\"@id\":\"https:\\\/\\\/infocul.pt\\\/arquivo\\\/#website\"},\"primaryImageOfPage\":{\"@id\":\"https:\\\/\\\/infocul.pt\\\/arquivo\\\/cultura\\\/luis-rouxinol-abrira-a-feira-da-moita-e-esta-pronto-para-triunfar\\\/#primaryimage\"},\"image\":{\"@id\":\"https:\\\/\\\/infocul.pt\\\/arquivo\\\/cultura\\\/luis-rouxinol-abrira-a-feira-da-moita-e-esta-pronto-para-triunfar\\\/#primaryimage\"},\"thumbnailUrl\":\"https:\\\/\\\/infocul.pt\\\/arquivo\\\/wp-content\\\/uploads\\\/2020\\\/09\\\/C___0480.jpg\",\"datePublished\":\"2020-09-14T08:39:08+00:00\",\"dateModified\":\"2020-09-14T08:40:47+00:00\",\"description\":\"Lu\u00eds Rouxinol abrir\u00e1 a Feira da Moita e est\u00e1 \\\"pronto para triunfar\\\" | Infocul.pt - Arquivo Digital\",\"breadcrumb\":{\"@id\":\"https:\\\/\\\/infocul.pt\\\/arquivo\\\/cultura\\\/luis-rouxinol-abrira-a-feira-da-moita-e-esta-pronto-para-triunfar\\\/#breadcrumb\"},\"inLanguage\":\"pt-PT\",\"potentialAction\":[{\"@type\":\"ReadAction\",\"target\":[\"https:\\\/\\\/infocul.pt\\\/arquivo\\\/cultura\\\/luis-rouxinol-abrira-a-feira-da-moita-e-esta-pronto-para-triunfar\\\/\"]}]},{\"@type\":\"ImageObject\",\"inLanguage\":\"pt-PT\",\"@id\":\"https:\\\/\\\/infocul.pt\\\/arquivo\\\/cultura\\\/luis-rouxinol-abrira-a-feira-da-moita-e-esta-pronto-para-triunfar\\\/#primaryimage\",\"url\":\"https:\\\/\\\/infocul.pt\\\/arquivo\\\/wp-content\\\/uploads\\\/2020\\\/09\\\/C___0480.jpg\",\"contentUrl\":\"https:\\\/\\\/infocul.pt\\\/arquivo\\\/wp-content\\\/uploads\\\/2020\\\/09\\\/C___0480.jpg\",\"width\":1024,\"height\":682},{\"@type\":\"BreadcrumbList\",\"@id\":\"https:\\\/\\\/infocul.pt\\\/arquivo\\\/cultura\\\/luis-rouxinol-abrira-a-feira-da-moita-e-esta-pronto-para-triunfar\\\/#breadcrumb\",\"itemListElement\":[{\"@type\":\"ListItem\",\"position\":1,\"name\":\"Home\",\"item\":\"https:\\\/\\\/infocul.pt\\\/arquivo\\\/\"},{\"@type\":\"ListItem\",\"position\":2,\"name\":\"Lu\u00eds Rouxinol abrir\u00e1 a Feira da Moita e est\u00e1 &#8220;pronto para triunfar&#8221;\"}]},{\"@type\":\"WebSite\",\"@id\":\"https:\\\/\\\/infocul.pt\\\/arquivo\\\/#website\",\"url\":\"https:\\\/\\\/infocul.pt\\\/arquivo\\\/\",\"name\":\"Infocul.pt - Arquivo Digital\",\"description\":\"Arquivo digital da Infocul.pt\",\"publisher\":{\"@id\":\"https:\\\/\\\/infocul.pt\\\/arquivo\\\/#organization\"},\"potentialAction\":[{\"@type\":\"SearchAction\",\"target\":{\"@type\":\"EntryPoint\",\"urlTemplate\":\"https:\\\/\\\/infocul.pt\\\/arquivo\\\/?s={search_term_string}\"},\"query-input\":{\"@type\":\"PropertyValueSpecification\",\"valueRequired\":true,\"valueName\":\"search_term_string\"}}],\"inLanguage\":\"pt-PT\"},{\"@type\":\"Organization\",\"@id\":\"https:\\\/\\\/infocul.pt\\\/arquivo\\\/#organization\",\"name\":\"Infocul.pt\",\"url\":\"https:\\\/\\\/infocul.pt\\\/arquivo\\\/\",\"logo\":{\"@type\":\"ImageObject\",\"inLanguage\":\"pt-PT\",\"@id\":\"https:\\\/\\\/infocul.pt\\\/arquivo\\\/#\\\/schema\\\/logo\\\/image\\\/\",\"url\":\"https:\\\/\\\/infocul.pt\\\/arquivo\\\/wp-content\\\/uploads\\\/2018\\\/12\\\/Infocul_logo-1.png\",\"contentUrl\":\"https:\\\/\\\/infocul.pt\\\/arquivo\\\/wp-content\\\/uploads\\\/2018\\\/12\\\/Infocul_logo-1.png\",\"width\":800,\"height\":800,\"caption\":\"Infocul.pt\"},\"image\":{\"@id\":\"https:\\\/\\\/infocul.pt\\\/arquivo\\\/#\\\/schema\\\/logo\\\/image\\\/\"},\"sameAs\":[\"https:\\\/\\\/www.facebook.com\\\/Infocul-147816815585015\\\/\",\"https:\\\/\\\/x.com\\\/Infoculpt\",\"http:\\\/\\\/www.pictaram.com\\\/user\\\/infocul.pt\\\/2370423710\",\"https:\\\/\\\/www.youtube.com\\\/channel\\\/UCYEB91AGI9FL9ek2i_IaQAA\"]},{\"@type\":\"Person\",\"@id\":\"https:\\\/\\\/infocul.pt\\\/arquivo\\\/#\\\/schema\\\/person\\\/4052bd9b0e2f5c8bfba8d888fc81c4ce\",\"name\":\"S\u00f3nia Batista\",\"image\":{\"@type\":\"ImageObject\",\"inLanguage\":\"pt-PT\",\"@id\":\"https:\\\/\\\/secure.gravatar.com\\\/avatar\\\/69b45b0f85baeab078fcbb178313fbfdb05017541a0e0349c9d173c12072cc5d?s=96&d=mm&r=g\",\"url\":\"https:\\\/\\\/secure.gravatar.com\\\/avatar\\\/69b45b0f85baeab078fcbb178313fbfdb05017541a0e0349c9d173c12072cc5d?s=96&d=mm&r=g\",\"contentUrl\":\"https:\\\/\\\/secure.gravatar.com\\\/avatar\\\/69b45b0f85baeab078fcbb178313fbfdb05017541a0e0349c9d173c12072cc5d?s=96&d=mm&r=g\",\"caption\":\"S\u00f3nia Batista\"},\"description\":\"S\u00f3nia Batista iniciou a sua forma\u00e7\u00e3o na escrita taurina na revista luso-espanhola Ruedo Ib\u00e9rico em 2004 e desde a\u00ed procurou forma\u00e7\u00e3o na \u00e1rea, em Portugal e Espanha. Ao longo dos anos colaborou com quase toda a imprensa taurina nacional e tem-se especializado na imprensa taurina internacional. Iniciou o seu percurso internacional no burladero.com em 2010, passando por v\u00e1rios \u00f3rg\u00e3os de imprensa espanh\u00f3is at\u00e9 chegar em 2013 \u00e0 prestigiada revista 6TOROS6, a qual considera a maior escola da escrita taurina.\"}]}<\/script>\n<!-- \/ Yoast SEO plugin. -->","yoast_head_json":{"title":"Lu\u00eds Rouxinol abrir\u00e1 a Feira da Moita e est\u00e1 \"pronto para triunfar\" | Infocul.pt - Arquivo Digital","description":"Lu\u00eds Rouxinol abrir\u00e1 a Feira da Moita e est\u00e1 \"pronto para triunfar\" | Infocul.pt - Arquivo Digital","robots":{"index":"noindex","follow":"follow","max-snippet":"max-snippet:-1","max-image-preview":"max-image-preview:large","max-video-preview":"max-video-preview:-1"},"og_locale":"pt_PT","og_type":"article","og_title":"Lu\u00eds Rouxinol abrir\u00e1 a Feira da Moita e est\u00e1 \"pronto para triunfar\" | Infocul.pt - Arquivo Digital","og_description":"Lu\u00eds Rouxinol abrir\u00e1 a Feira da Moita e est\u00e1 \"pronto para triunfar\" | Infocul.pt - Arquivo Digital","og_url":"https:\/\/infocul.pt\/arquivo\/cultura\/luis-rouxinol-abrira-a-feira-da-moita-e-esta-pronto-para-triunfar\/","og_site_name":"Infocul.pt - Arquivo Digital","article_publisher":"https:\/\/www.facebook.com\/Infocul-147816815585015\/","article_published_time":"2020-09-14T08:39:08+00:00","article_modified_time":"2020-09-14T08:40:47+00:00","og_image":[{"width":1024,"height":682,"url":"https:\/\/infocul.pt\/arquivo\/wp-content\/uploads\/2020\/09\/C___0480.jpg","type":"image\/jpeg"}],"author":"S\u00f3nia Batista","twitter_card":"summary_large_image","twitter_creator":"@Infoculpt","twitter_site":"@Infoculpt","twitter_misc":{"Escrito por":"S\u00f3nia Batista","Tempo estimado de leitura":"2 minutos"},"schema":{"@context":"https:\/\/schema.org","@graph":[{"@type":"Article","@id":"https:\/\/infocul.pt\/arquivo\/cultura\/luis-rouxinol-abrira-a-feira-da-moita-e-esta-pronto-para-triunfar\/#article","isPartOf":{"@id":"https:\/\/infocul.pt\/arquivo\/cultura\/luis-rouxinol-abrira-a-feira-da-moita-e-esta-pronto-para-triunfar\/"},"author":{"name":"S\u00f3nia Batista","@id":"https:\/\/infocul.pt\/arquivo\/#\/schema\/person\/4052bd9b0e2f5c8bfba8d888fc81c4ce"},"headline":"Lu\u00eds Rouxinol abrir\u00e1 a Feira da Moita e est\u00e1 &#8220;pronto para triunfar&#8221;","datePublished":"2020-09-14T08:39:08+00:00","dateModified":"2020-09-14T08:40:47+00:00","mainEntityOfPage":{"@id":"https:\/\/infocul.pt\/arquivo\/cultura\/luis-rouxinol-abrira-a-feira-da-moita-e-esta-pronto-para-triunfar\/"},"wordCount":476,"commentCount":0,"publisher":{"@id":"https:\/\/infocul.pt\/arquivo\/#organization"},"image":{"@id":"https:\/\/infocul.pt\/arquivo\/cultura\/luis-rouxinol-abrira-a-feira-da-moita-e-esta-pronto-para-triunfar\/#primaryimage"},"thumbnailUrl":"https:\/\/infocul.pt\/arquivo\/wp-content\/uploads\/2020\/09\/C___0480.jpg","articleSection":["Cultura","Destaque","Entrevistas","Tauromaquia"],"inLanguage":"pt-PT"},{"@type":"WebPage","@id":"https:\/\/infocul.pt\/arquivo\/cultura\/luis-rouxinol-abrira-a-feira-da-moita-e-esta-pronto-para-triunfar\/","url":"https:\/\/infocul.pt\/arquivo\/cultura\/luis-rouxinol-abrira-a-feira-da-moita-e-esta-pronto-para-triunfar\/","name":"Lu\u00eds Rouxinol abrir\u00e1 a Feira da Moita e est\u00e1 \"pronto para triunfar\" | Infocul.pt - Arquivo Digital","isPartOf":{"@id":"https:\/\/infocul.pt\/arquivo\/#website"},"primaryImageOfPage":{"@id":"https:\/\/infocul.pt\/arquivo\/cultura\/luis-rouxinol-abrira-a-feira-da-moita-e-esta-pronto-para-triunfar\/#primaryimage"},"image":{"@id":"https:\/\/infocul.pt\/arquivo\/cultura\/luis-rouxinol-abrira-a-feira-da-moita-e-esta-pronto-para-triunfar\/#primaryimage"},"thumbnailUrl":"https:\/\/infocul.pt\/arquivo\/wp-content\/uploads\/2020\/09\/C___0480.jpg","datePublished":"2020-09-14T08:39:08+00:00","dateModified":"2020-09-14T08:40:47+00:00","description":"Lu\u00eds Rouxinol abrir\u00e1 a Feira da Moita e est\u00e1 \"pronto para triunfar\" | Infocul.pt - Arquivo Digital","breadcrumb":{"@id":"https:\/\/infocul.pt\/arquivo\/cultura\/luis-rouxinol-abrira-a-feira-da-moita-e-esta-pronto-para-triunfar\/#breadcrumb"},"inLanguage":"pt-PT","potentialAction":[{"@type":"ReadAction","target":["https:\/\/infocul.pt\/arquivo\/cultura\/luis-rouxinol-abrira-a-feira-da-moita-e-esta-pronto-para-triunfar\/"]}]},{"@type":"ImageObject","inLanguage":"pt-PT","@id":"https:\/\/infocul.pt\/arquivo\/cultura\/luis-rouxinol-abrira-a-feira-da-moita-e-esta-pronto-para-triunfar\/#primaryimage","url":"https:\/\/infocul.pt\/arquivo\/wp-content\/uploads\/2020\/09\/C___0480.jpg","contentUrl":"https:\/\/infocul.pt\/arquivo\/wp-content\/uploads\/2020\/09\/C___0480.jpg","width":1024,"height":682},{"@type":"BreadcrumbList","@id":"https:\/\/infocul.pt\/arquivo\/cultura\/luis-rouxinol-abrira-a-feira-da-moita-e-esta-pronto-para-triunfar\/#breadcrumb","itemListElement":[{"@type":"ListItem","position":1,"name":"Home","item":"https:\/\/infocul.pt\/arquivo\/"},{"@type":"ListItem","position":2,"name":"Lu\u00eds Rouxinol abrir\u00e1 a Feira da Moita e est\u00e1 &#8220;pronto para triunfar&#8221;"}]},{"@type":"WebSite","@id":"https:\/\/infocul.pt\/arquivo\/#website","url":"https:\/\/infocul.pt\/arquivo\/","name":"Infocul.pt - Arquivo Digital","description":"Arquivo digital da Infocul.pt","publisher":{"@id":"https:\/\/infocul.pt\/arquivo\/#organization"},"potentialAction":[{"@type":"SearchAction","target":{"@type":"EntryPoint","urlTemplate":"https:\/\/infocul.pt\/arquivo\/?s={search_term_string}"},"query-input":{"@type":"PropertyValueSpecification","valueRequired":true,"valueName":"search_term_string"}}],"inLanguage":"pt-PT"},{"@type":"Organization","@id":"https:\/\/infocul.pt\/arquivo\/#organization","name":"Infocul.pt","url":"https:\/\/infocul.pt\/arquivo\/","logo":{"@type":"ImageObject","inLanguage":"pt-PT","@id":"https:\/\/infocul.pt\/arquivo\/#\/schema\/logo\/image\/","url":"https:\/\/infocul.pt\/arquivo\/wp-content\/uploads\/2018\/12\/Infocul_logo-1.png","contentUrl":"https:\/\/infocul.pt\/arquivo\/wp-content\/uploads\/2018\/12\/Infocul_logo-1.png","width":800,"height":800,"caption":"Infocul.pt"},"image":{"@id":"https:\/\/infocul.pt\/arquivo\/#\/schema\/logo\/image\/"},"sameAs":["https:\/\/www.facebook.com\/Infocul-147816815585015\/","https:\/\/x.com\/Infoculpt","http:\/\/www.pictaram.com\/user\/infocul.pt\/2370423710","https:\/\/www.youtube.com\/channel\/UCYEB91AGI9FL9ek2i_IaQAA"]},{"@type":"Person","@id":"https:\/\/infocul.pt\/arquivo\/#\/schema\/person\/4052bd9b0e2f5c8bfba8d888fc81c4ce","name":"S\u00f3nia Batista","image":{"@type":"ImageObject","inLanguage":"pt-PT","@id":"https:\/\/secure.gravatar.com\/avatar\/69b45b0f85baeab078fcbb178313fbfdb05017541a0e0349c9d173c12072cc5d?s=96&d=mm&r=g","url":"https:\/\/secure.gravatar.com\/avatar\/69b45b0f85baeab078fcbb178313fbfdb05017541a0e0349c9d173c12072cc5d?s=96&d=mm&r=g","contentUrl":"https:\/\/secure.gravatar.com\/avatar\/69b45b0f85baeab078fcbb178313fbfdb05017541a0e0349c9d173c12072cc5d?s=96&d=mm&r=g","caption":"S\u00f3nia Batista"},"description":"S\u00f3nia Batista iniciou a sua forma\u00e7\u00e3o na escrita taurina na revista luso-espanhola Ruedo Ib\u00e9rico em 2004 e desde a\u00ed procurou forma\u00e7\u00e3o na \u00e1rea, em Portugal e Espanha. Ao longo dos anos colaborou com quase toda a imprensa taurina nacional e tem-se especializado na imprensa taurina internacional. Iniciou o seu percurso internacional no burladero.com em 2010, passando por v\u00e1rios \u00f3rg\u00e3os de imprensa espanh\u00f3is at\u00e9 chegar em 2013 \u00e0 prestigiada revista 6TOROS6, a qual considera a maior escola da escrita taurina."}]}},"_links":{"self":[{"href":"https:\/\/infocul.pt\/arquivo\/wp-json\/wp\/v2\/posts\/81245","targetHints":{"allow":["GET"]}}],"collection":[{"href":"https:\/\/infocul.pt\/arquivo\/wp-json\/wp\/v2\/posts"}],"about":[{"href":"https:\/\/infocul.pt\/arquivo\/wp-json\/wp\/v2\/types\/post"}],"author":[{"embeddable":true,"href":"https:\/\/infocul.pt\/arquivo\/wp-json\/wp\/v2\/users\/23"}],"replies":[{"embeddable":true,"href":"https:\/\/infocul.pt\/arquivo\/wp-json\/wp\/v2\/comments?post=81245"}],"version-history":[{"count":0,"href":"https:\/\/infocul.pt\/arquivo\/wp-json\/wp\/v2\/posts\/81245\/revisions"}],"wp:featuredmedia":[{"embeddable":true,"href":"https:\/\/infocul.pt\/arquivo\/wp-json\/wp\/v2\/media\/81246"}],"wp:attachment":[{"href":"https:\/\/infocul.pt\/arquivo\/wp-json\/wp\/v2\/media?parent=81245"}],"wp:term":[{"taxonomy":"category","embeddable":true,"href":"https:\/\/infocul.pt\/arquivo\/wp-json\/wp\/v2\/categories?post=81245"},{"taxonomy":"post_tag","embeddable":true,"href":"https:\/\/infocul.pt\/arquivo\/wp-json\/wp\/v2\/tags?post=81245"}],"curies":[{"name":"wp","href":"https:\/\/api.w.org\/{rel}","templated":true}]}}