{"id":82121,"date":"2020-09-23T13:31:41","date_gmt":"2020-09-23T12:31:41","guid":{"rendered":"https:\/\/infocul.pt\/?p=82121"},"modified":"2020-09-23T13:31:41","modified_gmt":"2020-09-23T12:31:41","slug":"a-peca-que-da-para-o-torto-regressa-em-2021-conheca-as-novas-datas","status":"publish","type":"post","link":"https:\/\/infocul.pt\/arquivo\/cultura\/a-peca-que-da-para-o-torto-regressa-em-2021-conheca-as-novas-datas\/","title":{"rendered":"&#8216;A Pe\u00e7a que D\u00e1 para o Torto&#8217; regressa em 2021. Conhe\u00e7a as novas datas!"},"content":{"rendered":"<p><img decoding=\"async\" class=\"aligncenter wp-image-82122 size-full lazyload\" data-src=\"https:\/\/infocul.pt\/arquivo\/wp-content\/uploads\/2020\/09\/image002-1.jpg\" alt=\"\" width=\"384\" height=\"201\" data-srcset=\"https:\/\/infocul.pt\/arquivo\/wp-content\/uploads\/2020\/09\/image002-1.jpg 384w, https:\/\/infocul.pt\/arquivo\/wp-content\/uploads\/2020\/09\/image002-1-300x157.jpg 300w\" data-sizes=\"(max-width: 384px) 100vw, 384px\" src=\"data:image\/svg+xml;base64,PHN2ZyB3aWR0aD0iMSIgaGVpZ2h0PSIxIiB4bWxucz0iaHR0cDovL3d3dy53My5vcmcvMjAwMC9zdmciPjwvc3ZnPg==\" style=\"--smush-placeholder-width: 384px; --smush-placeholder-aspect-ratio: 384\/201;\" \/><\/p>\n<p style=\"font-weight: 400;\">Estreou em Fevereiro de 2020 e foi interrompida em Mar\u00e7o devido \u00e0 pandemia. Regressa em Fevereiro de 2021 a Lisboa, e em Julho estar\u00e1 no Porto.<!--more--><\/p>\n<p style=\"font-weight: 400;\">Os\u00a0<strong>bilhetes j\u00e1 adquiridos<\/strong>\u00a0para Lisboa devem ser trocados at\u00e9 dia 1 de Dezembro e os do Porto s\u00e3o v\u00e1lidos para as novas sess\u00f5es.<\/p>\n<p>Os bilhetes j\u00e1 adquiridos para as sess\u00f5es agendadas anteriormente para o Audit\u00f3rio dos Oceanos N\u00c3O s\u00e3o v\u00e1lidos pelo que dever\u00e3o ser trocados no respectivo local de compra at\u00e9 dia 1 de Dezembro.<\/p>\n<p>Sendo um evento com m\u00faltiplas sess\u00f5es, a troca est\u00e1 sujeita \u00e0 disponibilidade de lugares para a sess\u00e3o escolhida.<\/p>\n<p>Porto: Os bilhetes j\u00e1 adquiridos para as sess\u00f5es agendadas anteriormente para o Coliseu Porto AGEAS s\u00e3o v\u00e1lidos para as novas sess\u00f5es, n\u00e3o sendo necess\u00e1ria a sua troca.<\/p>\n","protected":false},"excerpt":{"rendered":"<p>Estreou em Fevereiro de 2020 e foi interrompida em Mar\u00e7o devido \u00e0 pandemia. Regressa em Fevereiro de 2021 a Lisboa, e em Julho estar\u00e1 no Porto.<\/p>\n","protected":false},"author":13,"featured_media":82122,"comment_status":"open","ping_status":"closed","sticky":false,"template":"","format":"standard","meta":{"footnotes":""},"categories":[2,5],"tags":[8814,80,198],"class_list":["post-82121","post","type-post","status-publish","format-standard","has-post-thumbnail","hentry","category-cultura","category-teatro","tag-a-peca-que-da-para-o-torto","tag-lisboa","tag-porto"],"yoast_head":"<!-- This site is optimized with the Yoast SEO plugin v27.4 - https:\/\/yoast.com\/product\/yoast-seo-wordpress\/ -->\n<title>&#039;A Pe\u00e7a que D\u00e1 para o Torto&#039; regressa em 2021. Conhe\u00e7a as novas datas! | Infocul.pt - Arquivo Digital<\/title>\n<meta name=\"description\" content=\"&#039;A Pe\u00e7a que D\u00e1 para o Torto&#039; regressa em 2021. Conhe\u00e7a as novas datas! | Infocul.pt - Arquivo Digital\" \/>\n<meta name=\"robots\" content=\"noindex, follow, max-snippet:-1, max-image-preview:large, max-video-preview:-1\" \/>\n<meta property=\"og:locale\" content=\"pt_PT\" \/>\n<meta property=\"og:type\" content=\"article\" \/>\n<meta property=\"og:title\" content=\"&#039;A Pe\u00e7a que D\u00e1 para o Torto&#039; regressa em 2021. Conhe\u00e7a as novas datas! | Infocul.pt - Arquivo Digital\" \/>\n<meta property=\"og:description\" content=\"&#039;A Pe\u00e7a que D\u00e1 para o Torto&#039; regressa em 2021. Conhe\u00e7a as novas datas! | Infocul.pt - Arquivo Digital\" \/>\n<meta property=\"og:url\" content=\"https:\/\/infocul.pt\/arquivo\/cultura\/a-peca-que-da-para-o-torto-regressa-em-2021-conheca-as-novas-datas\/\" \/>\n<meta property=\"og:site_name\" content=\"Infocul.pt - Arquivo Digital\" \/>\n<meta property=\"article:publisher\" content=\"https:\/\/www.facebook.com\/Infocul-147816815585015\/\" \/>\n<meta property=\"article:published_time\" content=\"2020-09-23T12:31:41+00:00\" \/>\n<meta property=\"og:image\" content=\"https:\/\/infocul.pt\/arquivo\/wp-content\/uploads\/2020\/09\/image002-1.jpg\" \/>\n\t<meta property=\"og:image:width\" content=\"384\" \/>\n\t<meta property=\"og:image:height\" content=\"201\" \/>\n\t<meta property=\"og:image:type\" content=\"image\/jpeg\" \/>\n<meta name=\"author\" content=\"Redac\u00e7\u00e3o\" \/>\n<meta name=\"twitter:card\" content=\"summary_large_image\" \/>\n<meta name=\"twitter:creator\" content=\"@Infoculpt\" \/>\n<meta name=\"twitter:site\" content=\"@Infoculpt\" \/>\n<meta name=\"twitter:label1\" content=\"Escrito por\" \/>\n\t<meta name=\"twitter:data1\" content=\"Redac\u00e7\u00e3o\" \/>\n\t<meta name=\"twitter:label2\" content=\"Tempo estimado de leitura\" \/>\n\t<meta name=\"twitter:data2\" content=\"1 minuto\" \/>\n<script type=\"application\/ld+json\" class=\"yoast-schema-graph\">{\"@context\":\"https:\\\/\\\/schema.org\",\"@graph\":[{\"@type\":\"Article\",\"@id\":\"https:\\\/\\\/infocul.pt\\\/arquivo\\\/cultura\\\/a-peca-que-da-para-o-torto-regressa-em-2021-conheca-as-novas-datas\\\/#article\",\"isPartOf\":{\"@id\":\"https:\\\/\\\/infocul.pt\\\/arquivo\\\/cultura\\\/a-peca-que-da-para-o-torto-regressa-em-2021-conheca-as-novas-datas\\\/\"},\"author\":{\"name\":\"Redac\u00e7\u00e3o\",\"@id\":\"https:\\\/\\\/infocul.pt\\\/arquivo\\\/#\\\/schema\\\/person\\\/f243f45ae8d67639120a7586884f3abc\"},\"headline\":\"&#8216;A Pe\u00e7a que D\u00e1 para o Torto&#8217; regressa em 2021. Conhe\u00e7a as novas datas!\",\"datePublished\":\"2020-09-23T12:31:41+00:00\",\"mainEntityOfPage\":{\"@id\":\"https:\\\/\\\/infocul.pt\\\/arquivo\\\/cultura\\\/a-peca-que-da-para-o-torto-regressa-em-2021-conheca-as-novas-datas\\\/\"},\"wordCount\":155,\"commentCount\":0,\"publisher\":{\"@id\":\"https:\\\/\\\/infocul.pt\\\/arquivo\\\/#organization\"},\"image\":{\"@id\":\"https:\\\/\\\/infocul.pt\\\/arquivo\\\/cultura\\\/a-peca-que-da-para-o-torto-regressa-em-2021-conheca-as-novas-datas\\\/#primaryimage\"},\"thumbnailUrl\":\"https:\\\/\\\/infocul.pt\\\/arquivo\\\/wp-content\\\/uploads\\\/2020\\\/09\\\/image002-1.jpg\",\"keywords\":[\"A pe\u00e7a que d\u00e1 para o torto\",\"Lisboa\",\"Porto\"],\"articleSection\":[\"Cultura\",\"Teatro\"],\"inLanguage\":\"pt-PT\"},{\"@type\":\"WebPage\",\"@id\":\"https:\\\/\\\/infocul.pt\\\/arquivo\\\/cultura\\\/a-peca-que-da-para-o-torto-regressa-em-2021-conheca-as-novas-datas\\\/\",\"url\":\"https:\\\/\\\/infocul.pt\\\/arquivo\\\/cultura\\\/a-peca-que-da-para-o-torto-regressa-em-2021-conheca-as-novas-datas\\\/\",\"name\":\"'A Pe\u00e7a que D\u00e1 para o Torto' regressa em 2021. Conhe\u00e7a as novas datas! | Infocul.pt - Arquivo Digital\",\"isPartOf\":{\"@id\":\"https:\\\/\\\/infocul.pt\\\/arquivo\\\/#website\"},\"primaryImageOfPage\":{\"@id\":\"https:\\\/\\\/infocul.pt\\\/arquivo\\\/cultura\\\/a-peca-que-da-para-o-torto-regressa-em-2021-conheca-as-novas-datas\\\/#primaryimage\"},\"image\":{\"@id\":\"https:\\\/\\\/infocul.pt\\\/arquivo\\\/cultura\\\/a-peca-que-da-para-o-torto-regressa-em-2021-conheca-as-novas-datas\\\/#primaryimage\"},\"thumbnailUrl\":\"https:\\\/\\\/infocul.pt\\\/arquivo\\\/wp-content\\\/uploads\\\/2020\\\/09\\\/image002-1.jpg\",\"datePublished\":\"2020-09-23T12:31:41+00:00\",\"description\":\"'A Pe\u00e7a que D\u00e1 para o Torto' regressa em 2021. Conhe\u00e7a as novas datas! | Infocul.pt - Arquivo Digital\",\"breadcrumb\":{\"@id\":\"https:\\\/\\\/infocul.pt\\\/arquivo\\\/cultura\\\/a-peca-que-da-para-o-torto-regressa-em-2021-conheca-as-novas-datas\\\/#breadcrumb\"},\"inLanguage\":\"pt-PT\",\"potentialAction\":[{\"@type\":\"ReadAction\",\"target\":[\"https:\\\/\\\/infocul.pt\\\/arquivo\\\/cultura\\\/a-peca-que-da-para-o-torto-regressa-em-2021-conheca-as-novas-datas\\\/\"]}]},{\"@type\":\"ImageObject\",\"inLanguage\":\"pt-PT\",\"@id\":\"https:\\\/\\\/infocul.pt\\\/arquivo\\\/cultura\\\/a-peca-que-da-para-o-torto-regressa-em-2021-conheca-as-novas-datas\\\/#primaryimage\",\"url\":\"https:\\\/\\\/infocul.pt\\\/arquivo\\\/wp-content\\\/uploads\\\/2020\\\/09\\\/image002-1.jpg\",\"contentUrl\":\"https:\\\/\\\/infocul.pt\\\/arquivo\\\/wp-content\\\/uploads\\\/2020\\\/09\\\/image002-1.jpg\",\"width\":384,\"height\":201},{\"@type\":\"BreadcrumbList\",\"@id\":\"https:\\\/\\\/infocul.pt\\\/arquivo\\\/cultura\\\/a-peca-que-da-para-o-torto-regressa-em-2021-conheca-as-novas-datas\\\/#breadcrumb\",\"itemListElement\":[{\"@type\":\"ListItem\",\"position\":1,\"name\":\"Home\",\"item\":\"https:\\\/\\\/infocul.pt\\\/arquivo\\\/\"},{\"@type\":\"ListItem\",\"position\":2,\"name\":\"&#8216;A Pe\u00e7a que D\u00e1 para o Torto&#8217; regressa em 2021. Conhe\u00e7a as novas datas!\"}]},{\"@type\":\"WebSite\",\"@id\":\"https:\\\/\\\/infocul.pt\\\/arquivo\\\/#website\",\"url\":\"https:\\\/\\\/infocul.pt\\\/arquivo\\\/\",\"name\":\"Infocul.pt - Arquivo Digital\",\"description\":\"Arquivo digital da Infocul.pt\",\"publisher\":{\"@id\":\"https:\\\/\\\/infocul.pt\\\/arquivo\\\/#organization\"},\"potentialAction\":[{\"@type\":\"SearchAction\",\"target\":{\"@type\":\"EntryPoint\",\"urlTemplate\":\"https:\\\/\\\/infocul.pt\\\/arquivo\\\/?s={search_term_string}\"},\"query-input\":{\"@type\":\"PropertyValueSpecification\",\"valueRequired\":true,\"valueName\":\"search_term_string\"}}],\"inLanguage\":\"pt-PT\"},{\"@type\":\"Organization\",\"@id\":\"https:\\\/\\\/infocul.pt\\\/arquivo\\\/#organization\",\"name\":\"Infocul.pt\",\"url\":\"https:\\\/\\\/infocul.pt\\\/arquivo\\\/\",\"logo\":{\"@type\":\"ImageObject\",\"inLanguage\":\"pt-PT\",\"@id\":\"https:\\\/\\\/infocul.pt\\\/arquivo\\\/#\\\/schema\\\/logo\\\/image\\\/\",\"url\":\"https:\\\/\\\/infocul.pt\\\/arquivo\\\/wp-content\\\/uploads\\\/2018\\\/12\\\/Infocul_logo-1.png\",\"contentUrl\":\"https:\\\/\\\/infocul.pt\\\/arquivo\\\/wp-content\\\/uploads\\\/2018\\\/12\\\/Infocul_logo-1.png\",\"width\":800,\"height\":800,\"caption\":\"Infocul.pt\"},\"image\":{\"@id\":\"https:\\\/\\\/infocul.pt\\\/arquivo\\\/#\\\/schema\\\/logo\\\/image\\\/\"},\"sameAs\":[\"https:\\\/\\\/www.facebook.com\\\/Infocul-147816815585015\\\/\",\"https:\\\/\\\/x.com\\\/Infoculpt\",\"http:\\\/\\\/www.pictaram.com\\\/user\\\/infocul.pt\\\/2370423710\",\"https:\\\/\\\/www.youtube.com\\\/channel\\\/UCYEB91AGI9FL9ek2i_IaQAA\"]},{\"@type\":\"Person\",\"@id\":\"https:\\\/\\\/infocul.pt\\\/arquivo\\\/#\\\/schema\\\/person\\\/f243f45ae8d67639120a7586884f3abc\",\"name\":\"Redac\u00e7\u00e3o\",\"image\":{\"@type\":\"ImageObject\",\"inLanguage\":\"pt-PT\",\"@id\":\"https:\\\/\\\/secure.gravatar.com\\\/avatar\\\/151b1b76c598ab5e749407223bd6c1bad4e41c4e95de3c3df83540ebee2deaf8?s=96&d=mm&r=g\",\"url\":\"https:\\\/\\\/secure.gravatar.com\\\/avatar\\\/151b1b76c598ab5e749407223bd6c1bad4e41c4e95de3c3df83540ebee2deaf8?s=96&d=mm&r=g\",\"contentUrl\":\"https:\\\/\\\/secure.gravatar.com\\\/avatar\\\/151b1b76c598ab5e749407223bd6c1bad4e41c4e95de3c3df83540ebee2deaf8?s=96&d=mm&r=g\",\"caption\":\"Redac\u00e7\u00e3o\"}}]}<\/script>\n<!-- \/ Yoast SEO plugin. -->","yoast_head_json":{"title":"'A Pe\u00e7a que D\u00e1 para o Torto' regressa em 2021. Conhe\u00e7a as novas datas! | Infocul.pt - Arquivo Digital","description":"'A Pe\u00e7a que D\u00e1 para o Torto' regressa em 2021. Conhe\u00e7a as novas datas! | Infocul.pt - Arquivo Digital","robots":{"index":"noindex","follow":"follow","max-snippet":"max-snippet:-1","max-image-preview":"max-image-preview:large","max-video-preview":"max-video-preview:-1"},"og_locale":"pt_PT","og_type":"article","og_title":"'A Pe\u00e7a que D\u00e1 para o Torto' regressa em 2021. Conhe\u00e7a as novas datas! | Infocul.pt - Arquivo Digital","og_description":"'A Pe\u00e7a que D\u00e1 para o Torto' regressa em 2021. Conhe\u00e7a as novas datas! | Infocul.pt - Arquivo Digital","og_url":"https:\/\/infocul.pt\/arquivo\/cultura\/a-peca-que-da-para-o-torto-regressa-em-2021-conheca-as-novas-datas\/","og_site_name":"Infocul.pt - Arquivo Digital","article_publisher":"https:\/\/www.facebook.com\/Infocul-147816815585015\/","article_published_time":"2020-09-23T12:31:41+00:00","og_image":[{"width":384,"height":201,"url":"https:\/\/infocul.pt\/arquivo\/wp-content\/uploads\/2020\/09\/image002-1.jpg","type":"image\/jpeg"}],"author":"Redac\u00e7\u00e3o","twitter_card":"summary_large_image","twitter_creator":"@Infoculpt","twitter_site":"@Infoculpt","twitter_misc":{"Escrito por":"Redac\u00e7\u00e3o","Tempo estimado de leitura":"1 minuto"},"schema":{"@context":"https:\/\/schema.org","@graph":[{"@type":"Article","@id":"https:\/\/infocul.pt\/arquivo\/cultura\/a-peca-que-da-para-o-torto-regressa-em-2021-conheca-as-novas-datas\/#article","isPartOf":{"@id":"https:\/\/infocul.pt\/arquivo\/cultura\/a-peca-que-da-para-o-torto-regressa-em-2021-conheca-as-novas-datas\/"},"author":{"name":"Redac\u00e7\u00e3o","@id":"https:\/\/infocul.pt\/arquivo\/#\/schema\/person\/f243f45ae8d67639120a7586884f3abc"},"headline":"&#8216;A Pe\u00e7a que D\u00e1 para o Torto&#8217; regressa em 2021. Conhe\u00e7a as novas datas!","datePublished":"2020-09-23T12:31:41+00:00","mainEntityOfPage":{"@id":"https:\/\/infocul.pt\/arquivo\/cultura\/a-peca-que-da-para-o-torto-regressa-em-2021-conheca-as-novas-datas\/"},"wordCount":155,"commentCount":0,"publisher":{"@id":"https:\/\/infocul.pt\/arquivo\/#organization"},"image":{"@id":"https:\/\/infocul.pt\/arquivo\/cultura\/a-peca-que-da-para-o-torto-regressa-em-2021-conheca-as-novas-datas\/#primaryimage"},"thumbnailUrl":"https:\/\/infocul.pt\/arquivo\/wp-content\/uploads\/2020\/09\/image002-1.jpg","keywords":["A pe\u00e7a que d\u00e1 para o torto","Lisboa","Porto"],"articleSection":["Cultura","Teatro"],"inLanguage":"pt-PT"},{"@type":"WebPage","@id":"https:\/\/infocul.pt\/arquivo\/cultura\/a-peca-que-da-para-o-torto-regressa-em-2021-conheca-as-novas-datas\/","url":"https:\/\/infocul.pt\/arquivo\/cultura\/a-peca-que-da-para-o-torto-regressa-em-2021-conheca-as-novas-datas\/","name":"'A Pe\u00e7a que D\u00e1 para o Torto' regressa em 2021. Conhe\u00e7a as novas datas! | Infocul.pt - Arquivo Digital","isPartOf":{"@id":"https:\/\/infocul.pt\/arquivo\/#website"},"primaryImageOfPage":{"@id":"https:\/\/infocul.pt\/arquivo\/cultura\/a-peca-que-da-para-o-torto-regressa-em-2021-conheca-as-novas-datas\/#primaryimage"},"image":{"@id":"https:\/\/infocul.pt\/arquivo\/cultura\/a-peca-que-da-para-o-torto-regressa-em-2021-conheca-as-novas-datas\/#primaryimage"},"thumbnailUrl":"https:\/\/infocul.pt\/arquivo\/wp-content\/uploads\/2020\/09\/image002-1.jpg","datePublished":"2020-09-23T12:31:41+00:00","description":"'A Pe\u00e7a que D\u00e1 para o Torto' regressa em 2021. Conhe\u00e7a as novas datas! | Infocul.pt - Arquivo Digital","breadcrumb":{"@id":"https:\/\/infocul.pt\/arquivo\/cultura\/a-peca-que-da-para-o-torto-regressa-em-2021-conheca-as-novas-datas\/#breadcrumb"},"inLanguage":"pt-PT","potentialAction":[{"@type":"ReadAction","target":["https:\/\/infocul.pt\/arquivo\/cultura\/a-peca-que-da-para-o-torto-regressa-em-2021-conheca-as-novas-datas\/"]}]},{"@type":"ImageObject","inLanguage":"pt-PT","@id":"https:\/\/infocul.pt\/arquivo\/cultura\/a-peca-que-da-para-o-torto-regressa-em-2021-conheca-as-novas-datas\/#primaryimage","url":"https:\/\/infocul.pt\/arquivo\/wp-content\/uploads\/2020\/09\/image002-1.jpg","contentUrl":"https:\/\/infocul.pt\/arquivo\/wp-content\/uploads\/2020\/09\/image002-1.jpg","width":384,"height":201},{"@type":"BreadcrumbList","@id":"https:\/\/infocul.pt\/arquivo\/cultura\/a-peca-que-da-para-o-torto-regressa-em-2021-conheca-as-novas-datas\/#breadcrumb","itemListElement":[{"@type":"ListItem","position":1,"name":"Home","item":"https:\/\/infocul.pt\/arquivo\/"},{"@type":"ListItem","position":2,"name":"&#8216;A Pe\u00e7a que D\u00e1 para o Torto&#8217; regressa em 2021. Conhe\u00e7a as novas datas!"}]},{"@type":"WebSite","@id":"https:\/\/infocul.pt\/arquivo\/#website","url":"https:\/\/infocul.pt\/arquivo\/","name":"Infocul.pt - Arquivo Digital","description":"Arquivo digital da Infocul.pt","publisher":{"@id":"https:\/\/infocul.pt\/arquivo\/#organization"},"potentialAction":[{"@type":"SearchAction","target":{"@type":"EntryPoint","urlTemplate":"https:\/\/infocul.pt\/arquivo\/?s={search_term_string}"},"query-input":{"@type":"PropertyValueSpecification","valueRequired":true,"valueName":"search_term_string"}}],"inLanguage":"pt-PT"},{"@type":"Organization","@id":"https:\/\/infocul.pt\/arquivo\/#organization","name":"Infocul.pt","url":"https:\/\/infocul.pt\/arquivo\/","logo":{"@type":"ImageObject","inLanguage":"pt-PT","@id":"https:\/\/infocul.pt\/arquivo\/#\/schema\/logo\/image\/","url":"https:\/\/infocul.pt\/arquivo\/wp-content\/uploads\/2018\/12\/Infocul_logo-1.png","contentUrl":"https:\/\/infocul.pt\/arquivo\/wp-content\/uploads\/2018\/12\/Infocul_logo-1.png","width":800,"height":800,"caption":"Infocul.pt"},"image":{"@id":"https:\/\/infocul.pt\/arquivo\/#\/schema\/logo\/image\/"},"sameAs":["https:\/\/www.facebook.com\/Infocul-147816815585015\/","https:\/\/x.com\/Infoculpt","http:\/\/www.pictaram.com\/user\/infocul.pt\/2370423710","https:\/\/www.youtube.com\/channel\/UCYEB91AGI9FL9ek2i_IaQAA"]},{"@type":"Person","@id":"https:\/\/infocul.pt\/arquivo\/#\/schema\/person\/f243f45ae8d67639120a7586884f3abc","name":"Redac\u00e7\u00e3o","image":{"@type":"ImageObject","inLanguage":"pt-PT","@id":"https:\/\/secure.gravatar.com\/avatar\/151b1b76c598ab5e749407223bd6c1bad4e41c4e95de3c3df83540ebee2deaf8?s=96&d=mm&r=g","url":"https:\/\/secure.gravatar.com\/avatar\/151b1b76c598ab5e749407223bd6c1bad4e41c4e95de3c3df83540ebee2deaf8?s=96&d=mm&r=g","contentUrl":"https:\/\/secure.gravatar.com\/avatar\/151b1b76c598ab5e749407223bd6c1bad4e41c4e95de3c3df83540ebee2deaf8?s=96&d=mm&r=g","caption":"Redac\u00e7\u00e3o"}}]}},"_links":{"self":[{"href":"https:\/\/infocul.pt\/arquivo\/wp-json\/wp\/v2\/posts\/82121","targetHints":{"allow":["GET"]}}],"collection":[{"href":"https:\/\/infocul.pt\/arquivo\/wp-json\/wp\/v2\/posts"}],"about":[{"href":"https:\/\/infocul.pt\/arquivo\/wp-json\/wp\/v2\/types\/post"}],"author":[{"embeddable":true,"href":"https:\/\/infocul.pt\/arquivo\/wp-json\/wp\/v2\/users\/13"}],"replies":[{"embeddable":true,"href":"https:\/\/infocul.pt\/arquivo\/wp-json\/wp\/v2\/comments?post=82121"}],"version-history":[{"count":0,"href":"https:\/\/infocul.pt\/arquivo\/wp-json\/wp\/v2\/posts\/82121\/revisions"}],"wp:featuredmedia":[{"embeddable":true,"href":"https:\/\/infocul.pt\/arquivo\/wp-json\/wp\/v2\/media\/82122"}],"wp:attachment":[{"href":"https:\/\/infocul.pt\/arquivo\/wp-json\/wp\/v2\/media?parent=82121"}],"wp:term":[{"taxonomy":"category","embeddable":true,"href":"https:\/\/infocul.pt\/arquivo\/wp-json\/wp\/v2\/categories?post=82121"},{"taxonomy":"post_tag","embeddable":true,"href":"https:\/\/infocul.pt\/arquivo\/wp-json\/wp\/v2\/tags?post=82121"}],"curies":[{"name":"wp","href":"https:\/\/api.w.org\/{rel}","templated":true}]}}