{"id":82682,"date":"2020-09-30T18:15:29","date_gmt":"2020-09-30T17:15:29","guid":{"rendered":"https:\/\/infocul.pt\/?p=82682"},"modified":"2020-09-30T18:15:29","modified_gmt":"2020-09-30T17:15:29","slug":"fatima-peregrinacao-do-13-de-outubro-com-maximo-de-6-mil-peregrinos-no-recinto","status":"publish","type":"post","link":"https:\/\/infocul.pt\/arquivo\/actualidade\/fatima-peregrinacao-do-13-de-outubro-com-maximo-de-6-mil-peregrinos-no-recinto\/","title":{"rendered":"F\u00e1tima: Peregrina\u00e7\u00e3o do 13 de Outubro com m\u00e1ximo de 6 mil peregrinos no recinto"},"content":{"rendered":"<p><img decoding=\"async\" class=\"aligncenter wp-image-79304 size-full lazyload\" data-src=\"https:\/\/infocul.pt\/arquivo\/wp-content\/uploads\/2020\/08\/Fatima_Main_Square_C.jpg\" alt=\"\" width=\"900\" height=\"340\" data-srcset=\"https:\/\/infocul.pt\/arquivo\/wp-content\/uploads\/2020\/08\/Fatima_Main_Square_C.jpg 900w, https:\/\/infocul.pt\/arquivo\/wp-content\/uploads\/2020\/08\/Fatima_Main_Square_C-300x113.jpg 300w, https:\/\/infocul.pt\/arquivo\/wp-content\/uploads\/2020\/08\/Fatima_Main_Square_C-768x290.jpg 768w\" data-sizes=\"(max-width: 900px) 100vw, 900px\" src=\"data:image\/svg+xml;base64,PHN2ZyB3aWR0aD0iMSIgaGVpZ2h0PSIxIiB4bWxucz0iaHR0cDovL3d3dy53My5vcmcvMjAwMC9zdmciPjwvc3ZnPg==\" style=\"--smush-placeholder-width: 900px; --smush-placeholder-aspect-ratio: 900\/340;\" \/><\/p>\n<p>O Santu\u00e1rio de F\u00e1tima emitiu um comunicado no qual d\u00e1 conta que o recinto receber\u00e1 no m\u00e1ximo 6 mil pessoas na peregrina\u00e7\u00e3o do 13 de Outubro. Abaixo, deixamos o comunicado na \u00edntegra:<!--more--><\/p>\n<p>&#8220;O Santu\u00e1rio de F\u00e1tima, em di\u00e1logo com a Dire\u00e7\u00e3o Geral de Sa\u00fade, estabeleceu um conjunto de medidas adicionais para a Peregrina\u00e7\u00e3o Internacional Anivers\u00e1ria de 12 e 13 de outubro, com o intuito de refor\u00e7ar o Plano de Conting\u00eancia em tempo de pandemia para o Recinto de Ora\u00e7\u00e3o do Santu\u00e1rio de F\u00e1tima.<\/p>\n<p>Estas medidas adicionais t\u00eam como objetivo minimizar o risco de transmiss\u00e3o de infe\u00e7\u00e3o da Covid-19 entre os participantes nas celebra\u00e7\u00f5es desta peregrina\u00e7\u00e3o. A prote\u00e7\u00e3o da sa\u00fade dos peregrinos e de todos quantos trabalham no Santu\u00e1rio tem sido, de resto, uma preocupa\u00e7\u00e3o constante do Santu\u00e1rio. Neste sentido, tendo em conta a situa\u00e7\u00e3o epidemiol\u00f3gica atual, vemo-nos for\u00e7ados a restringir o acesso dos peregrinos, limitando o n\u00famero de participantes nas celebra\u00e7\u00f5es da peregrina\u00e7\u00e3o. S\u00e3o implementadas as seguintes medidas adicionais:<\/p>\n<ol>\n<li><strong>\u00c9 refor\u00e7ada a sinal\u00e9tica, com informa\u00e7\u00f5es mais espec\u00edficas para esta peregrina\u00e7\u00e3o e, na divulga\u00e7\u00e3o pr\u00e9via, dar-se-\u00e1 especial relevo \u00e0 necessidade de cumprir as regras de seguran\u00e7a que vigoram em tempo de pandemia. Ser\u00e1 indicada a necessidade de uso de m\u00e1scara durante as celebra\u00e7\u00f5es, mesmo no espa\u00e7o aberto do Recinto de Ora\u00e7\u00e3o.<\/strong><br \/>\n<strong>\u00a0<\/strong><\/li>\n<li><strong>\u00c9 feita uma delimita\u00e7\u00e3o de alguns espa\u00e7os de maneira a criar per\u00edmetros de seguran\u00e7a e a vedar o acesso a locais suscet\u00edveis de aglomera\u00e7\u00f5es.<\/strong><br \/>\n<strong>\u00a0<\/strong><\/li>\n<li><strong>Para que haja uma uniforme disposi\u00e7\u00e3o da assembleia no recinto, s\u00e3o criadas, com marca\u00e7\u00f5es no solo, \u00e1reas circulares de ocupa\u00e7\u00e3o, devidamente distanciadas. Em cada c\u00edrculo poder\u00e1 estar apenas um n\u00famero limitado de pessoas coabitantes. De acordo com os planos efetuados, estimamos uma presen\u00e7a de cerca de 6.000 pessoas no recinto, numa \u00e1rea \u00fatil de 48 000m2, o que equivale a uma m\u00e9dia de 8m2 por pessoa.<\/strong><br \/>\n<strong>\u00a0<\/strong><\/li>\n<li><strong>O acesso ao Recinto de Ora\u00e7\u00e3o \u00e9 feito por oito entradas, com diversos meios de controlo. As desloca\u00e7\u00f5es no recinto s\u00f3 podem ser feitas nos corredores assinalados. Todos os movimentos s\u00e3o constantemente monitorizados atrav\u00e9s dos meios de videovigil\u00e2ncia, de modo a permitir em tempo real, decis\u00f5es que sejam necess\u00e1rias para controlo de situa\u00e7\u00f5es de potencial risco.<\/strong><br \/>\n<strong>\u00a0<\/strong><\/li>\n<li><strong>Os peregrinos que desejarem participar nas celebra\u00e7\u00f5es da noite do dia 12 e da manh\u00e3 do dia 13, s\u00f3 poder\u00e3o entrar no recinto nas entradas devidamente assinaladas, e da\u00ed ser\u00e3o conduzidos por acolhedores para as \u00e1reas de ocupa\u00e7\u00e3o de acordo com os crit\u00e9rios estabelecidos e a\u00ed dever\u00e3o permanecer at\u00e9 sa\u00edrem do Recinto de Ora\u00e7\u00e3o. Ser\u00e3o estes acolhedores que monitorizar\u00e3o os espa\u00e7os de forma a garantir que as vias de circula\u00e7\u00e3o fiquem desimpedidas para uma f\u00e1cil desloca\u00e7\u00e3o dos peregrinos.<\/strong><br \/>\n<strong>\u00a0<\/strong><\/li>\n<li><strong>O fluxo de peregrinos no exterior do Recinto de Ora\u00e7\u00e3o ser\u00e1 gerido pelas for\u00e7as de seguran\u00e7a, nomeadamente a GNR que, a montante, garantir\u00e1 o controlo de aproxima\u00e7\u00e3o \u00e0s zonas lim\u00edtrofes do Santu\u00e1rio.<\/strong><\/li>\n<\/ol>\n<p>Estas orienta\u00e7\u00f5es complementam o Plano de Conting\u00eancia do Santu\u00e1rio elaborado com base nas normas de controlo de infe\u00e7\u00e3o definidas pela Dire\u00e7\u00e3o Geral da Sa\u00fade, com quem o Santu\u00e1rio tem mantido uma rela\u00e7\u00e3o estreita, nas orienta\u00e7\u00f5es da Confer\u00eancia Episcopal Portuguesa para a celebra\u00e7\u00e3o do culto p\u00fablico cat\u00f3lico no contexto da pandemia e no Plano de Conting\u00eancia para Infe\u00e7\u00f5es Respirat\u00f3rias por Coronav\u00edrus do Santu\u00e1rio de F\u00e1tima.<\/p>\n<p>Neste m\u00eas de outubro, em que celebramos a sexta e \u00faltima apari\u00e7\u00e3o de Nossa Senhora na Cova da Iria aos tr\u00eas pastorinhos, pe\u00e7amos a Sua intercess\u00e3o para que em breve os peregrinos, portugueses e estrangeiros, possam regressar a F\u00e1tima em seguran\u00e7a e sem constrangimentos para celebrarmos juntos a nossa f\u00e9&#8221;.<\/p>\n","protected":false},"excerpt":{"rendered":"<p>O Santu\u00e1rio de F\u00e1tima emitiu um comunicado no qual d\u00e1 conta que o recinto receber\u00e1 no m\u00e1ximo 6 mil pessoas na peregrina\u00e7\u00e3o do 13 de Outubro. Abaixo, deixamos o comunicado na \u00edntegra:<\/p>\n","protected":false},"author":13,"featured_media":79304,"comment_status":"open","ping_status":"closed","sticky":false,"template":"","format":"standard","meta":{"footnotes":""},"categories":[10,11],"tags":[902,6734],"class_list":["post-82682","post","type-post","status-publish","format-standard","has-post-thumbnail","hentry","category-actualidade","category-pais","tag-fatima","tag-santuario-de-fatima"],"yoast_head":"<!-- This site is optimized with the Yoast SEO plugin v27.4 - https:\/\/yoast.com\/product\/yoast-seo-wordpress\/ -->\n<title>F\u00e1tima: Peregrina\u00e7\u00e3o do 13 de Outubro com m\u00e1ximo de 6 mil peregrinos no recinto | Infocul.pt - Arquivo Digital<\/title>\n<meta name=\"description\" content=\"F\u00e1tima: Peregrina\u00e7\u00e3o do 13 de Outubro com m\u00e1ximo de 6 mil peregrinos no recinto | Infocul.pt - Arquivo Digital\" \/>\n<meta name=\"robots\" content=\"noindex, follow, max-snippet:-1, max-image-preview:large, max-video-preview:-1\" \/>\n<meta property=\"og:locale\" content=\"pt_PT\" \/>\n<meta property=\"og:type\" content=\"article\" \/>\n<meta property=\"og:title\" content=\"F\u00e1tima: Peregrina\u00e7\u00e3o do 13 de Outubro com m\u00e1ximo de 6 mil peregrinos no recinto | Infocul.pt - Arquivo Digital\" \/>\n<meta property=\"og:description\" content=\"F\u00e1tima: Peregrina\u00e7\u00e3o do 13 de Outubro com m\u00e1ximo de 6 mil peregrinos no recinto | Infocul.pt - Arquivo Digital\" \/>\n<meta property=\"og:url\" content=\"https:\/\/infocul.pt\/arquivo\/actualidade\/fatima-peregrinacao-do-13-de-outubro-com-maximo-de-6-mil-peregrinos-no-recinto\/\" \/>\n<meta property=\"og:site_name\" content=\"Infocul.pt - Arquivo Digital\" \/>\n<meta property=\"article:publisher\" content=\"https:\/\/www.facebook.com\/Infocul-147816815585015\/\" \/>\n<meta property=\"article:published_time\" content=\"2020-09-30T17:15:29+00:00\" \/>\n<meta property=\"og:image\" content=\"https:\/\/infocul.pt\/arquivo\/wp-content\/uploads\/2020\/08\/Fatima_Main_Square_C.jpg\" \/>\n\t<meta property=\"og:image:width\" content=\"900\" \/>\n\t<meta property=\"og:image:height\" content=\"340\" \/>\n\t<meta property=\"og:image:type\" content=\"image\/jpeg\" \/>\n<meta name=\"author\" content=\"Redac\u00e7\u00e3o\" \/>\n<meta name=\"twitter:card\" content=\"summary_large_image\" \/>\n<meta name=\"twitter:creator\" content=\"@Infoculpt\" \/>\n<meta name=\"twitter:site\" content=\"@Infoculpt\" \/>\n<meta name=\"twitter:label1\" content=\"Escrito por\" \/>\n\t<meta name=\"twitter:data1\" content=\"Redac\u00e7\u00e3o\" \/>\n\t<meta name=\"twitter:label2\" content=\"Tempo estimado de leitura\" \/>\n\t<meta name=\"twitter:data2\" content=\"3 minutos\" \/>\n<script type=\"application\/ld+json\" class=\"yoast-schema-graph\">{\"@context\":\"https:\\\/\\\/schema.org\",\"@graph\":[{\"@type\":\"Article\",\"@id\":\"https:\\\/\\\/infocul.pt\\\/arquivo\\\/actualidade\\\/fatima-peregrinacao-do-13-de-outubro-com-maximo-de-6-mil-peregrinos-no-recinto\\\/#article\",\"isPartOf\":{\"@id\":\"https:\\\/\\\/infocul.pt\\\/arquivo\\\/actualidade\\\/fatima-peregrinacao-do-13-de-outubro-com-maximo-de-6-mil-peregrinos-no-recinto\\\/\"},\"author\":{\"name\":\"Redac\u00e7\u00e3o\",\"@id\":\"https:\\\/\\\/infocul.pt\\\/arquivo\\\/#\\\/schema\\\/person\\\/f243f45ae8d67639120a7586884f3abc\"},\"headline\":\"F\u00e1tima: Peregrina\u00e7\u00e3o do 13 de Outubro com m\u00e1ximo de 6 mil peregrinos no recinto\",\"datePublished\":\"2020-09-30T17:15:29+00:00\",\"mainEntityOfPage\":{\"@id\":\"https:\\\/\\\/infocul.pt\\\/arquivo\\\/actualidade\\\/fatima-peregrinacao-do-13-de-outubro-com-maximo-de-6-mil-peregrinos-no-recinto\\\/\"},\"wordCount\":696,\"commentCount\":0,\"publisher\":{\"@id\":\"https:\\\/\\\/infocul.pt\\\/arquivo\\\/#organization\"},\"image\":{\"@id\":\"https:\\\/\\\/infocul.pt\\\/arquivo\\\/actualidade\\\/fatima-peregrinacao-do-13-de-outubro-com-maximo-de-6-mil-peregrinos-no-recinto\\\/#primaryimage\"},\"thumbnailUrl\":\"https:\\\/\\\/infocul.pt\\\/arquivo\\\/wp-content\\\/uploads\\\/2020\\\/08\\\/Fatima_Main_Square_C.jpg\",\"keywords\":[\"F\u00e1tima\",\"Santu\u00e1rio de F\u00e1tima\"],\"articleSection\":[\"Actualidade\",\"Pa\u00eds\"],\"inLanguage\":\"pt-PT\"},{\"@type\":\"WebPage\",\"@id\":\"https:\\\/\\\/infocul.pt\\\/arquivo\\\/actualidade\\\/fatima-peregrinacao-do-13-de-outubro-com-maximo-de-6-mil-peregrinos-no-recinto\\\/\",\"url\":\"https:\\\/\\\/infocul.pt\\\/arquivo\\\/actualidade\\\/fatima-peregrinacao-do-13-de-outubro-com-maximo-de-6-mil-peregrinos-no-recinto\\\/\",\"name\":\"F\u00e1tima: Peregrina\u00e7\u00e3o do 13 de Outubro com m\u00e1ximo de 6 mil peregrinos no recinto | Infocul.pt - Arquivo Digital\",\"isPartOf\":{\"@id\":\"https:\\\/\\\/infocul.pt\\\/arquivo\\\/#website\"},\"primaryImageOfPage\":{\"@id\":\"https:\\\/\\\/infocul.pt\\\/arquivo\\\/actualidade\\\/fatima-peregrinacao-do-13-de-outubro-com-maximo-de-6-mil-peregrinos-no-recinto\\\/#primaryimage\"},\"image\":{\"@id\":\"https:\\\/\\\/infocul.pt\\\/arquivo\\\/actualidade\\\/fatima-peregrinacao-do-13-de-outubro-com-maximo-de-6-mil-peregrinos-no-recinto\\\/#primaryimage\"},\"thumbnailUrl\":\"https:\\\/\\\/infocul.pt\\\/arquivo\\\/wp-content\\\/uploads\\\/2020\\\/08\\\/Fatima_Main_Square_C.jpg\",\"datePublished\":\"2020-09-30T17:15:29+00:00\",\"description\":\"F\u00e1tima: Peregrina\u00e7\u00e3o do 13 de Outubro com m\u00e1ximo de 6 mil peregrinos no recinto | Infocul.pt - Arquivo Digital\",\"breadcrumb\":{\"@id\":\"https:\\\/\\\/infocul.pt\\\/arquivo\\\/actualidade\\\/fatima-peregrinacao-do-13-de-outubro-com-maximo-de-6-mil-peregrinos-no-recinto\\\/#breadcrumb\"},\"inLanguage\":\"pt-PT\",\"potentialAction\":[{\"@type\":\"ReadAction\",\"target\":[\"https:\\\/\\\/infocul.pt\\\/arquivo\\\/actualidade\\\/fatima-peregrinacao-do-13-de-outubro-com-maximo-de-6-mil-peregrinos-no-recinto\\\/\"]}]},{\"@type\":\"ImageObject\",\"inLanguage\":\"pt-PT\",\"@id\":\"https:\\\/\\\/infocul.pt\\\/arquivo\\\/actualidade\\\/fatima-peregrinacao-do-13-de-outubro-com-maximo-de-6-mil-peregrinos-no-recinto\\\/#primaryimage\",\"url\":\"https:\\\/\\\/infocul.pt\\\/arquivo\\\/wp-content\\\/uploads\\\/2020\\\/08\\\/Fatima_Main_Square_C.jpg\",\"contentUrl\":\"https:\\\/\\\/infocul.pt\\\/arquivo\\\/wp-content\\\/uploads\\\/2020\\\/08\\\/Fatima_Main_Square_C.jpg\",\"width\":900,\"height\":340},{\"@type\":\"BreadcrumbList\",\"@id\":\"https:\\\/\\\/infocul.pt\\\/arquivo\\\/actualidade\\\/fatima-peregrinacao-do-13-de-outubro-com-maximo-de-6-mil-peregrinos-no-recinto\\\/#breadcrumb\",\"itemListElement\":[{\"@type\":\"ListItem\",\"position\":1,\"name\":\"Home\",\"item\":\"https:\\\/\\\/infocul.pt\\\/arquivo\\\/\"},{\"@type\":\"ListItem\",\"position\":2,\"name\":\"F\u00e1tima: Peregrina\u00e7\u00e3o do 13 de Outubro com m\u00e1ximo de 6 mil peregrinos no recinto\"}]},{\"@type\":\"WebSite\",\"@id\":\"https:\\\/\\\/infocul.pt\\\/arquivo\\\/#website\",\"url\":\"https:\\\/\\\/infocul.pt\\\/arquivo\\\/\",\"name\":\"Infocul.pt - Arquivo Digital\",\"description\":\"Arquivo digital da Infocul.pt\",\"publisher\":{\"@id\":\"https:\\\/\\\/infocul.pt\\\/arquivo\\\/#organization\"},\"potentialAction\":[{\"@type\":\"SearchAction\",\"target\":{\"@type\":\"EntryPoint\",\"urlTemplate\":\"https:\\\/\\\/infocul.pt\\\/arquivo\\\/?s={search_term_string}\"},\"query-input\":{\"@type\":\"PropertyValueSpecification\",\"valueRequired\":true,\"valueName\":\"search_term_string\"}}],\"inLanguage\":\"pt-PT\"},{\"@type\":\"Organization\",\"@id\":\"https:\\\/\\\/infocul.pt\\\/arquivo\\\/#organization\",\"name\":\"Infocul.pt\",\"url\":\"https:\\\/\\\/infocul.pt\\\/arquivo\\\/\",\"logo\":{\"@type\":\"ImageObject\",\"inLanguage\":\"pt-PT\",\"@id\":\"https:\\\/\\\/infocul.pt\\\/arquivo\\\/#\\\/schema\\\/logo\\\/image\\\/\",\"url\":\"https:\\\/\\\/infocul.pt\\\/arquivo\\\/wp-content\\\/uploads\\\/2018\\\/12\\\/Infocul_logo-1.png\",\"contentUrl\":\"https:\\\/\\\/infocul.pt\\\/arquivo\\\/wp-content\\\/uploads\\\/2018\\\/12\\\/Infocul_logo-1.png\",\"width\":800,\"height\":800,\"caption\":\"Infocul.pt\"},\"image\":{\"@id\":\"https:\\\/\\\/infocul.pt\\\/arquivo\\\/#\\\/schema\\\/logo\\\/image\\\/\"},\"sameAs\":[\"https:\\\/\\\/www.facebook.com\\\/Infocul-147816815585015\\\/\",\"https:\\\/\\\/x.com\\\/Infoculpt\",\"http:\\\/\\\/www.pictaram.com\\\/user\\\/infocul.pt\\\/2370423710\",\"https:\\\/\\\/www.youtube.com\\\/channel\\\/UCYEB91AGI9FL9ek2i_IaQAA\"]},{\"@type\":\"Person\",\"@id\":\"https:\\\/\\\/infocul.pt\\\/arquivo\\\/#\\\/schema\\\/person\\\/f243f45ae8d67639120a7586884f3abc\",\"name\":\"Redac\u00e7\u00e3o\",\"image\":{\"@type\":\"ImageObject\",\"inLanguage\":\"pt-PT\",\"@id\":\"https:\\\/\\\/secure.gravatar.com\\\/avatar\\\/151b1b76c598ab5e749407223bd6c1bad4e41c4e95de3c3df83540ebee2deaf8?s=96&d=mm&r=g\",\"url\":\"https:\\\/\\\/secure.gravatar.com\\\/avatar\\\/151b1b76c598ab5e749407223bd6c1bad4e41c4e95de3c3df83540ebee2deaf8?s=96&d=mm&r=g\",\"contentUrl\":\"https:\\\/\\\/secure.gravatar.com\\\/avatar\\\/151b1b76c598ab5e749407223bd6c1bad4e41c4e95de3c3df83540ebee2deaf8?s=96&d=mm&r=g\",\"caption\":\"Redac\u00e7\u00e3o\"}}]}<\/script>\n<!-- \/ Yoast SEO plugin. -->","yoast_head_json":{"title":"F\u00e1tima: Peregrina\u00e7\u00e3o do 13 de Outubro com m\u00e1ximo de 6 mil peregrinos no recinto | Infocul.pt - Arquivo Digital","description":"F\u00e1tima: Peregrina\u00e7\u00e3o do 13 de Outubro com m\u00e1ximo de 6 mil peregrinos no recinto | Infocul.pt - Arquivo Digital","robots":{"index":"noindex","follow":"follow","max-snippet":"max-snippet:-1","max-image-preview":"max-image-preview:large","max-video-preview":"max-video-preview:-1"},"og_locale":"pt_PT","og_type":"article","og_title":"F\u00e1tima: Peregrina\u00e7\u00e3o do 13 de Outubro com m\u00e1ximo de 6 mil peregrinos no recinto | Infocul.pt - Arquivo Digital","og_description":"F\u00e1tima: Peregrina\u00e7\u00e3o do 13 de Outubro com m\u00e1ximo de 6 mil peregrinos no recinto | Infocul.pt - Arquivo Digital","og_url":"https:\/\/infocul.pt\/arquivo\/actualidade\/fatima-peregrinacao-do-13-de-outubro-com-maximo-de-6-mil-peregrinos-no-recinto\/","og_site_name":"Infocul.pt - Arquivo Digital","article_publisher":"https:\/\/www.facebook.com\/Infocul-147816815585015\/","article_published_time":"2020-09-30T17:15:29+00:00","og_image":[{"width":900,"height":340,"url":"https:\/\/infocul.pt\/arquivo\/wp-content\/uploads\/2020\/08\/Fatima_Main_Square_C.jpg","type":"image\/jpeg"}],"author":"Redac\u00e7\u00e3o","twitter_card":"summary_large_image","twitter_creator":"@Infoculpt","twitter_site":"@Infoculpt","twitter_misc":{"Escrito por":"Redac\u00e7\u00e3o","Tempo estimado de leitura":"3 minutos"},"schema":{"@context":"https:\/\/schema.org","@graph":[{"@type":"Article","@id":"https:\/\/infocul.pt\/arquivo\/actualidade\/fatima-peregrinacao-do-13-de-outubro-com-maximo-de-6-mil-peregrinos-no-recinto\/#article","isPartOf":{"@id":"https:\/\/infocul.pt\/arquivo\/actualidade\/fatima-peregrinacao-do-13-de-outubro-com-maximo-de-6-mil-peregrinos-no-recinto\/"},"author":{"name":"Redac\u00e7\u00e3o","@id":"https:\/\/infocul.pt\/arquivo\/#\/schema\/person\/f243f45ae8d67639120a7586884f3abc"},"headline":"F\u00e1tima: Peregrina\u00e7\u00e3o do 13 de Outubro com m\u00e1ximo de 6 mil peregrinos no recinto","datePublished":"2020-09-30T17:15:29+00:00","mainEntityOfPage":{"@id":"https:\/\/infocul.pt\/arquivo\/actualidade\/fatima-peregrinacao-do-13-de-outubro-com-maximo-de-6-mil-peregrinos-no-recinto\/"},"wordCount":696,"commentCount":0,"publisher":{"@id":"https:\/\/infocul.pt\/arquivo\/#organization"},"image":{"@id":"https:\/\/infocul.pt\/arquivo\/actualidade\/fatima-peregrinacao-do-13-de-outubro-com-maximo-de-6-mil-peregrinos-no-recinto\/#primaryimage"},"thumbnailUrl":"https:\/\/infocul.pt\/arquivo\/wp-content\/uploads\/2020\/08\/Fatima_Main_Square_C.jpg","keywords":["F\u00e1tima","Santu\u00e1rio de F\u00e1tima"],"articleSection":["Actualidade","Pa\u00eds"],"inLanguage":"pt-PT"},{"@type":"WebPage","@id":"https:\/\/infocul.pt\/arquivo\/actualidade\/fatima-peregrinacao-do-13-de-outubro-com-maximo-de-6-mil-peregrinos-no-recinto\/","url":"https:\/\/infocul.pt\/arquivo\/actualidade\/fatima-peregrinacao-do-13-de-outubro-com-maximo-de-6-mil-peregrinos-no-recinto\/","name":"F\u00e1tima: Peregrina\u00e7\u00e3o do 13 de Outubro com m\u00e1ximo de 6 mil peregrinos no recinto | Infocul.pt - Arquivo Digital","isPartOf":{"@id":"https:\/\/infocul.pt\/arquivo\/#website"},"primaryImageOfPage":{"@id":"https:\/\/infocul.pt\/arquivo\/actualidade\/fatima-peregrinacao-do-13-de-outubro-com-maximo-de-6-mil-peregrinos-no-recinto\/#primaryimage"},"image":{"@id":"https:\/\/infocul.pt\/arquivo\/actualidade\/fatima-peregrinacao-do-13-de-outubro-com-maximo-de-6-mil-peregrinos-no-recinto\/#primaryimage"},"thumbnailUrl":"https:\/\/infocul.pt\/arquivo\/wp-content\/uploads\/2020\/08\/Fatima_Main_Square_C.jpg","datePublished":"2020-09-30T17:15:29+00:00","description":"F\u00e1tima: Peregrina\u00e7\u00e3o do 13 de Outubro com m\u00e1ximo de 6 mil peregrinos no recinto | Infocul.pt - Arquivo Digital","breadcrumb":{"@id":"https:\/\/infocul.pt\/arquivo\/actualidade\/fatima-peregrinacao-do-13-de-outubro-com-maximo-de-6-mil-peregrinos-no-recinto\/#breadcrumb"},"inLanguage":"pt-PT","potentialAction":[{"@type":"ReadAction","target":["https:\/\/infocul.pt\/arquivo\/actualidade\/fatima-peregrinacao-do-13-de-outubro-com-maximo-de-6-mil-peregrinos-no-recinto\/"]}]},{"@type":"ImageObject","inLanguage":"pt-PT","@id":"https:\/\/infocul.pt\/arquivo\/actualidade\/fatima-peregrinacao-do-13-de-outubro-com-maximo-de-6-mil-peregrinos-no-recinto\/#primaryimage","url":"https:\/\/infocul.pt\/arquivo\/wp-content\/uploads\/2020\/08\/Fatima_Main_Square_C.jpg","contentUrl":"https:\/\/infocul.pt\/arquivo\/wp-content\/uploads\/2020\/08\/Fatima_Main_Square_C.jpg","width":900,"height":340},{"@type":"BreadcrumbList","@id":"https:\/\/infocul.pt\/arquivo\/actualidade\/fatima-peregrinacao-do-13-de-outubro-com-maximo-de-6-mil-peregrinos-no-recinto\/#breadcrumb","itemListElement":[{"@type":"ListItem","position":1,"name":"Home","item":"https:\/\/infocul.pt\/arquivo\/"},{"@type":"ListItem","position":2,"name":"F\u00e1tima: Peregrina\u00e7\u00e3o do 13 de Outubro com m\u00e1ximo de 6 mil peregrinos no recinto"}]},{"@type":"WebSite","@id":"https:\/\/infocul.pt\/arquivo\/#website","url":"https:\/\/infocul.pt\/arquivo\/","name":"Infocul.pt - Arquivo Digital","description":"Arquivo digital da Infocul.pt","publisher":{"@id":"https:\/\/infocul.pt\/arquivo\/#organization"},"potentialAction":[{"@type":"SearchAction","target":{"@type":"EntryPoint","urlTemplate":"https:\/\/infocul.pt\/arquivo\/?s={search_term_string}"},"query-input":{"@type":"PropertyValueSpecification","valueRequired":true,"valueName":"search_term_string"}}],"inLanguage":"pt-PT"},{"@type":"Organization","@id":"https:\/\/infocul.pt\/arquivo\/#organization","name":"Infocul.pt","url":"https:\/\/infocul.pt\/arquivo\/","logo":{"@type":"ImageObject","inLanguage":"pt-PT","@id":"https:\/\/infocul.pt\/arquivo\/#\/schema\/logo\/image\/","url":"https:\/\/infocul.pt\/arquivo\/wp-content\/uploads\/2018\/12\/Infocul_logo-1.png","contentUrl":"https:\/\/infocul.pt\/arquivo\/wp-content\/uploads\/2018\/12\/Infocul_logo-1.png","width":800,"height":800,"caption":"Infocul.pt"},"image":{"@id":"https:\/\/infocul.pt\/arquivo\/#\/schema\/logo\/image\/"},"sameAs":["https:\/\/www.facebook.com\/Infocul-147816815585015\/","https:\/\/x.com\/Infoculpt","http:\/\/www.pictaram.com\/user\/infocul.pt\/2370423710","https:\/\/www.youtube.com\/channel\/UCYEB91AGI9FL9ek2i_IaQAA"]},{"@type":"Person","@id":"https:\/\/infocul.pt\/arquivo\/#\/schema\/person\/f243f45ae8d67639120a7586884f3abc","name":"Redac\u00e7\u00e3o","image":{"@type":"ImageObject","inLanguage":"pt-PT","@id":"https:\/\/secure.gravatar.com\/avatar\/151b1b76c598ab5e749407223bd6c1bad4e41c4e95de3c3df83540ebee2deaf8?s=96&d=mm&r=g","url":"https:\/\/secure.gravatar.com\/avatar\/151b1b76c598ab5e749407223bd6c1bad4e41c4e95de3c3df83540ebee2deaf8?s=96&d=mm&r=g","contentUrl":"https:\/\/secure.gravatar.com\/avatar\/151b1b76c598ab5e749407223bd6c1bad4e41c4e95de3c3df83540ebee2deaf8?s=96&d=mm&r=g","caption":"Redac\u00e7\u00e3o"}}]}},"_links":{"self":[{"href":"https:\/\/infocul.pt\/arquivo\/wp-json\/wp\/v2\/posts\/82682","targetHints":{"allow":["GET"]}}],"collection":[{"href":"https:\/\/infocul.pt\/arquivo\/wp-json\/wp\/v2\/posts"}],"about":[{"href":"https:\/\/infocul.pt\/arquivo\/wp-json\/wp\/v2\/types\/post"}],"author":[{"embeddable":true,"href":"https:\/\/infocul.pt\/arquivo\/wp-json\/wp\/v2\/users\/13"}],"replies":[{"embeddable":true,"href":"https:\/\/infocul.pt\/arquivo\/wp-json\/wp\/v2\/comments?post=82682"}],"version-history":[{"count":0,"href":"https:\/\/infocul.pt\/arquivo\/wp-json\/wp\/v2\/posts\/82682\/revisions"}],"wp:featuredmedia":[{"embeddable":true,"href":"https:\/\/infocul.pt\/arquivo\/wp-json\/wp\/v2\/media\/79304"}],"wp:attachment":[{"href":"https:\/\/infocul.pt\/arquivo\/wp-json\/wp\/v2\/media?parent=82682"}],"wp:term":[{"taxonomy":"category","embeddable":true,"href":"https:\/\/infocul.pt\/arquivo\/wp-json\/wp\/v2\/categories?post=82682"},{"taxonomy":"post_tag","embeddable":true,"href":"https:\/\/infocul.pt\/arquivo\/wp-json\/wp\/v2\/tags?post=82682"}],"curies":[{"name":"wp","href":"https:\/\/api.w.org\/{rel}","templated":true}]}}