{"id":83226,"date":"2020-10-11T20:51:56","date_gmt":"2020-10-11T19:51:56","guid":{"rendered":"https:\/\/infocul.pt\/?p=83226"},"modified":"2020-10-11T20:58:07","modified_gmt":"2020-10-11T19:58:07","slug":"100-amalia-e-a-desuniao-dos-artistas","status":"publish","type":"post","link":"https:\/\/infocul.pt\/arquivo\/cultura\/100-amalia-e-a-desuniao-dos-artistas\/","title":{"rendered":"&#8216;100 Am\u00e1lia&#8217; e a (des)uni\u00e3o dos artistas"},"content":{"rendered":"<p><img decoding=\"async\" class=\"aligncenter wp-image-83227 size-large lazyload\" data-src=\"https:\/\/infocul.pt\/arquivo\/wp-content\/uploads\/2020\/10\/amalia-1024x683.jpg\" alt=\"\" width=\"800\" height=\"534\" data-srcset=\"https:\/\/infocul.pt\/arquivo\/wp-content\/uploads\/2020\/10\/amalia.jpg 1024w, https:\/\/infocul.pt\/arquivo\/wp-content\/uploads\/2020\/10\/amalia-300x200.jpg 300w, https:\/\/infocul.pt\/arquivo\/wp-content\/uploads\/2020\/10\/amalia-768x512.jpg 768w, https:\/\/infocul.pt\/arquivo\/wp-content\/uploads\/2020\/10\/amalia-1536x1024.jpg 1536w\" data-sizes=\"(max-width: 800px) 100vw, 800px\" src=\"data:image\/svg+xml;base64,PHN2ZyB3aWR0aD0iMSIgaGVpZ2h0PSIxIiB4bWxucz0iaHR0cDovL3d3dy53My5vcmcvMjAwMC9zdmciPjwvc3ZnPg==\" style=\"--smush-placeholder-width: 800px; --smush-placeholder-aspect-ratio: 800\/534;\" \/><\/p>\n<p>No passado dia 6 de Outubro, a RTP transmitiu o espect\u00e1culo \u2018100 Am\u00e1lia\u2019, de Filipe la F\u00e9ria.<!--more--><\/p>\n<p>N\u00e3o o vi nesse dia, vi este domingo (dia em que repetiu na esta\u00e7\u00e3o p\u00fablica) e ap\u00f3s ler a quantidade de cr\u00edticas que lhe foram feitas\u2026chego \u00e0 conclus\u00e3o que a inveja \u00e9 realmente uma das caracter\u00edsticas mais destacadas do povo portugu\u00eas.<\/p>\n<p>Foram as cr\u00edticas \u201caos gritos\u201d, foram as cr\u00edticas ao guarda-roupa, foram as cr\u00edticas at\u00e9 ao que n\u00e3o aconteceu, mas ouviram dizer\u2026<\/p>\n<p>N\u00e3o h\u00e1 pachorra para esta corrente ideol\u00f3gica dos coitadinhos e em que temos de ser pequeninos, apresentar coisas sem gra\u00e7a, fazer em pequeno e tudo muito em poucachinho.<\/p>\n<p>J\u00e1 critiquei algumas coisas feitas por Filipe La Feria. Elogiei muitas mais. O Filipe La F\u00e9ria tem a capacidade de nos provocar, de nos fazer sair da zona de conforto. Muito do que de bom temos tido em Portugal, principalmente no que ao teatro diz respeito, devemos a ele.<\/p>\n<p>Se h\u00e1 outros que fazem coisas excelentes? Sim, h\u00e1. Mas elogiar o Filipe n\u00e3o \u00e9 denegrir os outros ou vice-versa. Temos de parar de ser extremistas e ver apenas o preto e o branco.<\/p>\n<p>Quanto ao elenco, parece-me a mim que n\u00e3o deixa grandes d\u00favidas quanto \u00e0 sua qualidade e as interpreta\u00e7\u00f5es n\u00e3o me pareceram \u201cvergonhosas\u201d como a\u00ed se viu escrito pelos &#8216;cr\u00edticos de redes sociais&#8217;.<\/p>\n<p>E h\u00e1 coisas que j\u00e1 cansam. N\u00e3o gostar de um artista \u00e9 um direito que nos assiste. Humilhar, agredir (mesmo que apenas por escrito) e denegrir esse mesmo artista j\u00e1 me parece pouco, ou nada mesmo, razo\u00e1vel.<\/p>\n<p>Tenho o maior respeito e considera\u00e7\u00e3o pela classe art\u00edstica em Portugal. E ver nomes como Alexandra, Gon\u00e7alo Salgueiro, Anabela, FF, Vanessa, entre tantos outros a serem alvos de cr\u00edticas, muitas delas infundadas, parece-me de uma tremenda ingratid\u00e3o, falta de mem\u00f3ria e, pior, desconhecimento total do que \u00e9 representar ao inv\u00e9s de apenas cantar.<\/p>\n<p>Este era um espect\u00e1culo a ser transmitido na televis\u00e3o. N\u00e3o \u00e9 preciso ser um expert para perceber que foi trabalhado nesse sentido e, portanto, \u00e9 nessa perspectiva que deve ser avaliado.<\/p>\n<p>Filipe La F\u00e9ria tem conseguido elevar a qualidade do teatro que \u00e9 feito em Portugal. Aposta na qualidade, a sua obra est\u00e1 a\u00ed para ser avaliada e como humano que \u00e9 logicamente que tamb\u00e9m comete erros.<\/p>\n<p>Mas o mais importante relativamente a este espect\u00e1culo \u00e9, perceber que atrav\u00e9s dele, que muitos jovens e crian\u00e7as possam ter uma primeira abordagem \u00e0 obra de Am\u00e1lia e a partir da\u00ed partir em descoberta profunda sobre a Maior Artista de Sempre que Portugal teve, tem e ter\u00e1!<\/p>\n<p>As pessoas gostam de colocar r\u00f3tulos aos outros para se conformarem melhor com a monotonia das suas vidas. Podiam investir o tempo em evoluir. Mas isso d\u00e1 muito trabalho.<\/p>\n<p>Ataques estes que chocantemente vieram, em sua esmagadora maioria, de colegas de profiss\u00e3o e de outros profissionais da \u00e1rea cultural. Pior, muitos deles com uma imagem de perfil nas redes sociais na qual se l\u00ea \u201cUnidos pelo Presente e Futuro da Cultura em Portugal\u201d, mas que ao verem os colegas a trabalhar numa situa\u00e7\u00e3o de gritante emerg\u00eancia, os achincalham pelas redes sociais com todo o tipo de ofensas, algumas delas ro\u00e7ando o crime.<\/p>\n<p>Afinal, n\u00e3o foi em v\u00e3o que Lu\u00eds Vaz de Cam\u00f5es terminou os Lus\u00edadas com a palavra \u2018Inveja\u2019.<\/p>\n","protected":false},"excerpt":{"rendered":"<p>No passado dia 6 de Outubro, a RTP transmitiu o espect\u00e1culo \u2018100 Am\u00e1lia\u2019, de Filipe la F\u00e9ria.<\/p>\n","protected":false},"author":2,"featured_media":83227,"comment_status":"open","ping_status":"closed","sticky":false,"template":"","format":"standard","meta":{"footnotes":""},"categories":[2,36,4121,5],"tags":[],"class_list":["post-83226","post","type-post","status-publish","format-standard","has-post-thumbnail","hentry","category-cultura","category-destaque","category-opiniao","category-teatro"],"yoast_head":"<!-- This site is optimized with the Yoast SEO plugin v27.4 - https:\/\/yoast.com\/product\/yoast-seo-wordpress\/ -->\n<title>&#039;100 Am\u00e1lia&#039; e a (des)uni\u00e3o dos artistas | Infocul.pt - Arquivo Digital<\/title>\n<meta name=\"description\" content=\"&#039;100 Am\u00e1lia&#039; e a (des)uni\u00e3o dos artistas | Infocul.pt - Arquivo Digital\" \/>\n<meta name=\"robots\" content=\"noindex, follow, max-snippet:-1, max-image-preview:large, max-video-preview:-1\" \/>\n<meta property=\"og:locale\" content=\"pt_PT\" \/>\n<meta property=\"og:type\" content=\"article\" \/>\n<meta property=\"og:title\" content=\"&#039;100 Am\u00e1lia&#039; e a (des)uni\u00e3o dos artistas | Infocul.pt - Arquivo Digital\" \/>\n<meta property=\"og:description\" content=\"&#039;100 Am\u00e1lia&#039; e a (des)uni\u00e3o dos artistas | Infocul.pt - Arquivo Digital\" \/>\n<meta property=\"og:url\" content=\"https:\/\/infocul.pt\/arquivo\/cultura\/100-amalia-e-a-desuniao-dos-artistas\/\" \/>\n<meta property=\"og:site_name\" content=\"Infocul.pt - Arquivo Digital\" \/>\n<meta property=\"article:publisher\" content=\"https:\/\/www.facebook.com\/Infocul-147816815585015\/\" \/>\n<meta property=\"article:published_time\" content=\"2020-10-11T19:51:56+00:00\" \/>\n<meta property=\"article:modified_time\" content=\"2020-10-11T19:58:07+00:00\" \/>\n<meta property=\"og:image\" content=\"https:\/\/infocul.pt\/arquivo\/wp-content\/uploads\/2020\/10\/amalia.jpg\" \/>\n\t<meta property=\"og:image:width\" content=\"1024\" \/>\n\t<meta property=\"og:image:height\" content=\"683\" \/>\n\t<meta property=\"og:image:type\" content=\"image\/jpeg\" \/>\n<meta name=\"author\" content=\"Rui Lavrador\" \/>\n<meta name=\"twitter:card\" content=\"summary_large_image\" \/>\n<meta name=\"twitter:creator\" content=\"@Infoculpt\" \/>\n<meta name=\"twitter:site\" content=\"@Infoculpt\" \/>\n<meta name=\"twitter:label1\" content=\"Escrito por\" \/>\n\t<meta name=\"twitter:data1\" content=\"Rui Lavrador\" \/>\n\t<meta name=\"twitter:label2\" content=\"Tempo estimado de leitura\" \/>\n\t<meta name=\"twitter:data2\" content=\"3 minutos\" \/>\n<script type=\"application\/ld+json\" class=\"yoast-schema-graph\">{\"@context\":\"https:\\\/\\\/schema.org\",\"@graph\":[{\"@type\":\"Article\",\"@id\":\"https:\\\/\\\/infocul.pt\\\/arquivo\\\/cultura\\\/100-amalia-e-a-desuniao-dos-artistas\\\/#article\",\"isPartOf\":{\"@id\":\"https:\\\/\\\/infocul.pt\\\/arquivo\\\/cultura\\\/100-amalia-e-a-desuniao-dos-artistas\\\/\"},\"author\":{\"name\":\"Rui Lavrador\",\"@id\":\"https:\\\/\\\/infocul.pt\\\/arquivo\\\/#\\\/schema\\\/person\\\/060a108d7f2d85fc6aae505119ee5234\"},\"headline\":\"&#8216;100 Am\u00e1lia&#8217; e a (des)uni\u00e3o dos artistas\",\"datePublished\":\"2020-10-11T19:51:56+00:00\",\"dateModified\":\"2020-10-11T19:58:07+00:00\",\"mainEntityOfPage\":{\"@id\":\"https:\\\/\\\/infocul.pt\\\/arquivo\\\/cultura\\\/100-amalia-e-a-desuniao-dos-artistas\\\/\"},\"wordCount\":594,\"commentCount\":0,\"publisher\":{\"@id\":\"https:\\\/\\\/infocul.pt\\\/arquivo\\\/#organization\"},\"image\":{\"@id\":\"https:\\\/\\\/infocul.pt\\\/arquivo\\\/cultura\\\/100-amalia-e-a-desuniao-dos-artistas\\\/#primaryimage\"},\"thumbnailUrl\":\"https:\\\/\\\/infocul.pt\\\/arquivo\\\/wp-content\\\/uploads\\\/2020\\\/10\\\/amalia.jpg\",\"articleSection\":[\"Cultura\",\"Destaque\",\"Opini\u00e3o\",\"Teatro\"],\"inLanguage\":\"pt-PT\"},{\"@type\":\"WebPage\",\"@id\":\"https:\\\/\\\/infocul.pt\\\/arquivo\\\/cultura\\\/100-amalia-e-a-desuniao-dos-artistas\\\/\",\"url\":\"https:\\\/\\\/infocul.pt\\\/arquivo\\\/cultura\\\/100-amalia-e-a-desuniao-dos-artistas\\\/\",\"name\":\"'100 Am\u00e1lia' e a (des)uni\u00e3o dos artistas | Infocul.pt - Arquivo Digital\",\"isPartOf\":{\"@id\":\"https:\\\/\\\/infocul.pt\\\/arquivo\\\/#website\"},\"primaryImageOfPage\":{\"@id\":\"https:\\\/\\\/infocul.pt\\\/arquivo\\\/cultura\\\/100-amalia-e-a-desuniao-dos-artistas\\\/#primaryimage\"},\"image\":{\"@id\":\"https:\\\/\\\/infocul.pt\\\/arquivo\\\/cultura\\\/100-amalia-e-a-desuniao-dos-artistas\\\/#primaryimage\"},\"thumbnailUrl\":\"https:\\\/\\\/infocul.pt\\\/arquivo\\\/wp-content\\\/uploads\\\/2020\\\/10\\\/amalia.jpg\",\"datePublished\":\"2020-10-11T19:51:56+00:00\",\"dateModified\":\"2020-10-11T19:58:07+00:00\",\"description\":\"'100 Am\u00e1lia' e a (des)uni\u00e3o dos artistas | Infocul.pt - Arquivo Digital\",\"breadcrumb\":{\"@id\":\"https:\\\/\\\/infocul.pt\\\/arquivo\\\/cultura\\\/100-amalia-e-a-desuniao-dos-artistas\\\/#breadcrumb\"},\"inLanguage\":\"pt-PT\",\"potentialAction\":[{\"@type\":\"ReadAction\",\"target\":[\"https:\\\/\\\/infocul.pt\\\/arquivo\\\/cultura\\\/100-amalia-e-a-desuniao-dos-artistas\\\/\"]}]},{\"@type\":\"ImageObject\",\"inLanguage\":\"pt-PT\",\"@id\":\"https:\\\/\\\/infocul.pt\\\/arquivo\\\/cultura\\\/100-amalia-e-a-desuniao-dos-artistas\\\/#primaryimage\",\"url\":\"https:\\\/\\\/infocul.pt\\\/arquivo\\\/wp-content\\\/uploads\\\/2020\\\/10\\\/amalia.jpg\",\"contentUrl\":\"https:\\\/\\\/infocul.pt\\\/arquivo\\\/wp-content\\\/uploads\\\/2020\\\/10\\\/amalia.jpg\",\"width\":1024,\"height\":683},{\"@type\":\"BreadcrumbList\",\"@id\":\"https:\\\/\\\/infocul.pt\\\/arquivo\\\/cultura\\\/100-amalia-e-a-desuniao-dos-artistas\\\/#breadcrumb\",\"itemListElement\":[{\"@type\":\"ListItem\",\"position\":1,\"name\":\"Home\",\"item\":\"https:\\\/\\\/infocul.pt\\\/arquivo\\\/\"},{\"@type\":\"ListItem\",\"position\":2,\"name\":\"&#8216;100 Am\u00e1lia&#8217; e a (des)uni\u00e3o dos artistas\"}]},{\"@type\":\"WebSite\",\"@id\":\"https:\\\/\\\/infocul.pt\\\/arquivo\\\/#website\",\"url\":\"https:\\\/\\\/infocul.pt\\\/arquivo\\\/\",\"name\":\"Infocul.pt - Arquivo Digital\",\"description\":\"Arquivo digital da Infocul.pt\",\"publisher\":{\"@id\":\"https:\\\/\\\/infocul.pt\\\/arquivo\\\/#organization\"},\"potentialAction\":[{\"@type\":\"SearchAction\",\"target\":{\"@type\":\"EntryPoint\",\"urlTemplate\":\"https:\\\/\\\/infocul.pt\\\/arquivo\\\/?s={search_term_string}\"},\"query-input\":{\"@type\":\"PropertyValueSpecification\",\"valueRequired\":true,\"valueName\":\"search_term_string\"}}],\"inLanguage\":\"pt-PT\"},{\"@type\":\"Organization\",\"@id\":\"https:\\\/\\\/infocul.pt\\\/arquivo\\\/#organization\",\"name\":\"Infocul.pt\",\"url\":\"https:\\\/\\\/infocul.pt\\\/arquivo\\\/\",\"logo\":{\"@type\":\"ImageObject\",\"inLanguage\":\"pt-PT\",\"@id\":\"https:\\\/\\\/infocul.pt\\\/arquivo\\\/#\\\/schema\\\/logo\\\/image\\\/\",\"url\":\"https:\\\/\\\/infocul.pt\\\/arquivo\\\/wp-content\\\/uploads\\\/2018\\\/12\\\/Infocul_logo-1.png\",\"contentUrl\":\"https:\\\/\\\/infocul.pt\\\/arquivo\\\/wp-content\\\/uploads\\\/2018\\\/12\\\/Infocul_logo-1.png\",\"width\":800,\"height\":800,\"caption\":\"Infocul.pt\"},\"image\":{\"@id\":\"https:\\\/\\\/infocul.pt\\\/arquivo\\\/#\\\/schema\\\/logo\\\/image\\\/\"},\"sameAs\":[\"https:\\\/\\\/www.facebook.com\\\/Infocul-147816815585015\\\/\",\"https:\\\/\\\/x.com\\\/Infoculpt\",\"http:\\\/\\\/www.pictaram.com\\\/user\\\/infocul.pt\\\/2370423710\",\"https:\\\/\\\/www.youtube.com\\\/channel\\\/UCYEB91AGI9FL9ek2i_IaQAA\"]},{\"@type\":\"Person\",\"@id\":\"https:\\\/\\\/infocul.pt\\\/arquivo\\\/#\\\/schema\\\/person\\\/060a108d7f2d85fc6aae505119ee5234\",\"name\":\"Rui Lavrador\",\"image\":{\"@type\":\"ImageObject\",\"inLanguage\":\"pt-PT\",\"@id\":\"https:\\\/\\\/secure.gravatar.com\\\/avatar\\\/93febd6873394aa8e975148548a0cb203acfdd42d2c85c5f1408e1a76678aece?s=96&d=mm&r=g\",\"url\":\"https:\\\/\\\/secure.gravatar.com\\\/avatar\\\/93febd6873394aa8e975148548a0cb203acfdd42d2c85c5f1408e1a76678aece?s=96&d=mm&r=g\",\"contentUrl\":\"https:\\\/\\\/secure.gravatar.com\\\/avatar\\\/93febd6873394aa8e975148548a0cb203acfdd42d2c85c5f1408e1a76678aece?s=96&d=mm&r=g\",\"caption\":\"Rui Lavrador\"},\"description\":\"Iniciou em 2011 o seu percurso em comunica\u00e7\u00e3o social, tendo integrado v\u00e1rios projectos editoriais. Durante o seu percurso integrou projectos como Jornal Hardm\u00fasica, LusoNot\u00edcias, Toureio.pt, ODigital.pt, entre outros \u00d3rg\u00e3os de Comunica\u00e7\u00e3o Social nacionais, na redac\u00e7\u00e3o de v\u00e1rios artigos. Entrevistou a grande maioria das personalidades mais importantes da vida social e cultural do pa\u00eds, destacando-se, tamb\u00e9m, na aprecia\u00e7\u00e3o de v\u00e1rios espect\u00e1culos. Durante o seu percurso, deu a conhecer v\u00e1rios artistas, at\u00e9 ent\u00e3o desconhecidos, ao grande p\u00fablico. Em 2015 criou e fundou o Infocul.pt, projecto no qual assume a direc\u00e7\u00e3o editorial.\",\"sameAs\":[\"http:\\\/\\\/www.infocul.pt\"]}]}<\/script>\n<!-- \/ Yoast SEO plugin. -->","yoast_head_json":{"title":"'100 Am\u00e1lia' e a (des)uni\u00e3o dos artistas | Infocul.pt - Arquivo Digital","description":"'100 Am\u00e1lia' e a (des)uni\u00e3o dos artistas | Infocul.pt - Arquivo Digital","robots":{"index":"noindex","follow":"follow","max-snippet":"max-snippet:-1","max-image-preview":"max-image-preview:large","max-video-preview":"max-video-preview:-1"},"og_locale":"pt_PT","og_type":"article","og_title":"'100 Am\u00e1lia' e a (des)uni\u00e3o dos artistas | Infocul.pt - Arquivo Digital","og_description":"'100 Am\u00e1lia' e a (des)uni\u00e3o dos artistas | Infocul.pt - Arquivo Digital","og_url":"https:\/\/infocul.pt\/arquivo\/cultura\/100-amalia-e-a-desuniao-dos-artistas\/","og_site_name":"Infocul.pt - Arquivo Digital","article_publisher":"https:\/\/www.facebook.com\/Infocul-147816815585015\/","article_published_time":"2020-10-11T19:51:56+00:00","article_modified_time":"2020-10-11T19:58:07+00:00","og_image":[{"width":1024,"height":683,"url":"https:\/\/infocul.pt\/arquivo\/wp-content\/uploads\/2020\/10\/amalia.jpg","type":"image\/jpeg"}],"author":"Rui Lavrador","twitter_card":"summary_large_image","twitter_creator":"@Infoculpt","twitter_site":"@Infoculpt","twitter_misc":{"Escrito por":"Rui Lavrador","Tempo estimado de leitura":"3 minutos"},"schema":{"@context":"https:\/\/schema.org","@graph":[{"@type":"Article","@id":"https:\/\/infocul.pt\/arquivo\/cultura\/100-amalia-e-a-desuniao-dos-artistas\/#article","isPartOf":{"@id":"https:\/\/infocul.pt\/arquivo\/cultura\/100-amalia-e-a-desuniao-dos-artistas\/"},"author":{"name":"Rui Lavrador","@id":"https:\/\/infocul.pt\/arquivo\/#\/schema\/person\/060a108d7f2d85fc6aae505119ee5234"},"headline":"&#8216;100 Am\u00e1lia&#8217; e a (des)uni\u00e3o dos artistas","datePublished":"2020-10-11T19:51:56+00:00","dateModified":"2020-10-11T19:58:07+00:00","mainEntityOfPage":{"@id":"https:\/\/infocul.pt\/arquivo\/cultura\/100-amalia-e-a-desuniao-dos-artistas\/"},"wordCount":594,"commentCount":0,"publisher":{"@id":"https:\/\/infocul.pt\/arquivo\/#organization"},"image":{"@id":"https:\/\/infocul.pt\/arquivo\/cultura\/100-amalia-e-a-desuniao-dos-artistas\/#primaryimage"},"thumbnailUrl":"https:\/\/infocul.pt\/arquivo\/wp-content\/uploads\/2020\/10\/amalia.jpg","articleSection":["Cultura","Destaque","Opini\u00e3o","Teatro"],"inLanguage":"pt-PT"},{"@type":"WebPage","@id":"https:\/\/infocul.pt\/arquivo\/cultura\/100-amalia-e-a-desuniao-dos-artistas\/","url":"https:\/\/infocul.pt\/arquivo\/cultura\/100-amalia-e-a-desuniao-dos-artistas\/","name":"'100 Am\u00e1lia' e a (des)uni\u00e3o dos artistas | Infocul.pt - Arquivo Digital","isPartOf":{"@id":"https:\/\/infocul.pt\/arquivo\/#website"},"primaryImageOfPage":{"@id":"https:\/\/infocul.pt\/arquivo\/cultura\/100-amalia-e-a-desuniao-dos-artistas\/#primaryimage"},"image":{"@id":"https:\/\/infocul.pt\/arquivo\/cultura\/100-amalia-e-a-desuniao-dos-artistas\/#primaryimage"},"thumbnailUrl":"https:\/\/infocul.pt\/arquivo\/wp-content\/uploads\/2020\/10\/amalia.jpg","datePublished":"2020-10-11T19:51:56+00:00","dateModified":"2020-10-11T19:58:07+00:00","description":"'100 Am\u00e1lia' e a (des)uni\u00e3o dos artistas | Infocul.pt - Arquivo Digital","breadcrumb":{"@id":"https:\/\/infocul.pt\/arquivo\/cultura\/100-amalia-e-a-desuniao-dos-artistas\/#breadcrumb"},"inLanguage":"pt-PT","potentialAction":[{"@type":"ReadAction","target":["https:\/\/infocul.pt\/arquivo\/cultura\/100-amalia-e-a-desuniao-dos-artistas\/"]}]},{"@type":"ImageObject","inLanguage":"pt-PT","@id":"https:\/\/infocul.pt\/arquivo\/cultura\/100-amalia-e-a-desuniao-dos-artistas\/#primaryimage","url":"https:\/\/infocul.pt\/arquivo\/wp-content\/uploads\/2020\/10\/amalia.jpg","contentUrl":"https:\/\/infocul.pt\/arquivo\/wp-content\/uploads\/2020\/10\/amalia.jpg","width":1024,"height":683},{"@type":"BreadcrumbList","@id":"https:\/\/infocul.pt\/arquivo\/cultura\/100-amalia-e-a-desuniao-dos-artistas\/#breadcrumb","itemListElement":[{"@type":"ListItem","position":1,"name":"Home","item":"https:\/\/infocul.pt\/arquivo\/"},{"@type":"ListItem","position":2,"name":"&#8216;100 Am\u00e1lia&#8217; e a (des)uni\u00e3o dos artistas"}]},{"@type":"WebSite","@id":"https:\/\/infocul.pt\/arquivo\/#website","url":"https:\/\/infocul.pt\/arquivo\/","name":"Infocul.pt - Arquivo Digital","description":"Arquivo digital da Infocul.pt","publisher":{"@id":"https:\/\/infocul.pt\/arquivo\/#organization"},"potentialAction":[{"@type":"SearchAction","target":{"@type":"EntryPoint","urlTemplate":"https:\/\/infocul.pt\/arquivo\/?s={search_term_string}"},"query-input":{"@type":"PropertyValueSpecification","valueRequired":true,"valueName":"search_term_string"}}],"inLanguage":"pt-PT"},{"@type":"Organization","@id":"https:\/\/infocul.pt\/arquivo\/#organization","name":"Infocul.pt","url":"https:\/\/infocul.pt\/arquivo\/","logo":{"@type":"ImageObject","inLanguage":"pt-PT","@id":"https:\/\/infocul.pt\/arquivo\/#\/schema\/logo\/image\/","url":"https:\/\/infocul.pt\/arquivo\/wp-content\/uploads\/2018\/12\/Infocul_logo-1.png","contentUrl":"https:\/\/infocul.pt\/arquivo\/wp-content\/uploads\/2018\/12\/Infocul_logo-1.png","width":800,"height":800,"caption":"Infocul.pt"},"image":{"@id":"https:\/\/infocul.pt\/arquivo\/#\/schema\/logo\/image\/"},"sameAs":["https:\/\/www.facebook.com\/Infocul-147816815585015\/","https:\/\/x.com\/Infoculpt","http:\/\/www.pictaram.com\/user\/infocul.pt\/2370423710","https:\/\/www.youtube.com\/channel\/UCYEB91AGI9FL9ek2i_IaQAA"]},{"@type":"Person","@id":"https:\/\/infocul.pt\/arquivo\/#\/schema\/person\/060a108d7f2d85fc6aae505119ee5234","name":"Rui Lavrador","image":{"@type":"ImageObject","inLanguage":"pt-PT","@id":"https:\/\/secure.gravatar.com\/avatar\/93febd6873394aa8e975148548a0cb203acfdd42d2c85c5f1408e1a76678aece?s=96&d=mm&r=g","url":"https:\/\/secure.gravatar.com\/avatar\/93febd6873394aa8e975148548a0cb203acfdd42d2c85c5f1408e1a76678aece?s=96&d=mm&r=g","contentUrl":"https:\/\/secure.gravatar.com\/avatar\/93febd6873394aa8e975148548a0cb203acfdd42d2c85c5f1408e1a76678aece?s=96&d=mm&r=g","caption":"Rui Lavrador"},"description":"Iniciou em 2011 o seu percurso em comunica\u00e7\u00e3o social, tendo integrado v\u00e1rios projectos editoriais. Durante o seu percurso integrou projectos como Jornal Hardm\u00fasica, LusoNot\u00edcias, Toureio.pt, ODigital.pt, entre outros \u00d3rg\u00e3os de Comunica\u00e7\u00e3o Social nacionais, na redac\u00e7\u00e3o de v\u00e1rios artigos. Entrevistou a grande maioria das personalidades mais importantes da vida social e cultural do pa\u00eds, destacando-se, tamb\u00e9m, na aprecia\u00e7\u00e3o de v\u00e1rios espect\u00e1culos. Durante o seu percurso, deu a conhecer v\u00e1rios artistas, at\u00e9 ent\u00e3o desconhecidos, ao grande p\u00fablico. Em 2015 criou e fundou o Infocul.pt, projecto no qual assume a direc\u00e7\u00e3o editorial.","sameAs":["http:\/\/www.infocul.pt"]}]}},"_links":{"self":[{"href":"https:\/\/infocul.pt\/arquivo\/wp-json\/wp\/v2\/posts\/83226","targetHints":{"allow":["GET"]}}],"collection":[{"href":"https:\/\/infocul.pt\/arquivo\/wp-json\/wp\/v2\/posts"}],"about":[{"href":"https:\/\/infocul.pt\/arquivo\/wp-json\/wp\/v2\/types\/post"}],"author":[{"embeddable":true,"href":"https:\/\/infocul.pt\/arquivo\/wp-json\/wp\/v2\/users\/2"}],"replies":[{"embeddable":true,"href":"https:\/\/infocul.pt\/arquivo\/wp-json\/wp\/v2\/comments?post=83226"}],"version-history":[{"count":0,"href":"https:\/\/infocul.pt\/arquivo\/wp-json\/wp\/v2\/posts\/83226\/revisions"}],"wp:featuredmedia":[{"embeddable":true,"href":"https:\/\/infocul.pt\/arquivo\/wp-json\/wp\/v2\/media\/83227"}],"wp:attachment":[{"href":"https:\/\/infocul.pt\/arquivo\/wp-json\/wp\/v2\/media?parent=83226"}],"wp:term":[{"taxonomy":"category","embeddable":true,"href":"https:\/\/infocul.pt\/arquivo\/wp-json\/wp\/v2\/categories?post=83226"},{"taxonomy":"post_tag","embeddable":true,"href":"https:\/\/infocul.pt\/arquivo\/wp-json\/wp\/v2\/tags?post=83226"}],"curies":[{"name":"wp","href":"https:\/\/api.w.org\/{rel}","templated":true}]}}