{"id":84012,"date":"2020-10-21T14:46:14","date_gmt":"2020-10-21T13:46:14","guid":{"rendered":"https:\/\/infocul.pt\/?p=84012"},"modified":"2020-10-21T14:46:14","modified_gmt":"2020-10-21T13:46:14","slug":"manuel-maria-carrilho-foi-aboslvido-e-considera-se-um-martir-de-falsas-acusacoes","status":"publish","type":"post","link":"https:\/\/infocul.pt\/arquivo\/actualidade\/manuel-maria-carrilho-foi-aboslvido-e-considera-se-um-martir-de-falsas-acusacoes\/","title":{"rendered":"Manuel Maria Carrilho foi aboslvido e considera-se &#8220;um m\u00e1rtir de falsas acusa\u00e7\u00f5es&#8221;"},"content":{"rendered":"<p><img decoding=\"async\" class=\"aligncenter wp-image-84013 size-full lazyload\" data-src=\"https:\/\/infocul.pt\/arquivo\/wp-content\/uploads\/2020\/10\/manuel-maria-carrilho.jpg\" alt=\"\" width=\"303\" height=\"166\" data-srcset=\"https:\/\/infocul.pt\/arquivo\/wp-content\/uploads\/2020\/10\/manuel-maria-carrilho.jpg 303w, https:\/\/infocul.pt\/arquivo\/wp-content\/uploads\/2020\/10\/manuel-maria-carrilho-300x164.jpg 300w\" data-sizes=\"(max-width: 303px) 100vw, 303px\" src=\"data:image\/svg+xml;base64,PHN2ZyB3aWR0aD0iMSIgaGVpZ2h0PSIxIiB4bWxucz0iaHR0cDovL3d3dy53My5vcmcvMjAwMC9zdmciPjwvc3ZnPg==\" style=\"--smush-placeholder-width: 303px; --smush-placeholder-aspect-ratio: 303\/166;\" \/><\/p>\n<p>B\u00e1rbara Guimar\u00e3es e Manuel Maria Carrilho voltaram a reencontrarem-se no Tribunal Judicial da Comarca de Lisboa, tendo o ex-ministro sido absolvido.<!--more--><\/p>\n<p>O processo deve-se a uma ocorr\u00eancia de 14 de Outubro de 2013, que segundo a \u00a0TV Mais, onde Carrilho alegadamente amea\u00e7ou B\u00e1rbara, amea\u00e7ando atir\u00e1-la escadas a baixo caso avan\u00e7asse com o div\u00f3rcio.<\/p>\n<p>B\u00e1rbara seguiu com o processo de div\u00f3rcio e mudou a fechadura da porta de casa.<\/p>\n<p>Desde ent\u00e3o v\u00e1rios processos os opuseram em tribunal, com B\u00e1rbara inclusive a acusar o ex-marido de viol\u00eancia dom\u00e9stica e de difama\u00e7\u00e3o, mas Manuel Maria Carrilho acabou por ser absolvido pela ju\u00edza Joana Ferrer.<\/p>\n<p>\u00c9, precisamente, esta ju\u00edza que permanece com o caso entre m\u00e3os. Sobre os anteriores, a equipa de defesa de B\u00e1rbara Guimar\u00e3es j\u00e1 n\u00e3o acredita numa condena\u00e7\u00e3o, dado que dificilmente Joana Ferrer voltaria atr\u00e1s com uma decis\u00e3o que ela pr\u00f3pria j\u00e1 tomou.<\/p>\n<p>Hoje, Manuel Maria Carrilho voltou a ser absolvido do crime de viol\u00eancia dom\u00e9stica. \u00c0 sa\u00edda do tribunal, acusou o Tribunal da Rela\u00e7\u00e3o de persegui\u00e7\u00e3o.<\/p>\n<p>&#8220;<em><strong>\u00c9 a terceira vez que sou acusado e \u00e9 a terceira vez que sou absolvido. Para mim, \u00e9 incompreens\u00edvel a constante persegui\u00e7\u00e3o do Tribunal da Rela\u00e7\u00e3o<\/strong><\/em>&#8220;, disse \u00e0 imprensa.<\/p>\n<p>&#8220;<em><strong>Todos conhecemos a situa\u00e7\u00e3o sobre os sorteios do Tribunal da Rela\u00e7\u00e3o. A pessoa respons\u00e1vel por este processo j\u00e1 me saiu tr\u00eas vezes entre dezenas de poss\u00edveis respons\u00e1veis, acompanhada por outro poss\u00edvel respons\u00e1vel que j\u00e1 saiu quatro vezes. \u00c9 uma milagrosa coincid\u00eancia. S\u00e3o factos&#8221;<\/strong><\/em>, explicou, acrescentando que se sente &#8220;<em><strong>um m\u00e1rtir de falsas acusa\u00e7\u00f5es<\/strong><\/em>&#8220;.<\/p>\n","protected":false},"excerpt":{"rendered":"<p>B\u00e1rbara Guimar\u00e3es e Manuel Maria Carrilho voltaram a reencontrarem-se no Tribunal Judicial da Comarca de Lisboa, tendo o ex-ministro sido absolvido.<\/p>\n","protected":false},"author":13,"featured_media":84013,"comment_status":"open","ping_status":"closed","sticky":false,"template":"","format":"standard","meta":{"footnotes":""},"categories":[10,15,14],"tags":[9914,7466],"class_list":["post-84012","post","type-post","status-publish","format-standard","has-post-thumbnail","hentry","category-actualidade","category-social-e-lifestyle","category-televisao","tag-barbara-guimaraes","tag-manuel-maria-carrilho"],"yoast_head":"<!-- This site is optimized with the Yoast SEO plugin v27.4 - https:\/\/yoast.com\/product\/yoast-seo-wordpress\/ -->\n<title>Manuel Maria Carrilho foi aboslvido e considera-se &quot;um m\u00e1rtir de falsas acusa\u00e7\u00f5es&quot; | Infocul.pt - Arquivo Digital<\/title>\n<meta name=\"description\" content=\"Manuel Maria Carrilho foi aboslvido e considera-se &quot;um m\u00e1rtir de falsas acusa\u00e7\u00f5es&quot; | Infocul.pt - Arquivo Digital\" \/>\n<meta name=\"robots\" content=\"noindex, follow, max-snippet:-1, max-image-preview:large, max-video-preview:-1\" \/>\n<meta property=\"og:locale\" content=\"pt_PT\" \/>\n<meta property=\"og:type\" content=\"article\" \/>\n<meta property=\"og:title\" content=\"Manuel Maria Carrilho foi aboslvido e considera-se &quot;um m\u00e1rtir de falsas acusa\u00e7\u00f5es&quot; | Infocul.pt - Arquivo Digital\" \/>\n<meta property=\"og:description\" content=\"Manuel Maria Carrilho foi aboslvido e considera-se &quot;um m\u00e1rtir de falsas acusa\u00e7\u00f5es&quot; | Infocul.pt - Arquivo Digital\" \/>\n<meta property=\"og:url\" content=\"https:\/\/infocul.pt\/arquivo\/actualidade\/manuel-maria-carrilho-foi-aboslvido-e-considera-se-um-martir-de-falsas-acusacoes\/\" \/>\n<meta property=\"og:site_name\" content=\"Infocul.pt - Arquivo Digital\" \/>\n<meta property=\"article:publisher\" content=\"https:\/\/www.facebook.com\/Infocul-147816815585015\/\" \/>\n<meta property=\"article:published_time\" content=\"2020-10-21T13:46:14+00:00\" \/>\n<meta property=\"og:image\" content=\"https:\/\/infocul.pt\/arquivo\/wp-content\/uploads\/2020\/10\/manuel-maria-carrilho.jpg\" \/>\n\t<meta property=\"og:image:width\" content=\"303\" \/>\n\t<meta property=\"og:image:height\" content=\"166\" \/>\n\t<meta property=\"og:image:type\" content=\"image\/jpeg\" \/>\n<meta name=\"author\" content=\"Redac\u00e7\u00e3o\" \/>\n<meta name=\"twitter:card\" content=\"summary_large_image\" \/>\n<meta name=\"twitter:creator\" content=\"@Infoculpt\" \/>\n<meta name=\"twitter:site\" content=\"@Infoculpt\" \/>\n<meta name=\"twitter:label1\" content=\"Escrito por\" \/>\n\t<meta name=\"twitter:data1\" content=\"Redac\u00e7\u00e3o\" \/>\n\t<meta name=\"twitter:label2\" content=\"Tempo estimado de leitura\" \/>\n\t<meta name=\"twitter:data2\" content=\"1 minuto\" \/>\n<script type=\"application\/ld+json\" class=\"yoast-schema-graph\">{\"@context\":\"https:\\\/\\\/schema.org\",\"@graph\":[{\"@type\":\"Article\",\"@id\":\"https:\\\/\\\/infocul.pt\\\/arquivo\\\/actualidade\\\/manuel-maria-carrilho-foi-aboslvido-e-considera-se-um-martir-de-falsas-acusacoes\\\/#article\",\"isPartOf\":{\"@id\":\"https:\\\/\\\/infocul.pt\\\/arquivo\\\/actualidade\\\/manuel-maria-carrilho-foi-aboslvido-e-considera-se-um-martir-de-falsas-acusacoes\\\/\"},\"author\":{\"name\":\"Redac\u00e7\u00e3o\",\"@id\":\"https:\\\/\\\/infocul.pt\\\/arquivo\\\/#\\\/schema\\\/person\\\/f243f45ae8d67639120a7586884f3abc\"},\"headline\":\"Manuel Maria Carrilho foi aboslvido e considera-se &#8220;um m\u00e1rtir de falsas acusa\u00e7\u00f5es&#8221;\",\"datePublished\":\"2020-10-21T13:46:14+00:00\",\"mainEntityOfPage\":{\"@id\":\"https:\\\/\\\/infocul.pt\\\/arquivo\\\/actualidade\\\/manuel-maria-carrilho-foi-aboslvido-e-considera-se-um-martir-de-falsas-acusacoes\\\/\"},\"wordCount\":300,\"commentCount\":0,\"publisher\":{\"@id\":\"https:\\\/\\\/infocul.pt\\\/arquivo\\\/#organization\"},\"image\":{\"@id\":\"https:\\\/\\\/infocul.pt\\\/arquivo\\\/actualidade\\\/manuel-maria-carrilho-foi-aboslvido-e-considera-se-um-martir-de-falsas-acusacoes\\\/#primaryimage\"},\"thumbnailUrl\":\"https:\\\/\\\/infocul.pt\\\/arquivo\\\/wp-content\\\/uploads\\\/2020\\\/10\\\/manuel-maria-carrilho.jpg\",\"keywords\":[\"B\u00e1rbara Guimar\u00e3es\",\"Manuel Maria Carrilho\"],\"articleSection\":[\"Actualidade\",\"Social &amp; LifeStyle\",\"Televis\u00e3o\"],\"inLanguage\":\"pt-PT\"},{\"@type\":\"WebPage\",\"@id\":\"https:\\\/\\\/infocul.pt\\\/arquivo\\\/actualidade\\\/manuel-maria-carrilho-foi-aboslvido-e-considera-se-um-martir-de-falsas-acusacoes\\\/\",\"url\":\"https:\\\/\\\/infocul.pt\\\/arquivo\\\/actualidade\\\/manuel-maria-carrilho-foi-aboslvido-e-considera-se-um-martir-de-falsas-acusacoes\\\/\",\"name\":\"Manuel Maria Carrilho foi aboslvido e considera-se \\\"um m\u00e1rtir de falsas acusa\u00e7\u00f5es\\\" | Infocul.pt - Arquivo Digital\",\"isPartOf\":{\"@id\":\"https:\\\/\\\/infocul.pt\\\/arquivo\\\/#website\"},\"primaryImageOfPage\":{\"@id\":\"https:\\\/\\\/infocul.pt\\\/arquivo\\\/actualidade\\\/manuel-maria-carrilho-foi-aboslvido-e-considera-se-um-martir-de-falsas-acusacoes\\\/#primaryimage\"},\"image\":{\"@id\":\"https:\\\/\\\/infocul.pt\\\/arquivo\\\/actualidade\\\/manuel-maria-carrilho-foi-aboslvido-e-considera-se-um-martir-de-falsas-acusacoes\\\/#primaryimage\"},\"thumbnailUrl\":\"https:\\\/\\\/infocul.pt\\\/arquivo\\\/wp-content\\\/uploads\\\/2020\\\/10\\\/manuel-maria-carrilho.jpg\",\"datePublished\":\"2020-10-21T13:46:14+00:00\",\"description\":\"Manuel Maria Carrilho foi aboslvido e considera-se \\\"um m\u00e1rtir de falsas acusa\u00e7\u00f5es\\\" | Infocul.pt - Arquivo Digital\",\"breadcrumb\":{\"@id\":\"https:\\\/\\\/infocul.pt\\\/arquivo\\\/actualidade\\\/manuel-maria-carrilho-foi-aboslvido-e-considera-se-um-martir-de-falsas-acusacoes\\\/#breadcrumb\"},\"inLanguage\":\"pt-PT\",\"potentialAction\":[{\"@type\":\"ReadAction\",\"target\":[\"https:\\\/\\\/infocul.pt\\\/arquivo\\\/actualidade\\\/manuel-maria-carrilho-foi-aboslvido-e-considera-se-um-martir-de-falsas-acusacoes\\\/\"]}]},{\"@type\":\"ImageObject\",\"inLanguage\":\"pt-PT\",\"@id\":\"https:\\\/\\\/infocul.pt\\\/arquivo\\\/actualidade\\\/manuel-maria-carrilho-foi-aboslvido-e-considera-se-um-martir-de-falsas-acusacoes\\\/#primaryimage\",\"url\":\"https:\\\/\\\/infocul.pt\\\/arquivo\\\/wp-content\\\/uploads\\\/2020\\\/10\\\/manuel-maria-carrilho.jpg\",\"contentUrl\":\"https:\\\/\\\/infocul.pt\\\/arquivo\\\/wp-content\\\/uploads\\\/2020\\\/10\\\/manuel-maria-carrilho.jpg\",\"width\":303,\"height\":166},{\"@type\":\"BreadcrumbList\",\"@id\":\"https:\\\/\\\/infocul.pt\\\/arquivo\\\/actualidade\\\/manuel-maria-carrilho-foi-aboslvido-e-considera-se-um-martir-de-falsas-acusacoes\\\/#breadcrumb\",\"itemListElement\":[{\"@type\":\"ListItem\",\"position\":1,\"name\":\"Home\",\"item\":\"https:\\\/\\\/infocul.pt\\\/arquivo\\\/\"},{\"@type\":\"ListItem\",\"position\":2,\"name\":\"Manuel Maria Carrilho foi aboslvido e considera-se &#8220;um m\u00e1rtir de falsas acusa\u00e7\u00f5es&#8221;\"}]},{\"@type\":\"WebSite\",\"@id\":\"https:\\\/\\\/infocul.pt\\\/arquivo\\\/#website\",\"url\":\"https:\\\/\\\/infocul.pt\\\/arquivo\\\/\",\"name\":\"Infocul.pt - Arquivo Digital\",\"description\":\"Arquivo digital da Infocul.pt\",\"publisher\":{\"@id\":\"https:\\\/\\\/infocul.pt\\\/arquivo\\\/#organization\"},\"potentialAction\":[{\"@type\":\"SearchAction\",\"target\":{\"@type\":\"EntryPoint\",\"urlTemplate\":\"https:\\\/\\\/infocul.pt\\\/arquivo\\\/?s={search_term_string}\"},\"query-input\":{\"@type\":\"PropertyValueSpecification\",\"valueRequired\":true,\"valueName\":\"search_term_string\"}}],\"inLanguage\":\"pt-PT\"},{\"@type\":\"Organization\",\"@id\":\"https:\\\/\\\/infocul.pt\\\/arquivo\\\/#organization\",\"name\":\"Infocul.pt\",\"url\":\"https:\\\/\\\/infocul.pt\\\/arquivo\\\/\",\"logo\":{\"@type\":\"ImageObject\",\"inLanguage\":\"pt-PT\",\"@id\":\"https:\\\/\\\/infocul.pt\\\/arquivo\\\/#\\\/schema\\\/logo\\\/image\\\/\",\"url\":\"https:\\\/\\\/infocul.pt\\\/arquivo\\\/wp-content\\\/uploads\\\/2018\\\/12\\\/Infocul_logo-1.png\",\"contentUrl\":\"https:\\\/\\\/infocul.pt\\\/arquivo\\\/wp-content\\\/uploads\\\/2018\\\/12\\\/Infocul_logo-1.png\",\"width\":800,\"height\":800,\"caption\":\"Infocul.pt\"},\"image\":{\"@id\":\"https:\\\/\\\/infocul.pt\\\/arquivo\\\/#\\\/schema\\\/logo\\\/image\\\/\"},\"sameAs\":[\"https:\\\/\\\/www.facebook.com\\\/Infocul-147816815585015\\\/\",\"https:\\\/\\\/x.com\\\/Infoculpt\",\"http:\\\/\\\/www.pictaram.com\\\/user\\\/infocul.pt\\\/2370423710\",\"https:\\\/\\\/www.youtube.com\\\/channel\\\/UCYEB91AGI9FL9ek2i_IaQAA\"]},{\"@type\":\"Person\",\"@id\":\"https:\\\/\\\/infocul.pt\\\/arquivo\\\/#\\\/schema\\\/person\\\/f243f45ae8d67639120a7586884f3abc\",\"name\":\"Redac\u00e7\u00e3o\",\"image\":{\"@type\":\"ImageObject\",\"inLanguage\":\"pt-PT\",\"@id\":\"https:\\\/\\\/secure.gravatar.com\\\/avatar\\\/151b1b76c598ab5e749407223bd6c1bad4e41c4e95de3c3df83540ebee2deaf8?s=96&d=mm&r=g\",\"url\":\"https:\\\/\\\/secure.gravatar.com\\\/avatar\\\/151b1b76c598ab5e749407223bd6c1bad4e41c4e95de3c3df83540ebee2deaf8?s=96&d=mm&r=g\",\"contentUrl\":\"https:\\\/\\\/secure.gravatar.com\\\/avatar\\\/151b1b76c598ab5e749407223bd6c1bad4e41c4e95de3c3df83540ebee2deaf8?s=96&d=mm&r=g\",\"caption\":\"Redac\u00e7\u00e3o\"}}]}<\/script>\n<!-- \/ Yoast SEO plugin. -->","yoast_head_json":{"title":"Manuel Maria Carrilho foi aboslvido e considera-se \"um m\u00e1rtir de falsas acusa\u00e7\u00f5es\" | Infocul.pt - Arquivo Digital","description":"Manuel Maria Carrilho foi aboslvido e considera-se \"um m\u00e1rtir de falsas acusa\u00e7\u00f5es\" | Infocul.pt - Arquivo Digital","robots":{"index":"noindex","follow":"follow","max-snippet":"max-snippet:-1","max-image-preview":"max-image-preview:large","max-video-preview":"max-video-preview:-1"},"og_locale":"pt_PT","og_type":"article","og_title":"Manuel Maria Carrilho foi aboslvido e considera-se \"um m\u00e1rtir de falsas acusa\u00e7\u00f5es\" | Infocul.pt - Arquivo Digital","og_description":"Manuel Maria Carrilho foi aboslvido e considera-se \"um m\u00e1rtir de falsas acusa\u00e7\u00f5es\" | Infocul.pt - Arquivo Digital","og_url":"https:\/\/infocul.pt\/arquivo\/actualidade\/manuel-maria-carrilho-foi-aboslvido-e-considera-se-um-martir-de-falsas-acusacoes\/","og_site_name":"Infocul.pt - Arquivo Digital","article_publisher":"https:\/\/www.facebook.com\/Infocul-147816815585015\/","article_published_time":"2020-10-21T13:46:14+00:00","og_image":[{"width":303,"height":166,"url":"https:\/\/infocul.pt\/arquivo\/wp-content\/uploads\/2020\/10\/manuel-maria-carrilho.jpg","type":"image\/jpeg"}],"author":"Redac\u00e7\u00e3o","twitter_card":"summary_large_image","twitter_creator":"@Infoculpt","twitter_site":"@Infoculpt","twitter_misc":{"Escrito por":"Redac\u00e7\u00e3o","Tempo estimado de leitura":"1 minuto"},"schema":{"@context":"https:\/\/schema.org","@graph":[{"@type":"Article","@id":"https:\/\/infocul.pt\/arquivo\/actualidade\/manuel-maria-carrilho-foi-aboslvido-e-considera-se-um-martir-de-falsas-acusacoes\/#article","isPartOf":{"@id":"https:\/\/infocul.pt\/arquivo\/actualidade\/manuel-maria-carrilho-foi-aboslvido-e-considera-se-um-martir-de-falsas-acusacoes\/"},"author":{"name":"Redac\u00e7\u00e3o","@id":"https:\/\/infocul.pt\/arquivo\/#\/schema\/person\/f243f45ae8d67639120a7586884f3abc"},"headline":"Manuel Maria Carrilho foi aboslvido e considera-se &#8220;um m\u00e1rtir de falsas acusa\u00e7\u00f5es&#8221;","datePublished":"2020-10-21T13:46:14+00:00","mainEntityOfPage":{"@id":"https:\/\/infocul.pt\/arquivo\/actualidade\/manuel-maria-carrilho-foi-aboslvido-e-considera-se-um-martir-de-falsas-acusacoes\/"},"wordCount":300,"commentCount":0,"publisher":{"@id":"https:\/\/infocul.pt\/arquivo\/#organization"},"image":{"@id":"https:\/\/infocul.pt\/arquivo\/actualidade\/manuel-maria-carrilho-foi-aboslvido-e-considera-se-um-martir-de-falsas-acusacoes\/#primaryimage"},"thumbnailUrl":"https:\/\/infocul.pt\/arquivo\/wp-content\/uploads\/2020\/10\/manuel-maria-carrilho.jpg","keywords":["B\u00e1rbara Guimar\u00e3es","Manuel Maria Carrilho"],"articleSection":["Actualidade","Social &amp; LifeStyle","Televis\u00e3o"],"inLanguage":"pt-PT"},{"@type":"WebPage","@id":"https:\/\/infocul.pt\/arquivo\/actualidade\/manuel-maria-carrilho-foi-aboslvido-e-considera-se-um-martir-de-falsas-acusacoes\/","url":"https:\/\/infocul.pt\/arquivo\/actualidade\/manuel-maria-carrilho-foi-aboslvido-e-considera-se-um-martir-de-falsas-acusacoes\/","name":"Manuel Maria Carrilho foi aboslvido e considera-se \"um m\u00e1rtir de falsas acusa\u00e7\u00f5es\" | Infocul.pt - Arquivo Digital","isPartOf":{"@id":"https:\/\/infocul.pt\/arquivo\/#website"},"primaryImageOfPage":{"@id":"https:\/\/infocul.pt\/arquivo\/actualidade\/manuel-maria-carrilho-foi-aboslvido-e-considera-se-um-martir-de-falsas-acusacoes\/#primaryimage"},"image":{"@id":"https:\/\/infocul.pt\/arquivo\/actualidade\/manuel-maria-carrilho-foi-aboslvido-e-considera-se-um-martir-de-falsas-acusacoes\/#primaryimage"},"thumbnailUrl":"https:\/\/infocul.pt\/arquivo\/wp-content\/uploads\/2020\/10\/manuel-maria-carrilho.jpg","datePublished":"2020-10-21T13:46:14+00:00","description":"Manuel Maria Carrilho foi aboslvido e considera-se \"um m\u00e1rtir de falsas acusa\u00e7\u00f5es\" | Infocul.pt - Arquivo Digital","breadcrumb":{"@id":"https:\/\/infocul.pt\/arquivo\/actualidade\/manuel-maria-carrilho-foi-aboslvido-e-considera-se-um-martir-de-falsas-acusacoes\/#breadcrumb"},"inLanguage":"pt-PT","potentialAction":[{"@type":"ReadAction","target":["https:\/\/infocul.pt\/arquivo\/actualidade\/manuel-maria-carrilho-foi-aboslvido-e-considera-se-um-martir-de-falsas-acusacoes\/"]}]},{"@type":"ImageObject","inLanguage":"pt-PT","@id":"https:\/\/infocul.pt\/arquivo\/actualidade\/manuel-maria-carrilho-foi-aboslvido-e-considera-se-um-martir-de-falsas-acusacoes\/#primaryimage","url":"https:\/\/infocul.pt\/arquivo\/wp-content\/uploads\/2020\/10\/manuel-maria-carrilho.jpg","contentUrl":"https:\/\/infocul.pt\/arquivo\/wp-content\/uploads\/2020\/10\/manuel-maria-carrilho.jpg","width":303,"height":166},{"@type":"BreadcrumbList","@id":"https:\/\/infocul.pt\/arquivo\/actualidade\/manuel-maria-carrilho-foi-aboslvido-e-considera-se-um-martir-de-falsas-acusacoes\/#breadcrumb","itemListElement":[{"@type":"ListItem","position":1,"name":"Home","item":"https:\/\/infocul.pt\/arquivo\/"},{"@type":"ListItem","position":2,"name":"Manuel Maria Carrilho foi aboslvido e considera-se &#8220;um m\u00e1rtir de falsas acusa\u00e7\u00f5es&#8221;"}]},{"@type":"WebSite","@id":"https:\/\/infocul.pt\/arquivo\/#website","url":"https:\/\/infocul.pt\/arquivo\/","name":"Infocul.pt - Arquivo Digital","description":"Arquivo digital da Infocul.pt","publisher":{"@id":"https:\/\/infocul.pt\/arquivo\/#organization"},"potentialAction":[{"@type":"SearchAction","target":{"@type":"EntryPoint","urlTemplate":"https:\/\/infocul.pt\/arquivo\/?s={search_term_string}"},"query-input":{"@type":"PropertyValueSpecification","valueRequired":true,"valueName":"search_term_string"}}],"inLanguage":"pt-PT"},{"@type":"Organization","@id":"https:\/\/infocul.pt\/arquivo\/#organization","name":"Infocul.pt","url":"https:\/\/infocul.pt\/arquivo\/","logo":{"@type":"ImageObject","inLanguage":"pt-PT","@id":"https:\/\/infocul.pt\/arquivo\/#\/schema\/logo\/image\/","url":"https:\/\/infocul.pt\/arquivo\/wp-content\/uploads\/2018\/12\/Infocul_logo-1.png","contentUrl":"https:\/\/infocul.pt\/arquivo\/wp-content\/uploads\/2018\/12\/Infocul_logo-1.png","width":800,"height":800,"caption":"Infocul.pt"},"image":{"@id":"https:\/\/infocul.pt\/arquivo\/#\/schema\/logo\/image\/"},"sameAs":["https:\/\/www.facebook.com\/Infocul-147816815585015\/","https:\/\/x.com\/Infoculpt","http:\/\/www.pictaram.com\/user\/infocul.pt\/2370423710","https:\/\/www.youtube.com\/channel\/UCYEB91AGI9FL9ek2i_IaQAA"]},{"@type":"Person","@id":"https:\/\/infocul.pt\/arquivo\/#\/schema\/person\/f243f45ae8d67639120a7586884f3abc","name":"Redac\u00e7\u00e3o","image":{"@type":"ImageObject","inLanguage":"pt-PT","@id":"https:\/\/secure.gravatar.com\/avatar\/151b1b76c598ab5e749407223bd6c1bad4e41c4e95de3c3df83540ebee2deaf8?s=96&d=mm&r=g","url":"https:\/\/secure.gravatar.com\/avatar\/151b1b76c598ab5e749407223bd6c1bad4e41c4e95de3c3df83540ebee2deaf8?s=96&d=mm&r=g","contentUrl":"https:\/\/secure.gravatar.com\/avatar\/151b1b76c598ab5e749407223bd6c1bad4e41c4e95de3c3df83540ebee2deaf8?s=96&d=mm&r=g","caption":"Redac\u00e7\u00e3o"}}]}},"_links":{"self":[{"href":"https:\/\/infocul.pt\/arquivo\/wp-json\/wp\/v2\/posts\/84012","targetHints":{"allow":["GET"]}}],"collection":[{"href":"https:\/\/infocul.pt\/arquivo\/wp-json\/wp\/v2\/posts"}],"about":[{"href":"https:\/\/infocul.pt\/arquivo\/wp-json\/wp\/v2\/types\/post"}],"author":[{"embeddable":true,"href":"https:\/\/infocul.pt\/arquivo\/wp-json\/wp\/v2\/users\/13"}],"replies":[{"embeddable":true,"href":"https:\/\/infocul.pt\/arquivo\/wp-json\/wp\/v2\/comments?post=84012"}],"version-history":[{"count":0,"href":"https:\/\/infocul.pt\/arquivo\/wp-json\/wp\/v2\/posts\/84012\/revisions"}],"wp:featuredmedia":[{"embeddable":true,"href":"https:\/\/infocul.pt\/arquivo\/wp-json\/wp\/v2\/media\/84013"}],"wp:attachment":[{"href":"https:\/\/infocul.pt\/arquivo\/wp-json\/wp\/v2\/media?parent=84012"}],"wp:term":[{"taxonomy":"category","embeddable":true,"href":"https:\/\/infocul.pt\/arquivo\/wp-json\/wp\/v2\/categories?post=84012"},{"taxonomy":"post_tag","embeddable":true,"href":"https:\/\/infocul.pt\/arquivo\/wp-json\/wp\/v2\/tags?post=84012"}],"curies":[{"name":"wp","href":"https:\/\/api.w.org\/{rel}","templated":true}]}}