{"id":84251,"date":"2020-10-23T22:41:57","date_gmt":"2020-10-23T21:41:57","guid":{"rendered":"https:\/\/infocul.pt\/?p=84251"},"modified":"2020-10-23T22:41:57","modified_gmt":"2020-10-23T21:41:57","slug":"cidadaos-poderao-deslocar-se-entre-concelhos-para-ir-a-um-espectaculo-de-30-de-outubro-a-2-de-novembro","status":"publish","type":"post","link":"https:\/\/infocul.pt\/arquivo\/actualidade\/cidadaos-poderao-deslocar-se-entre-concelhos-para-ir-a-um-espectaculo-de-30-de-outubro-a-2-de-novembro\/","title":{"rendered":"Cidad\u00e3os poder\u00e3o deslocar-se entre concelhos para ir a um espect\u00e1culo, de 30 de Outubro a 2 de Novembro"},"content":{"rendered":"<p><img decoding=\"async\" class=\"aligncenter wp-image-68861 size-large lazyload\" data-src=\"https:\/\/infocul.pt\/arquivo\/wp-content\/uploads\/2020\/03\/021420_ac_coronainfant_feat-1028x579-1-1024x577.jpg\" alt=\"\" width=\"800\" height=\"451\" data-srcset=\"https:\/\/infocul.pt\/arquivo\/wp-content\/uploads\/2020\/03\/021420_ac_coronainfant_feat-1028x579-1.jpg 1024w, https:\/\/infocul.pt\/arquivo\/wp-content\/uploads\/2020\/03\/021420_ac_coronainfant_feat-1028x579-1-300x169.jpg 300w, https:\/\/infocul.pt\/arquivo\/wp-content\/uploads\/2020\/03\/021420_ac_coronainfant_feat-1028x579-1-768x433.jpg 768w\" data-sizes=\"(max-width: 800px) 100vw, 800px\" src=\"data:image\/svg+xml;base64,PHN2ZyB3aWR0aD0iMSIgaGVpZ2h0PSIxIiB4bWxucz0iaHR0cDovL3d3dy53My5vcmcvMjAwMC9zdmciPjwvc3ZnPg==\" style=\"--smush-placeholder-width: 800px; --smush-placeholder-aspect-ratio: 800\/451;\" \/><\/p>\n<p>A Inspe\u00e7\u00e3o Geral das Atividades Culturais (IGAC) informou que as pessoas podem deslocar-se entre munic\u00edpios, caso o objectivo seja ir ver um espect\u00e1culo. Para isso, no fim de semana de Todos os Santos, basta apresentar o devido bilhete ou reserva de lugar.<!--more--><\/p>\n<p>O Conselho de Ministros resolveu proibir as desloca\u00e7\u00f5es entre concelhos, no fim-de-semana de 30 de Outubro a 2 de Novembro. O objectivo \u00e9\u00a0evitar os riscos de propaga\u00e7\u00e3o da covid-19 em aglomerados, motivados pelos rituais religiosos do Dia de Todos os Santos &#8211; assinalado no feriado de 1 de novembro &#8211; e do Dia dos Fi\u00e9is Defuntos &#8211; evocado no dia 2.<\/p>\n<p>A proibi\u00e7\u00e3o n\u00e3o se aplica a cidad\u00e3os que precisem de deslocar-se entre concelhos por raz\u00f5es profissionais, estudantis ou m\u00e9dicas, mediante declara\u00e7\u00e3o comprovativa, mas o inspetor-geral da IGAC, Lu\u00eds Silveira Botelho, declarou \u00e0 Lusa que &#8220;<em><strong>\u00e9 poss\u00edvel adiantar, tendo presente o comunicado de ontem [quinta-feira] do Conselho de Ministros, que a desloca\u00e7\u00e3o para acesso a equipamentos culturais estar\u00e1 dentro das exce\u00e7\u00f5es<\/strong><\/em>&#8220;.<\/p>\n<p>Explica ainda que a validade dessa interpreta\u00e7\u00e3o s\u00f3 ser v\u00e1lida &#8220;<em><strong>quando a Resolu\u00e7\u00e3o do Conselho de Ministros for publicada, em rela\u00e7\u00e3o ao per\u00edodo a que se refere<\/strong><\/em>&#8220;, mas acredita que, &#8220;<em><strong>a confirmar-se que a desloca\u00e7\u00e3o para acesso a equipamentos culturais ser\u00e1 uma das exce\u00e7\u00f5es, o t\u00edtulo ou bilhete de acesso ao equipamento cultural ser\u00e1 prova bastante para possibilitar a circula\u00e7\u00e3o entre concelhos<\/strong><\/em>&#8220;.<\/p>\n<p>&nbsp;<\/p>\n<p>Lu\u00eds Silveira Botelho baseia esta an\u00e1lise no facto de que a Declara\u00e7\u00e3o do Estado de Calamidade expressa na Resolu\u00e7\u00e3o do Conselho de Ministros N.\u00ba 88-A\/2020, publicada no passado dia 14 de outubro, &#8220;<em><strong>n\u00e3o sofreu qualquer altera\u00e7\u00e3o relativamente \u00e0 realiza\u00e7\u00e3o de eventos culturais<\/strong><\/em>&#8220;.<\/p>\n<p>Desde esse diploma &#8220;<em><strong>n\u00e3o existe qualquer altera\u00e7\u00e3o no que respeita \u00e0 realiza\u00e7\u00e3o de espet\u00e1culos em equipamentos culturais abrangidos pela Orienta\u00e7\u00e3o N.\u00ba 028\/2020 da Dire\u00e7\u00e3o-Geral da Sa\u00fade<\/strong><\/em> [DGS]&#8221;.<\/p>\n<p>Assim, os espet\u00e1culos em sala abrangidos por esse \u00faltimo documento &#8220;<em><strong>podem realizar-se, sem necessidade de recurso \u00e0 DGS para avalia\u00e7\u00e3o casu\u00edstica<\/strong><\/em>&#8220;.<\/p>\n<p>J\u00e1 sobre os efeitos na sustentabilidade econ\u00f3mica de promotores, t\u00e9cnicos e artistas caso o Governo opte por proibir o acesso a concertos e eventos culturais em munic\u00edpios diferentes daquele em que resida o respetivo espectador, Lu\u00eds Silveira Botelho n\u00e3o comenta o assunto. <em><strong>&#8220;Sendo a IGAC um \u00f3rg\u00e3o executivo, limita-se a garantir o cumprimento da aplica\u00e7\u00e3o da lei no \u00e2mbito das suas atribui\u00e7\u00f5es, n\u00e3o emitindo ju\u00edzos de opini\u00e3o sobre quest\u00f5es \u00e0 margem do legalmente determinado<\/strong><\/em>&#8220;, rematou.<\/p>\n","protected":false},"excerpt":{"rendered":"<p>A Inspe\u00e7\u00e3o Geral das Atividades Culturais (IGAC) informou que as pessoas podem deslocar-se entre munic\u00edpios, caso o objectivo seja ir ver um espect\u00e1culo. Para isso, no fim de semana de Todos os Santos, basta apresentar o devido bilhete ou reserva de lugar.<\/p>\n","protected":false},"author":13,"featured_media":68861,"comment_status":"open","ping_status":"closed","sticky":false,"template":"","format":"standard","meta":{"footnotes":""},"categories":[10,2,9,16],"tags":[8965,8966,8563],"class_list":["post-84251","post","type-post","status-publish","format-standard","has-post-thumbnail","hentry","category-actualidade","category-cultura","category-outros","category-politica","tag-coronavirus","tag-covid-19","tag-igac"],"yoast_head":"<!-- This site is optimized with the Yoast SEO plugin v27.4 - https:\/\/yoast.com\/product\/yoast-seo-wordpress\/ -->\n<title>Cidad\u00e3os poder\u00e3o deslocar-se entre concelhos para ir a um espect\u00e1culo, de 30 de Outubro a 2 de Novembro | Infocul.pt - Arquivo Digital<\/title>\n<meta name=\"description\" content=\"Cidad\u00e3os poder\u00e3o deslocar-se entre concelhos para ir a um espect\u00e1culo, de 30 de Outubro a 2 de Novembro | Infocul.pt - Arquivo Digital\" \/>\n<meta name=\"robots\" content=\"noindex, follow, max-snippet:-1, max-image-preview:large, max-video-preview:-1\" \/>\n<meta property=\"og:locale\" content=\"pt_PT\" \/>\n<meta property=\"og:type\" content=\"article\" \/>\n<meta property=\"og:title\" content=\"Cidad\u00e3os poder\u00e3o deslocar-se entre concelhos para ir a um espect\u00e1culo, de 30 de Outubro a 2 de Novembro | Infocul.pt - Arquivo Digital\" \/>\n<meta property=\"og:description\" content=\"Cidad\u00e3os poder\u00e3o deslocar-se entre concelhos para ir a um espect\u00e1culo, de 30 de Outubro a 2 de Novembro | Infocul.pt - Arquivo Digital\" \/>\n<meta property=\"og:url\" content=\"https:\/\/infocul.pt\/arquivo\/actualidade\/cidadaos-poderao-deslocar-se-entre-concelhos-para-ir-a-um-espectaculo-de-30-de-outubro-a-2-de-novembro\/\" \/>\n<meta property=\"og:site_name\" content=\"Infocul.pt - Arquivo Digital\" \/>\n<meta property=\"article:publisher\" content=\"https:\/\/www.facebook.com\/Infocul-147816815585015\/\" \/>\n<meta property=\"article:published_time\" content=\"2020-10-23T21:41:57+00:00\" \/>\n<meta property=\"og:image\" content=\"https:\/\/infocul.pt\/arquivo\/wp-content\/uploads\/2020\/03\/021420_ac_coronainfant_feat-1028x579-1.jpg\" \/>\n\t<meta property=\"og:image:width\" content=\"1024\" \/>\n\t<meta property=\"og:image:height\" content=\"577\" \/>\n\t<meta property=\"og:image:type\" content=\"image\/jpeg\" \/>\n<meta name=\"author\" content=\"Redac\u00e7\u00e3o\" \/>\n<meta name=\"twitter:card\" content=\"summary_large_image\" \/>\n<meta name=\"twitter:creator\" content=\"@Infoculpt\" \/>\n<meta name=\"twitter:site\" content=\"@Infoculpt\" \/>\n<meta name=\"twitter:label1\" content=\"Escrito por\" \/>\n\t<meta name=\"twitter:data1\" content=\"Redac\u00e7\u00e3o\" \/>\n\t<meta name=\"twitter:label2\" content=\"Tempo estimado de leitura\" \/>\n\t<meta name=\"twitter:data2\" content=\"2 minutos\" \/>\n<script type=\"application\/ld+json\" class=\"yoast-schema-graph\">{\"@context\":\"https:\\\/\\\/schema.org\",\"@graph\":[{\"@type\":\"Article\",\"@id\":\"https:\\\/\\\/infocul.pt\\\/arquivo\\\/actualidade\\\/cidadaos-poderao-deslocar-se-entre-concelhos-para-ir-a-um-espectaculo-de-30-de-outubro-a-2-de-novembro\\\/#article\",\"isPartOf\":{\"@id\":\"https:\\\/\\\/infocul.pt\\\/arquivo\\\/actualidade\\\/cidadaos-poderao-deslocar-se-entre-concelhos-para-ir-a-um-espectaculo-de-30-de-outubro-a-2-de-novembro\\\/\"},\"author\":{\"name\":\"Redac\u00e7\u00e3o\",\"@id\":\"https:\\\/\\\/infocul.pt\\\/arquivo\\\/#\\\/schema\\\/person\\\/f243f45ae8d67639120a7586884f3abc\"},\"headline\":\"Cidad\u00e3os poder\u00e3o deslocar-se entre concelhos para ir a um espect\u00e1culo, de 30 de Outubro a 2 de Novembro\",\"datePublished\":\"2020-10-23T21:41:57+00:00\",\"mainEntityOfPage\":{\"@id\":\"https:\\\/\\\/infocul.pt\\\/arquivo\\\/actualidade\\\/cidadaos-poderao-deslocar-se-entre-concelhos-para-ir-a-um-espectaculo-de-30-de-outubro-a-2-de-novembro\\\/\"},\"wordCount\":452,\"commentCount\":0,\"publisher\":{\"@id\":\"https:\\\/\\\/infocul.pt\\\/arquivo\\\/#organization\"},\"image\":{\"@id\":\"https:\\\/\\\/infocul.pt\\\/arquivo\\\/actualidade\\\/cidadaos-poderao-deslocar-se-entre-concelhos-para-ir-a-um-espectaculo-de-30-de-outubro-a-2-de-novembro\\\/#primaryimage\"},\"thumbnailUrl\":\"https:\\\/\\\/infocul.pt\\\/arquivo\\\/wp-content\\\/uploads\\\/2020\\\/03\\\/021420_ac_coronainfant_feat-1028x579-1.jpg\",\"keywords\":[\"Coronav\u00edrus\",\"Covid-19\",\"IGAC\"],\"articleSection\":[\"Actualidade\",\"Cultura\",\"Outros\",\"Politica\"],\"inLanguage\":\"pt-PT\"},{\"@type\":\"WebPage\",\"@id\":\"https:\\\/\\\/infocul.pt\\\/arquivo\\\/actualidade\\\/cidadaos-poderao-deslocar-se-entre-concelhos-para-ir-a-um-espectaculo-de-30-de-outubro-a-2-de-novembro\\\/\",\"url\":\"https:\\\/\\\/infocul.pt\\\/arquivo\\\/actualidade\\\/cidadaos-poderao-deslocar-se-entre-concelhos-para-ir-a-um-espectaculo-de-30-de-outubro-a-2-de-novembro\\\/\",\"name\":\"Cidad\u00e3os poder\u00e3o deslocar-se entre concelhos para ir a um espect\u00e1culo, de 30 de Outubro a 2 de Novembro | Infocul.pt - Arquivo Digital\",\"isPartOf\":{\"@id\":\"https:\\\/\\\/infocul.pt\\\/arquivo\\\/#website\"},\"primaryImageOfPage\":{\"@id\":\"https:\\\/\\\/infocul.pt\\\/arquivo\\\/actualidade\\\/cidadaos-poderao-deslocar-se-entre-concelhos-para-ir-a-um-espectaculo-de-30-de-outubro-a-2-de-novembro\\\/#primaryimage\"},\"image\":{\"@id\":\"https:\\\/\\\/infocul.pt\\\/arquivo\\\/actualidade\\\/cidadaos-poderao-deslocar-se-entre-concelhos-para-ir-a-um-espectaculo-de-30-de-outubro-a-2-de-novembro\\\/#primaryimage\"},\"thumbnailUrl\":\"https:\\\/\\\/infocul.pt\\\/arquivo\\\/wp-content\\\/uploads\\\/2020\\\/03\\\/021420_ac_coronainfant_feat-1028x579-1.jpg\",\"datePublished\":\"2020-10-23T21:41:57+00:00\",\"description\":\"Cidad\u00e3os poder\u00e3o deslocar-se entre concelhos para ir a um espect\u00e1culo, de 30 de Outubro a 2 de Novembro | Infocul.pt - Arquivo Digital\",\"breadcrumb\":{\"@id\":\"https:\\\/\\\/infocul.pt\\\/arquivo\\\/actualidade\\\/cidadaos-poderao-deslocar-se-entre-concelhos-para-ir-a-um-espectaculo-de-30-de-outubro-a-2-de-novembro\\\/#breadcrumb\"},\"inLanguage\":\"pt-PT\",\"potentialAction\":[{\"@type\":\"ReadAction\",\"target\":[\"https:\\\/\\\/infocul.pt\\\/arquivo\\\/actualidade\\\/cidadaos-poderao-deslocar-se-entre-concelhos-para-ir-a-um-espectaculo-de-30-de-outubro-a-2-de-novembro\\\/\"]}]},{\"@type\":\"ImageObject\",\"inLanguage\":\"pt-PT\",\"@id\":\"https:\\\/\\\/infocul.pt\\\/arquivo\\\/actualidade\\\/cidadaos-poderao-deslocar-se-entre-concelhos-para-ir-a-um-espectaculo-de-30-de-outubro-a-2-de-novembro\\\/#primaryimage\",\"url\":\"https:\\\/\\\/infocul.pt\\\/arquivo\\\/wp-content\\\/uploads\\\/2020\\\/03\\\/021420_ac_coronainfant_feat-1028x579-1.jpg\",\"contentUrl\":\"https:\\\/\\\/infocul.pt\\\/arquivo\\\/wp-content\\\/uploads\\\/2020\\\/03\\\/021420_ac_coronainfant_feat-1028x579-1.jpg\",\"width\":1024,\"height\":577},{\"@type\":\"BreadcrumbList\",\"@id\":\"https:\\\/\\\/infocul.pt\\\/arquivo\\\/actualidade\\\/cidadaos-poderao-deslocar-se-entre-concelhos-para-ir-a-um-espectaculo-de-30-de-outubro-a-2-de-novembro\\\/#breadcrumb\",\"itemListElement\":[{\"@type\":\"ListItem\",\"position\":1,\"name\":\"Home\",\"item\":\"https:\\\/\\\/infocul.pt\\\/arquivo\\\/\"},{\"@type\":\"ListItem\",\"position\":2,\"name\":\"Cidad\u00e3os poder\u00e3o deslocar-se entre concelhos para ir a um espect\u00e1culo, de 30 de Outubro a 2 de Novembro\"}]},{\"@type\":\"WebSite\",\"@id\":\"https:\\\/\\\/infocul.pt\\\/arquivo\\\/#website\",\"url\":\"https:\\\/\\\/infocul.pt\\\/arquivo\\\/\",\"name\":\"Infocul.pt - Arquivo Digital\",\"description\":\"Arquivo digital da Infocul.pt\",\"publisher\":{\"@id\":\"https:\\\/\\\/infocul.pt\\\/arquivo\\\/#organization\"},\"potentialAction\":[{\"@type\":\"SearchAction\",\"target\":{\"@type\":\"EntryPoint\",\"urlTemplate\":\"https:\\\/\\\/infocul.pt\\\/arquivo\\\/?s={search_term_string}\"},\"query-input\":{\"@type\":\"PropertyValueSpecification\",\"valueRequired\":true,\"valueName\":\"search_term_string\"}}],\"inLanguage\":\"pt-PT\"},{\"@type\":\"Organization\",\"@id\":\"https:\\\/\\\/infocul.pt\\\/arquivo\\\/#organization\",\"name\":\"Infocul.pt\",\"url\":\"https:\\\/\\\/infocul.pt\\\/arquivo\\\/\",\"logo\":{\"@type\":\"ImageObject\",\"inLanguage\":\"pt-PT\",\"@id\":\"https:\\\/\\\/infocul.pt\\\/arquivo\\\/#\\\/schema\\\/logo\\\/image\\\/\",\"url\":\"https:\\\/\\\/infocul.pt\\\/arquivo\\\/wp-content\\\/uploads\\\/2018\\\/12\\\/Infocul_logo-1.png\",\"contentUrl\":\"https:\\\/\\\/infocul.pt\\\/arquivo\\\/wp-content\\\/uploads\\\/2018\\\/12\\\/Infocul_logo-1.png\",\"width\":800,\"height\":800,\"caption\":\"Infocul.pt\"},\"image\":{\"@id\":\"https:\\\/\\\/infocul.pt\\\/arquivo\\\/#\\\/schema\\\/logo\\\/image\\\/\"},\"sameAs\":[\"https:\\\/\\\/www.facebook.com\\\/Infocul-147816815585015\\\/\",\"https:\\\/\\\/x.com\\\/Infoculpt\",\"http:\\\/\\\/www.pictaram.com\\\/user\\\/infocul.pt\\\/2370423710\",\"https:\\\/\\\/www.youtube.com\\\/channel\\\/UCYEB91AGI9FL9ek2i_IaQAA\"]},{\"@type\":\"Person\",\"@id\":\"https:\\\/\\\/infocul.pt\\\/arquivo\\\/#\\\/schema\\\/person\\\/f243f45ae8d67639120a7586884f3abc\",\"name\":\"Redac\u00e7\u00e3o\",\"image\":{\"@type\":\"ImageObject\",\"inLanguage\":\"pt-PT\",\"@id\":\"https:\\\/\\\/secure.gravatar.com\\\/avatar\\\/151b1b76c598ab5e749407223bd6c1bad4e41c4e95de3c3df83540ebee2deaf8?s=96&d=mm&r=g\",\"url\":\"https:\\\/\\\/secure.gravatar.com\\\/avatar\\\/151b1b76c598ab5e749407223bd6c1bad4e41c4e95de3c3df83540ebee2deaf8?s=96&d=mm&r=g\",\"contentUrl\":\"https:\\\/\\\/secure.gravatar.com\\\/avatar\\\/151b1b76c598ab5e749407223bd6c1bad4e41c4e95de3c3df83540ebee2deaf8?s=96&d=mm&r=g\",\"caption\":\"Redac\u00e7\u00e3o\"}}]}<\/script>\n<!-- \/ Yoast SEO plugin. -->","yoast_head_json":{"title":"Cidad\u00e3os poder\u00e3o deslocar-se entre concelhos para ir a um espect\u00e1culo, de 30 de Outubro a 2 de Novembro | Infocul.pt - Arquivo Digital","description":"Cidad\u00e3os poder\u00e3o deslocar-se entre concelhos para ir a um espect\u00e1culo, de 30 de Outubro a 2 de Novembro | Infocul.pt - Arquivo Digital","robots":{"index":"noindex","follow":"follow","max-snippet":"max-snippet:-1","max-image-preview":"max-image-preview:large","max-video-preview":"max-video-preview:-1"},"og_locale":"pt_PT","og_type":"article","og_title":"Cidad\u00e3os poder\u00e3o deslocar-se entre concelhos para ir a um espect\u00e1culo, de 30 de Outubro a 2 de Novembro | Infocul.pt - Arquivo Digital","og_description":"Cidad\u00e3os poder\u00e3o deslocar-se entre concelhos para ir a um espect\u00e1culo, de 30 de Outubro a 2 de Novembro | Infocul.pt - Arquivo Digital","og_url":"https:\/\/infocul.pt\/arquivo\/actualidade\/cidadaos-poderao-deslocar-se-entre-concelhos-para-ir-a-um-espectaculo-de-30-de-outubro-a-2-de-novembro\/","og_site_name":"Infocul.pt - Arquivo Digital","article_publisher":"https:\/\/www.facebook.com\/Infocul-147816815585015\/","article_published_time":"2020-10-23T21:41:57+00:00","og_image":[{"width":1024,"height":577,"url":"https:\/\/infocul.pt\/arquivo\/wp-content\/uploads\/2020\/03\/021420_ac_coronainfant_feat-1028x579-1.jpg","type":"image\/jpeg"}],"author":"Redac\u00e7\u00e3o","twitter_card":"summary_large_image","twitter_creator":"@Infoculpt","twitter_site":"@Infoculpt","twitter_misc":{"Escrito por":"Redac\u00e7\u00e3o","Tempo estimado de leitura":"2 minutos"},"schema":{"@context":"https:\/\/schema.org","@graph":[{"@type":"Article","@id":"https:\/\/infocul.pt\/arquivo\/actualidade\/cidadaos-poderao-deslocar-se-entre-concelhos-para-ir-a-um-espectaculo-de-30-de-outubro-a-2-de-novembro\/#article","isPartOf":{"@id":"https:\/\/infocul.pt\/arquivo\/actualidade\/cidadaos-poderao-deslocar-se-entre-concelhos-para-ir-a-um-espectaculo-de-30-de-outubro-a-2-de-novembro\/"},"author":{"name":"Redac\u00e7\u00e3o","@id":"https:\/\/infocul.pt\/arquivo\/#\/schema\/person\/f243f45ae8d67639120a7586884f3abc"},"headline":"Cidad\u00e3os poder\u00e3o deslocar-se entre concelhos para ir a um espect\u00e1culo, de 30 de Outubro a 2 de Novembro","datePublished":"2020-10-23T21:41:57+00:00","mainEntityOfPage":{"@id":"https:\/\/infocul.pt\/arquivo\/actualidade\/cidadaos-poderao-deslocar-se-entre-concelhos-para-ir-a-um-espectaculo-de-30-de-outubro-a-2-de-novembro\/"},"wordCount":452,"commentCount":0,"publisher":{"@id":"https:\/\/infocul.pt\/arquivo\/#organization"},"image":{"@id":"https:\/\/infocul.pt\/arquivo\/actualidade\/cidadaos-poderao-deslocar-se-entre-concelhos-para-ir-a-um-espectaculo-de-30-de-outubro-a-2-de-novembro\/#primaryimage"},"thumbnailUrl":"https:\/\/infocul.pt\/arquivo\/wp-content\/uploads\/2020\/03\/021420_ac_coronainfant_feat-1028x579-1.jpg","keywords":["Coronav\u00edrus","Covid-19","IGAC"],"articleSection":["Actualidade","Cultura","Outros","Politica"],"inLanguage":"pt-PT"},{"@type":"WebPage","@id":"https:\/\/infocul.pt\/arquivo\/actualidade\/cidadaos-poderao-deslocar-se-entre-concelhos-para-ir-a-um-espectaculo-de-30-de-outubro-a-2-de-novembro\/","url":"https:\/\/infocul.pt\/arquivo\/actualidade\/cidadaos-poderao-deslocar-se-entre-concelhos-para-ir-a-um-espectaculo-de-30-de-outubro-a-2-de-novembro\/","name":"Cidad\u00e3os poder\u00e3o deslocar-se entre concelhos para ir a um espect\u00e1culo, de 30 de Outubro a 2 de Novembro | Infocul.pt - Arquivo Digital","isPartOf":{"@id":"https:\/\/infocul.pt\/arquivo\/#website"},"primaryImageOfPage":{"@id":"https:\/\/infocul.pt\/arquivo\/actualidade\/cidadaos-poderao-deslocar-se-entre-concelhos-para-ir-a-um-espectaculo-de-30-de-outubro-a-2-de-novembro\/#primaryimage"},"image":{"@id":"https:\/\/infocul.pt\/arquivo\/actualidade\/cidadaos-poderao-deslocar-se-entre-concelhos-para-ir-a-um-espectaculo-de-30-de-outubro-a-2-de-novembro\/#primaryimage"},"thumbnailUrl":"https:\/\/infocul.pt\/arquivo\/wp-content\/uploads\/2020\/03\/021420_ac_coronainfant_feat-1028x579-1.jpg","datePublished":"2020-10-23T21:41:57+00:00","description":"Cidad\u00e3os poder\u00e3o deslocar-se entre concelhos para ir a um espect\u00e1culo, de 30 de Outubro a 2 de Novembro | Infocul.pt - Arquivo Digital","breadcrumb":{"@id":"https:\/\/infocul.pt\/arquivo\/actualidade\/cidadaos-poderao-deslocar-se-entre-concelhos-para-ir-a-um-espectaculo-de-30-de-outubro-a-2-de-novembro\/#breadcrumb"},"inLanguage":"pt-PT","potentialAction":[{"@type":"ReadAction","target":["https:\/\/infocul.pt\/arquivo\/actualidade\/cidadaos-poderao-deslocar-se-entre-concelhos-para-ir-a-um-espectaculo-de-30-de-outubro-a-2-de-novembro\/"]}]},{"@type":"ImageObject","inLanguage":"pt-PT","@id":"https:\/\/infocul.pt\/arquivo\/actualidade\/cidadaos-poderao-deslocar-se-entre-concelhos-para-ir-a-um-espectaculo-de-30-de-outubro-a-2-de-novembro\/#primaryimage","url":"https:\/\/infocul.pt\/arquivo\/wp-content\/uploads\/2020\/03\/021420_ac_coronainfant_feat-1028x579-1.jpg","contentUrl":"https:\/\/infocul.pt\/arquivo\/wp-content\/uploads\/2020\/03\/021420_ac_coronainfant_feat-1028x579-1.jpg","width":1024,"height":577},{"@type":"BreadcrumbList","@id":"https:\/\/infocul.pt\/arquivo\/actualidade\/cidadaos-poderao-deslocar-se-entre-concelhos-para-ir-a-um-espectaculo-de-30-de-outubro-a-2-de-novembro\/#breadcrumb","itemListElement":[{"@type":"ListItem","position":1,"name":"Home","item":"https:\/\/infocul.pt\/arquivo\/"},{"@type":"ListItem","position":2,"name":"Cidad\u00e3os poder\u00e3o deslocar-se entre concelhos para ir a um espect\u00e1culo, de 30 de Outubro a 2 de Novembro"}]},{"@type":"WebSite","@id":"https:\/\/infocul.pt\/arquivo\/#website","url":"https:\/\/infocul.pt\/arquivo\/","name":"Infocul.pt - Arquivo Digital","description":"Arquivo digital da Infocul.pt","publisher":{"@id":"https:\/\/infocul.pt\/arquivo\/#organization"},"potentialAction":[{"@type":"SearchAction","target":{"@type":"EntryPoint","urlTemplate":"https:\/\/infocul.pt\/arquivo\/?s={search_term_string}"},"query-input":{"@type":"PropertyValueSpecification","valueRequired":true,"valueName":"search_term_string"}}],"inLanguage":"pt-PT"},{"@type":"Organization","@id":"https:\/\/infocul.pt\/arquivo\/#organization","name":"Infocul.pt","url":"https:\/\/infocul.pt\/arquivo\/","logo":{"@type":"ImageObject","inLanguage":"pt-PT","@id":"https:\/\/infocul.pt\/arquivo\/#\/schema\/logo\/image\/","url":"https:\/\/infocul.pt\/arquivo\/wp-content\/uploads\/2018\/12\/Infocul_logo-1.png","contentUrl":"https:\/\/infocul.pt\/arquivo\/wp-content\/uploads\/2018\/12\/Infocul_logo-1.png","width":800,"height":800,"caption":"Infocul.pt"},"image":{"@id":"https:\/\/infocul.pt\/arquivo\/#\/schema\/logo\/image\/"},"sameAs":["https:\/\/www.facebook.com\/Infocul-147816815585015\/","https:\/\/x.com\/Infoculpt","http:\/\/www.pictaram.com\/user\/infocul.pt\/2370423710","https:\/\/www.youtube.com\/channel\/UCYEB91AGI9FL9ek2i_IaQAA"]},{"@type":"Person","@id":"https:\/\/infocul.pt\/arquivo\/#\/schema\/person\/f243f45ae8d67639120a7586884f3abc","name":"Redac\u00e7\u00e3o","image":{"@type":"ImageObject","inLanguage":"pt-PT","@id":"https:\/\/secure.gravatar.com\/avatar\/151b1b76c598ab5e749407223bd6c1bad4e41c4e95de3c3df83540ebee2deaf8?s=96&d=mm&r=g","url":"https:\/\/secure.gravatar.com\/avatar\/151b1b76c598ab5e749407223bd6c1bad4e41c4e95de3c3df83540ebee2deaf8?s=96&d=mm&r=g","contentUrl":"https:\/\/secure.gravatar.com\/avatar\/151b1b76c598ab5e749407223bd6c1bad4e41c4e95de3c3df83540ebee2deaf8?s=96&d=mm&r=g","caption":"Redac\u00e7\u00e3o"}}]}},"_links":{"self":[{"href":"https:\/\/infocul.pt\/arquivo\/wp-json\/wp\/v2\/posts\/84251","targetHints":{"allow":["GET"]}}],"collection":[{"href":"https:\/\/infocul.pt\/arquivo\/wp-json\/wp\/v2\/posts"}],"about":[{"href":"https:\/\/infocul.pt\/arquivo\/wp-json\/wp\/v2\/types\/post"}],"author":[{"embeddable":true,"href":"https:\/\/infocul.pt\/arquivo\/wp-json\/wp\/v2\/users\/13"}],"replies":[{"embeddable":true,"href":"https:\/\/infocul.pt\/arquivo\/wp-json\/wp\/v2\/comments?post=84251"}],"version-history":[{"count":0,"href":"https:\/\/infocul.pt\/arquivo\/wp-json\/wp\/v2\/posts\/84251\/revisions"}],"wp:featuredmedia":[{"embeddable":true,"href":"https:\/\/infocul.pt\/arquivo\/wp-json\/wp\/v2\/media\/68861"}],"wp:attachment":[{"href":"https:\/\/infocul.pt\/arquivo\/wp-json\/wp\/v2\/media?parent=84251"}],"wp:term":[{"taxonomy":"category","embeddable":true,"href":"https:\/\/infocul.pt\/arquivo\/wp-json\/wp\/v2\/categories?post=84251"},{"taxonomy":"post_tag","embeddable":true,"href":"https:\/\/infocul.pt\/arquivo\/wp-json\/wp\/v2\/tags?post=84251"}],"curies":[{"name":"wp","href":"https:\/\/api.w.org\/{rel}","templated":true}]}}