{"id":84434,"date":"2020-10-26T16:06:04","date_gmt":"2020-10-26T16:06:04","guid":{"rendered":"https:\/\/infocul.pt\/?p=84434"},"modified":"2020-10-26T16:06:04","modified_gmt":"2020-10-26T16:06:04","slug":"mirandela-gnr-localizou-idoso-desaparecido-e-que-sofre-de-diabetes-e-problemas-do-foro-psicologico","status":"publish","type":"post","link":"https:\/\/infocul.pt\/arquivo\/actualidade\/mirandela-gnr-localizou-idoso-desaparecido-e-que-sofre-de-diabetes-e-problemas-do-foro-psicologico\/","title":{"rendered":"Mirandela: GNR localizou idoso desaparecido e que sofre de diabetes e problemas do foro psicol\u00f3gico"},"content":{"rendered":"<p><img decoding=\"async\" class=\"aligncenter wp-image-51094 size-full lazyload\" data-src=\"https:\/\/infocul.pt\/arquivo\/wp-content\/uploads\/2019\/01\/gnr.jpg\" alt=\"\" width=\"800\" height=\"533\" data-srcset=\"https:\/\/infocul.pt\/arquivo\/wp-content\/uploads\/2019\/01\/gnr.jpg 800w, https:\/\/infocul.pt\/arquivo\/wp-content\/uploads\/2019\/01\/gnr-300x200.jpg 300w, https:\/\/infocul.pt\/arquivo\/wp-content\/uploads\/2019\/01\/gnr-768x512.jpg 768w, https:\/\/infocul.pt\/arquivo\/wp-content\/uploads\/2019\/01\/gnr-272x182.jpg 272w\" data-sizes=\"(max-width: 800px) 100vw, 800px\" src=\"data:image\/svg+xml;base64,PHN2ZyB3aWR0aD0iMSIgaGVpZ2h0PSIxIiB4bWxucz0iaHR0cDovL3d3dy53My5vcmcvMjAwMC9zdmciPjwvc3ZnPg==\" style=\"--smush-placeholder-width: 800px; --smush-placeholder-aspect-ratio: 800\/533;\" \/><\/p>\n<p>A GNR informa, atrav\u00e9s de comunicado, que &#8220;<strong>o Comando Territorial de Bragan\u00e7a, atrav\u00e9s do Posto Territorial de Mirandela, no dia 23 de outubro, localizou um idoso de 69 anos que se encontrava desparecido, na localidade de Aguieiras, no concelho de Mirandela<\/strong>&#8220;.<!--more--><\/p>\n<p>Explica que &#8220;<strong><em>o alerta do desaparecimento foi dado por volta das 20h00 e foi de imediato desencadeada uma opera\u00e7\u00e3o de busca para encontrar o homem que sofre de diabetes e problemas do foro psicol\u00f3gico. Pelas 21h30, um militar do Posto Territorial de Mirandela juntamente com um popular, encontraram o idoso com vida no interior de um po\u00e7o, tendo os militares presentes no local improvisado uma escada com recurso a uma estrutura met\u00e1lica que estava num terreno adjacente ao po\u00e7o, resgatando o idoso, que foi posteriormente assistido pelos Bombeiros Volunt\u00e1rios de Torre Dona Chama e pelo INEM. O facto do idoso ter sido localizado e resgatado nas primeiras horas ap\u00f3s ter sido dado conhecimento do seu desaparecimento foi determinante para que o mesmo pudesse ser encontrado com vid<\/em><\/strong>a&#8221;.<\/p>\n<p>Nas buscas estiveram presentes militares dos Postos Territoriais de Mirandela e Rebordelo, \u00e9 ainda referido no comunicado.<\/p>\n","protected":false},"excerpt":{"rendered":"<p>A GNR informa, atrav\u00e9s de comunicado, que &#8220;o Comando Territorial de Bragan\u00e7a, atrav\u00e9s do Posto Territorial de Mirandela, no dia 23 de outubro, localizou um idoso de 69 anos que se encontrava desparecido, na localidade de Aguieiras, no concelho de Mirandela&#8220;.<\/p>\n","protected":false},"author":13,"featured_media":51094,"comment_status":"open","ping_status":"closed","sticky":false,"template":"","format":"standard","meta":{"footnotes":""},"categories":[10,11],"tags":[1138,8328],"class_list":["post-84434","post","type-post","status-publish","format-standard","has-post-thumbnail","hentry","category-actualidade","category-pais","tag-gnr","tag-mirandela"],"yoast_head":"<!-- This site is optimized with the Yoast SEO plugin v27.4 - https:\/\/yoast.com\/product\/yoast-seo-wordpress\/ -->\n<title>Mirandela: GNR localizou idoso desaparecido e que sofre de diabetes e problemas do foro psicol\u00f3gico | Infocul.pt - Arquivo Digital<\/title>\n<meta name=\"description\" content=\"Mirandela: GNR localizou idoso desaparecido e que sofre de diabetes e problemas do foro psicol\u00f3gico | Infocul.pt - Arquivo Digital\" \/>\n<meta name=\"robots\" content=\"noindex, follow, max-snippet:-1, max-image-preview:large, max-video-preview:-1\" \/>\n<meta property=\"og:locale\" content=\"pt_PT\" \/>\n<meta property=\"og:type\" content=\"article\" \/>\n<meta property=\"og:title\" content=\"Mirandela: GNR localizou idoso desaparecido e que sofre de diabetes e problemas do foro psicol\u00f3gico | Infocul.pt - Arquivo Digital\" \/>\n<meta property=\"og:description\" content=\"Mirandela: GNR localizou idoso desaparecido e que sofre de diabetes e problemas do foro psicol\u00f3gico | Infocul.pt - Arquivo Digital\" \/>\n<meta property=\"og:url\" content=\"https:\/\/infocul.pt\/arquivo\/actualidade\/mirandela-gnr-localizou-idoso-desaparecido-e-que-sofre-de-diabetes-e-problemas-do-foro-psicologico\/\" \/>\n<meta property=\"og:site_name\" content=\"Infocul.pt - Arquivo Digital\" \/>\n<meta property=\"article:publisher\" content=\"https:\/\/www.facebook.com\/Infocul-147816815585015\/\" \/>\n<meta property=\"article:published_time\" content=\"2020-10-26T16:06:04+00:00\" \/>\n<meta property=\"og:image\" content=\"https:\/\/infocul.pt\/arquivo\/wp-content\/uploads\/2019\/01\/gnr.jpg\" \/>\n\t<meta property=\"og:image:width\" content=\"800\" \/>\n\t<meta property=\"og:image:height\" content=\"533\" \/>\n\t<meta property=\"og:image:type\" content=\"image\/jpeg\" \/>\n<meta name=\"author\" content=\"Redac\u00e7\u00e3o\" \/>\n<meta name=\"twitter:card\" content=\"summary_large_image\" \/>\n<meta name=\"twitter:creator\" content=\"@Infoculpt\" \/>\n<meta name=\"twitter:site\" content=\"@Infoculpt\" \/>\n<meta name=\"twitter:label1\" content=\"Escrito por\" \/>\n\t<meta name=\"twitter:data1\" content=\"Redac\u00e7\u00e3o\" \/>\n\t<meta name=\"twitter:label2\" content=\"Tempo estimado de leitura\" \/>\n\t<meta name=\"twitter:data2\" content=\"1 minuto\" \/>\n<script type=\"application\/ld+json\" class=\"yoast-schema-graph\">{\"@context\":\"https:\\\/\\\/schema.org\",\"@graph\":[{\"@type\":\"Article\",\"@id\":\"https:\\\/\\\/infocul.pt\\\/arquivo\\\/actualidade\\\/mirandela-gnr-localizou-idoso-desaparecido-e-que-sofre-de-diabetes-e-problemas-do-foro-psicologico\\\/#article\",\"isPartOf\":{\"@id\":\"https:\\\/\\\/infocul.pt\\\/arquivo\\\/actualidade\\\/mirandela-gnr-localizou-idoso-desaparecido-e-que-sofre-de-diabetes-e-problemas-do-foro-psicologico\\\/\"},\"author\":{\"name\":\"Redac\u00e7\u00e3o\",\"@id\":\"https:\\\/\\\/infocul.pt\\\/arquivo\\\/#\\\/schema\\\/person\\\/f243f45ae8d67639120a7586884f3abc\"},\"headline\":\"Mirandela: GNR localizou idoso desaparecido e que sofre de diabetes e problemas do foro psicol\u00f3gico\",\"datePublished\":\"2020-10-26T16:06:04+00:00\",\"mainEntityOfPage\":{\"@id\":\"https:\\\/\\\/infocul.pt\\\/arquivo\\\/actualidade\\\/mirandela-gnr-localizou-idoso-desaparecido-e-que-sofre-de-diabetes-e-problemas-do-foro-psicologico\\\/\"},\"wordCount\":209,\"commentCount\":0,\"publisher\":{\"@id\":\"https:\\\/\\\/infocul.pt\\\/arquivo\\\/#organization\"},\"image\":{\"@id\":\"https:\\\/\\\/infocul.pt\\\/arquivo\\\/actualidade\\\/mirandela-gnr-localizou-idoso-desaparecido-e-que-sofre-de-diabetes-e-problemas-do-foro-psicologico\\\/#primaryimage\"},\"thumbnailUrl\":\"https:\\\/\\\/infocul.pt\\\/arquivo\\\/wp-content\\\/uploads\\\/2019\\\/01\\\/gnr.jpg\",\"keywords\":[\"GNR\",\"Mirandela\"],\"articleSection\":[\"Actualidade\",\"Pa\u00eds\"],\"inLanguage\":\"pt-PT\"},{\"@type\":\"WebPage\",\"@id\":\"https:\\\/\\\/infocul.pt\\\/arquivo\\\/actualidade\\\/mirandela-gnr-localizou-idoso-desaparecido-e-que-sofre-de-diabetes-e-problemas-do-foro-psicologico\\\/\",\"url\":\"https:\\\/\\\/infocul.pt\\\/arquivo\\\/actualidade\\\/mirandela-gnr-localizou-idoso-desaparecido-e-que-sofre-de-diabetes-e-problemas-do-foro-psicologico\\\/\",\"name\":\"Mirandela: GNR localizou idoso desaparecido e que sofre de diabetes e problemas do foro psicol\u00f3gico | Infocul.pt - Arquivo Digital\",\"isPartOf\":{\"@id\":\"https:\\\/\\\/infocul.pt\\\/arquivo\\\/#website\"},\"primaryImageOfPage\":{\"@id\":\"https:\\\/\\\/infocul.pt\\\/arquivo\\\/actualidade\\\/mirandela-gnr-localizou-idoso-desaparecido-e-que-sofre-de-diabetes-e-problemas-do-foro-psicologico\\\/#primaryimage\"},\"image\":{\"@id\":\"https:\\\/\\\/infocul.pt\\\/arquivo\\\/actualidade\\\/mirandela-gnr-localizou-idoso-desaparecido-e-que-sofre-de-diabetes-e-problemas-do-foro-psicologico\\\/#primaryimage\"},\"thumbnailUrl\":\"https:\\\/\\\/infocul.pt\\\/arquivo\\\/wp-content\\\/uploads\\\/2019\\\/01\\\/gnr.jpg\",\"datePublished\":\"2020-10-26T16:06:04+00:00\",\"description\":\"Mirandela: GNR localizou idoso desaparecido e que sofre de diabetes e problemas do foro psicol\u00f3gico | Infocul.pt - Arquivo Digital\",\"breadcrumb\":{\"@id\":\"https:\\\/\\\/infocul.pt\\\/arquivo\\\/actualidade\\\/mirandela-gnr-localizou-idoso-desaparecido-e-que-sofre-de-diabetes-e-problemas-do-foro-psicologico\\\/#breadcrumb\"},\"inLanguage\":\"pt-PT\",\"potentialAction\":[{\"@type\":\"ReadAction\",\"target\":[\"https:\\\/\\\/infocul.pt\\\/arquivo\\\/actualidade\\\/mirandela-gnr-localizou-idoso-desaparecido-e-que-sofre-de-diabetes-e-problemas-do-foro-psicologico\\\/\"]}]},{\"@type\":\"ImageObject\",\"inLanguage\":\"pt-PT\",\"@id\":\"https:\\\/\\\/infocul.pt\\\/arquivo\\\/actualidade\\\/mirandela-gnr-localizou-idoso-desaparecido-e-que-sofre-de-diabetes-e-problemas-do-foro-psicologico\\\/#primaryimage\",\"url\":\"https:\\\/\\\/infocul.pt\\\/arquivo\\\/wp-content\\\/uploads\\\/2019\\\/01\\\/gnr.jpg\",\"contentUrl\":\"https:\\\/\\\/infocul.pt\\\/arquivo\\\/wp-content\\\/uploads\\\/2019\\\/01\\\/gnr.jpg\",\"width\":800,\"height\":533},{\"@type\":\"BreadcrumbList\",\"@id\":\"https:\\\/\\\/infocul.pt\\\/arquivo\\\/actualidade\\\/mirandela-gnr-localizou-idoso-desaparecido-e-que-sofre-de-diabetes-e-problemas-do-foro-psicologico\\\/#breadcrumb\",\"itemListElement\":[{\"@type\":\"ListItem\",\"position\":1,\"name\":\"Home\",\"item\":\"https:\\\/\\\/infocul.pt\\\/arquivo\\\/\"},{\"@type\":\"ListItem\",\"position\":2,\"name\":\"Mirandela: GNR localizou idoso desaparecido e que sofre de diabetes e problemas do foro psicol\u00f3gico\"}]},{\"@type\":\"WebSite\",\"@id\":\"https:\\\/\\\/infocul.pt\\\/arquivo\\\/#website\",\"url\":\"https:\\\/\\\/infocul.pt\\\/arquivo\\\/\",\"name\":\"Infocul.pt - Arquivo Digital\",\"description\":\"Arquivo digital da Infocul.pt\",\"publisher\":{\"@id\":\"https:\\\/\\\/infocul.pt\\\/arquivo\\\/#organization\"},\"potentialAction\":[{\"@type\":\"SearchAction\",\"target\":{\"@type\":\"EntryPoint\",\"urlTemplate\":\"https:\\\/\\\/infocul.pt\\\/arquivo\\\/?s={search_term_string}\"},\"query-input\":{\"@type\":\"PropertyValueSpecification\",\"valueRequired\":true,\"valueName\":\"search_term_string\"}}],\"inLanguage\":\"pt-PT\"},{\"@type\":\"Organization\",\"@id\":\"https:\\\/\\\/infocul.pt\\\/arquivo\\\/#organization\",\"name\":\"Infocul.pt\",\"url\":\"https:\\\/\\\/infocul.pt\\\/arquivo\\\/\",\"logo\":{\"@type\":\"ImageObject\",\"inLanguage\":\"pt-PT\",\"@id\":\"https:\\\/\\\/infocul.pt\\\/arquivo\\\/#\\\/schema\\\/logo\\\/image\\\/\",\"url\":\"https:\\\/\\\/infocul.pt\\\/arquivo\\\/wp-content\\\/uploads\\\/2018\\\/12\\\/Infocul_logo-1.png\",\"contentUrl\":\"https:\\\/\\\/infocul.pt\\\/arquivo\\\/wp-content\\\/uploads\\\/2018\\\/12\\\/Infocul_logo-1.png\",\"width\":800,\"height\":800,\"caption\":\"Infocul.pt\"},\"image\":{\"@id\":\"https:\\\/\\\/infocul.pt\\\/arquivo\\\/#\\\/schema\\\/logo\\\/image\\\/\"},\"sameAs\":[\"https:\\\/\\\/www.facebook.com\\\/Infocul-147816815585015\\\/\",\"https:\\\/\\\/x.com\\\/Infoculpt\",\"http:\\\/\\\/www.pictaram.com\\\/user\\\/infocul.pt\\\/2370423710\",\"https:\\\/\\\/www.youtube.com\\\/channel\\\/UCYEB91AGI9FL9ek2i_IaQAA\"]},{\"@type\":\"Person\",\"@id\":\"https:\\\/\\\/infocul.pt\\\/arquivo\\\/#\\\/schema\\\/person\\\/f243f45ae8d67639120a7586884f3abc\",\"name\":\"Redac\u00e7\u00e3o\",\"image\":{\"@type\":\"ImageObject\",\"inLanguage\":\"pt-PT\",\"@id\":\"https:\\\/\\\/secure.gravatar.com\\\/avatar\\\/151b1b76c598ab5e749407223bd6c1bad4e41c4e95de3c3df83540ebee2deaf8?s=96&d=mm&r=g\",\"url\":\"https:\\\/\\\/secure.gravatar.com\\\/avatar\\\/151b1b76c598ab5e749407223bd6c1bad4e41c4e95de3c3df83540ebee2deaf8?s=96&d=mm&r=g\",\"contentUrl\":\"https:\\\/\\\/secure.gravatar.com\\\/avatar\\\/151b1b76c598ab5e749407223bd6c1bad4e41c4e95de3c3df83540ebee2deaf8?s=96&d=mm&r=g\",\"caption\":\"Redac\u00e7\u00e3o\"}}]}<\/script>\n<!-- \/ Yoast SEO plugin. -->","yoast_head_json":{"title":"Mirandela: GNR localizou idoso desaparecido e que sofre de diabetes e problemas do foro psicol\u00f3gico | Infocul.pt - Arquivo Digital","description":"Mirandela: GNR localizou idoso desaparecido e que sofre de diabetes e problemas do foro psicol\u00f3gico | Infocul.pt - Arquivo Digital","robots":{"index":"noindex","follow":"follow","max-snippet":"max-snippet:-1","max-image-preview":"max-image-preview:large","max-video-preview":"max-video-preview:-1"},"og_locale":"pt_PT","og_type":"article","og_title":"Mirandela: GNR localizou idoso desaparecido e que sofre de diabetes e problemas do foro psicol\u00f3gico | Infocul.pt - Arquivo Digital","og_description":"Mirandela: GNR localizou idoso desaparecido e que sofre de diabetes e problemas do foro psicol\u00f3gico | Infocul.pt - Arquivo Digital","og_url":"https:\/\/infocul.pt\/arquivo\/actualidade\/mirandela-gnr-localizou-idoso-desaparecido-e-que-sofre-de-diabetes-e-problemas-do-foro-psicologico\/","og_site_name":"Infocul.pt - Arquivo Digital","article_publisher":"https:\/\/www.facebook.com\/Infocul-147816815585015\/","article_published_time":"2020-10-26T16:06:04+00:00","og_image":[{"width":800,"height":533,"url":"https:\/\/infocul.pt\/arquivo\/wp-content\/uploads\/2019\/01\/gnr.jpg","type":"image\/jpeg"}],"author":"Redac\u00e7\u00e3o","twitter_card":"summary_large_image","twitter_creator":"@Infoculpt","twitter_site":"@Infoculpt","twitter_misc":{"Escrito por":"Redac\u00e7\u00e3o","Tempo estimado de leitura":"1 minuto"},"schema":{"@context":"https:\/\/schema.org","@graph":[{"@type":"Article","@id":"https:\/\/infocul.pt\/arquivo\/actualidade\/mirandela-gnr-localizou-idoso-desaparecido-e-que-sofre-de-diabetes-e-problemas-do-foro-psicologico\/#article","isPartOf":{"@id":"https:\/\/infocul.pt\/arquivo\/actualidade\/mirandela-gnr-localizou-idoso-desaparecido-e-que-sofre-de-diabetes-e-problemas-do-foro-psicologico\/"},"author":{"name":"Redac\u00e7\u00e3o","@id":"https:\/\/infocul.pt\/arquivo\/#\/schema\/person\/f243f45ae8d67639120a7586884f3abc"},"headline":"Mirandela: GNR localizou idoso desaparecido e que sofre de diabetes e problemas do foro psicol\u00f3gico","datePublished":"2020-10-26T16:06:04+00:00","mainEntityOfPage":{"@id":"https:\/\/infocul.pt\/arquivo\/actualidade\/mirandela-gnr-localizou-idoso-desaparecido-e-que-sofre-de-diabetes-e-problemas-do-foro-psicologico\/"},"wordCount":209,"commentCount":0,"publisher":{"@id":"https:\/\/infocul.pt\/arquivo\/#organization"},"image":{"@id":"https:\/\/infocul.pt\/arquivo\/actualidade\/mirandela-gnr-localizou-idoso-desaparecido-e-que-sofre-de-diabetes-e-problemas-do-foro-psicologico\/#primaryimage"},"thumbnailUrl":"https:\/\/infocul.pt\/arquivo\/wp-content\/uploads\/2019\/01\/gnr.jpg","keywords":["GNR","Mirandela"],"articleSection":["Actualidade","Pa\u00eds"],"inLanguage":"pt-PT"},{"@type":"WebPage","@id":"https:\/\/infocul.pt\/arquivo\/actualidade\/mirandela-gnr-localizou-idoso-desaparecido-e-que-sofre-de-diabetes-e-problemas-do-foro-psicologico\/","url":"https:\/\/infocul.pt\/arquivo\/actualidade\/mirandela-gnr-localizou-idoso-desaparecido-e-que-sofre-de-diabetes-e-problemas-do-foro-psicologico\/","name":"Mirandela: GNR localizou idoso desaparecido e que sofre de diabetes e problemas do foro psicol\u00f3gico | Infocul.pt - Arquivo Digital","isPartOf":{"@id":"https:\/\/infocul.pt\/arquivo\/#website"},"primaryImageOfPage":{"@id":"https:\/\/infocul.pt\/arquivo\/actualidade\/mirandela-gnr-localizou-idoso-desaparecido-e-que-sofre-de-diabetes-e-problemas-do-foro-psicologico\/#primaryimage"},"image":{"@id":"https:\/\/infocul.pt\/arquivo\/actualidade\/mirandela-gnr-localizou-idoso-desaparecido-e-que-sofre-de-diabetes-e-problemas-do-foro-psicologico\/#primaryimage"},"thumbnailUrl":"https:\/\/infocul.pt\/arquivo\/wp-content\/uploads\/2019\/01\/gnr.jpg","datePublished":"2020-10-26T16:06:04+00:00","description":"Mirandela: GNR localizou idoso desaparecido e que sofre de diabetes e problemas do foro psicol\u00f3gico | Infocul.pt - Arquivo Digital","breadcrumb":{"@id":"https:\/\/infocul.pt\/arquivo\/actualidade\/mirandela-gnr-localizou-idoso-desaparecido-e-que-sofre-de-diabetes-e-problemas-do-foro-psicologico\/#breadcrumb"},"inLanguage":"pt-PT","potentialAction":[{"@type":"ReadAction","target":["https:\/\/infocul.pt\/arquivo\/actualidade\/mirandela-gnr-localizou-idoso-desaparecido-e-que-sofre-de-diabetes-e-problemas-do-foro-psicologico\/"]}]},{"@type":"ImageObject","inLanguage":"pt-PT","@id":"https:\/\/infocul.pt\/arquivo\/actualidade\/mirandela-gnr-localizou-idoso-desaparecido-e-que-sofre-de-diabetes-e-problemas-do-foro-psicologico\/#primaryimage","url":"https:\/\/infocul.pt\/arquivo\/wp-content\/uploads\/2019\/01\/gnr.jpg","contentUrl":"https:\/\/infocul.pt\/arquivo\/wp-content\/uploads\/2019\/01\/gnr.jpg","width":800,"height":533},{"@type":"BreadcrumbList","@id":"https:\/\/infocul.pt\/arquivo\/actualidade\/mirandela-gnr-localizou-idoso-desaparecido-e-que-sofre-de-diabetes-e-problemas-do-foro-psicologico\/#breadcrumb","itemListElement":[{"@type":"ListItem","position":1,"name":"Home","item":"https:\/\/infocul.pt\/arquivo\/"},{"@type":"ListItem","position":2,"name":"Mirandela: GNR localizou idoso desaparecido e que sofre de diabetes e problemas do foro psicol\u00f3gico"}]},{"@type":"WebSite","@id":"https:\/\/infocul.pt\/arquivo\/#website","url":"https:\/\/infocul.pt\/arquivo\/","name":"Infocul.pt - Arquivo Digital","description":"Arquivo digital da Infocul.pt","publisher":{"@id":"https:\/\/infocul.pt\/arquivo\/#organization"},"potentialAction":[{"@type":"SearchAction","target":{"@type":"EntryPoint","urlTemplate":"https:\/\/infocul.pt\/arquivo\/?s={search_term_string}"},"query-input":{"@type":"PropertyValueSpecification","valueRequired":true,"valueName":"search_term_string"}}],"inLanguage":"pt-PT"},{"@type":"Organization","@id":"https:\/\/infocul.pt\/arquivo\/#organization","name":"Infocul.pt","url":"https:\/\/infocul.pt\/arquivo\/","logo":{"@type":"ImageObject","inLanguage":"pt-PT","@id":"https:\/\/infocul.pt\/arquivo\/#\/schema\/logo\/image\/","url":"https:\/\/infocul.pt\/arquivo\/wp-content\/uploads\/2018\/12\/Infocul_logo-1.png","contentUrl":"https:\/\/infocul.pt\/arquivo\/wp-content\/uploads\/2018\/12\/Infocul_logo-1.png","width":800,"height":800,"caption":"Infocul.pt"},"image":{"@id":"https:\/\/infocul.pt\/arquivo\/#\/schema\/logo\/image\/"},"sameAs":["https:\/\/www.facebook.com\/Infocul-147816815585015\/","https:\/\/x.com\/Infoculpt","http:\/\/www.pictaram.com\/user\/infocul.pt\/2370423710","https:\/\/www.youtube.com\/channel\/UCYEB91AGI9FL9ek2i_IaQAA"]},{"@type":"Person","@id":"https:\/\/infocul.pt\/arquivo\/#\/schema\/person\/f243f45ae8d67639120a7586884f3abc","name":"Redac\u00e7\u00e3o","image":{"@type":"ImageObject","inLanguage":"pt-PT","@id":"https:\/\/secure.gravatar.com\/avatar\/151b1b76c598ab5e749407223bd6c1bad4e41c4e95de3c3df83540ebee2deaf8?s=96&d=mm&r=g","url":"https:\/\/secure.gravatar.com\/avatar\/151b1b76c598ab5e749407223bd6c1bad4e41c4e95de3c3df83540ebee2deaf8?s=96&d=mm&r=g","contentUrl":"https:\/\/secure.gravatar.com\/avatar\/151b1b76c598ab5e749407223bd6c1bad4e41c4e95de3c3df83540ebee2deaf8?s=96&d=mm&r=g","caption":"Redac\u00e7\u00e3o"}}]}},"_links":{"self":[{"href":"https:\/\/infocul.pt\/arquivo\/wp-json\/wp\/v2\/posts\/84434","targetHints":{"allow":["GET"]}}],"collection":[{"href":"https:\/\/infocul.pt\/arquivo\/wp-json\/wp\/v2\/posts"}],"about":[{"href":"https:\/\/infocul.pt\/arquivo\/wp-json\/wp\/v2\/types\/post"}],"author":[{"embeddable":true,"href":"https:\/\/infocul.pt\/arquivo\/wp-json\/wp\/v2\/users\/13"}],"replies":[{"embeddable":true,"href":"https:\/\/infocul.pt\/arquivo\/wp-json\/wp\/v2\/comments?post=84434"}],"version-history":[{"count":0,"href":"https:\/\/infocul.pt\/arquivo\/wp-json\/wp\/v2\/posts\/84434\/revisions"}],"wp:featuredmedia":[{"embeddable":true,"href":"https:\/\/infocul.pt\/arquivo\/wp-json\/wp\/v2\/media\/51094"}],"wp:attachment":[{"href":"https:\/\/infocul.pt\/arquivo\/wp-json\/wp\/v2\/media?parent=84434"}],"wp:term":[{"taxonomy":"category","embeddable":true,"href":"https:\/\/infocul.pt\/arquivo\/wp-json\/wp\/v2\/categories?post=84434"},{"taxonomy":"post_tag","embeddable":true,"href":"https:\/\/infocul.pt\/arquivo\/wp-json\/wp\/v2\/tags?post=84434"}],"curies":[{"name":"wp","href":"https:\/\/api.w.org\/{rel}","templated":true}]}}