{"id":84480,"date":"2020-10-27T12:07:18","date_gmt":"2020-10-27T12:07:18","guid":{"rendered":"https:\/\/infocul.pt\/?p=84480"},"modified":"2020-10-27T12:07:18","modified_gmt":"2020-10-27T12:07:18","slug":"lisboa-tem-um-novo-servico-de-informacao-turistica","status":"publish","type":"post","link":"https:\/\/infocul.pt\/arquivo\/actualidade\/lisboa-tem-um-novo-servico-de-informacao-turistica\/","title":{"rendered":"Lisboa tem um novo servi\u00e7o de informa\u00e7\u00e3o tur\u00edstica"},"content":{"rendered":"<p><img decoding=\"async\" class=\"aligncenter wp-image-84481 size-full lazyload\" data-src=\"https:\/\/infocul.pt\/arquivo\/wp-content\/uploads\/2020\/10\/logo-ca0bb337958364ff31a78bea8d99d1b779ec9d2db672ecb68fb73a1e0563fd0f.png\" alt=\"\" width=\"192\" height=\"256\" src=\"data:image\/svg+xml;base64,PHN2ZyB3aWR0aD0iMSIgaGVpZ2h0PSIxIiB4bWxucz0iaHR0cDovL3d3dy53My5vcmcvMjAwMC9zdmciPjwvc3ZnPg==\" style=\"--smush-placeholder-width: 192px; --smush-placeholder-aspect-ratio: 192\/256;\" \/><\/p>\n<p style=\"font-weight: 400;\">INFOLISBOA \u00e9 o novo\u00a0<em>call center<\/em>\u00a0criado pela Associa\u00e7\u00e3o Turismo de Lisboa para disponibilizar informa\u00e7\u00e3o tur\u00edstica e cultural sobre o destino aos portugueses e visitantes estrangeiros.<!--more--><\/p>\n<p style=\"font-weight: 400;\">A funcionar a partir do Pavilh\u00e3o Carlos Lopes, este novo servi\u00e7o telef\u00f3nico, assegurado por t\u00e9cnicos dos postos de Turismo de Lisboa, permite fazer reservas para espet\u00e1culos, em hot\u00e9is e restaurantes ou at\u00e9 mesmo adquirir produtos como o Lisboa Card que d\u00e1 acesso livre aos transportes p\u00fablicos, entrada gratuita em 35 museus, monumentos e locais de interesse tur\u00edstico e v\u00e1rios descontos noutros equipamentos e em lojas de artigos genuinamente portugueses.<\/p>\n<p style=\"font-weight: 400;\">Para al\u00e9m das informa\u00e7\u00f5es e servi\u00e7os \u00fateis que ajudam os turistas a conhecer Lisboa, a equipa especializada desta linha de informa\u00e7\u00e3o vai ainda esclarecer sobre todas as medidas Covid-19 em vigor e que devem ser respeitadas para que seja poss\u00edvel circular em seguran\u00e7a no destino.<\/p>\n<p style=\"font-weight: 400;\">\u201c<em><strong>Face \u00e0 atual situa\u00e7\u00e3o que o mundo est\u00e1 a viver, estamos a privilegiar novas formas de contacto com os turistas portugueses e estrangeiros para que seja cada vez mais f\u00e1cil o acesso \u00e0 informa\u00e7\u00e3o tur\u00edstica<\/strong><\/em>\u201d, sublinha Paula Oliveira, diretora-executiva da Associa\u00e7\u00e3o Turismo de Lisboa.<\/p>\n<p style=\"font-weight: 400;\">As chamadas nacionais para o INFOLISBOA s\u00e3o gratuitas e devem ser feitas atrav\u00e9s do n\u00famero 800\u00a0500\u00a0503. Para as chamadas do estrangeiro deve ser utilizado o n\u00famero +351\u00a0210\u00a0079\u00a0347. Este novo servi\u00e7o do Turismo de Lisboa est\u00e1 dispon\u00edvel, a partir do pr\u00f3ximo dia 29 de outubro, de segunda a sexta-feira, das 9h00 \u00e0s 19h00.<\/p>\n","protected":false},"excerpt":{"rendered":"<p>INFOLISBOA \u00e9 o novo\u00a0call center\u00a0criado pela Associa\u00e7\u00e3o Turismo de Lisboa para disponibilizar informa\u00e7\u00e3o tur\u00edstica e cultural sobre o destino aos portugueses e visitantes estrangeiros.<\/p>\n","protected":false},"author":13,"featured_media":84481,"comment_status":"open","ping_status":"closed","sticky":false,"template":"","format":"standard","meta":{"footnotes":""},"categories":[10,13],"tags":[6957,80],"class_list":["post-84480","post","type-post","status-publish","format-standard","has-post-thumbnail","hentry","category-actualidade","category-turismo","tag-associacao-turismo-de-lisboa","tag-lisboa"],"yoast_head":"<!-- This site is optimized with the Yoast SEO plugin v27.4 - https:\/\/yoast.com\/product\/yoast-seo-wordpress\/ -->\n<title>Lisboa tem um novo servi\u00e7o de informa\u00e7\u00e3o tur\u00edstica | Infocul.pt - Arquivo Digital<\/title>\n<meta name=\"description\" content=\"Lisboa tem um novo servi\u00e7o de informa\u00e7\u00e3o tur\u00edstica | Infocul.pt - Arquivo Digital\" \/>\n<meta name=\"robots\" content=\"noindex, follow, max-snippet:-1, max-image-preview:large, max-video-preview:-1\" \/>\n<meta property=\"og:locale\" content=\"pt_PT\" \/>\n<meta property=\"og:type\" content=\"article\" \/>\n<meta property=\"og:title\" content=\"Lisboa tem um novo servi\u00e7o de informa\u00e7\u00e3o tur\u00edstica | Infocul.pt - Arquivo Digital\" \/>\n<meta property=\"og:description\" content=\"Lisboa tem um novo servi\u00e7o de informa\u00e7\u00e3o tur\u00edstica | Infocul.pt - Arquivo Digital\" \/>\n<meta property=\"og:url\" content=\"https:\/\/infocul.pt\/arquivo\/actualidade\/lisboa-tem-um-novo-servico-de-informacao-turistica\/\" \/>\n<meta property=\"og:site_name\" content=\"Infocul.pt - Arquivo Digital\" \/>\n<meta property=\"article:publisher\" content=\"https:\/\/www.facebook.com\/Infocul-147816815585015\/\" \/>\n<meta property=\"article:published_time\" content=\"2020-10-27T12:07:18+00:00\" \/>\n<meta property=\"og:image\" content=\"https:\/\/infocul.pt\/arquivo\/wp-content\/uploads\/2020\/10\/logo-ca0bb337958364ff31a78bea8d99d1b779ec9d2db672ecb68fb73a1e0563fd0f.png\" \/>\n\t<meta property=\"og:image:width\" content=\"192\" \/>\n\t<meta property=\"og:image:height\" content=\"256\" \/>\n\t<meta property=\"og:image:type\" content=\"image\/png\" \/>\n<meta name=\"author\" content=\"Redac\u00e7\u00e3o\" \/>\n<meta name=\"twitter:card\" content=\"summary_large_image\" \/>\n<meta name=\"twitter:creator\" content=\"@Infoculpt\" \/>\n<meta name=\"twitter:site\" content=\"@Infoculpt\" \/>\n<meta name=\"twitter:label1\" content=\"Escrito por\" \/>\n\t<meta name=\"twitter:data1\" content=\"Redac\u00e7\u00e3o\" \/>\n\t<meta name=\"twitter:label2\" content=\"Tempo estimado de leitura\" \/>\n\t<meta name=\"twitter:data2\" content=\"1 minuto\" \/>\n<script type=\"application\/ld+json\" class=\"yoast-schema-graph\">{\"@context\":\"https:\\\/\\\/schema.org\",\"@graph\":[{\"@type\":\"Article\",\"@id\":\"https:\\\/\\\/infocul.pt\\\/arquivo\\\/actualidade\\\/lisboa-tem-um-novo-servico-de-informacao-turistica\\\/#article\",\"isPartOf\":{\"@id\":\"https:\\\/\\\/infocul.pt\\\/arquivo\\\/actualidade\\\/lisboa-tem-um-novo-servico-de-informacao-turistica\\\/\"},\"author\":{\"name\":\"Redac\u00e7\u00e3o\",\"@id\":\"https:\\\/\\\/infocul.pt\\\/arquivo\\\/#\\\/schema\\\/person\\\/f243f45ae8d67639120a7586884f3abc\"},\"headline\":\"Lisboa tem um novo servi\u00e7o de informa\u00e7\u00e3o tur\u00edstica\",\"datePublished\":\"2020-10-27T12:07:18+00:00\",\"mainEntityOfPage\":{\"@id\":\"https:\\\/\\\/infocul.pt\\\/arquivo\\\/actualidade\\\/lisboa-tem-um-novo-servico-de-informacao-turistica\\\/\"},\"wordCount\":270,\"commentCount\":0,\"publisher\":{\"@id\":\"https:\\\/\\\/infocul.pt\\\/arquivo\\\/#organization\"},\"image\":{\"@id\":\"https:\\\/\\\/infocul.pt\\\/arquivo\\\/actualidade\\\/lisboa-tem-um-novo-servico-de-informacao-turistica\\\/#primaryimage\"},\"thumbnailUrl\":\"https:\\\/\\\/infocul.pt\\\/arquivo\\\/wp-content\\\/uploads\\\/2020\\\/10\\\/logo-ca0bb337958364ff31a78bea8d99d1b779ec9d2db672ecb68fb73a1e0563fd0f.png\",\"keywords\":[\"Associa\u00e7\u00e3o Turismo de Lisboa\",\"Lisboa\"],\"articleSection\":[\"Actualidade\",\"Turismo\"],\"inLanguage\":\"pt-PT\"},{\"@type\":\"WebPage\",\"@id\":\"https:\\\/\\\/infocul.pt\\\/arquivo\\\/actualidade\\\/lisboa-tem-um-novo-servico-de-informacao-turistica\\\/\",\"url\":\"https:\\\/\\\/infocul.pt\\\/arquivo\\\/actualidade\\\/lisboa-tem-um-novo-servico-de-informacao-turistica\\\/\",\"name\":\"Lisboa tem um novo servi\u00e7o de informa\u00e7\u00e3o tur\u00edstica | Infocul.pt - Arquivo Digital\",\"isPartOf\":{\"@id\":\"https:\\\/\\\/infocul.pt\\\/arquivo\\\/#website\"},\"primaryImageOfPage\":{\"@id\":\"https:\\\/\\\/infocul.pt\\\/arquivo\\\/actualidade\\\/lisboa-tem-um-novo-servico-de-informacao-turistica\\\/#primaryimage\"},\"image\":{\"@id\":\"https:\\\/\\\/infocul.pt\\\/arquivo\\\/actualidade\\\/lisboa-tem-um-novo-servico-de-informacao-turistica\\\/#primaryimage\"},\"thumbnailUrl\":\"https:\\\/\\\/infocul.pt\\\/arquivo\\\/wp-content\\\/uploads\\\/2020\\\/10\\\/logo-ca0bb337958364ff31a78bea8d99d1b779ec9d2db672ecb68fb73a1e0563fd0f.png\",\"datePublished\":\"2020-10-27T12:07:18+00:00\",\"description\":\"Lisboa tem um novo servi\u00e7o de informa\u00e7\u00e3o tur\u00edstica | Infocul.pt - Arquivo Digital\",\"breadcrumb\":{\"@id\":\"https:\\\/\\\/infocul.pt\\\/arquivo\\\/actualidade\\\/lisboa-tem-um-novo-servico-de-informacao-turistica\\\/#breadcrumb\"},\"inLanguage\":\"pt-PT\",\"potentialAction\":[{\"@type\":\"ReadAction\",\"target\":[\"https:\\\/\\\/infocul.pt\\\/arquivo\\\/actualidade\\\/lisboa-tem-um-novo-servico-de-informacao-turistica\\\/\"]}]},{\"@type\":\"ImageObject\",\"inLanguage\":\"pt-PT\",\"@id\":\"https:\\\/\\\/infocul.pt\\\/arquivo\\\/actualidade\\\/lisboa-tem-um-novo-servico-de-informacao-turistica\\\/#primaryimage\",\"url\":\"https:\\\/\\\/infocul.pt\\\/arquivo\\\/wp-content\\\/uploads\\\/2020\\\/10\\\/logo-ca0bb337958364ff31a78bea8d99d1b779ec9d2db672ecb68fb73a1e0563fd0f.png\",\"contentUrl\":\"https:\\\/\\\/infocul.pt\\\/arquivo\\\/wp-content\\\/uploads\\\/2020\\\/10\\\/logo-ca0bb337958364ff31a78bea8d99d1b779ec9d2db672ecb68fb73a1e0563fd0f.png\",\"width\":192,\"height\":256},{\"@type\":\"BreadcrumbList\",\"@id\":\"https:\\\/\\\/infocul.pt\\\/arquivo\\\/actualidade\\\/lisboa-tem-um-novo-servico-de-informacao-turistica\\\/#breadcrumb\",\"itemListElement\":[{\"@type\":\"ListItem\",\"position\":1,\"name\":\"Home\",\"item\":\"https:\\\/\\\/infocul.pt\\\/arquivo\\\/\"},{\"@type\":\"ListItem\",\"position\":2,\"name\":\"Lisboa tem um novo servi\u00e7o de informa\u00e7\u00e3o tur\u00edstica\"}]},{\"@type\":\"WebSite\",\"@id\":\"https:\\\/\\\/infocul.pt\\\/arquivo\\\/#website\",\"url\":\"https:\\\/\\\/infocul.pt\\\/arquivo\\\/\",\"name\":\"Infocul.pt - Arquivo Digital\",\"description\":\"Arquivo digital da Infocul.pt\",\"publisher\":{\"@id\":\"https:\\\/\\\/infocul.pt\\\/arquivo\\\/#organization\"},\"potentialAction\":[{\"@type\":\"SearchAction\",\"target\":{\"@type\":\"EntryPoint\",\"urlTemplate\":\"https:\\\/\\\/infocul.pt\\\/arquivo\\\/?s={search_term_string}\"},\"query-input\":{\"@type\":\"PropertyValueSpecification\",\"valueRequired\":true,\"valueName\":\"search_term_string\"}}],\"inLanguage\":\"pt-PT\"},{\"@type\":\"Organization\",\"@id\":\"https:\\\/\\\/infocul.pt\\\/arquivo\\\/#organization\",\"name\":\"Infocul.pt\",\"url\":\"https:\\\/\\\/infocul.pt\\\/arquivo\\\/\",\"logo\":{\"@type\":\"ImageObject\",\"inLanguage\":\"pt-PT\",\"@id\":\"https:\\\/\\\/infocul.pt\\\/arquivo\\\/#\\\/schema\\\/logo\\\/image\\\/\",\"url\":\"https:\\\/\\\/infocul.pt\\\/arquivo\\\/wp-content\\\/uploads\\\/2018\\\/12\\\/Infocul_logo-1.png\",\"contentUrl\":\"https:\\\/\\\/infocul.pt\\\/arquivo\\\/wp-content\\\/uploads\\\/2018\\\/12\\\/Infocul_logo-1.png\",\"width\":800,\"height\":800,\"caption\":\"Infocul.pt\"},\"image\":{\"@id\":\"https:\\\/\\\/infocul.pt\\\/arquivo\\\/#\\\/schema\\\/logo\\\/image\\\/\"},\"sameAs\":[\"https:\\\/\\\/www.facebook.com\\\/Infocul-147816815585015\\\/\",\"https:\\\/\\\/x.com\\\/Infoculpt\",\"http:\\\/\\\/www.pictaram.com\\\/user\\\/infocul.pt\\\/2370423710\",\"https:\\\/\\\/www.youtube.com\\\/channel\\\/UCYEB91AGI9FL9ek2i_IaQAA\"]},{\"@type\":\"Person\",\"@id\":\"https:\\\/\\\/infocul.pt\\\/arquivo\\\/#\\\/schema\\\/person\\\/f243f45ae8d67639120a7586884f3abc\",\"name\":\"Redac\u00e7\u00e3o\",\"image\":{\"@type\":\"ImageObject\",\"inLanguage\":\"pt-PT\",\"@id\":\"https:\\\/\\\/secure.gravatar.com\\\/avatar\\\/151b1b76c598ab5e749407223bd6c1bad4e41c4e95de3c3df83540ebee2deaf8?s=96&d=mm&r=g\",\"url\":\"https:\\\/\\\/secure.gravatar.com\\\/avatar\\\/151b1b76c598ab5e749407223bd6c1bad4e41c4e95de3c3df83540ebee2deaf8?s=96&d=mm&r=g\",\"contentUrl\":\"https:\\\/\\\/secure.gravatar.com\\\/avatar\\\/151b1b76c598ab5e749407223bd6c1bad4e41c4e95de3c3df83540ebee2deaf8?s=96&d=mm&r=g\",\"caption\":\"Redac\u00e7\u00e3o\"}}]}<\/script>\n<!-- \/ Yoast SEO plugin. -->","yoast_head_json":{"title":"Lisboa tem um novo servi\u00e7o de informa\u00e7\u00e3o tur\u00edstica | Infocul.pt - Arquivo Digital","description":"Lisboa tem um novo servi\u00e7o de informa\u00e7\u00e3o tur\u00edstica | Infocul.pt - Arquivo Digital","robots":{"index":"noindex","follow":"follow","max-snippet":"max-snippet:-1","max-image-preview":"max-image-preview:large","max-video-preview":"max-video-preview:-1"},"og_locale":"pt_PT","og_type":"article","og_title":"Lisboa tem um novo servi\u00e7o de informa\u00e7\u00e3o tur\u00edstica | Infocul.pt - Arquivo Digital","og_description":"Lisboa tem um novo servi\u00e7o de informa\u00e7\u00e3o tur\u00edstica | Infocul.pt - Arquivo Digital","og_url":"https:\/\/infocul.pt\/arquivo\/actualidade\/lisboa-tem-um-novo-servico-de-informacao-turistica\/","og_site_name":"Infocul.pt - Arquivo Digital","article_publisher":"https:\/\/www.facebook.com\/Infocul-147816815585015\/","article_published_time":"2020-10-27T12:07:18+00:00","og_image":[{"width":192,"height":256,"url":"https:\/\/infocul.pt\/arquivo\/wp-content\/uploads\/2020\/10\/logo-ca0bb337958364ff31a78bea8d99d1b779ec9d2db672ecb68fb73a1e0563fd0f.png","type":"image\/png"}],"author":"Redac\u00e7\u00e3o","twitter_card":"summary_large_image","twitter_creator":"@Infoculpt","twitter_site":"@Infoculpt","twitter_misc":{"Escrito por":"Redac\u00e7\u00e3o","Tempo estimado de leitura":"1 minuto"},"schema":{"@context":"https:\/\/schema.org","@graph":[{"@type":"Article","@id":"https:\/\/infocul.pt\/arquivo\/actualidade\/lisboa-tem-um-novo-servico-de-informacao-turistica\/#article","isPartOf":{"@id":"https:\/\/infocul.pt\/arquivo\/actualidade\/lisboa-tem-um-novo-servico-de-informacao-turistica\/"},"author":{"name":"Redac\u00e7\u00e3o","@id":"https:\/\/infocul.pt\/arquivo\/#\/schema\/person\/f243f45ae8d67639120a7586884f3abc"},"headline":"Lisboa tem um novo servi\u00e7o de informa\u00e7\u00e3o tur\u00edstica","datePublished":"2020-10-27T12:07:18+00:00","mainEntityOfPage":{"@id":"https:\/\/infocul.pt\/arquivo\/actualidade\/lisboa-tem-um-novo-servico-de-informacao-turistica\/"},"wordCount":270,"commentCount":0,"publisher":{"@id":"https:\/\/infocul.pt\/arquivo\/#organization"},"image":{"@id":"https:\/\/infocul.pt\/arquivo\/actualidade\/lisboa-tem-um-novo-servico-de-informacao-turistica\/#primaryimage"},"thumbnailUrl":"https:\/\/infocul.pt\/arquivo\/wp-content\/uploads\/2020\/10\/logo-ca0bb337958364ff31a78bea8d99d1b779ec9d2db672ecb68fb73a1e0563fd0f.png","keywords":["Associa\u00e7\u00e3o Turismo de Lisboa","Lisboa"],"articleSection":["Actualidade","Turismo"],"inLanguage":"pt-PT"},{"@type":"WebPage","@id":"https:\/\/infocul.pt\/arquivo\/actualidade\/lisboa-tem-um-novo-servico-de-informacao-turistica\/","url":"https:\/\/infocul.pt\/arquivo\/actualidade\/lisboa-tem-um-novo-servico-de-informacao-turistica\/","name":"Lisboa tem um novo servi\u00e7o de informa\u00e7\u00e3o tur\u00edstica | Infocul.pt - Arquivo Digital","isPartOf":{"@id":"https:\/\/infocul.pt\/arquivo\/#website"},"primaryImageOfPage":{"@id":"https:\/\/infocul.pt\/arquivo\/actualidade\/lisboa-tem-um-novo-servico-de-informacao-turistica\/#primaryimage"},"image":{"@id":"https:\/\/infocul.pt\/arquivo\/actualidade\/lisboa-tem-um-novo-servico-de-informacao-turistica\/#primaryimage"},"thumbnailUrl":"https:\/\/infocul.pt\/arquivo\/wp-content\/uploads\/2020\/10\/logo-ca0bb337958364ff31a78bea8d99d1b779ec9d2db672ecb68fb73a1e0563fd0f.png","datePublished":"2020-10-27T12:07:18+00:00","description":"Lisboa tem um novo servi\u00e7o de informa\u00e7\u00e3o tur\u00edstica | Infocul.pt - Arquivo Digital","breadcrumb":{"@id":"https:\/\/infocul.pt\/arquivo\/actualidade\/lisboa-tem-um-novo-servico-de-informacao-turistica\/#breadcrumb"},"inLanguage":"pt-PT","potentialAction":[{"@type":"ReadAction","target":["https:\/\/infocul.pt\/arquivo\/actualidade\/lisboa-tem-um-novo-servico-de-informacao-turistica\/"]}]},{"@type":"ImageObject","inLanguage":"pt-PT","@id":"https:\/\/infocul.pt\/arquivo\/actualidade\/lisboa-tem-um-novo-servico-de-informacao-turistica\/#primaryimage","url":"https:\/\/infocul.pt\/arquivo\/wp-content\/uploads\/2020\/10\/logo-ca0bb337958364ff31a78bea8d99d1b779ec9d2db672ecb68fb73a1e0563fd0f.png","contentUrl":"https:\/\/infocul.pt\/arquivo\/wp-content\/uploads\/2020\/10\/logo-ca0bb337958364ff31a78bea8d99d1b779ec9d2db672ecb68fb73a1e0563fd0f.png","width":192,"height":256},{"@type":"BreadcrumbList","@id":"https:\/\/infocul.pt\/arquivo\/actualidade\/lisboa-tem-um-novo-servico-de-informacao-turistica\/#breadcrumb","itemListElement":[{"@type":"ListItem","position":1,"name":"Home","item":"https:\/\/infocul.pt\/arquivo\/"},{"@type":"ListItem","position":2,"name":"Lisboa tem um novo servi\u00e7o de informa\u00e7\u00e3o tur\u00edstica"}]},{"@type":"WebSite","@id":"https:\/\/infocul.pt\/arquivo\/#website","url":"https:\/\/infocul.pt\/arquivo\/","name":"Infocul.pt - Arquivo Digital","description":"Arquivo digital da Infocul.pt","publisher":{"@id":"https:\/\/infocul.pt\/arquivo\/#organization"},"potentialAction":[{"@type":"SearchAction","target":{"@type":"EntryPoint","urlTemplate":"https:\/\/infocul.pt\/arquivo\/?s={search_term_string}"},"query-input":{"@type":"PropertyValueSpecification","valueRequired":true,"valueName":"search_term_string"}}],"inLanguage":"pt-PT"},{"@type":"Organization","@id":"https:\/\/infocul.pt\/arquivo\/#organization","name":"Infocul.pt","url":"https:\/\/infocul.pt\/arquivo\/","logo":{"@type":"ImageObject","inLanguage":"pt-PT","@id":"https:\/\/infocul.pt\/arquivo\/#\/schema\/logo\/image\/","url":"https:\/\/infocul.pt\/arquivo\/wp-content\/uploads\/2018\/12\/Infocul_logo-1.png","contentUrl":"https:\/\/infocul.pt\/arquivo\/wp-content\/uploads\/2018\/12\/Infocul_logo-1.png","width":800,"height":800,"caption":"Infocul.pt"},"image":{"@id":"https:\/\/infocul.pt\/arquivo\/#\/schema\/logo\/image\/"},"sameAs":["https:\/\/www.facebook.com\/Infocul-147816815585015\/","https:\/\/x.com\/Infoculpt","http:\/\/www.pictaram.com\/user\/infocul.pt\/2370423710","https:\/\/www.youtube.com\/channel\/UCYEB91AGI9FL9ek2i_IaQAA"]},{"@type":"Person","@id":"https:\/\/infocul.pt\/arquivo\/#\/schema\/person\/f243f45ae8d67639120a7586884f3abc","name":"Redac\u00e7\u00e3o","image":{"@type":"ImageObject","inLanguage":"pt-PT","@id":"https:\/\/secure.gravatar.com\/avatar\/151b1b76c598ab5e749407223bd6c1bad4e41c4e95de3c3df83540ebee2deaf8?s=96&d=mm&r=g","url":"https:\/\/secure.gravatar.com\/avatar\/151b1b76c598ab5e749407223bd6c1bad4e41c4e95de3c3df83540ebee2deaf8?s=96&d=mm&r=g","contentUrl":"https:\/\/secure.gravatar.com\/avatar\/151b1b76c598ab5e749407223bd6c1bad4e41c4e95de3c3df83540ebee2deaf8?s=96&d=mm&r=g","caption":"Redac\u00e7\u00e3o"}}]}},"_links":{"self":[{"href":"https:\/\/infocul.pt\/arquivo\/wp-json\/wp\/v2\/posts\/84480","targetHints":{"allow":["GET"]}}],"collection":[{"href":"https:\/\/infocul.pt\/arquivo\/wp-json\/wp\/v2\/posts"}],"about":[{"href":"https:\/\/infocul.pt\/arquivo\/wp-json\/wp\/v2\/types\/post"}],"author":[{"embeddable":true,"href":"https:\/\/infocul.pt\/arquivo\/wp-json\/wp\/v2\/users\/13"}],"replies":[{"embeddable":true,"href":"https:\/\/infocul.pt\/arquivo\/wp-json\/wp\/v2\/comments?post=84480"}],"version-history":[{"count":0,"href":"https:\/\/infocul.pt\/arquivo\/wp-json\/wp\/v2\/posts\/84480\/revisions"}],"wp:featuredmedia":[{"embeddable":true,"href":"https:\/\/infocul.pt\/arquivo\/wp-json\/wp\/v2\/media\/84481"}],"wp:attachment":[{"href":"https:\/\/infocul.pt\/arquivo\/wp-json\/wp\/v2\/media?parent=84480"}],"wp:term":[{"taxonomy":"category","embeddable":true,"href":"https:\/\/infocul.pt\/arquivo\/wp-json\/wp\/v2\/categories?post=84480"},{"taxonomy":"post_tag","embeddable":true,"href":"https:\/\/infocul.pt\/arquivo\/wp-json\/wp\/v2\/tags?post=84480"}],"curies":[{"name":"wp","href":"https:\/\/api.w.org\/{rel}","templated":true}]}}