{"id":85088,"date":"2020-11-04T08:41:48","date_gmt":"2020-11-04T08:41:48","guid":{"rendered":"https:\/\/infocul.pt\/?p=85088"},"modified":"2020-11-04T08:41:48","modified_gmt":"2020-11-04T08:41:48","slug":"sismo-de-magnitude-3-3-richter-registado-e-com-epicentro-a-50-km-a-sudeste-de-olhao","status":"publish","type":"post","link":"https:\/\/infocul.pt\/arquivo\/actualidade\/sismo-de-magnitude-3-3-richter-registado-e-com-epicentro-a-50-km-a-sudeste-de-olhao\/","title":{"rendered":"Sismo de magnitude 3.3 (Richter) registado e com epicentro a 50 km a Sudeste de Olh\u00e3o"},"content":{"rendered":"<p><img decoding=\"async\" class=\"aligncenter wp-image-36494 size-full lazyload\" data-src=\"https:\/\/infocul.pt\/arquivo\/wp-content\/uploads\/2018\/01\/sismo.png\" alt=\"\" width=\"640\" height=\"420\" data-srcset=\"https:\/\/infocul.pt\/arquivo\/wp-content\/uploads\/2018\/01\/sismo.png 640w, https:\/\/infocul.pt\/arquivo\/wp-content\/uploads\/2018\/01\/sismo-300x197.png 300w\" data-sizes=\"(max-width: 640px) 100vw, 640px\" src=\"data:image\/svg+xml;base64,PHN2ZyB3aWR0aD0iMSIgaGVpZ2h0PSIxIiB4bWxucz0iaHR0cDovL3d3dy53My5vcmcvMjAwMC9zdmciPjwvc3ZnPg==\" style=\"--smush-placeholder-width: 640px; --smush-placeholder-aspect-ratio: 640\/420;\" \/><\/p>\n<p>O Instituto Portugu\u00eas do Mar e Atmosfera emitiu um comunicado, no qual d\u00e1 conta de um sismo de magnitude 3.3 (Richter) e cujo epicentro se localizou a cerca de 50 km a Sudeste de Olh\u00e3o.<!--more--><\/p>\n<p>&#8220;<em><strong>O Instituto Portugu\u00eas do Mar e da Atmosfera informa que no dia 04-11-2020 pelas 08:11 (hora local) foi registado nas esta\u00e7\u00f5es da Rede S\u00edsmica do Continente, um sismo de magnitude 3.3 (Richter) e cujo epicentro se localizou a cerca de 50 km a Sudeste de Olh\u00e3o. At\u00e9<\/strong><\/em><br \/>\n<strong><em>\u00e0 elabora\u00e7\u00e3o deste comunicado n\u00e3o foi recebida nenhuma informa\u00e7\u00e3o confirmando que este sismo tenha sido sentido. Se a<\/em> situa\u00e7\u00e3o o justificar ser\u00e3o emitidos novos comunicados. A localiza\u00e7\u00e3o do epicentro de um sismo \u00e9 um processo f\u00edsico e matem\u00e1tico complexo que depende do conjunto de dados, dos algoritmos e dos modelos de propaga\u00e7\u00e3o das ondas s\u00edsmicas. Ag\u00eancias diferentes podem produzir resultados ligeiramente diferentes. Do mesmo modo, as determina\u00e7\u00f5es preliminares s\u00e3o habitualmente corrigidas posteriormente, pela integra\u00e7\u00e3o de mais informa\u00e7\u00e3o. Em todos os casos acompanhe sempre as indica\u00e7\u00f5es dos servi\u00e7os de prote\u00e7\u00e3o civil<\/strong>&#8220;, refere o comunicado.<\/p>\n","protected":false},"excerpt":{"rendered":"<p>O Instituto Portugu\u00eas do Mar e Atmosfera emitiu um comunicado, no qual d\u00e1 conta de um sismo de magnitude 3.3 (Richter) e cujo epicentro se localizou a cerca de 50 km a Sudeste de Olh\u00e3o.<\/p>\n","protected":false},"author":13,"featured_media":36494,"comment_status":"open","ping_status":"closed","sticky":false,"template":"","format":"standard","meta":{"footnotes":""},"categories":[10,11],"tags":[4434,4073],"class_list":["post-85088","post","type-post","status-publish","format-standard","has-post-thumbnail","hentry","category-actualidade","category-pais","tag-ipma","tag-olhao"],"yoast_head":"<!-- This site is optimized with the Yoast SEO plugin v27.4 - https:\/\/yoast.com\/product\/yoast-seo-wordpress\/ -->\n<title>Sismo de magnitude 3.3 (Richter) registado e com epicentro a 50 km a Sudeste de Olh\u00e3o | Infocul.pt - Arquivo Digital<\/title>\n<meta name=\"description\" content=\"Sismo de magnitude 3.3 (Richter) registado e com epicentro a 50 km a Sudeste de Olh\u00e3o | Infocul.pt - Arquivo Digital\" \/>\n<meta name=\"robots\" content=\"noindex, follow, max-snippet:-1, max-image-preview:large, max-video-preview:-1\" \/>\n<meta property=\"og:locale\" content=\"pt_PT\" \/>\n<meta property=\"og:type\" content=\"article\" \/>\n<meta property=\"og:title\" content=\"Sismo de magnitude 3.3 (Richter) registado e com epicentro a 50 km a Sudeste de Olh\u00e3o | Infocul.pt - Arquivo Digital\" \/>\n<meta property=\"og:description\" content=\"Sismo de magnitude 3.3 (Richter) registado e com epicentro a 50 km a Sudeste de Olh\u00e3o | Infocul.pt - Arquivo Digital\" \/>\n<meta property=\"og:url\" content=\"https:\/\/infocul.pt\/arquivo\/actualidade\/sismo-de-magnitude-3-3-richter-registado-e-com-epicentro-a-50-km-a-sudeste-de-olhao\/\" \/>\n<meta property=\"og:site_name\" content=\"Infocul.pt - Arquivo Digital\" \/>\n<meta property=\"article:publisher\" content=\"https:\/\/www.facebook.com\/Infocul-147816815585015\/\" \/>\n<meta property=\"article:published_time\" content=\"2020-11-04T08:41:48+00:00\" \/>\n<meta property=\"og:image\" content=\"https:\/\/infocul.pt\/arquivo\/wp-content\/uploads\/2018\/01\/sismo.png\" \/>\n\t<meta property=\"og:image:width\" content=\"640\" \/>\n\t<meta property=\"og:image:height\" content=\"420\" \/>\n\t<meta property=\"og:image:type\" content=\"image\/png\" \/>\n<meta name=\"author\" content=\"Redac\u00e7\u00e3o\" \/>\n<meta name=\"twitter:card\" content=\"summary_large_image\" \/>\n<meta name=\"twitter:creator\" content=\"@Infoculpt\" \/>\n<meta name=\"twitter:site\" content=\"@Infoculpt\" \/>\n<meta name=\"twitter:label1\" content=\"Escrito por\" \/>\n\t<meta name=\"twitter:data1\" content=\"Redac\u00e7\u00e3o\" \/>\n\t<meta name=\"twitter:label2\" content=\"Tempo estimado de leitura\" \/>\n\t<meta name=\"twitter:data2\" content=\"1 minuto\" \/>\n<script type=\"application\/ld+json\" class=\"yoast-schema-graph\">{\"@context\":\"https:\\\/\\\/schema.org\",\"@graph\":[{\"@type\":\"Article\",\"@id\":\"https:\\\/\\\/infocul.pt\\\/arquivo\\\/actualidade\\\/sismo-de-magnitude-3-3-richter-registado-e-com-epicentro-a-50-km-a-sudeste-de-olhao\\\/#article\",\"isPartOf\":{\"@id\":\"https:\\\/\\\/infocul.pt\\\/arquivo\\\/actualidade\\\/sismo-de-magnitude-3-3-richter-registado-e-com-epicentro-a-50-km-a-sudeste-de-olhao\\\/\"},\"author\":{\"name\":\"Redac\u00e7\u00e3o\",\"@id\":\"https:\\\/\\\/infocul.pt\\\/arquivo\\\/#\\\/schema\\\/person\\\/f243f45ae8d67639120a7586884f3abc\"},\"headline\":\"Sismo de magnitude 3.3 (Richter) registado e com epicentro a 50 km a Sudeste de Olh\u00e3o\",\"datePublished\":\"2020-11-04T08:41:48+00:00\",\"mainEntityOfPage\":{\"@id\":\"https:\\\/\\\/infocul.pt\\\/arquivo\\\/actualidade\\\/sismo-de-magnitude-3-3-richter-registado-e-com-epicentro-a-50-km-a-sudeste-de-olhao\\\/\"},\"wordCount\":208,\"commentCount\":0,\"publisher\":{\"@id\":\"https:\\\/\\\/infocul.pt\\\/arquivo\\\/#organization\"},\"image\":{\"@id\":\"https:\\\/\\\/infocul.pt\\\/arquivo\\\/actualidade\\\/sismo-de-magnitude-3-3-richter-registado-e-com-epicentro-a-50-km-a-sudeste-de-olhao\\\/#primaryimage\"},\"thumbnailUrl\":\"https:\\\/\\\/infocul.pt\\\/arquivo\\\/wp-content\\\/uploads\\\/2018\\\/01\\\/sismo.png\",\"keywords\":[\"IPMA\",\"Olh\u00e3o\"],\"articleSection\":[\"Actualidade\",\"Pa\u00eds\"],\"inLanguage\":\"pt-PT\"},{\"@type\":\"WebPage\",\"@id\":\"https:\\\/\\\/infocul.pt\\\/arquivo\\\/actualidade\\\/sismo-de-magnitude-3-3-richter-registado-e-com-epicentro-a-50-km-a-sudeste-de-olhao\\\/\",\"url\":\"https:\\\/\\\/infocul.pt\\\/arquivo\\\/actualidade\\\/sismo-de-magnitude-3-3-richter-registado-e-com-epicentro-a-50-km-a-sudeste-de-olhao\\\/\",\"name\":\"Sismo de magnitude 3.3 (Richter) registado e com epicentro a 50 km a Sudeste de Olh\u00e3o | Infocul.pt - Arquivo Digital\",\"isPartOf\":{\"@id\":\"https:\\\/\\\/infocul.pt\\\/arquivo\\\/#website\"},\"primaryImageOfPage\":{\"@id\":\"https:\\\/\\\/infocul.pt\\\/arquivo\\\/actualidade\\\/sismo-de-magnitude-3-3-richter-registado-e-com-epicentro-a-50-km-a-sudeste-de-olhao\\\/#primaryimage\"},\"image\":{\"@id\":\"https:\\\/\\\/infocul.pt\\\/arquivo\\\/actualidade\\\/sismo-de-magnitude-3-3-richter-registado-e-com-epicentro-a-50-km-a-sudeste-de-olhao\\\/#primaryimage\"},\"thumbnailUrl\":\"https:\\\/\\\/infocul.pt\\\/arquivo\\\/wp-content\\\/uploads\\\/2018\\\/01\\\/sismo.png\",\"datePublished\":\"2020-11-04T08:41:48+00:00\",\"description\":\"Sismo de magnitude 3.3 (Richter) registado e com epicentro a 50 km a Sudeste de Olh\u00e3o | Infocul.pt - Arquivo Digital\",\"breadcrumb\":{\"@id\":\"https:\\\/\\\/infocul.pt\\\/arquivo\\\/actualidade\\\/sismo-de-magnitude-3-3-richter-registado-e-com-epicentro-a-50-km-a-sudeste-de-olhao\\\/#breadcrumb\"},\"inLanguage\":\"pt-PT\",\"potentialAction\":[{\"@type\":\"ReadAction\",\"target\":[\"https:\\\/\\\/infocul.pt\\\/arquivo\\\/actualidade\\\/sismo-de-magnitude-3-3-richter-registado-e-com-epicentro-a-50-km-a-sudeste-de-olhao\\\/\"]}]},{\"@type\":\"ImageObject\",\"inLanguage\":\"pt-PT\",\"@id\":\"https:\\\/\\\/infocul.pt\\\/arquivo\\\/actualidade\\\/sismo-de-magnitude-3-3-richter-registado-e-com-epicentro-a-50-km-a-sudeste-de-olhao\\\/#primaryimage\",\"url\":\"https:\\\/\\\/infocul.pt\\\/arquivo\\\/wp-content\\\/uploads\\\/2018\\\/01\\\/sismo.png\",\"contentUrl\":\"https:\\\/\\\/infocul.pt\\\/arquivo\\\/wp-content\\\/uploads\\\/2018\\\/01\\\/sismo.png\",\"width\":640,\"height\":420},{\"@type\":\"BreadcrumbList\",\"@id\":\"https:\\\/\\\/infocul.pt\\\/arquivo\\\/actualidade\\\/sismo-de-magnitude-3-3-richter-registado-e-com-epicentro-a-50-km-a-sudeste-de-olhao\\\/#breadcrumb\",\"itemListElement\":[{\"@type\":\"ListItem\",\"position\":1,\"name\":\"Home\",\"item\":\"https:\\\/\\\/infocul.pt\\\/arquivo\\\/\"},{\"@type\":\"ListItem\",\"position\":2,\"name\":\"Sismo de magnitude 3.3 (Richter) registado e com epicentro a 50 km a Sudeste de Olh\u00e3o\"}]},{\"@type\":\"WebSite\",\"@id\":\"https:\\\/\\\/infocul.pt\\\/arquivo\\\/#website\",\"url\":\"https:\\\/\\\/infocul.pt\\\/arquivo\\\/\",\"name\":\"Infocul.pt - Arquivo Digital\",\"description\":\"Arquivo digital da Infocul.pt\",\"publisher\":{\"@id\":\"https:\\\/\\\/infocul.pt\\\/arquivo\\\/#organization\"},\"potentialAction\":[{\"@type\":\"SearchAction\",\"target\":{\"@type\":\"EntryPoint\",\"urlTemplate\":\"https:\\\/\\\/infocul.pt\\\/arquivo\\\/?s={search_term_string}\"},\"query-input\":{\"@type\":\"PropertyValueSpecification\",\"valueRequired\":true,\"valueName\":\"search_term_string\"}}],\"inLanguage\":\"pt-PT\"},{\"@type\":\"Organization\",\"@id\":\"https:\\\/\\\/infocul.pt\\\/arquivo\\\/#organization\",\"name\":\"Infocul.pt\",\"url\":\"https:\\\/\\\/infocul.pt\\\/arquivo\\\/\",\"logo\":{\"@type\":\"ImageObject\",\"inLanguage\":\"pt-PT\",\"@id\":\"https:\\\/\\\/infocul.pt\\\/arquivo\\\/#\\\/schema\\\/logo\\\/image\\\/\",\"url\":\"https:\\\/\\\/infocul.pt\\\/arquivo\\\/wp-content\\\/uploads\\\/2018\\\/12\\\/Infocul_logo-1.png\",\"contentUrl\":\"https:\\\/\\\/infocul.pt\\\/arquivo\\\/wp-content\\\/uploads\\\/2018\\\/12\\\/Infocul_logo-1.png\",\"width\":800,\"height\":800,\"caption\":\"Infocul.pt\"},\"image\":{\"@id\":\"https:\\\/\\\/infocul.pt\\\/arquivo\\\/#\\\/schema\\\/logo\\\/image\\\/\"},\"sameAs\":[\"https:\\\/\\\/www.facebook.com\\\/Infocul-147816815585015\\\/\",\"https:\\\/\\\/x.com\\\/Infoculpt\",\"http:\\\/\\\/www.pictaram.com\\\/user\\\/infocul.pt\\\/2370423710\",\"https:\\\/\\\/www.youtube.com\\\/channel\\\/UCYEB91AGI9FL9ek2i_IaQAA\"]},{\"@type\":\"Person\",\"@id\":\"https:\\\/\\\/infocul.pt\\\/arquivo\\\/#\\\/schema\\\/person\\\/f243f45ae8d67639120a7586884f3abc\",\"name\":\"Redac\u00e7\u00e3o\",\"image\":{\"@type\":\"ImageObject\",\"inLanguage\":\"pt-PT\",\"@id\":\"https:\\\/\\\/secure.gravatar.com\\\/avatar\\\/151b1b76c598ab5e749407223bd6c1bad4e41c4e95de3c3df83540ebee2deaf8?s=96&d=mm&r=g\",\"url\":\"https:\\\/\\\/secure.gravatar.com\\\/avatar\\\/151b1b76c598ab5e749407223bd6c1bad4e41c4e95de3c3df83540ebee2deaf8?s=96&d=mm&r=g\",\"contentUrl\":\"https:\\\/\\\/secure.gravatar.com\\\/avatar\\\/151b1b76c598ab5e749407223bd6c1bad4e41c4e95de3c3df83540ebee2deaf8?s=96&d=mm&r=g\",\"caption\":\"Redac\u00e7\u00e3o\"}}]}<\/script>\n<!-- \/ Yoast SEO plugin. -->","yoast_head_json":{"title":"Sismo de magnitude 3.3 (Richter) registado e com epicentro a 50 km a Sudeste de Olh\u00e3o | Infocul.pt - Arquivo Digital","description":"Sismo de magnitude 3.3 (Richter) registado e com epicentro a 50 km a Sudeste de Olh\u00e3o | Infocul.pt - Arquivo Digital","robots":{"index":"noindex","follow":"follow","max-snippet":"max-snippet:-1","max-image-preview":"max-image-preview:large","max-video-preview":"max-video-preview:-1"},"og_locale":"pt_PT","og_type":"article","og_title":"Sismo de magnitude 3.3 (Richter) registado e com epicentro a 50 km a Sudeste de Olh\u00e3o | Infocul.pt - Arquivo Digital","og_description":"Sismo de magnitude 3.3 (Richter) registado e com epicentro a 50 km a Sudeste de Olh\u00e3o | Infocul.pt - Arquivo Digital","og_url":"https:\/\/infocul.pt\/arquivo\/actualidade\/sismo-de-magnitude-3-3-richter-registado-e-com-epicentro-a-50-km-a-sudeste-de-olhao\/","og_site_name":"Infocul.pt - Arquivo Digital","article_publisher":"https:\/\/www.facebook.com\/Infocul-147816815585015\/","article_published_time":"2020-11-04T08:41:48+00:00","og_image":[{"width":640,"height":420,"url":"https:\/\/infocul.pt\/arquivo\/wp-content\/uploads\/2018\/01\/sismo.png","type":"image\/png"}],"author":"Redac\u00e7\u00e3o","twitter_card":"summary_large_image","twitter_creator":"@Infoculpt","twitter_site":"@Infoculpt","twitter_misc":{"Escrito por":"Redac\u00e7\u00e3o","Tempo estimado de leitura":"1 minuto"},"schema":{"@context":"https:\/\/schema.org","@graph":[{"@type":"Article","@id":"https:\/\/infocul.pt\/arquivo\/actualidade\/sismo-de-magnitude-3-3-richter-registado-e-com-epicentro-a-50-km-a-sudeste-de-olhao\/#article","isPartOf":{"@id":"https:\/\/infocul.pt\/arquivo\/actualidade\/sismo-de-magnitude-3-3-richter-registado-e-com-epicentro-a-50-km-a-sudeste-de-olhao\/"},"author":{"name":"Redac\u00e7\u00e3o","@id":"https:\/\/infocul.pt\/arquivo\/#\/schema\/person\/f243f45ae8d67639120a7586884f3abc"},"headline":"Sismo de magnitude 3.3 (Richter) registado e com epicentro a 50 km a Sudeste de Olh\u00e3o","datePublished":"2020-11-04T08:41:48+00:00","mainEntityOfPage":{"@id":"https:\/\/infocul.pt\/arquivo\/actualidade\/sismo-de-magnitude-3-3-richter-registado-e-com-epicentro-a-50-km-a-sudeste-de-olhao\/"},"wordCount":208,"commentCount":0,"publisher":{"@id":"https:\/\/infocul.pt\/arquivo\/#organization"},"image":{"@id":"https:\/\/infocul.pt\/arquivo\/actualidade\/sismo-de-magnitude-3-3-richter-registado-e-com-epicentro-a-50-km-a-sudeste-de-olhao\/#primaryimage"},"thumbnailUrl":"https:\/\/infocul.pt\/arquivo\/wp-content\/uploads\/2018\/01\/sismo.png","keywords":["IPMA","Olh\u00e3o"],"articleSection":["Actualidade","Pa\u00eds"],"inLanguage":"pt-PT"},{"@type":"WebPage","@id":"https:\/\/infocul.pt\/arquivo\/actualidade\/sismo-de-magnitude-3-3-richter-registado-e-com-epicentro-a-50-km-a-sudeste-de-olhao\/","url":"https:\/\/infocul.pt\/arquivo\/actualidade\/sismo-de-magnitude-3-3-richter-registado-e-com-epicentro-a-50-km-a-sudeste-de-olhao\/","name":"Sismo de magnitude 3.3 (Richter) registado e com epicentro a 50 km a Sudeste de Olh\u00e3o | Infocul.pt - Arquivo Digital","isPartOf":{"@id":"https:\/\/infocul.pt\/arquivo\/#website"},"primaryImageOfPage":{"@id":"https:\/\/infocul.pt\/arquivo\/actualidade\/sismo-de-magnitude-3-3-richter-registado-e-com-epicentro-a-50-km-a-sudeste-de-olhao\/#primaryimage"},"image":{"@id":"https:\/\/infocul.pt\/arquivo\/actualidade\/sismo-de-magnitude-3-3-richter-registado-e-com-epicentro-a-50-km-a-sudeste-de-olhao\/#primaryimage"},"thumbnailUrl":"https:\/\/infocul.pt\/arquivo\/wp-content\/uploads\/2018\/01\/sismo.png","datePublished":"2020-11-04T08:41:48+00:00","description":"Sismo de magnitude 3.3 (Richter) registado e com epicentro a 50 km a Sudeste de Olh\u00e3o | Infocul.pt - Arquivo Digital","breadcrumb":{"@id":"https:\/\/infocul.pt\/arquivo\/actualidade\/sismo-de-magnitude-3-3-richter-registado-e-com-epicentro-a-50-km-a-sudeste-de-olhao\/#breadcrumb"},"inLanguage":"pt-PT","potentialAction":[{"@type":"ReadAction","target":["https:\/\/infocul.pt\/arquivo\/actualidade\/sismo-de-magnitude-3-3-richter-registado-e-com-epicentro-a-50-km-a-sudeste-de-olhao\/"]}]},{"@type":"ImageObject","inLanguage":"pt-PT","@id":"https:\/\/infocul.pt\/arquivo\/actualidade\/sismo-de-magnitude-3-3-richter-registado-e-com-epicentro-a-50-km-a-sudeste-de-olhao\/#primaryimage","url":"https:\/\/infocul.pt\/arquivo\/wp-content\/uploads\/2018\/01\/sismo.png","contentUrl":"https:\/\/infocul.pt\/arquivo\/wp-content\/uploads\/2018\/01\/sismo.png","width":640,"height":420},{"@type":"BreadcrumbList","@id":"https:\/\/infocul.pt\/arquivo\/actualidade\/sismo-de-magnitude-3-3-richter-registado-e-com-epicentro-a-50-km-a-sudeste-de-olhao\/#breadcrumb","itemListElement":[{"@type":"ListItem","position":1,"name":"Home","item":"https:\/\/infocul.pt\/arquivo\/"},{"@type":"ListItem","position":2,"name":"Sismo de magnitude 3.3 (Richter) registado e com epicentro a 50 km a Sudeste de Olh\u00e3o"}]},{"@type":"WebSite","@id":"https:\/\/infocul.pt\/arquivo\/#website","url":"https:\/\/infocul.pt\/arquivo\/","name":"Infocul.pt - Arquivo Digital","description":"Arquivo digital da Infocul.pt","publisher":{"@id":"https:\/\/infocul.pt\/arquivo\/#organization"},"potentialAction":[{"@type":"SearchAction","target":{"@type":"EntryPoint","urlTemplate":"https:\/\/infocul.pt\/arquivo\/?s={search_term_string}"},"query-input":{"@type":"PropertyValueSpecification","valueRequired":true,"valueName":"search_term_string"}}],"inLanguage":"pt-PT"},{"@type":"Organization","@id":"https:\/\/infocul.pt\/arquivo\/#organization","name":"Infocul.pt","url":"https:\/\/infocul.pt\/arquivo\/","logo":{"@type":"ImageObject","inLanguage":"pt-PT","@id":"https:\/\/infocul.pt\/arquivo\/#\/schema\/logo\/image\/","url":"https:\/\/infocul.pt\/arquivo\/wp-content\/uploads\/2018\/12\/Infocul_logo-1.png","contentUrl":"https:\/\/infocul.pt\/arquivo\/wp-content\/uploads\/2018\/12\/Infocul_logo-1.png","width":800,"height":800,"caption":"Infocul.pt"},"image":{"@id":"https:\/\/infocul.pt\/arquivo\/#\/schema\/logo\/image\/"},"sameAs":["https:\/\/www.facebook.com\/Infocul-147816815585015\/","https:\/\/x.com\/Infoculpt","http:\/\/www.pictaram.com\/user\/infocul.pt\/2370423710","https:\/\/www.youtube.com\/channel\/UCYEB91AGI9FL9ek2i_IaQAA"]},{"@type":"Person","@id":"https:\/\/infocul.pt\/arquivo\/#\/schema\/person\/f243f45ae8d67639120a7586884f3abc","name":"Redac\u00e7\u00e3o","image":{"@type":"ImageObject","inLanguage":"pt-PT","@id":"https:\/\/secure.gravatar.com\/avatar\/151b1b76c598ab5e749407223bd6c1bad4e41c4e95de3c3df83540ebee2deaf8?s=96&d=mm&r=g","url":"https:\/\/secure.gravatar.com\/avatar\/151b1b76c598ab5e749407223bd6c1bad4e41c4e95de3c3df83540ebee2deaf8?s=96&d=mm&r=g","contentUrl":"https:\/\/secure.gravatar.com\/avatar\/151b1b76c598ab5e749407223bd6c1bad4e41c4e95de3c3df83540ebee2deaf8?s=96&d=mm&r=g","caption":"Redac\u00e7\u00e3o"}}]}},"_links":{"self":[{"href":"https:\/\/infocul.pt\/arquivo\/wp-json\/wp\/v2\/posts\/85088","targetHints":{"allow":["GET"]}}],"collection":[{"href":"https:\/\/infocul.pt\/arquivo\/wp-json\/wp\/v2\/posts"}],"about":[{"href":"https:\/\/infocul.pt\/arquivo\/wp-json\/wp\/v2\/types\/post"}],"author":[{"embeddable":true,"href":"https:\/\/infocul.pt\/arquivo\/wp-json\/wp\/v2\/users\/13"}],"replies":[{"embeddable":true,"href":"https:\/\/infocul.pt\/arquivo\/wp-json\/wp\/v2\/comments?post=85088"}],"version-history":[{"count":0,"href":"https:\/\/infocul.pt\/arquivo\/wp-json\/wp\/v2\/posts\/85088\/revisions"}],"wp:featuredmedia":[{"embeddable":true,"href":"https:\/\/infocul.pt\/arquivo\/wp-json\/wp\/v2\/media\/36494"}],"wp:attachment":[{"href":"https:\/\/infocul.pt\/arquivo\/wp-json\/wp\/v2\/media?parent=85088"}],"wp:term":[{"taxonomy":"category","embeddable":true,"href":"https:\/\/infocul.pt\/arquivo\/wp-json\/wp\/v2\/categories?post=85088"},{"taxonomy":"post_tag","embeddable":true,"href":"https:\/\/infocul.pt\/arquivo\/wp-json\/wp\/v2\/tags?post=85088"}],"curies":[{"name":"wp","href":"https:\/\/api.w.org\/{rel}","templated":true}]}}