{"id":85402,"date":"2020-11-09T09:20:06","date_gmt":"2020-11-09T09:20:06","guid":{"rendered":"https:\/\/infocul.pt\/?p=85402"},"modified":"2020-11-09T09:20:06","modified_gmt":"2020-11-09T09:20:06","slug":"amar-querer-acreditar-e-o-novo-single-de-santamaria-e-conta-com-participacao-especial","status":"publish","type":"post","link":"https:\/\/infocul.pt\/arquivo\/cultura\/amar-querer-acreditar-e-o-novo-single-de-santamaria-e-conta-com-participacao-especial\/","title":{"rendered":"&#8216;Amar Querer Acreditar&#8217; \u00e9 o novo single de Santamaria e conta com participa\u00e7\u00e3o especial"},"content":{"rendered":"<p><img decoding=\"async\" class=\"aligncenter wp-image-85404 size-full lazyload\" data-src=\"https:\/\/infocul.pt\/arquivo\/wp-content\/uploads\/2020\/11\/unnamed-7.png\" alt=\"\" width=\"649\" height=\"643\" data-srcset=\"https:\/\/infocul.pt\/arquivo\/wp-content\/uploads\/2020\/11\/unnamed-7.png 649w, https:\/\/infocul.pt\/arquivo\/wp-content\/uploads\/2020\/11\/unnamed-7-300x297.png 300w, https:\/\/infocul.pt\/arquivo\/wp-content\/uploads\/2020\/11\/unnamed-7-150x150.png 150w\" data-sizes=\"(max-width: 649px) 100vw, 649px\" src=\"data:image\/svg+xml;base64,PHN2ZyB3aWR0aD0iMSIgaGVpZ2h0PSIxIiB4bWxucz0iaHR0cDovL3d3dy53My5vcmcvMjAwMC9zdmciPjwvc3ZnPg==\" style=\"--smush-placeholder-width: 649px; --smush-placeholder-aspect-ratio: 649\/643;\" \/><\/p>\n<p>&#8216;Amar Querer Acreditar&#8217; \u00e9 o mais recente single de Santamaria.<!--more--><\/p>\n<p>A banda liderada por Filipa Lemos apresenta um single que &#8220;<strong>retrata muitos dos sentimentos que, hoje em dia, temos \u00e0 flor da pele e, que como tem sido habitual por parte da banda, \u00e9 retratado nas palavras dos seus temas&#8221;<\/strong>.<\/p>\n<p>&#8220;Este ano dif\u00edcil para a Cultura, permitiu que a inspira\u00e7\u00e3o se revelasse um pouco a medo mas, com muitas surpresas. A participa\u00e7\u00e3o especial de uma segunda gera\u00e7\u00e3o orgulha-nos profundamente, sobretudo porque a caminhada, j\u00e1 longa, n\u00e3o lhes \u00e9 indiferente. O sonho comandar\u00e1 sempre a vida&#8221;, refere ainda o comunicado.<\/p>\n<p>A filha de Filipa Lemos, Maria Jo\u00e3o,\u00a0 partilha, pela primeira vez, a g\u00e9nese musical da fam\u00edlia Santamaria.<\/p>\n<p><iframe title=\"Santamaria - Amar Querer Acreditar\" width=\"500\" height=\"281\" data-src=\"https:\/\/www.youtube.com\/embed\/JECxY0PTFAI?feature=oembed\" frameborder=\"0\" allow=\"accelerometer; autoplay; clipboard-write; encrypted-media; gyroscope; picture-in-picture; web-share\" referrerpolicy=\"strict-origin-when-cross-origin\" allowfullscreen src=\"data:image\/svg+xml;base64,PHN2ZyB3aWR0aD0iMSIgaGVpZ2h0PSIxIiB4bWxucz0iaHR0cDovL3d3dy53My5vcmcvMjAwMC9zdmciPjwvc3ZnPg==\" class=\"lazyload\" data-load-mode=\"1\"><\/iframe><\/p>\n","protected":false},"excerpt":{"rendered":"<p>&#8216;Amar Querer Acreditar&#8217; \u00e9 o mais recente single de Santamaria.<\/p>\n","protected":false},"author":13,"featured_media":85404,"comment_status":"open","ping_status":"closed","sticky":false,"template":"","format":"standard","meta":{"footnotes":""},"categories":[2,4],"tags":[3001],"class_list":["post-85402","post","type-post","status-publish","format-standard","has-post-thumbnail","hentry","category-cultura","category-discos","tag-santamaria"],"yoast_head":"<!-- This site is optimized with the Yoast SEO plugin v27.4 - https:\/\/yoast.com\/product\/yoast-seo-wordpress\/ -->\n<title>&#039;Amar Querer Acreditar&#039; \u00e9 o novo single de Santamaria e conta com participa\u00e7\u00e3o especial | Infocul.pt - Arquivo Digital<\/title>\n<meta name=\"description\" content=\"&#039;Amar Querer Acreditar&#039; \u00e9 o novo single de Santamaria e conta com participa\u00e7\u00e3o especial | Infocul.pt - Arquivo Digital\" \/>\n<meta name=\"robots\" content=\"noindex, follow, max-snippet:-1, max-image-preview:large, max-video-preview:-1\" \/>\n<meta property=\"og:locale\" content=\"pt_PT\" \/>\n<meta property=\"og:type\" content=\"article\" \/>\n<meta property=\"og:title\" content=\"&#039;Amar Querer Acreditar&#039; \u00e9 o novo single de Santamaria e conta com participa\u00e7\u00e3o especial | Infocul.pt - Arquivo Digital\" \/>\n<meta property=\"og:description\" content=\"&#039;Amar Querer Acreditar&#039; \u00e9 o novo single de Santamaria e conta com participa\u00e7\u00e3o especial | Infocul.pt - Arquivo Digital\" \/>\n<meta property=\"og:url\" content=\"https:\/\/infocul.pt\/arquivo\/cultura\/amar-querer-acreditar-e-o-novo-single-de-santamaria-e-conta-com-participacao-especial\/\" \/>\n<meta property=\"og:site_name\" content=\"Infocul.pt - Arquivo Digital\" \/>\n<meta property=\"article:publisher\" content=\"https:\/\/www.facebook.com\/Infocul-147816815585015\/\" \/>\n<meta property=\"article:published_time\" content=\"2020-11-09T09:20:06+00:00\" \/>\n<meta property=\"og:image\" content=\"https:\/\/infocul.pt\/arquivo\/wp-content\/uploads\/2020\/11\/unnamed-7.png\" \/>\n\t<meta property=\"og:image:width\" content=\"649\" \/>\n\t<meta property=\"og:image:height\" content=\"643\" \/>\n\t<meta property=\"og:image:type\" content=\"image\/png\" \/>\n<meta name=\"author\" content=\"Redac\u00e7\u00e3o\" \/>\n<meta name=\"twitter:card\" content=\"summary_large_image\" \/>\n<meta name=\"twitter:creator\" content=\"@Infoculpt\" \/>\n<meta name=\"twitter:site\" content=\"@Infoculpt\" \/>\n<meta name=\"twitter:label1\" content=\"Escrito por\" \/>\n\t<meta name=\"twitter:data1\" content=\"Redac\u00e7\u00e3o\" \/>\n\t<meta name=\"twitter:label2\" content=\"Tempo estimado de leitura\" \/>\n\t<meta name=\"twitter:data2\" content=\"1 minuto\" \/>\n<script type=\"application\/ld+json\" class=\"yoast-schema-graph\">{\"@context\":\"https:\\\/\\\/schema.org\",\"@graph\":[{\"@type\":\"Article\",\"@id\":\"https:\\\/\\\/infocul.pt\\\/arquivo\\\/cultura\\\/amar-querer-acreditar-e-o-novo-single-de-santamaria-e-conta-com-participacao-especial\\\/#article\",\"isPartOf\":{\"@id\":\"https:\\\/\\\/infocul.pt\\\/arquivo\\\/cultura\\\/amar-querer-acreditar-e-o-novo-single-de-santamaria-e-conta-com-participacao-especial\\\/\"},\"author\":{\"name\":\"Redac\u00e7\u00e3o\",\"@id\":\"https:\\\/\\\/infocul.pt\\\/arquivo\\\/#\\\/schema\\\/person\\\/f243f45ae8d67639120a7586884f3abc\"},\"headline\":\"&#8216;Amar Querer Acreditar&#8217; \u00e9 o novo single de Santamaria e conta com participa\u00e7\u00e3o especial\",\"datePublished\":\"2020-11-09T09:20:06+00:00\",\"mainEntityOfPage\":{\"@id\":\"https:\\\/\\\/infocul.pt\\\/arquivo\\\/cultura\\\/amar-querer-acreditar-e-o-novo-single-de-santamaria-e-conta-com-participacao-especial\\\/\"},\"wordCount\":146,\"commentCount\":0,\"publisher\":{\"@id\":\"https:\\\/\\\/infocul.pt\\\/arquivo\\\/#organization\"},\"image\":{\"@id\":\"https:\\\/\\\/infocul.pt\\\/arquivo\\\/cultura\\\/amar-querer-acreditar-e-o-novo-single-de-santamaria-e-conta-com-participacao-especial\\\/#primaryimage\"},\"thumbnailUrl\":\"https:\\\/\\\/infocul.pt\\\/arquivo\\\/wp-content\\\/uploads\\\/2020\\\/11\\\/unnamed-7.png\",\"keywords\":[\"Santamaria\"],\"articleSection\":[\"Cultura\",\"Discos\"],\"inLanguage\":\"pt-PT\"},{\"@type\":\"WebPage\",\"@id\":\"https:\\\/\\\/infocul.pt\\\/arquivo\\\/cultura\\\/amar-querer-acreditar-e-o-novo-single-de-santamaria-e-conta-com-participacao-especial\\\/\",\"url\":\"https:\\\/\\\/infocul.pt\\\/arquivo\\\/cultura\\\/amar-querer-acreditar-e-o-novo-single-de-santamaria-e-conta-com-participacao-especial\\\/\",\"name\":\"'Amar Querer Acreditar' \u00e9 o novo single de Santamaria e conta com participa\u00e7\u00e3o especial | Infocul.pt - Arquivo Digital\",\"isPartOf\":{\"@id\":\"https:\\\/\\\/infocul.pt\\\/arquivo\\\/#website\"},\"primaryImageOfPage\":{\"@id\":\"https:\\\/\\\/infocul.pt\\\/arquivo\\\/cultura\\\/amar-querer-acreditar-e-o-novo-single-de-santamaria-e-conta-com-participacao-especial\\\/#primaryimage\"},\"image\":{\"@id\":\"https:\\\/\\\/infocul.pt\\\/arquivo\\\/cultura\\\/amar-querer-acreditar-e-o-novo-single-de-santamaria-e-conta-com-participacao-especial\\\/#primaryimage\"},\"thumbnailUrl\":\"https:\\\/\\\/infocul.pt\\\/arquivo\\\/wp-content\\\/uploads\\\/2020\\\/11\\\/unnamed-7.png\",\"datePublished\":\"2020-11-09T09:20:06+00:00\",\"description\":\"'Amar Querer Acreditar' \u00e9 o novo single de Santamaria e conta com participa\u00e7\u00e3o especial | Infocul.pt - Arquivo Digital\",\"breadcrumb\":{\"@id\":\"https:\\\/\\\/infocul.pt\\\/arquivo\\\/cultura\\\/amar-querer-acreditar-e-o-novo-single-de-santamaria-e-conta-com-participacao-especial\\\/#breadcrumb\"},\"inLanguage\":\"pt-PT\",\"potentialAction\":[{\"@type\":\"ReadAction\",\"target\":[\"https:\\\/\\\/infocul.pt\\\/arquivo\\\/cultura\\\/amar-querer-acreditar-e-o-novo-single-de-santamaria-e-conta-com-participacao-especial\\\/\"]}]},{\"@type\":\"ImageObject\",\"inLanguage\":\"pt-PT\",\"@id\":\"https:\\\/\\\/infocul.pt\\\/arquivo\\\/cultura\\\/amar-querer-acreditar-e-o-novo-single-de-santamaria-e-conta-com-participacao-especial\\\/#primaryimage\",\"url\":\"https:\\\/\\\/infocul.pt\\\/arquivo\\\/wp-content\\\/uploads\\\/2020\\\/11\\\/unnamed-7.png\",\"contentUrl\":\"https:\\\/\\\/infocul.pt\\\/arquivo\\\/wp-content\\\/uploads\\\/2020\\\/11\\\/unnamed-7.png\",\"width\":649,\"height\":643},{\"@type\":\"BreadcrumbList\",\"@id\":\"https:\\\/\\\/infocul.pt\\\/arquivo\\\/cultura\\\/amar-querer-acreditar-e-o-novo-single-de-santamaria-e-conta-com-participacao-especial\\\/#breadcrumb\",\"itemListElement\":[{\"@type\":\"ListItem\",\"position\":1,\"name\":\"Home\",\"item\":\"https:\\\/\\\/infocul.pt\\\/arquivo\\\/\"},{\"@type\":\"ListItem\",\"position\":2,\"name\":\"&#8216;Amar Querer Acreditar&#8217; \u00e9 o novo single de Santamaria e conta com participa\u00e7\u00e3o especial\"}]},{\"@type\":\"WebSite\",\"@id\":\"https:\\\/\\\/infocul.pt\\\/arquivo\\\/#website\",\"url\":\"https:\\\/\\\/infocul.pt\\\/arquivo\\\/\",\"name\":\"Infocul.pt - Arquivo Digital\",\"description\":\"Arquivo digital da Infocul.pt\",\"publisher\":{\"@id\":\"https:\\\/\\\/infocul.pt\\\/arquivo\\\/#organization\"},\"potentialAction\":[{\"@type\":\"SearchAction\",\"target\":{\"@type\":\"EntryPoint\",\"urlTemplate\":\"https:\\\/\\\/infocul.pt\\\/arquivo\\\/?s={search_term_string}\"},\"query-input\":{\"@type\":\"PropertyValueSpecification\",\"valueRequired\":true,\"valueName\":\"search_term_string\"}}],\"inLanguage\":\"pt-PT\"},{\"@type\":\"Organization\",\"@id\":\"https:\\\/\\\/infocul.pt\\\/arquivo\\\/#organization\",\"name\":\"Infocul.pt\",\"url\":\"https:\\\/\\\/infocul.pt\\\/arquivo\\\/\",\"logo\":{\"@type\":\"ImageObject\",\"inLanguage\":\"pt-PT\",\"@id\":\"https:\\\/\\\/infocul.pt\\\/arquivo\\\/#\\\/schema\\\/logo\\\/image\\\/\",\"url\":\"https:\\\/\\\/infocul.pt\\\/arquivo\\\/wp-content\\\/uploads\\\/2018\\\/12\\\/Infocul_logo-1.png\",\"contentUrl\":\"https:\\\/\\\/infocul.pt\\\/arquivo\\\/wp-content\\\/uploads\\\/2018\\\/12\\\/Infocul_logo-1.png\",\"width\":800,\"height\":800,\"caption\":\"Infocul.pt\"},\"image\":{\"@id\":\"https:\\\/\\\/infocul.pt\\\/arquivo\\\/#\\\/schema\\\/logo\\\/image\\\/\"},\"sameAs\":[\"https:\\\/\\\/www.facebook.com\\\/Infocul-147816815585015\\\/\",\"https:\\\/\\\/x.com\\\/Infoculpt\",\"http:\\\/\\\/www.pictaram.com\\\/user\\\/infocul.pt\\\/2370423710\",\"https:\\\/\\\/www.youtube.com\\\/channel\\\/UCYEB91AGI9FL9ek2i_IaQAA\"]},{\"@type\":\"Person\",\"@id\":\"https:\\\/\\\/infocul.pt\\\/arquivo\\\/#\\\/schema\\\/person\\\/f243f45ae8d67639120a7586884f3abc\",\"name\":\"Redac\u00e7\u00e3o\",\"image\":{\"@type\":\"ImageObject\",\"inLanguage\":\"pt-PT\",\"@id\":\"https:\\\/\\\/secure.gravatar.com\\\/avatar\\\/151b1b76c598ab5e749407223bd6c1bad4e41c4e95de3c3df83540ebee2deaf8?s=96&d=mm&r=g\",\"url\":\"https:\\\/\\\/secure.gravatar.com\\\/avatar\\\/151b1b76c598ab5e749407223bd6c1bad4e41c4e95de3c3df83540ebee2deaf8?s=96&d=mm&r=g\",\"contentUrl\":\"https:\\\/\\\/secure.gravatar.com\\\/avatar\\\/151b1b76c598ab5e749407223bd6c1bad4e41c4e95de3c3df83540ebee2deaf8?s=96&d=mm&r=g\",\"caption\":\"Redac\u00e7\u00e3o\"}}]}<\/script>\n<!-- \/ Yoast SEO plugin. -->","yoast_head_json":{"title":"'Amar Querer Acreditar' \u00e9 o novo single de Santamaria e conta com participa\u00e7\u00e3o especial | Infocul.pt - Arquivo Digital","description":"'Amar Querer Acreditar' \u00e9 o novo single de Santamaria e conta com participa\u00e7\u00e3o especial | Infocul.pt - Arquivo Digital","robots":{"index":"noindex","follow":"follow","max-snippet":"max-snippet:-1","max-image-preview":"max-image-preview:large","max-video-preview":"max-video-preview:-1"},"og_locale":"pt_PT","og_type":"article","og_title":"'Amar Querer Acreditar' \u00e9 o novo single de Santamaria e conta com participa\u00e7\u00e3o especial | Infocul.pt - Arquivo Digital","og_description":"'Amar Querer Acreditar' \u00e9 o novo single de Santamaria e conta com participa\u00e7\u00e3o especial | Infocul.pt - Arquivo Digital","og_url":"https:\/\/infocul.pt\/arquivo\/cultura\/amar-querer-acreditar-e-o-novo-single-de-santamaria-e-conta-com-participacao-especial\/","og_site_name":"Infocul.pt - Arquivo Digital","article_publisher":"https:\/\/www.facebook.com\/Infocul-147816815585015\/","article_published_time":"2020-11-09T09:20:06+00:00","og_image":[{"width":649,"height":643,"url":"https:\/\/infocul.pt\/arquivo\/wp-content\/uploads\/2020\/11\/unnamed-7.png","type":"image\/png"}],"author":"Redac\u00e7\u00e3o","twitter_card":"summary_large_image","twitter_creator":"@Infoculpt","twitter_site":"@Infoculpt","twitter_misc":{"Escrito por":"Redac\u00e7\u00e3o","Tempo estimado de leitura":"1 minuto"},"schema":{"@context":"https:\/\/schema.org","@graph":[{"@type":"Article","@id":"https:\/\/infocul.pt\/arquivo\/cultura\/amar-querer-acreditar-e-o-novo-single-de-santamaria-e-conta-com-participacao-especial\/#article","isPartOf":{"@id":"https:\/\/infocul.pt\/arquivo\/cultura\/amar-querer-acreditar-e-o-novo-single-de-santamaria-e-conta-com-participacao-especial\/"},"author":{"name":"Redac\u00e7\u00e3o","@id":"https:\/\/infocul.pt\/arquivo\/#\/schema\/person\/f243f45ae8d67639120a7586884f3abc"},"headline":"&#8216;Amar Querer Acreditar&#8217; \u00e9 o novo single de Santamaria e conta com participa\u00e7\u00e3o especial","datePublished":"2020-11-09T09:20:06+00:00","mainEntityOfPage":{"@id":"https:\/\/infocul.pt\/arquivo\/cultura\/amar-querer-acreditar-e-o-novo-single-de-santamaria-e-conta-com-participacao-especial\/"},"wordCount":146,"commentCount":0,"publisher":{"@id":"https:\/\/infocul.pt\/arquivo\/#organization"},"image":{"@id":"https:\/\/infocul.pt\/arquivo\/cultura\/amar-querer-acreditar-e-o-novo-single-de-santamaria-e-conta-com-participacao-especial\/#primaryimage"},"thumbnailUrl":"https:\/\/infocul.pt\/arquivo\/wp-content\/uploads\/2020\/11\/unnamed-7.png","keywords":["Santamaria"],"articleSection":["Cultura","Discos"],"inLanguage":"pt-PT"},{"@type":"WebPage","@id":"https:\/\/infocul.pt\/arquivo\/cultura\/amar-querer-acreditar-e-o-novo-single-de-santamaria-e-conta-com-participacao-especial\/","url":"https:\/\/infocul.pt\/arquivo\/cultura\/amar-querer-acreditar-e-o-novo-single-de-santamaria-e-conta-com-participacao-especial\/","name":"'Amar Querer Acreditar' \u00e9 o novo single de Santamaria e conta com participa\u00e7\u00e3o especial | Infocul.pt - Arquivo Digital","isPartOf":{"@id":"https:\/\/infocul.pt\/arquivo\/#website"},"primaryImageOfPage":{"@id":"https:\/\/infocul.pt\/arquivo\/cultura\/amar-querer-acreditar-e-o-novo-single-de-santamaria-e-conta-com-participacao-especial\/#primaryimage"},"image":{"@id":"https:\/\/infocul.pt\/arquivo\/cultura\/amar-querer-acreditar-e-o-novo-single-de-santamaria-e-conta-com-participacao-especial\/#primaryimage"},"thumbnailUrl":"https:\/\/infocul.pt\/arquivo\/wp-content\/uploads\/2020\/11\/unnamed-7.png","datePublished":"2020-11-09T09:20:06+00:00","description":"'Amar Querer Acreditar' \u00e9 o novo single de Santamaria e conta com participa\u00e7\u00e3o especial | Infocul.pt - Arquivo Digital","breadcrumb":{"@id":"https:\/\/infocul.pt\/arquivo\/cultura\/amar-querer-acreditar-e-o-novo-single-de-santamaria-e-conta-com-participacao-especial\/#breadcrumb"},"inLanguage":"pt-PT","potentialAction":[{"@type":"ReadAction","target":["https:\/\/infocul.pt\/arquivo\/cultura\/amar-querer-acreditar-e-o-novo-single-de-santamaria-e-conta-com-participacao-especial\/"]}]},{"@type":"ImageObject","inLanguage":"pt-PT","@id":"https:\/\/infocul.pt\/arquivo\/cultura\/amar-querer-acreditar-e-o-novo-single-de-santamaria-e-conta-com-participacao-especial\/#primaryimage","url":"https:\/\/infocul.pt\/arquivo\/wp-content\/uploads\/2020\/11\/unnamed-7.png","contentUrl":"https:\/\/infocul.pt\/arquivo\/wp-content\/uploads\/2020\/11\/unnamed-7.png","width":649,"height":643},{"@type":"BreadcrumbList","@id":"https:\/\/infocul.pt\/arquivo\/cultura\/amar-querer-acreditar-e-o-novo-single-de-santamaria-e-conta-com-participacao-especial\/#breadcrumb","itemListElement":[{"@type":"ListItem","position":1,"name":"Home","item":"https:\/\/infocul.pt\/arquivo\/"},{"@type":"ListItem","position":2,"name":"&#8216;Amar Querer Acreditar&#8217; \u00e9 o novo single de Santamaria e conta com participa\u00e7\u00e3o especial"}]},{"@type":"WebSite","@id":"https:\/\/infocul.pt\/arquivo\/#website","url":"https:\/\/infocul.pt\/arquivo\/","name":"Infocul.pt - Arquivo Digital","description":"Arquivo digital da Infocul.pt","publisher":{"@id":"https:\/\/infocul.pt\/arquivo\/#organization"},"potentialAction":[{"@type":"SearchAction","target":{"@type":"EntryPoint","urlTemplate":"https:\/\/infocul.pt\/arquivo\/?s={search_term_string}"},"query-input":{"@type":"PropertyValueSpecification","valueRequired":true,"valueName":"search_term_string"}}],"inLanguage":"pt-PT"},{"@type":"Organization","@id":"https:\/\/infocul.pt\/arquivo\/#organization","name":"Infocul.pt","url":"https:\/\/infocul.pt\/arquivo\/","logo":{"@type":"ImageObject","inLanguage":"pt-PT","@id":"https:\/\/infocul.pt\/arquivo\/#\/schema\/logo\/image\/","url":"https:\/\/infocul.pt\/arquivo\/wp-content\/uploads\/2018\/12\/Infocul_logo-1.png","contentUrl":"https:\/\/infocul.pt\/arquivo\/wp-content\/uploads\/2018\/12\/Infocul_logo-1.png","width":800,"height":800,"caption":"Infocul.pt"},"image":{"@id":"https:\/\/infocul.pt\/arquivo\/#\/schema\/logo\/image\/"},"sameAs":["https:\/\/www.facebook.com\/Infocul-147816815585015\/","https:\/\/x.com\/Infoculpt","http:\/\/www.pictaram.com\/user\/infocul.pt\/2370423710","https:\/\/www.youtube.com\/channel\/UCYEB91AGI9FL9ek2i_IaQAA"]},{"@type":"Person","@id":"https:\/\/infocul.pt\/arquivo\/#\/schema\/person\/f243f45ae8d67639120a7586884f3abc","name":"Redac\u00e7\u00e3o","image":{"@type":"ImageObject","inLanguage":"pt-PT","@id":"https:\/\/secure.gravatar.com\/avatar\/151b1b76c598ab5e749407223bd6c1bad4e41c4e95de3c3df83540ebee2deaf8?s=96&d=mm&r=g","url":"https:\/\/secure.gravatar.com\/avatar\/151b1b76c598ab5e749407223bd6c1bad4e41c4e95de3c3df83540ebee2deaf8?s=96&d=mm&r=g","contentUrl":"https:\/\/secure.gravatar.com\/avatar\/151b1b76c598ab5e749407223bd6c1bad4e41c4e95de3c3df83540ebee2deaf8?s=96&d=mm&r=g","caption":"Redac\u00e7\u00e3o"}}]}},"_links":{"self":[{"href":"https:\/\/infocul.pt\/arquivo\/wp-json\/wp\/v2\/posts\/85402","targetHints":{"allow":["GET"]}}],"collection":[{"href":"https:\/\/infocul.pt\/arquivo\/wp-json\/wp\/v2\/posts"}],"about":[{"href":"https:\/\/infocul.pt\/arquivo\/wp-json\/wp\/v2\/types\/post"}],"author":[{"embeddable":true,"href":"https:\/\/infocul.pt\/arquivo\/wp-json\/wp\/v2\/users\/13"}],"replies":[{"embeddable":true,"href":"https:\/\/infocul.pt\/arquivo\/wp-json\/wp\/v2\/comments?post=85402"}],"version-history":[{"count":0,"href":"https:\/\/infocul.pt\/arquivo\/wp-json\/wp\/v2\/posts\/85402\/revisions"}],"wp:featuredmedia":[{"embeddable":true,"href":"https:\/\/infocul.pt\/arquivo\/wp-json\/wp\/v2\/media\/85404"}],"wp:attachment":[{"href":"https:\/\/infocul.pt\/arquivo\/wp-json\/wp\/v2\/media?parent=85402"}],"wp:term":[{"taxonomy":"category","embeddable":true,"href":"https:\/\/infocul.pt\/arquivo\/wp-json\/wp\/v2\/categories?post=85402"},{"taxonomy":"post_tag","embeddable":true,"href":"https:\/\/infocul.pt\/arquivo\/wp-json\/wp\/v2\/tags?post=85402"}],"curies":[{"name":"wp","href":"https:\/\/api.w.org\/{rel}","templated":true}]}}