{"id":86393,"date":"2020-11-14T17:40:21","date_gmt":"2020-11-14T17:40:21","guid":{"rendered":"https:\/\/infocul.pt\/?p=86393"},"modified":"2020-11-14T17:40:21","modified_gmt":"2020-11-14T17:40:21","slug":"susa-e-o-mais-recente-tema-de-maja-milinkovic","status":"publish","type":"post","link":"https:\/\/infocul.pt\/arquivo\/cultura\/susa-e-o-mais-recente-tema-de-maja-milinkovic\/","title":{"rendered":"\u201cSu\u0161a\u201d \u00e9 o mais recente tema de Maja Milinkovi\u0107"},"content":{"rendered":"<p><img decoding=\"async\" class=\"aligncenter wp-image-86395 size-large lazyload\" data-src=\"https:\/\/infocul.pt\/arquivo\/wp-content\/uploads\/2020\/11\/maja-1024x540.jpg\" alt=\"\" width=\"800\" height=\"422\" data-srcset=\"https:\/\/infocul.pt\/arquivo\/wp-content\/uploads\/2020\/11\/maja.jpg 1024w, https:\/\/infocul.pt\/arquivo\/wp-content\/uploads\/2020\/11\/maja-300x158.jpg 300w, https:\/\/infocul.pt\/arquivo\/wp-content\/uploads\/2020\/11\/maja-768x405.jpg 768w, https:\/\/infocul.pt\/arquivo\/wp-content\/uploads\/2020\/11\/maja-390x205.jpg 390w\" data-sizes=\"(max-width: 800px) 100vw, 800px\" src=\"data:image\/svg+xml;base64,PHN2ZyB3aWR0aD0iMSIgaGVpZ2h0PSIxIiB4bWxucz0iaHR0cDovL3d3dy53My5vcmcvMjAwMC9zdmciPjwvc3ZnPg==\" style=\"--smush-placeholder-width: 800px; --smush-placeholder-aspect-ratio: 800\/422;\" \/><\/p>\n<p>\u201cSu\u0161a\u201d \u00e9 o mais recente tema de\u00a0Maja Milinkovi\u0107, tendo o v\u00eddeoclip sido lan\u00e7ado esta semana.<!--more--><\/p>\n<p>&#8220;<strong>De repente, fomos obrigados a desacelerar o ritmo das nossas vidas, a olhar em redor e, principalmente, para dentro de n\u00f3s mesmos. Esta desacelera\u00e7\u00e3o \u201cfor\u00e7ada\u201d, levou-nos tamb\u00e9m a adquirir uma maior consci\u00eancia sobre a sobreviv\u00eancia do nosso planeta, tal como o conhecemos<\/strong>&#8220;, refere o comunicado que apresenta o tema.<\/p>\n<p>O tema tem m\u00fasica e letra de Maja Milinkovi\u0107,\u00a0 os arranjos s\u00e3o de Lu\u00eds Coelho na guitarra portuguesa, de Carlos Vi\u00e7oso na guitarra ac\u00fastica e Carlos Menezes no contrabaixo.<\/p>\n<p>&#8220;<strong>O tema foi gravado, respeitando todas as regras de seguran\u00e7a em tempos de pandemia, nos est\u00fadios da Atl\u00e2ntico Blue Studios<\/strong>&#8220;, refere ainda o comunicado..<\/p>\n<p>&#8220;<em><strong>Fiel ao seu prop\u00f3sito de unir culturas atrav\u00e9s do seu trabalho, a tradu\u00e7\u00e3o para portugu\u00eas da letra da nova can\u00e7\u00e3o integra o roteiro do v\u00eddeo, numa inspirada dire\u00e7\u00e3o da realizadora portuguesa Cristina Verd\u00fa, que optou por uma abordagem totalmente minimalista na ilustra\u00e7\u00e3o da mensagem do tema \u201cSu\u0161a\u201d (que em portugu\u00eas se pronuncia sucha)<\/strong><\/em>&#8220;, remata o comunicado.<\/p>\n<p><iframe title=\"Maja Milinkovi\u0107 - Su\u0161a\" width=\"500\" height=\"281\" data-src=\"https:\/\/www.youtube.com\/embed\/Mecghsg_MN8?feature=oembed\" frameborder=\"0\" allow=\"accelerometer; autoplay; clipboard-write; encrypted-media; gyroscope; picture-in-picture; web-share\" referrerpolicy=\"strict-origin-when-cross-origin\" allowfullscreen src=\"data:image\/svg+xml;base64,PHN2ZyB3aWR0aD0iMSIgaGVpZ2h0PSIxIiB4bWxucz0iaHR0cDovL3d3dy53My5vcmcvMjAwMC9zdmciPjwvc3ZnPg==\" class=\"lazyload\" data-load-mode=\"1\"><\/iframe><\/p>\n<p>&nbsp;<\/p>\n","protected":false},"excerpt":{"rendered":"<p>\u201cSu\u0161a\u201d \u00e9 o mais recente tema de\u00a0Maja Milinkovi\u0107, tendo o v\u00eddeoclip sido lan\u00e7ado esta semana.<\/p>\n","protected":false},"author":13,"featured_media":86395,"comment_status":"open","ping_status":"closed","sticky":false,"template":"","format":"standard","meta":{"footnotes":""},"categories":[2,4],"tags":[8550],"class_list":["post-86393","post","type-post","status-publish","format-standard","has-post-thumbnail","hentry","category-cultura","category-discos","tag-maja-milinkovic"],"yoast_head":"<!-- This site is optimized with the Yoast SEO plugin v27.5 - https:\/\/yoast.com\/product\/yoast-seo-wordpress\/ -->\n<title>\u201cSu\u0161a\u201d \u00e9 o mais recente tema de Maja Milinkovi\u0107 | Infocul.pt - Arquivo Digital<\/title>\n<meta name=\"description\" content=\"\u201cSu\u0161a\u201d \u00e9 o mais recente tema de Maja Milinkovi\u0107 | Infocul.pt - Arquivo Digital\" \/>\n<meta name=\"robots\" content=\"noindex, follow, max-snippet:-1, max-image-preview:large, max-video-preview:-1\" \/>\n<meta property=\"og:locale\" content=\"pt_PT\" \/>\n<meta property=\"og:type\" content=\"article\" \/>\n<meta property=\"og:title\" content=\"\u201cSu\u0161a\u201d \u00e9 o mais recente tema de Maja Milinkovi\u0107 | Infocul.pt - Arquivo Digital\" \/>\n<meta property=\"og:description\" content=\"\u201cSu\u0161a\u201d \u00e9 o mais recente tema de Maja Milinkovi\u0107 | Infocul.pt - Arquivo Digital\" \/>\n<meta property=\"og:url\" content=\"https:\/\/infocul.pt\/arquivo\/cultura\/susa-e-o-mais-recente-tema-de-maja-milinkovic\/\" \/>\n<meta property=\"og:site_name\" content=\"Infocul.pt - Arquivo Digital\" \/>\n<meta property=\"article:publisher\" content=\"https:\/\/www.facebook.com\/Infocul-147816815585015\/\" \/>\n<meta property=\"article:published_time\" content=\"2020-11-14T17:40:21+00:00\" \/>\n<meta property=\"og:image\" content=\"https:\/\/infocul.pt\/arquivo\/wp-content\/uploads\/2020\/11\/maja.jpg\" \/>\n\t<meta property=\"og:image:width\" content=\"1024\" \/>\n\t<meta property=\"og:image:height\" content=\"540\" \/>\n\t<meta property=\"og:image:type\" content=\"image\/jpeg\" \/>\n<meta name=\"author\" content=\"Redac\u00e7\u00e3o\" \/>\n<meta name=\"twitter:card\" content=\"summary_large_image\" \/>\n<meta name=\"twitter:creator\" content=\"@Infoculpt\" \/>\n<meta name=\"twitter:site\" content=\"@Infoculpt\" \/>\n<meta name=\"twitter:label1\" content=\"Escrito por\" \/>\n\t<meta name=\"twitter:data1\" content=\"Redac\u00e7\u00e3o\" \/>\n\t<meta name=\"twitter:label2\" content=\"Tempo estimado de leitura\" \/>\n\t<meta name=\"twitter:data2\" content=\"1 minuto\" \/>\n<script type=\"application\/ld+json\" class=\"yoast-schema-graph\">{\"@context\":\"https:\\\/\\\/schema.org\",\"@graph\":[{\"@type\":\"Article\",\"@id\":\"https:\\\/\\\/infocul.pt\\\/arquivo\\\/cultura\\\/susa-e-o-mais-recente-tema-de-maja-milinkovic\\\/#article\",\"isPartOf\":{\"@id\":\"https:\\\/\\\/infocul.pt\\\/arquivo\\\/cultura\\\/susa-e-o-mais-recente-tema-de-maja-milinkovic\\\/\"},\"author\":{\"name\":\"Redac\u00e7\u00e3o\",\"@id\":\"https:\\\/\\\/infocul.pt\\\/arquivo\\\/#\\\/schema\\\/person\\\/f243f45ae8d67639120a7586884f3abc\"},\"headline\":\"\u201cSu\u0161a\u201d \u00e9 o mais recente tema de Maja Milinkovi\u0107\",\"datePublished\":\"2020-11-14T17:40:21+00:00\",\"mainEntityOfPage\":{\"@id\":\"https:\\\/\\\/infocul.pt\\\/arquivo\\\/cultura\\\/susa-e-o-mais-recente-tema-de-maja-milinkovic\\\/\"},\"wordCount\":222,\"commentCount\":0,\"publisher\":{\"@id\":\"https:\\\/\\\/infocul.pt\\\/arquivo\\\/#organization\"},\"image\":{\"@id\":\"https:\\\/\\\/infocul.pt\\\/arquivo\\\/cultura\\\/susa-e-o-mais-recente-tema-de-maja-milinkovic\\\/#primaryimage\"},\"thumbnailUrl\":\"https:\\\/\\\/infocul.pt\\\/arquivo\\\/wp-content\\\/uploads\\\/2020\\\/11\\\/maja.jpg\",\"keywords\":[\"Maja Milinkovi\u0107\"],\"articleSection\":[\"Cultura\",\"Discos\"],\"inLanguage\":\"pt-PT\"},{\"@type\":\"WebPage\",\"@id\":\"https:\\\/\\\/infocul.pt\\\/arquivo\\\/cultura\\\/susa-e-o-mais-recente-tema-de-maja-milinkovic\\\/\",\"url\":\"https:\\\/\\\/infocul.pt\\\/arquivo\\\/cultura\\\/susa-e-o-mais-recente-tema-de-maja-milinkovic\\\/\",\"name\":\"\u201cSu\u0161a\u201d \u00e9 o mais recente tema de Maja Milinkovi\u0107 | Infocul.pt - Arquivo Digital\",\"isPartOf\":{\"@id\":\"https:\\\/\\\/infocul.pt\\\/arquivo\\\/#website\"},\"primaryImageOfPage\":{\"@id\":\"https:\\\/\\\/infocul.pt\\\/arquivo\\\/cultura\\\/susa-e-o-mais-recente-tema-de-maja-milinkovic\\\/#primaryimage\"},\"image\":{\"@id\":\"https:\\\/\\\/infocul.pt\\\/arquivo\\\/cultura\\\/susa-e-o-mais-recente-tema-de-maja-milinkovic\\\/#primaryimage\"},\"thumbnailUrl\":\"https:\\\/\\\/infocul.pt\\\/arquivo\\\/wp-content\\\/uploads\\\/2020\\\/11\\\/maja.jpg\",\"datePublished\":\"2020-11-14T17:40:21+00:00\",\"description\":\"\u201cSu\u0161a\u201d \u00e9 o mais recente tema de Maja Milinkovi\u0107 | Infocul.pt - Arquivo Digital\",\"breadcrumb\":{\"@id\":\"https:\\\/\\\/infocul.pt\\\/arquivo\\\/cultura\\\/susa-e-o-mais-recente-tema-de-maja-milinkovic\\\/#breadcrumb\"},\"inLanguage\":\"pt-PT\",\"potentialAction\":[{\"@type\":\"ReadAction\",\"target\":[\"https:\\\/\\\/infocul.pt\\\/arquivo\\\/cultura\\\/susa-e-o-mais-recente-tema-de-maja-milinkovic\\\/\"]}]},{\"@type\":\"ImageObject\",\"inLanguage\":\"pt-PT\",\"@id\":\"https:\\\/\\\/infocul.pt\\\/arquivo\\\/cultura\\\/susa-e-o-mais-recente-tema-de-maja-milinkovic\\\/#primaryimage\",\"url\":\"https:\\\/\\\/infocul.pt\\\/arquivo\\\/wp-content\\\/uploads\\\/2020\\\/11\\\/maja.jpg\",\"contentUrl\":\"https:\\\/\\\/infocul.pt\\\/arquivo\\\/wp-content\\\/uploads\\\/2020\\\/11\\\/maja.jpg\",\"width\":1024,\"height\":540},{\"@type\":\"BreadcrumbList\",\"@id\":\"https:\\\/\\\/infocul.pt\\\/arquivo\\\/cultura\\\/susa-e-o-mais-recente-tema-de-maja-milinkovic\\\/#breadcrumb\",\"itemListElement\":[{\"@type\":\"ListItem\",\"position\":1,\"name\":\"Home\",\"item\":\"https:\\\/\\\/infocul.pt\\\/arquivo\\\/\"},{\"@type\":\"ListItem\",\"position\":2,\"name\":\"\u201cSu\u0161a\u201d \u00e9 o mais recente tema de Maja Milinkovi\u0107\"}]},{\"@type\":\"WebSite\",\"@id\":\"https:\\\/\\\/infocul.pt\\\/arquivo\\\/#website\",\"url\":\"https:\\\/\\\/infocul.pt\\\/arquivo\\\/\",\"name\":\"Infocul.pt - Arquivo Digital\",\"description\":\"Arquivo digital da Infocul.pt\",\"publisher\":{\"@id\":\"https:\\\/\\\/infocul.pt\\\/arquivo\\\/#organization\"},\"potentialAction\":[{\"@type\":\"SearchAction\",\"target\":{\"@type\":\"EntryPoint\",\"urlTemplate\":\"https:\\\/\\\/infocul.pt\\\/arquivo\\\/?s={search_term_string}\"},\"query-input\":{\"@type\":\"PropertyValueSpecification\",\"valueRequired\":true,\"valueName\":\"search_term_string\"}}],\"inLanguage\":\"pt-PT\"},{\"@type\":\"Organization\",\"@id\":\"https:\\\/\\\/infocul.pt\\\/arquivo\\\/#organization\",\"name\":\"Infocul.pt\",\"url\":\"https:\\\/\\\/infocul.pt\\\/arquivo\\\/\",\"logo\":{\"@type\":\"ImageObject\",\"inLanguage\":\"pt-PT\",\"@id\":\"https:\\\/\\\/infocul.pt\\\/arquivo\\\/#\\\/schema\\\/logo\\\/image\\\/\",\"url\":\"https:\\\/\\\/infocul.pt\\\/arquivo\\\/wp-content\\\/uploads\\\/2018\\\/12\\\/Infocul_logo-1.png\",\"contentUrl\":\"https:\\\/\\\/infocul.pt\\\/arquivo\\\/wp-content\\\/uploads\\\/2018\\\/12\\\/Infocul_logo-1.png\",\"width\":800,\"height\":800,\"caption\":\"Infocul.pt\"},\"image\":{\"@id\":\"https:\\\/\\\/infocul.pt\\\/arquivo\\\/#\\\/schema\\\/logo\\\/image\\\/\"},\"sameAs\":[\"https:\\\/\\\/www.facebook.com\\\/Infocul-147816815585015\\\/\",\"https:\\\/\\\/x.com\\\/Infoculpt\",\"http:\\\/\\\/www.pictaram.com\\\/user\\\/infocul.pt\\\/2370423710\",\"https:\\\/\\\/www.youtube.com\\\/channel\\\/UCYEB91AGI9FL9ek2i_IaQAA\"]},{\"@type\":\"Person\",\"@id\":\"https:\\\/\\\/infocul.pt\\\/arquivo\\\/#\\\/schema\\\/person\\\/f243f45ae8d67639120a7586884f3abc\",\"name\":\"Redac\u00e7\u00e3o\",\"image\":{\"@type\":\"ImageObject\",\"inLanguage\":\"pt-PT\",\"@id\":\"https:\\\/\\\/secure.gravatar.com\\\/avatar\\\/151b1b76c598ab5e749407223bd6c1bad4e41c4e95de3c3df83540ebee2deaf8?s=96&d=mm&r=g\",\"url\":\"https:\\\/\\\/secure.gravatar.com\\\/avatar\\\/151b1b76c598ab5e749407223bd6c1bad4e41c4e95de3c3df83540ebee2deaf8?s=96&d=mm&r=g\",\"contentUrl\":\"https:\\\/\\\/secure.gravatar.com\\\/avatar\\\/151b1b76c598ab5e749407223bd6c1bad4e41c4e95de3c3df83540ebee2deaf8?s=96&d=mm&r=g\",\"caption\":\"Redac\u00e7\u00e3o\"}}]}<\/script>\n<!-- \/ Yoast SEO plugin. -->","yoast_head_json":{"title":"\u201cSu\u0161a\u201d \u00e9 o mais recente tema de Maja Milinkovi\u0107 | Infocul.pt - Arquivo Digital","description":"\u201cSu\u0161a\u201d \u00e9 o mais recente tema de Maja Milinkovi\u0107 | Infocul.pt - Arquivo Digital","robots":{"index":"noindex","follow":"follow","max-snippet":"max-snippet:-1","max-image-preview":"max-image-preview:large","max-video-preview":"max-video-preview:-1"},"og_locale":"pt_PT","og_type":"article","og_title":"\u201cSu\u0161a\u201d \u00e9 o mais recente tema de Maja Milinkovi\u0107 | Infocul.pt - Arquivo Digital","og_description":"\u201cSu\u0161a\u201d \u00e9 o mais recente tema de Maja Milinkovi\u0107 | Infocul.pt - Arquivo Digital","og_url":"https:\/\/infocul.pt\/arquivo\/cultura\/susa-e-o-mais-recente-tema-de-maja-milinkovic\/","og_site_name":"Infocul.pt - Arquivo Digital","article_publisher":"https:\/\/www.facebook.com\/Infocul-147816815585015\/","article_published_time":"2020-11-14T17:40:21+00:00","og_image":[{"width":1024,"height":540,"url":"https:\/\/infocul.pt\/arquivo\/wp-content\/uploads\/2020\/11\/maja.jpg","type":"image\/jpeg"}],"author":"Redac\u00e7\u00e3o","twitter_card":"summary_large_image","twitter_creator":"@Infoculpt","twitter_site":"@Infoculpt","twitter_misc":{"Escrito por":"Redac\u00e7\u00e3o","Tempo estimado de leitura":"1 minuto"},"schema":{"@context":"https:\/\/schema.org","@graph":[{"@type":"Article","@id":"https:\/\/infocul.pt\/arquivo\/cultura\/susa-e-o-mais-recente-tema-de-maja-milinkovic\/#article","isPartOf":{"@id":"https:\/\/infocul.pt\/arquivo\/cultura\/susa-e-o-mais-recente-tema-de-maja-milinkovic\/"},"author":{"name":"Redac\u00e7\u00e3o","@id":"https:\/\/infocul.pt\/arquivo\/#\/schema\/person\/f243f45ae8d67639120a7586884f3abc"},"headline":"\u201cSu\u0161a\u201d \u00e9 o mais recente tema de Maja Milinkovi\u0107","datePublished":"2020-11-14T17:40:21+00:00","mainEntityOfPage":{"@id":"https:\/\/infocul.pt\/arquivo\/cultura\/susa-e-o-mais-recente-tema-de-maja-milinkovic\/"},"wordCount":222,"commentCount":0,"publisher":{"@id":"https:\/\/infocul.pt\/arquivo\/#organization"},"image":{"@id":"https:\/\/infocul.pt\/arquivo\/cultura\/susa-e-o-mais-recente-tema-de-maja-milinkovic\/#primaryimage"},"thumbnailUrl":"https:\/\/infocul.pt\/arquivo\/wp-content\/uploads\/2020\/11\/maja.jpg","keywords":["Maja Milinkovi\u0107"],"articleSection":["Cultura","Discos"],"inLanguage":"pt-PT"},{"@type":"WebPage","@id":"https:\/\/infocul.pt\/arquivo\/cultura\/susa-e-o-mais-recente-tema-de-maja-milinkovic\/","url":"https:\/\/infocul.pt\/arquivo\/cultura\/susa-e-o-mais-recente-tema-de-maja-milinkovic\/","name":"\u201cSu\u0161a\u201d \u00e9 o mais recente tema de Maja Milinkovi\u0107 | Infocul.pt - Arquivo Digital","isPartOf":{"@id":"https:\/\/infocul.pt\/arquivo\/#website"},"primaryImageOfPage":{"@id":"https:\/\/infocul.pt\/arquivo\/cultura\/susa-e-o-mais-recente-tema-de-maja-milinkovic\/#primaryimage"},"image":{"@id":"https:\/\/infocul.pt\/arquivo\/cultura\/susa-e-o-mais-recente-tema-de-maja-milinkovic\/#primaryimage"},"thumbnailUrl":"https:\/\/infocul.pt\/arquivo\/wp-content\/uploads\/2020\/11\/maja.jpg","datePublished":"2020-11-14T17:40:21+00:00","description":"\u201cSu\u0161a\u201d \u00e9 o mais recente tema de Maja Milinkovi\u0107 | Infocul.pt - Arquivo Digital","breadcrumb":{"@id":"https:\/\/infocul.pt\/arquivo\/cultura\/susa-e-o-mais-recente-tema-de-maja-milinkovic\/#breadcrumb"},"inLanguage":"pt-PT","potentialAction":[{"@type":"ReadAction","target":["https:\/\/infocul.pt\/arquivo\/cultura\/susa-e-o-mais-recente-tema-de-maja-milinkovic\/"]}]},{"@type":"ImageObject","inLanguage":"pt-PT","@id":"https:\/\/infocul.pt\/arquivo\/cultura\/susa-e-o-mais-recente-tema-de-maja-milinkovic\/#primaryimage","url":"https:\/\/infocul.pt\/arquivo\/wp-content\/uploads\/2020\/11\/maja.jpg","contentUrl":"https:\/\/infocul.pt\/arquivo\/wp-content\/uploads\/2020\/11\/maja.jpg","width":1024,"height":540},{"@type":"BreadcrumbList","@id":"https:\/\/infocul.pt\/arquivo\/cultura\/susa-e-o-mais-recente-tema-de-maja-milinkovic\/#breadcrumb","itemListElement":[{"@type":"ListItem","position":1,"name":"Home","item":"https:\/\/infocul.pt\/arquivo\/"},{"@type":"ListItem","position":2,"name":"\u201cSu\u0161a\u201d \u00e9 o mais recente tema de Maja Milinkovi\u0107"}]},{"@type":"WebSite","@id":"https:\/\/infocul.pt\/arquivo\/#website","url":"https:\/\/infocul.pt\/arquivo\/","name":"Infocul.pt - Arquivo Digital","description":"Arquivo digital da Infocul.pt","publisher":{"@id":"https:\/\/infocul.pt\/arquivo\/#organization"},"potentialAction":[{"@type":"SearchAction","target":{"@type":"EntryPoint","urlTemplate":"https:\/\/infocul.pt\/arquivo\/?s={search_term_string}"},"query-input":{"@type":"PropertyValueSpecification","valueRequired":true,"valueName":"search_term_string"}}],"inLanguage":"pt-PT"},{"@type":"Organization","@id":"https:\/\/infocul.pt\/arquivo\/#organization","name":"Infocul.pt","url":"https:\/\/infocul.pt\/arquivo\/","logo":{"@type":"ImageObject","inLanguage":"pt-PT","@id":"https:\/\/infocul.pt\/arquivo\/#\/schema\/logo\/image\/","url":"https:\/\/infocul.pt\/arquivo\/wp-content\/uploads\/2018\/12\/Infocul_logo-1.png","contentUrl":"https:\/\/infocul.pt\/arquivo\/wp-content\/uploads\/2018\/12\/Infocul_logo-1.png","width":800,"height":800,"caption":"Infocul.pt"},"image":{"@id":"https:\/\/infocul.pt\/arquivo\/#\/schema\/logo\/image\/"},"sameAs":["https:\/\/www.facebook.com\/Infocul-147816815585015\/","https:\/\/x.com\/Infoculpt","http:\/\/www.pictaram.com\/user\/infocul.pt\/2370423710","https:\/\/www.youtube.com\/channel\/UCYEB91AGI9FL9ek2i_IaQAA"]},{"@type":"Person","@id":"https:\/\/infocul.pt\/arquivo\/#\/schema\/person\/f243f45ae8d67639120a7586884f3abc","name":"Redac\u00e7\u00e3o","image":{"@type":"ImageObject","inLanguage":"pt-PT","@id":"https:\/\/secure.gravatar.com\/avatar\/151b1b76c598ab5e749407223bd6c1bad4e41c4e95de3c3df83540ebee2deaf8?s=96&d=mm&r=g","url":"https:\/\/secure.gravatar.com\/avatar\/151b1b76c598ab5e749407223bd6c1bad4e41c4e95de3c3df83540ebee2deaf8?s=96&d=mm&r=g","contentUrl":"https:\/\/secure.gravatar.com\/avatar\/151b1b76c598ab5e749407223bd6c1bad4e41c4e95de3c3df83540ebee2deaf8?s=96&d=mm&r=g","caption":"Redac\u00e7\u00e3o"}}]}},"_links":{"self":[{"href":"https:\/\/infocul.pt\/arquivo\/wp-json\/wp\/v2\/posts\/86393","targetHints":{"allow":["GET"]}}],"collection":[{"href":"https:\/\/infocul.pt\/arquivo\/wp-json\/wp\/v2\/posts"}],"about":[{"href":"https:\/\/infocul.pt\/arquivo\/wp-json\/wp\/v2\/types\/post"}],"author":[{"embeddable":true,"href":"https:\/\/infocul.pt\/arquivo\/wp-json\/wp\/v2\/users\/13"}],"replies":[{"embeddable":true,"href":"https:\/\/infocul.pt\/arquivo\/wp-json\/wp\/v2\/comments?post=86393"}],"version-history":[{"count":0,"href":"https:\/\/infocul.pt\/arquivo\/wp-json\/wp\/v2\/posts\/86393\/revisions"}],"wp:featuredmedia":[{"embeddable":true,"href":"https:\/\/infocul.pt\/arquivo\/wp-json\/wp\/v2\/media\/86395"}],"wp:attachment":[{"href":"https:\/\/infocul.pt\/arquivo\/wp-json\/wp\/v2\/media?parent=86393"}],"wp:term":[{"taxonomy":"category","embeddable":true,"href":"https:\/\/infocul.pt\/arquivo\/wp-json\/wp\/v2\/categories?post=86393"},{"taxonomy":"post_tag","embeddable":true,"href":"https:\/\/infocul.pt\/arquivo\/wp-json\/wp\/v2\/tags?post=86393"}],"curies":[{"name":"wp","href":"https:\/\/api.w.org\/{rel}","templated":true}]}}