{"id":86521,"date":"2020-11-17T14:58:50","date_gmt":"2020-11-17T14:58:50","guid":{"rendered":"https:\/\/infocul.pt\/?p=86521"},"modified":"2020-11-17T14:58:50","modified_gmt":"2020-11-17T14:58:50","slug":"miguel-sousa-tavares-arrasado-apos-entrevista-a-andre-ventura","status":"publish","type":"post","link":"https:\/\/infocul.pt\/arquivo\/actualidade\/miguel-sousa-tavares-arrasado-apos-entrevista-a-andre-ventura\/","title":{"rendered":"Miguel Sousa Tavares arrasado ap\u00f3s entrevista a Andr\u00e9 Ventura"},"content":{"rendered":"<p><img decoding=\"async\" class=\"aligncenter wp-image-73945 size-full lazyload\" data-src=\"https:\/\/infocul.pt\/arquivo\/wp-content\/uploads\/2020\/06\/Qi-exT73.jpg\" alt=\"\" width=\"680\" height=\"474\" data-srcset=\"https:\/\/infocul.pt\/arquivo\/wp-content\/uploads\/2020\/06\/Qi-exT73.jpg 680w, https:\/\/infocul.pt\/arquivo\/wp-content\/uploads\/2020\/06\/Qi-exT73-300x209.jpg 300w, https:\/\/infocul.pt\/arquivo\/wp-content\/uploads\/2020\/06\/Qi-exT73-392x272.jpg 392w, https:\/\/infocul.pt\/arquivo\/wp-content\/uploads\/2020\/06\/Qi-exT73-130x90.jpg 130w\" data-sizes=\"(max-width: 680px) 100vw, 680px\" src=\"data:image\/svg+xml;base64,PHN2ZyB3aWR0aD0iMSIgaGVpZ2h0PSIxIiB4bWxucz0iaHR0cDovL3d3dy53My5vcmcvMjAwMC9zdmciPjwvc3ZnPg==\" style=\"--smush-placeholder-width: 680px; --smush-placeholder-aspect-ratio: 680\/474;\" \/><\/p>\n<p>Miguel Sousa Tavares entrevistou, ontem, Andr\u00e9 Ventura na TVI e est\u00e1 a ser alvo de muitas cr\u00edticas.<!--more--><\/p>\n<p>&#8220;<strong>Este Miguel Sousa Tavares acabou de chamar med\u00edocres \u00e0 maior parte dos portugueses. Este senhor est\u00e1 completamente fora da realidade do pa\u00eds. \u00c9 um discurso completamente alucinado<\/strong>&#8220;, &#8220;<strong>Nunca o vi t\u00e3o mal preparado<\/strong>&#8220;, &#8220;<strong>Miguel que tipo de jornalismo \u00e9 este?<\/strong>&#8220;, &#8220;<strong>Mas que entrevista \u00e9 esta? Miguel Sousa Tavares a julgar e a fazer coment\u00e1rios dececionantes\u2026<\/strong>&#8221; ou &#8220;<strong>Que raio de entrevistador \u00e9 este? Deplor\u00e1vel<\/strong>&#8220;, s\u00e3o alguns dos coment\u00e1rios que se podem ler na internet.<\/p>\n<p>Mas a TVI tamb\u00e9m n\u00e3o escapou \u00e0s cr\u00edticas: &#8220;<strong>Com \u00f3timos jornalista que a TVI tem, porque raio p\u00f5e este senhor a fazer entrevistas?&#8221;, &#8220;A TVI vai de mal a pior mesmo&#8221;, &#8220;Tenho vergonha do canal&#8221;.<\/strong><\/p>\n<p>Pode ver aqui a entrevista na \u00edntegra:<\/p>\n<p>https:\/\/www.youtube.com\/watch?v=ucN_E5bhuUM<\/p>\n","protected":false},"excerpt":{"rendered":"<p>Miguel Sousa Tavares entrevistou, ontem, Andr\u00e9 Ventura na TVI e est\u00e1 a ser alvo de muitas cr\u00edticas.<\/p>\n","protected":false},"author":13,"featured_media":73945,"comment_status":"open","ping_status":"closed","sticky":false,"template":"","format":"standard","meta":{"footnotes":""},"categories":[10,16,14],"tags":[9411,7323,5363,2288],"class_list":["post-86521","post","type-post","status-publish","format-standard","has-post-thumbnail","hentry","category-actualidade","category-politica","category-televisao","tag-andre-ventura","tag-chega","tag-miguel-sousa-tavares","tag-tvi"],"yoast_head":"<!-- This site is optimized with the Yoast SEO plugin v27.4 - https:\/\/yoast.com\/product\/yoast-seo-wordpress\/ -->\n<title>Miguel Sousa Tavares arrasado ap\u00f3s entrevista a Andr\u00e9 Ventura | Infocul.pt - Arquivo Digital<\/title>\n<meta name=\"description\" content=\"Miguel Sousa Tavares arrasado ap\u00f3s entrevista a Andr\u00e9 Ventura | Infocul.pt - Arquivo Digital\" \/>\n<meta name=\"robots\" content=\"noindex, follow, max-snippet:-1, max-image-preview:large, max-video-preview:-1\" \/>\n<meta property=\"og:locale\" content=\"pt_PT\" \/>\n<meta property=\"og:type\" content=\"article\" \/>\n<meta property=\"og:title\" content=\"Miguel Sousa Tavares arrasado ap\u00f3s entrevista a Andr\u00e9 Ventura | Infocul.pt - Arquivo Digital\" \/>\n<meta property=\"og:description\" content=\"Miguel Sousa Tavares arrasado ap\u00f3s entrevista a Andr\u00e9 Ventura | Infocul.pt - Arquivo Digital\" \/>\n<meta property=\"og:url\" content=\"https:\/\/infocul.pt\/arquivo\/actualidade\/miguel-sousa-tavares-arrasado-apos-entrevista-a-andre-ventura\/\" \/>\n<meta property=\"og:site_name\" content=\"Infocul.pt - Arquivo Digital\" \/>\n<meta property=\"article:publisher\" content=\"https:\/\/www.facebook.com\/Infocul-147816815585015\/\" \/>\n<meta property=\"article:published_time\" content=\"2020-11-17T14:58:50+00:00\" \/>\n<meta property=\"og:image\" content=\"https:\/\/infocul.pt\/arquivo\/wp-content\/uploads\/2020\/06\/Qi-exT73.jpg\" \/>\n\t<meta property=\"og:image:width\" content=\"680\" \/>\n\t<meta property=\"og:image:height\" content=\"474\" \/>\n\t<meta property=\"og:image:type\" content=\"image\/jpeg\" \/>\n<meta name=\"author\" content=\"Redac\u00e7\u00e3o\" \/>\n<meta name=\"twitter:card\" content=\"summary_large_image\" \/>\n<meta name=\"twitter:creator\" content=\"@Infoculpt\" \/>\n<meta name=\"twitter:site\" content=\"@Infoculpt\" \/>\n<meta name=\"twitter:label1\" content=\"Escrito por\" \/>\n\t<meta name=\"twitter:data1\" content=\"Redac\u00e7\u00e3o\" \/>\n\t<meta name=\"twitter:label2\" content=\"Tempo estimado de leitura\" \/>\n\t<meta name=\"twitter:data2\" content=\"1 minuto\" \/>\n<script type=\"application\/ld+json\" class=\"yoast-schema-graph\">{\"@context\":\"https:\\\/\\\/schema.org\",\"@graph\":[{\"@type\":\"Article\",\"@id\":\"https:\\\/\\\/infocul.pt\\\/arquivo\\\/actualidade\\\/miguel-sousa-tavares-arrasado-apos-entrevista-a-andre-ventura\\\/#article\",\"isPartOf\":{\"@id\":\"https:\\\/\\\/infocul.pt\\\/arquivo\\\/actualidade\\\/miguel-sousa-tavares-arrasado-apos-entrevista-a-andre-ventura\\\/\"},\"author\":{\"name\":\"Redac\u00e7\u00e3o\",\"@id\":\"https:\\\/\\\/infocul.pt\\\/arquivo\\\/#\\\/schema\\\/person\\\/f243f45ae8d67639120a7586884f3abc\"},\"headline\":\"Miguel Sousa Tavares arrasado ap\u00f3s entrevista a Andr\u00e9 Ventura\",\"datePublished\":\"2020-11-17T14:58:50+00:00\",\"mainEntityOfPage\":{\"@id\":\"https:\\\/\\\/infocul.pt\\\/arquivo\\\/actualidade\\\/miguel-sousa-tavares-arrasado-apos-entrevista-a-andre-ventura\\\/\"},\"wordCount\":158,\"commentCount\":0,\"publisher\":{\"@id\":\"https:\\\/\\\/infocul.pt\\\/arquivo\\\/#organization\"},\"image\":{\"@id\":\"https:\\\/\\\/infocul.pt\\\/arquivo\\\/actualidade\\\/miguel-sousa-tavares-arrasado-apos-entrevista-a-andre-ventura\\\/#primaryimage\"},\"thumbnailUrl\":\"https:\\\/\\\/infocul.pt\\\/arquivo\\\/wp-content\\\/uploads\\\/2020\\\/06\\\/Qi-exT73.jpg\",\"keywords\":[\"Andr\u00e9 Ventura\",\"Chega\",\"Miguel Sousa Tavares\",\"TVI\"],\"articleSection\":[\"Actualidade\",\"Politica\",\"Televis\u00e3o\"],\"inLanguage\":\"pt-PT\"},{\"@type\":\"WebPage\",\"@id\":\"https:\\\/\\\/infocul.pt\\\/arquivo\\\/actualidade\\\/miguel-sousa-tavares-arrasado-apos-entrevista-a-andre-ventura\\\/\",\"url\":\"https:\\\/\\\/infocul.pt\\\/arquivo\\\/actualidade\\\/miguel-sousa-tavares-arrasado-apos-entrevista-a-andre-ventura\\\/\",\"name\":\"Miguel Sousa Tavares arrasado ap\u00f3s entrevista a Andr\u00e9 Ventura | Infocul.pt - Arquivo Digital\",\"isPartOf\":{\"@id\":\"https:\\\/\\\/infocul.pt\\\/arquivo\\\/#website\"},\"primaryImageOfPage\":{\"@id\":\"https:\\\/\\\/infocul.pt\\\/arquivo\\\/actualidade\\\/miguel-sousa-tavares-arrasado-apos-entrevista-a-andre-ventura\\\/#primaryimage\"},\"image\":{\"@id\":\"https:\\\/\\\/infocul.pt\\\/arquivo\\\/actualidade\\\/miguel-sousa-tavares-arrasado-apos-entrevista-a-andre-ventura\\\/#primaryimage\"},\"thumbnailUrl\":\"https:\\\/\\\/infocul.pt\\\/arquivo\\\/wp-content\\\/uploads\\\/2020\\\/06\\\/Qi-exT73.jpg\",\"datePublished\":\"2020-11-17T14:58:50+00:00\",\"description\":\"Miguel Sousa Tavares arrasado ap\u00f3s entrevista a Andr\u00e9 Ventura | Infocul.pt - Arquivo Digital\",\"breadcrumb\":{\"@id\":\"https:\\\/\\\/infocul.pt\\\/arquivo\\\/actualidade\\\/miguel-sousa-tavares-arrasado-apos-entrevista-a-andre-ventura\\\/#breadcrumb\"},\"inLanguage\":\"pt-PT\",\"potentialAction\":[{\"@type\":\"ReadAction\",\"target\":[\"https:\\\/\\\/infocul.pt\\\/arquivo\\\/actualidade\\\/miguel-sousa-tavares-arrasado-apos-entrevista-a-andre-ventura\\\/\"]}]},{\"@type\":\"ImageObject\",\"inLanguage\":\"pt-PT\",\"@id\":\"https:\\\/\\\/infocul.pt\\\/arquivo\\\/actualidade\\\/miguel-sousa-tavares-arrasado-apos-entrevista-a-andre-ventura\\\/#primaryimage\",\"url\":\"https:\\\/\\\/infocul.pt\\\/arquivo\\\/wp-content\\\/uploads\\\/2020\\\/06\\\/Qi-exT73.jpg\",\"contentUrl\":\"https:\\\/\\\/infocul.pt\\\/arquivo\\\/wp-content\\\/uploads\\\/2020\\\/06\\\/Qi-exT73.jpg\",\"width\":680,\"height\":474},{\"@type\":\"BreadcrumbList\",\"@id\":\"https:\\\/\\\/infocul.pt\\\/arquivo\\\/actualidade\\\/miguel-sousa-tavares-arrasado-apos-entrevista-a-andre-ventura\\\/#breadcrumb\",\"itemListElement\":[{\"@type\":\"ListItem\",\"position\":1,\"name\":\"Home\",\"item\":\"https:\\\/\\\/infocul.pt\\\/arquivo\\\/\"},{\"@type\":\"ListItem\",\"position\":2,\"name\":\"Miguel Sousa Tavares arrasado ap\u00f3s entrevista a Andr\u00e9 Ventura\"}]},{\"@type\":\"WebSite\",\"@id\":\"https:\\\/\\\/infocul.pt\\\/arquivo\\\/#website\",\"url\":\"https:\\\/\\\/infocul.pt\\\/arquivo\\\/\",\"name\":\"Infocul.pt - Arquivo Digital\",\"description\":\"Arquivo digital da Infocul.pt\",\"publisher\":{\"@id\":\"https:\\\/\\\/infocul.pt\\\/arquivo\\\/#organization\"},\"potentialAction\":[{\"@type\":\"SearchAction\",\"target\":{\"@type\":\"EntryPoint\",\"urlTemplate\":\"https:\\\/\\\/infocul.pt\\\/arquivo\\\/?s={search_term_string}\"},\"query-input\":{\"@type\":\"PropertyValueSpecification\",\"valueRequired\":true,\"valueName\":\"search_term_string\"}}],\"inLanguage\":\"pt-PT\"},{\"@type\":\"Organization\",\"@id\":\"https:\\\/\\\/infocul.pt\\\/arquivo\\\/#organization\",\"name\":\"Infocul.pt\",\"url\":\"https:\\\/\\\/infocul.pt\\\/arquivo\\\/\",\"logo\":{\"@type\":\"ImageObject\",\"inLanguage\":\"pt-PT\",\"@id\":\"https:\\\/\\\/infocul.pt\\\/arquivo\\\/#\\\/schema\\\/logo\\\/image\\\/\",\"url\":\"https:\\\/\\\/infocul.pt\\\/arquivo\\\/wp-content\\\/uploads\\\/2018\\\/12\\\/Infocul_logo-1.png\",\"contentUrl\":\"https:\\\/\\\/infocul.pt\\\/arquivo\\\/wp-content\\\/uploads\\\/2018\\\/12\\\/Infocul_logo-1.png\",\"width\":800,\"height\":800,\"caption\":\"Infocul.pt\"},\"image\":{\"@id\":\"https:\\\/\\\/infocul.pt\\\/arquivo\\\/#\\\/schema\\\/logo\\\/image\\\/\"},\"sameAs\":[\"https:\\\/\\\/www.facebook.com\\\/Infocul-147816815585015\\\/\",\"https:\\\/\\\/x.com\\\/Infoculpt\",\"http:\\\/\\\/www.pictaram.com\\\/user\\\/infocul.pt\\\/2370423710\",\"https:\\\/\\\/www.youtube.com\\\/channel\\\/UCYEB91AGI9FL9ek2i_IaQAA\"]},{\"@type\":\"Person\",\"@id\":\"https:\\\/\\\/infocul.pt\\\/arquivo\\\/#\\\/schema\\\/person\\\/f243f45ae8d67639120a7586884f3abc\",\"name\":\"Redac\u00e7\u00e3o\",\"image\":{\"@type\":\"ImageObject\",\"inLanguage\":\"pt-PT\",\"@id\":\"https:\\\/\\\/secure.gravatar.com\\\/avatar\\\/151b1b76c598ab5e749407223bd6c1bad4e41c4e95de3c3df83540ebee2deaf8?s=96&d=mm&r=g\",\"url\":\"https:\\\/\\\/secure.gravatar.com\\\/avatar\\\/151b1b76c598ab5e749407223bd6c1bad4e41c4e95de3c3df83540ebee2deaf8?s=96&d=mm&r=g\",\"contentUrl\":\"https:\\\/\\\/secure.gravatar.com\\\/avatar\\\/151b1b76c598ab5e749407223bd6c1bad4e41c4e95de3c3df83540ebee2deaf8?s=96&d=mm&r=g\",\"caption\":\"Redac\u00e7\u00e3o\"}}]}<\/script>\n<!-- \/ Yoast SEO plugin. -->","yoast_head_json":{"title":"Miguel Sousa Tavares arrasado ap\u00f3s entrevista a Andr\u00e9 Ventura | Infocul.pt - Arquivo Digital","description":"Miguel Sousa Tavares arrasado ap\u00f3s entrevista a Andr\u00e9 Ventura | Infocul.pt - Arquivo Digital","robots":{"index":"noindex","follow":"follow","max-snippet":"max-snippet:-1","max-image-preview":"max-image-preview:large","max-video-preview":"max-video-preview:-1"},"og_locale":"pt_PT","og_type":"article","og_title":"Miguel Sousa Tavares arrasado ap\u00f3s entrevista a Andr\u00e9 Ventura | Infocul.pt - Arquivo Digital","og_description":"Miguel Sousa Tavares arrasado ap\u00f3s entrevista a Andr\u00e9 Ventura | Infocul.pt - Arquivo Digital","og_url":"https:\/\/infocul.pt\/arquivo\/actualidade\/miguel-sousa-tavares-arrasado-apos-entrevista-a-andre-ventura\/","og_site_name":"Infocul.pt - Arquivo Digital","article_publisher":"https:\/\/www.facebook.com\/Infocul-147816815585015\/","article_published_time":"2020-11-17T14:58:50+00:00","og_image":[{"width":680,"height":474,"url":"https:\/\/infocul.pt\/arquivo\/wp-content\/uploads\/2020\/06\/Qi-exT73.jpg","type":"image\/jpeg"}],"author":"Redac\u00e7\u00e3o","twitter_card":"summary_large_image","twitter_creator":"@Infoculpt","twitter_site":"@Infoculpt","twitter_misc":{"Escrito por":"Redac\u00e7\u00e3o","Tempo estimado de leitura":"1 minuto"},"schema":{"@context":"https:\/\/schema.org","@graph":[{"@type":"Article","@id":"https:\/\/infocul.pt\/arquivo\/actualidade\/miguel-sousa-tavares-arrasado-apos-entrevista-a-andre-ventura\/#article","isPartOf":{"@id":"https:\/\/infocul.pt\/arquivo\/actualidade\/miguel-sousa-tavares-arrasado-apos-entrevista-a-andre-ventura\/"},"author":{"name":"Redac\u00e7\u00e3o","@id":"https:\/\/infocul.pt\/arquivo\/#\/schema\/person\/f243f45ae8d67639120a7586884f3abc"},"headline":"Miguel Sousa Tavares arrasado ap\u00f3s entrevista a Andr\u00e9 Ventura","datePublished":"2020-11-17T14:58:50+00:00","mainEntityOfPage":{"@id":"https:\/\/infocul.pt\/arquivo\/actualidade\/miguel-sousa-tavares-arrasado-apos-entrevista-a-andre-ventura\/"},"wordCount":158,"commentCount":0,"publisher":{"@id":"https:\/\/infocul.pt\/arquivo\/#organization"},"image":{"@id":"https:\/\/infocul.pt\/arquivo\/actualidade\/miguel-sousa-tavares-arrasado-apos-entrevista-a-andre-ventura\/#primaryimage"},"thumbnailUrl":"https:\/\/infocul.pt\/arquivo\/wp-content\/uploads\/2020\/06\/Qi-exT73.jpg","keywords":["Andr\u00e9 Ventura","Chega","Miguel Sousa Tavares","TVI"],"articleSection":["Actualidade","Politica","Televis\u00e3o"],"inLanguage":"pt-PT"},{"@type":"WebPage","@id":"https:\/\/infocul.pt\/arquivo\/actualidade\/miguel-sousa-tavares-arrasado-apos-entrevista-a-andre-ventura\/","url":"https:\/\/infocul.pt\/arquivo\/actualidade\/miguel-sousa-tavares-arrasado-apos-entrevista-a-andre-ventura\/","name":"Miguel Sousa Tavares arrasado ap\u00f3s entrevista a Andr\u00e9 Ventura | Infocul.pt - Arquivo Digital","isPartOf":{"@id":"https:\/\/infocul.pt\/arquivo\/#website"},"primaryImageOfPage":{"@id":"https:\/\/infocul.pt\/arquivo\/actualidade\/miguel-sousa-tavares-arrasado-apos-entrevista-a-andre-ventura\/#primaryimage"},"image":{"@id":"https:\/\/infocul.pt\/arquivo\/actualidade\/miguel-sousa-tavares-arrasado-apos-entrevista-a-andre-ventura\/#primaryimage"},"thumbnailUrl":"https:\/\/infocul.pt\/arquivo\/wp-content\/uploads\/2020\/06\/Qi-exT73.jpg","datePublished":"2020-11-17T14:58:50+00:00","description":"Miguel Sousa Tavares arrasado ap\u00f3s entrevista a Andr\u00e9 Ventura | Infocul.pt - Arquivo Digital","breadcrumb":{"@id":"https:\/\/infocul.pt\/arquivo\/actualidade\/miguel-sousa-tavares-arrasado-apos-entrevista-a-andre-ventura\/#breadcrumb"},"inLanguage":"pt-PT","potentialAction":[{"@type":"ReadAction","target":["https:\/\/infocul.pt\/arquivo\/actualidade\/miguel-sousa-tavares-arrasado-apos-entrevista-a-andre-ventura\/"]}]},{"@type":"ImageObject","inLanguage":"pt-PT","@id":"https:\/\/infocul.pt\/arquivo\/actualidade\/miguel-sousa-tavares-arrasado-apos-entrevista-a-andre-ventura\/#primaryimage","url":"https:\/\/infocul.pt\/arquivo\/wp-content\/uploads\/2020\/06\/Qi-exT73.jpg","contentUrl":"https:\/\/infocul.pt\/arquivo\/wp-content\/uploads\/2020\/06\/Qi-exT73.jpg","width":680,"height":474},{"@type":"BreadcrumbList","@id":"https:\/\/infocul.pt\/arquivo\/actualidade\/miguel-sousa-tavares-arrasado-apos-entrevista-a-andre-ventura\/#breadcrumb","itemListElement":[{"@type":"ListItem","position":1,"name":"Home","item":"https:\/\/infocul.pt\/arquivo\/"},{"@type":"ListItem","position":2,"name":"Miguel Sousa Tavares arrasado ap\u00f3s entrevista a Andr\u00e9 Ventura"}]},{"@type":"WebSite","@id":"https:\/\/infocul.pt\/arquivo\/#website","url":"https:\/\/infocul.pt\/arquivo\/","name":"Infocul.pt - Arquivo Digital","description":"Arquivo digital da Infocul.pt","publisher":{"@id":"https:\/\/infocul.pt\/arquivo\/#organization"},"potentialAction":[{"@type":"SearchAction","target":{"@type":"EntryPoint","urlTemplate":"https:\/\/infocul.pt\/arquivo\/?s={search_term_string}"},"query-input":{"@type":"PropertyValueSpecification","valueRequired":true,"valueName":"search_term_string"}}],"inLanguage":"pt-PT"},{"@type":"Organization","@id":"https:\/\/infocul.pt\/arquivo\/#organization","name":"Infocul.pt","url":"https:\/\/infocul.pt\/arquivo\/","logo":{"@type":"ImageObject","inLanguage":"pt-PT","@id":"https:\/\/infocul.pt\/arquivo\/#\/schema\/logo\/image\/","url":"https:\/\/infocul.pt\/arquivo\/wp-content\/uploads\/2018\/12\/Infocul_logo-1.png","contentUrl":"https:\/\/infocul.pt\/arquivo\/wp-content\/uploads\/2018\/12\/Infocul_logo-1.png","width":800,"height":800,"caption":"Infocul.pt"},"image":{"@id":"https:\/\/infocul.pt\/arquivo\/#\/schema\/logo\/image\/"},"sameAs":["https:\/\/www.facebook.com\/Infocul-147816815585015\/","https:\/\/x.com\/Infoculpt","http:\/\/www.pictaram.com\/user\/infocul.pt\/2370423710","https:\/\/www.youtube.com\/channel\/UCYEB91AGI9FL9ek2i_IaQAA"]},{"@type":"Person","@id":"https:\/\/infocul.pt\/arquivo\/#\/schema\/person\/f243f45ae8d67639120a7586884f3abc","name":"Redac\u00e7\u00e3o","image":{"@type":"ImageObject","inLanguage":"pt-PT","@id":"https:\/\/secure.gravatar.com\/avatar\/151b1b76c598ab5e749407223bd6c1bad4e41c4e95de3c3df83540ebee2deaf8?s=96&d=mm&r=g","url":"https:\/\/secure.gravatar.com\/avatar\/151b1b76c598ab5e749407223bd6c1bad4e41c4e95de3c3df83540ebee2deaf8?s=96&d=mm&r=g","contentUrl":"https:\/\/secure.gravatar.com\/avatar\/151b1b76c598ab5e749407223bd6c1bad4e41c4e95de3c3df83540ebee2deaf8?s=96&d=mm&r=g","caption":"Redac\u00e7\u00e3o"}}]}},"_links":{"self":[{"href":"https:\/\/infocul.pt\/arquivo\/wp-json\/wp\/v2\/posts\/86521","targetHints":{"allow":["GET"]}}],"collection":[{"href":"https:\/\/infocul.pt\/arquivo\/wp-json\/wp\/v2\/posts"}],"about":[{"href":"https:\/\/infocul.pt\/arquivo\/wp-json\/wp\/v2\/types\/post"}],"author":[{"embeddable":true,"href":"https:\/\/infocul.pt\/arquivo\/wp-json\/wp\/v2\/users\/13"}],"replies":[{"embeddable":true,"href":"https:\/\/infocul.pt\/arquivo\/wp-json\/wp\/v2\/comments?post=86521"}],"version-history":[{"count":0,"href":"https:\/\/infocul.pt\/arquivo\/wp-json\/wp\/v2\/posts\/86521\/revisions"}],"wp:featuredmedia":[{"embeddable":true,"href":"https:\/\/infocul.pt\/arquivo\/wp-json\/wp\/v2\/media\/73945"}],"wp:attachment":[{"href":"https:\/\/infocul.pt\/arquivo\/wp-json\/wp\/v2\/media?parent=86521"}],"wp:term":[{"taxonomy":"category","embeddable":true,"href":"https:\/\/infocul.pt\/arquivo\/wp-json\/wp\/v2\/categories?post=86521"},{"taxonomy":"post_tag","embeddable":true,"href":"https:\/\/infocul.pt\/arquivo\/wp-json\/wp\/v2\/tags?post=86521"}],"curies":[{"name":"wp","href":"https:\/\/api.w.org\/{rel}","templated":true}]}}