{"id":86618,"date":"2020-11-19T00:00:12","date_gmt":"2020-11-19T00:00:12","guid":{"rendered":"https:\/\/infocul.pt\/?p=86618"},"modified":"2020-11-19T00:07:10","modified_gmt":"2020-11-19T00:07:10","slug":"reportagem-campo-pequeno-carminho-foi-esperanca-e-amor-em-tempos-de-incognita-e-medo","status":"publish","type":"post","link":"https:\/\/infocul.pt\/arquivo\/cultura\/reportagem-campo-pequeno-carminho-foi-esperanca-e-amor-em-tempos-de-incognita-e-medo\/","title":{"rendered":"Reportagem. Campo Pequeno: Carminho foi esperan\u00e7a e amor em tempos de inc\u00f3gnita e medo."},"content":{"rendered":"<p><img decoding=\"async\" class=\"aligncenter wp-image-86619 size-large lazyload\" data-src=\"https:\/\/infocul.pt\/arquivo\/wp-content\/uploads\/2020\/11\/C___0150-1024x682.jpg\" alt=\"\" width=\"800\" height=\"533\" data-srcset=\"https:\/\/infocul.pt\/arquivo\/wp-content\/uploads\/2020\/11\/C___0150.jpg 1024w, https:\/\/infocul.pt\/arquivo\/wp-content\/uploads\/2020\/11\/C___0150-300x200.jpg 300w, https:\/\/infocul.pt\/arquivo\/wp-content\/uploads\/2020\/11\/C___0150-768x512.jpg 768w, https:\/\/infocul.pt\/arquivo\/wp-content\/uploads\/2020\/11\/C___0150-1536x1023.jpg 1536w\" data-sizes=\"(max-width: 800px) 100vw, 800px\" src=\"data:image\/svg+xml;base64,PHN2ZyB3aWR0aD0iMSIgaGVpZ2h0PSIxIiB4bWxucz0iaHR0cDovL3d3dy53My5vcmcvMjAwMC9zdmciPjwvc3ZnPg==\" style=\"--smush-placeholder-width: 800px; --smush-placeholder-aspect-ratio: 800\/533;\" \/><\/p>\n<p>Tempos dif\u00edceis e estranhos estes que vivemos. \u00c9, no meio de um sofrimento que nos rodeia dia-a-dia, hora-a-hora, que nos devemos agarrar aos que nos emociona, nos faz acreditar que a vida pode ser uma paleta de cores ao inv\u00e9s de um tr\u00e1gico destino.<!--more--><\/p>\n<p>Esta quarta-feira, no Campo Pequeno, Carminho foi a protagonista maior de um espect\u00e1culo que deve ficar no que de melhor se assistiu e viveu em 2020.<\/p>\n<p>Perante uma sala com mais cadeiras vazias do que aquelas que eram ocupadas pelo p\u00fablico, Carminho rapidamente apercebeu-se do que tinha por diante e decidiu abrir o seu cora\u00e7\u00e3o e entregar-nos a sua alma.<\/p>\n<p>De voz embargada e ap\u00f3s interpretar os dois primeiros temas, disse: \u201c<strong><em>Que emo\u00e7\u00e3o. Obrigado por estarem aqui. N\u00e3o estava \u00e0 espera de me emocionar. Obrigado por demonstrarem que querem estar aqui e ultrapassar estas barreiras<\/em><\/strong>\u201d.<\/p>\n<p>Na vida temos sempre duas hip\u00f3teses: encarar a verdade ou fingir que ela n\u00e3o existe. Consoante a escolha anterior, v\u00e1rias outras escolhas multiplicam-se por diante. Carminho foi pela mais dura e crua: encarou a verdade.<\/p>\n<p>E verdade \u00e9 talvez o mais correcto adjectivo desta sua actua\u00e7\u00e3o. Foi uma performance toda ela feita com a verdade que a sua alma e o seu cora\u00e7\u00e3o impuseram.<\/p>\n<p>Na sua voz estava a alma da artista, da fadista, da mulher, da filha, da m\u00e3e. Estava Carmo Rebelo de Andrade, que todos conhecemos como Carminho.<\/p>\n<p><img decoding=\"async\" class=\"aligncenter wp-image-86620 size-large lazyload\" data-src=\"https:\/\/infocul.pt\/arquivo\/wp-content\/uploads\/2020\/11\/C___0034-1024x683.jpg\" alt=\"\" width=\"800\" height=\"534\" data-srcset=\"https:\/\/infocul.pt\/arquivo\/wp-content\/uploads\/2020\/11\/C___0034.jpg 1024w, https:\/\/infocul.pt\/arquivo\/wp-content\/uploads\/2020\/11\/C___0034-300x200.jpg 300w, https:\/\/infocul.pt\/arquivo\/wp-content\/uploads\/2020\/11\/C___0034-768x512.jpg 768w, https:\/\/infocul.pt\/arquivo\/wp-content\/uploads\/2020\/11\/C___0034-1536x1024.jpg 1536w\" data-sizes=\"(max-width: 800px) 100vw, 800px\" src=\"data:image\/svg+xml;base64,PHN2ZyB3aWR0aD0iMSIgaGVpZ2h0PSIxIiB4bWxucz0iaHR0cDovL3d3dy53My5vcmcvMjAwMC9zdmciPjwvc3ZnPg==\" style=\"--smush-placeholder-width: 800px; --smush-placeholder-aspect-ratio: 800\/534;\" \/><\/p>\n<p>Imaginem escrita de v\u00e1rios poetas a ganhar vida na voz de Carminho. Continuem a imaginar que isso leva centenas de pessoas a emocionarem-se. E de olhos fechados ou\u00e7am, ou imaginem, os aplausos e gritos de \u00eaxtase. Por entre tantas cadeiras vazias, o Campo Pequeno parecia cheio. E estava, com o talento de Carminho.<\/p>\n<p>Confidenciou que n\u00e3o cantava desde Mar\u00e7o. E que durante este per\u00edodo foi m\u00e3e. E que a actual situa\u00e7\u00e3o pand\u00e9mica associada \u00e2 natalidade a deixava ainda mais nervosa para este concerto. E que a emo\u00e7\u00e3o inicial lhe deu pica. E que cantaria ali muito mais do que aquilo que o tempo permitia.<\/p>\n<p>Carminho trouxe ao Campo Pequeno um alinhamento no qual constaram muitos dos temas do \u00faltimo disco, \u2018Maria\u2019, mas tamb\u00e9m todos os outros que marcaram o seu percurso. Al\u00e9m disto, destacou-se ainda o convidado especial: Caman\u00e9.<\/p>\n<p><img decoding=\"async\" class=\"aligncenter wp-image-86621 size-large lazyload\" data-src=\"https:\/\/infocul.pt\/arquivo\/wp-content\/uploads\/2020\/11\/C___0108-1024x682.jpg\" alt=\"\" width=\"800\" height=\"533\" data-srcset=\"https:\/\/infocul.pt\/arquivo\/wp-content\/uploads\/2020\/11\/C___0108.jpg 1024w, https:\/\/infocul.pt\/arquivo\/wp-content\/uploads\/2020\/11\/C___0108-300x200.jpg 300w, https:\/\/infocul.pt\/arquivo\/wp-content\/uploads\/2020\/11\/C___0108-768x512.jpg 768w, https:\/\/infocul.pt\/arquivo\/wp-content\/uploads\/2020\/11\/C___0108-1536x1023.jpg 1536w\" data-sizes=\"(max-width: 800px) 100vw, 800px\" src=\"data:image\/svg+xml;base64,PHN2ZyB3aWR0aD0iMSIgaGVpZ2h0PSIxIiB4bWxucz0iaHR0cDovL3d3dy53My5vcmcvMjAwMC9zdmciPjwvc3ZnPg==\" style=\"--smush-placeholder-width: 800px; --smush-placeholder-aspect-ratio: 800\/533;\" \/><\/p>\n<p>\u2018O Come\u00e7o\u2019, no Fado Bizarro; \u2018Desengano\u2019, no Fado Latino; \u2018O menino e a cidade\u2019, \u2018A Bia da Mouraria\u2019; \u2018Se Vieres\u2019; \u2018A Mulher Vento\u2019 e \u2018Bom dia Amor\u2019 foram alguns dos temas que interpretou naquela que poder\u00e1 ser considerada a primeira parte do concerto.<\/p>\n<p>Neste \u00faltimo tema, colocou o p\u00fablico a cantar o refr\u00e3o e a for\u00e7a do coro foi tanta que Carminho afirmou que \u201c<em><strong>at\u00e9 as cadeiras vazias cantam<\/strong><\/em>\u201d.<\/p>\n<p>De facto, a espiritualidade da arte foi imensamente maior que presen\u00e7a humana ali presente e s\u00f3 uma Arte superior poderia conseguir tamanha dimens\u00e3o emocional como a que se sentiu nesta noite.<\/p>\n<p>\u2018Disse-te Adeus\u2019; \u2018Sete Saias\u2019; \u2018Cavalo de v\u00e1rias cores\u2019 e \u2018A Estrela\u2019 antecederam a entrada em palco do convidado especial desta noite.<\/p>\n<p>Foi j\u00e1 com o tema \u2018Saudades trago comigo\u2019 que Caman\u00e9 surgiu em palco para o primeiro de v\u00e1rios duetos com Carminho esta noite. A solo, Caman\u00e9, cantou o \u2018Sei de um rio\u2019. Carminho considerou-o \u201c<strong><em>uma das minhas maiores refer\u00eancias<\/em><\/strong>\u201d.<\/p>\n<p><img decoding=\"async\" class=\"aligncenter wp-image-86622 size-large lazyload\" data-src=\"https:\/\/infocul.pt\/arquivo\/wp-content\/uploads\/2020\/11\/C___0082-1024x683.jpg\" alt=\"\" width=\"800\" height=\"534\" data-srcset=\"https:\/\/infocul.pt\/arquivo\/wp-content\/uploads\/2020\/11\/C___0082.jpg 1024w, https:\/\/infocul.pt\/arquivo\/wp-content\/uploads\/2020\/11\/C___0082-300x200.jpg 300w, https:\/\/infocul.pt\/arquivo\/wp-content\/uploads\/2020\/11\/C___0082-768x512.jpg 768w, https:\/\/infocul.pt\/arquivo\/wp-content\/uploads\/2020\/11\/C___0082-1536x1024.jpg 1536w\" data-sizes=\"(max-width: 800px) 100vw, 800px\" src=\"data:image\/svg+xml;base64,PHN2ZyB3aWR0aD0iMSIgaGVpZ2h0PSIxIiB4bWxucz0iaHR0cDovL3d3dy53My5vcmcvMjAwMC9zdmciPjwvc3ZnPg==\" style=\"--smush-placeholder-width: 800px; --smush-placeholder-aspect-ratio: 800\/534;\" \/><\/p>\n<p>Carminho contou em palco com Andr\u00e9 Dias, na guitarra portuguesa; Fl\u00e1vio C\u00e9sar Cardoso Jr., na viola cl\u00e1ssica; Pedro Geraldes, nas guitarras e Tiago Maia, no baixo.<\/p>\n<p>\u201c<strong><em>Aquela emo\u00e7\u00e3o do in\u00edcio deixou me nervosa. N\u00e3o cantava desde Mar\u00e7o. Entretanto tive um filho. E n\u00e3o s\u00f3 esta bizarrice que estamos a viver, como ter um filho, fez me vir nervosa. N\u00e3o sabia o que ia acontecer. Obrigado, sinceramente, por terem vindo!<\/em><\/strong>\u201d, despediu-se Carminho.<\/p>\n<p>At\u00e9 ao final do espect\u00e1culo ouviram-se ainda temas como o Fado Pechincha, \u2018Marcha de Alfama\u2019, \u2018Senhora da Nazar\u00e9\u2019, \u2018Bairro Alto\u2019 ou ainda \u2018As minhas Penas\u2019<\/p>\n<p>Este espect\u00e1culo de Carminho demonstrou-nos que a Arte tem o poder de libertar a nossa alma das amarras deste sofrimento que nos \u00e9, agora, imposto. E isso d\u00e1-nos a possibilidade de sonhar. Atrav\u00e9s da arte!<\/p>\n<p>Este concerto esteve inserido no ciclo \u2018Santa Casa Portugal ao Vivo\u2019 que conta com 40 espect\u00e1culos, divididos entre Lisboa e Porto.<\/p>\n<p>&nbsp;<\/p>\n<p><span style=\"color: #0000ff;\"><strong>Texto: Rui Lavrador<\/strong><\/span><br \/>\n<span style=\"color: #0000ff;\"><strong>Fotografias: Rute Nunes e Carlos Pedroso<\/strong><\/span><\/p>\n","protected":false},"excerpt":{"rendered":"<p>Tempos dif\u00edceis e estranhos estes que vivemos. \u00c9, no meio de um sofrimento que nos rodeia dia-a-dia, hora-a-hora, que nos devemos agarrar aos que nos emociona, nos faz acreditar que a vida pode ser uma paleta de cores ao inv\u00e9s de um tr\u00e1gico destino.<\/p>\n","protected":false},"author":2,"featured_media":86619,"comment_status":"open","ping_status":"closed","sticky":false,"template":"","format":"standard","meta":{"footnotes":""},"categories":[3,2,36,4123],"tags":[244,84,80],"class_list":["post-86618","post","type-post","status-publish","format-standard","has-post-thumbnail","hentry","category-concertos","category-cultura","category-destaque","category-reportagens-actualidade","tag-campo-pequeno","tag-carminho","tag-lisboa"],"yoast_head":"<!-- This site is optimized with the Yoast SEO plugin v27.4 - https:\/\/yoast.com\/product\/yoast-seo-wordpress\/ -->\n<title>Reportagem. Campo Pequeno: Carminho foi esperan\u00e7a e amor em tempos de inc\u00f3gnita e medo. | Infocul.pt - Arquivo Digital<\/title>\n<meta name=\"description\" content=\"Reportagem. Campo Pequeno: Carminho foi esperan\u00e7a e amor em tempos de inc\u00f3gnita e medo. | Infocul.pt - Arquivo Digital\" \/>\n<meta name=\"robots\" content=\"noindex, follow, max-snippet:-1, max-image-preview:large, max-video-preview:-1\" \/>\n<meta property=\"og:locale\" content=\"pt_PT\" \/>\n<meta property=\"og:type\" content=\"article\" \/>\n<meta property=\"og:title\" content=\"Reportagem. Campo Pequeno: Carminho foi esperan\u00e7a e amor em tempos de inc\u00f3gnita e medo. | Infocul.pt - Arquivo Digital\" \/>\n<meta property=\"og:description\" content=\"Reportagem. Campo Pequeno: Carminho foi esperan\u00e7a e amor em tempos de inc\u00f3gnita e medo. | Infocul.pt - Arquivo Digital\" \/>\n<meta property=\"og:url\" content=\"https:\/\/infocul.pt\/arquivo\/cultura\/reportagem-campo-pequeno-carminho-foi-esperanca-e-amor-em-tempos-de-incognita-e-medo\/\" \/>\n<meta property=\"og:site_name\" content=\"Infocul.pt - Arquivo Digital\" \/>\n<meta property=\"article:publisher\" content=\"https:\/\/www.facebook.com\/Infocul-147816815585015\/\" \/>\n<meta property=\"article:published_time\" content=\"2020-11-19T00:00:12+00:00\" \/>\n<meta property=\"article:modified_time\" content=\"2020-11-19T00:07:10+00:00\" \/>\n<meta property=\"og:image\" content=\"https:\/\/infocul.pt\/arquivo\/wp-content\/uploads\/2020\/11\/C___0150.jpg\" \/>\n\t<meta property=\"og:image:width\" content=\"1024\" \/>\n\t<meta property=\"og:image:height\" content=\"682\" \/>\n\t<meta property=\"og:image:type\" content=\"image\/jpeg\" \/>\n<meta name=\"author\" content=\"Rui Lavrador\" \/>\n<meta name=\"twitter:card\" content=\"summary_large_image\" \/>\n<meta name=\"twitter:creator\" content=\"@Infoculpt\" \/>\n<meta name=\"twitter:site\" content=\"@Infoculpt\" \/>\n<meta name=\"twitter:label1\" content=\"Escrito por\" \/>\n\t<meta name=\"twitter:data1\" content=\"Rui Lavrador\" \/>\n\t<meta name=\"twitter:label2\" content=\"Tempo estimado de leitura\" \/>\n\t<meta name=\"twitter:data2\" content=\"4 minutos\" \/>\n<script type=\"application\/ld+json\" class=\"yoast-schema-graph\">{\"@context\":\"https:\\\/\\\/schema.org\",\"@graph\":[{\"@type\":\"Article\",\"@id\":\"https:\\\/\\\/infocul.pt\\\/arquivo\\\/cultura\\\/reportagem-campo-pequeno-carminho-foi-esperanca-e-amor-em-tempos-de-incognita-e-medo\\\/#article\",\"isPartOf\":{\"@id\":\"https:\\\/\\\/infocul.pt\\\/arquivo\\\/cultura\\\/reportagem-campo-pequeno-carminho-foi-esperanca-e-amor-em-tempos-de-incognita-e-medo\\\/\"},\"author\":{\"name\":\"Rui Lavrador\",\"@id\":\"https:\\\/\\\/infocul.pt\\\/arquivo\\\/#\\\/schema\\\/person\\\/060a108d7f2d85fc6aae505119ee5234\"},\"headline\":\"Reportagem. Campo Pequeno: Carminho foi esperan\u00e7a e amor em tempos de inc\u00f3gnita e medo.\",\"datePublished\":\"2020-11-19T00:00:12+00:00\",\"dateModified\":\"2020-11-19T00:07:10+00:00\",\"mainEntityOfPage\":{\"@id\":\"https:\\\/\\\/infocul.pt\\\/arquivo\\\/cultura\\\/reportagem-campo-pequeno-carminho-foi-esperanca-e-amor-em-tempos-de-incognita-e-medo\\\/\"},\"wordCount\":748,\"commentCount\":0,\"publisher\":{\"@id\":\"https:\\\/\\\/infocul.pt\\\/arquivo\\\/#organization\"},\"image\":{\"@id\":\"https:\\\/\\\/infocul.pt\\\/arquivo\\\/cultura\\\/reportagem-campo-pequeno-carminho-foi-esperanca-e-amor-em-tempos-de-incognita-e-medo\\\/#primaryimage\"},\"thumbnailUrl\":\"https:\\\/\\\/infocul.pt\\\/arquivo\\\/wp-content\\\/uploads\\\/2020\\\/11\\\/C___0150.jpg\",\"keywords\":[\"Campo Pequeno\",\"Carminho\",\"Lisboa\"],\"articleSection\":[\"Concertos\",\"Cultura\",\"Destaque\",\"Reportagens\"],\"inLanguage\":\"pt-PT\"},{\"@type\":\"WebPage\",\"@id\":\"https:\\\/\\\/infocul.pt\\\/arquivo\\\/cultura\\\/reportagem-campo-pequeno-carminho-foi-esperanca-e-amor-em-tempos-de-incognita-e-medo\\\/\",\"url\":\"https:\\\/\\\/infocul.pt\\\/arquivo\\\/cultura\\\/reportagem-campo-pequeno-carminho-foi-esperanca-e-amor-em-tempos-de-incognita-e-medo\\\/\",\"name\":\"Reportagem. Campo Pequeno: Carminho foi esperan\u00e7a e amor em tempos de inc\u00f3gnita e medo. | Infocul.pt - Arquivo Digital\",\"isPartOf\":{\"@id\":\"https:\\\/\\\/infocul.pt\\\/arquivo\\\/#website\"},\"primaryImageOfPage\":{\"@id\":\"https:\\\/\\\/infocul.pt\\\/arquivo\\\/cultura\\\/reportagem-campo-pequeno-carminho-foi-esperanca-e-amor-em-tempos-de-incognita-e-medo\\\/#primaryimage\"},\"image\":{\"@id\":\"https:\\\/\\\/infocul.pt\\\/arquivo\\\/cultura\\\/reportagem-campo-pequeno-carminho-foi-esperanca-e-amor-em-tempos-de-incognita-e-medo\\\/#primaryimage\"},\"thumbnailUrl\":\"https:\\\/\\\/infocul.pt\\\/arquivo\\\/wp-content\\\/uploads\\\/2020\\\/11\\\/C___0150.jpg\",\"datePublished\":\"2020-11-19T00:00:12+00:00\",\"dateModified\":\"2020-11-19T00:07:10+00:00\",\"description\":\"Reportagem. Campo Pequeno: Carminho foi esperan\u00e7a e amor em tempos de inc\u00f3gnita e medo. | Infocul.pt - Arquivo Digital\",\"breadcrumb\":{\"@id\":\"https:\\\/\\\/infocul.pt\\\/arquivo\\\/cultura\\\/reportagem-campo-pequeno-carminho-foi-esperanca-e-amor-em-tempos-de-incognita-e-medo\\\/#breadcrumb\"},\"inLanguage\":\"pt-PT\",\"potentialAction\":[{\"@type\":\"ReadAction\",\"target\":[\"https:\\\/\\\/infocul.pt\\\/arquivo\\\/cultura\\\/reportagem-campo-pequeno-carminho-foi-esperanca-e-amor-em-tempos-de-incognita-e-medo\\\/\"]}]},{\"@type\":\"ImageObject\",\"inLanguage\":\"pt-PT\",\"@id\":\"https:\\\/\\\/infocul.pt\\\/arquivo\\\/cultura\\\/reportagem-campo-pequeno-carminho-foi-esperanca-e-amor-em-tempos-de-incognita-e-medo\\\/#primaryimage\",\"url\":\"https:\\\/\\\/infocul.pt\\\/arquivo\\\/wp-content\\\/uploads\\\/2020\\\/11\\\/C___0150.jpg\",\"contentUrl\":\"https:\\\/\\\/infocul.pt\\\/arquivo\\\/wp-content\\\/uploads\\\/2020\\\/11\\\/C___0150.jpg\",\"width\":1024,\"height\":682},{\"@type\":\"BreadcrumbList\",\"@id\":\"https:\\\/\\\/infocul.pt\\\/arquivo\\\/cultura\\\/reportagem-campo-pequeno-carminho-foi-esperanca-e-amor-em-tempos-de-incognita-e-medo\\\/#breadcrumb\",\"itemListElement\":[{\"@type\":\"ListItem\",\"position\":1,\"name\":\"Home\",\"item\":\"https:\\\/\\\/infocul.pt\\\/arquivo\\\/\"},{\"@type\":\"ListItem\",\"position\":2,\"name\":\"Reportagem. Campo Pequeno: Carminho foi esperan\u00e7a e amor em tempos de inc\u00f3gnita e medo.\"}]},{\"@type\":\"WebSite\",\"@id\":\"https:\\\/\\\/infocul.pt\\\/arquivo\\\/#website\",\"url\":\"https:\\\/\\\/infocul.pt\\\/arquivo\\\/\",\"name\":\"Infocul.pt - Arquivo Digital\",\"description\":\"Arquivo digital da Infocul.pt\",\"publisher\":{\"@id\":\"https:\\\/\\\/infocul.pt\\\/arquivo\\\/#organization\"},\"potentialAction\":[{\"@type\":\"SearchAction\",\"target\":{\"@type\":\"EntryPoint\",\"urlTemplate\":\"https:\\\/\\\/infocul.pt\\\/arquivo\\\/?s={search_term_string}\"},\"query-input\":{\"@type\":\"PropertyValueSpecification\",\"valueRequired\":true,\"valueName\":\"search_term_string\"}}],\"inLanguage\":\"pt-PT\"},{\"@type\":\"Organization\",\"@id\":\"https:\\\/\\\/infocul.pt\\\/arquivo\\\/#organization\",\"name\":\"Infocul.pt\",\"url\":\"https:\\\/\\\/infocul.pt\\\/arquivo\\\/\",\"logo\":{\"@type\":\"ImageObject\",\"inLanguage\":\"pt-PT\",\"@id\":\"https:\\\/\\\/infocul.pt\\\/arquivo\\\/#\\\/schema\\\/logo\\\/image\\\/\",\"url\":\"https:\\\/\\\/infocul.pt\\\/arquivo\\\/wp-content\\\/uploads\\\/2018\\\/12\\\/Infocul_logo-1.png\",\"contentUrl\":\"https:\\\/\\\/infocul.pt\\\/arquivo\\\/wp-content\\\/uploads\\\/2018\\\/12\\\/Infocul_logo-1.png\",\"width\":800,\"height\":800,\"caption\":\"Infocul.pt\"},\"image\":{\"@id\":\"https:\\\/\\\/infocul.pt\\\/arquivo\\\/#\\\/schema\\\/logo\\\/image\\\/\"},\"sameAs\":[\"https:\\\/\\\/www.facebook.com\\\/Infocul-147816815585015\\\/\",\"https:\\\/\\\/x.com\\\/Infoculpt\",\"http:\\\/\\\/www.pictaram.com\\\/user\\\/infocul.pt\\\/2370423710\",\"https:\\\/\\\/www.youtube.com\\\/channel\\\/UCYEB91AGI9FL9ek2i_IaQAA\"]},{\"@type\":\"Person\",\"@id\":\"https:\\\/\\\/infocul.pt\\\/arquivo\\\/#\\\/schema\\\/person\\\/060a108d7f2d85fc6aae505119ee5234\",\"name\":\"Rui Lavrador\",\"image\":{\"@type\":\"ImageObject\",\"inLanguage\":\"pt-PT\",\"@id\":\"https:\\\/\\\/secure.gravatar.com\\\/avatar\\\/93febd6873394aa8e975148548a0cb203acfdd42d2c85c5f1408e1a76678aece?s=96&d=mm&r=g\",\"url\":\"https:\\\/\\\/secure.gravatar.com\\\/avatar\\\/93febd6873394aa8e975148548a0cb203acfdd42d2c85c5f1408e1a76678aece?s=96&d=mm&r=g\",\"contentUrl\":\"https:\\\/\\\/secure.gravatar.com\\\/avatar\\\/93febd6873394aa8e975148548a0cb203acfdd42d2c85c5f1408e1a76678aece?s=96&d=mm&r=g\",\"caption\":\"Rui Lavrador\"},\"description\":\"Iniciou em 2011 o seu percurso em comunica\u00e7\u00e3o social, tendo integrado v\u00e1rios projectos editoriais. Durante o seu percurso integrou projectos como Jornal Hardm\u00fasica, LusoNot\u00edcias, Toureio.pt, ODigital.pt, entre outros \u00d3rg\u00e3os de Comunica\u00e7\u00e3o Social nacionais, na redac\u00e7\u00e3o de v\u00e1rios artigos. Entrevistou a grande maioria das personalidades mais importantes da vida social e cultural do pa\u00eds, destacando-se, tamb\u00e9m, na aprecia\u00e7\u00e3o de v\u00e1rios espect\u00e1culos. Durante o seu percurso, deu a conhecer v\u00e1rios artistas, at\u00e9 ent\u00e3o desconhecidos, ao grande p\u00fablico. Em 2015 criou e fundou o Infocul.pt, projecto no qual assume a direc\u00e7\u00e3o editorial.\",\"sameAs\":[\"http:\\\/\\\/www.infocul.pt\"]}]}<\/script>\n<!-- \/ Yoast SEO plugin. -->","yoast_head_json":{"title":"Reportagem. Campo Pequeno: Carminho foi esperan\u00e7a e amor em tempos de inc\u00f3gnita e medo. | Infocul.pt - Arquivo Digital","description":"Reportagem. Campo Pequeno: Carminho foi esperan\u00e7a e amor em tempos de inc\u00f3gnita e medo. | Infocul.pt - Arquivo Digital","robots":{"index":"noindex","follow":"follow","max-snippet":"max-snippet:-1","max-image-preview":"max-image-preview:large","max-video-preview":"max-video-preview:-1"},"og_locale":"pt_PT","og_type":"article","og_title":"Reportagem. Campo Pequeno: Carminho foi esperan\u00e7a e amor em tempos de inc\u00f3gnita e medo. | Infocul.pt - Arquivo Digital","og_description":"Reportagem. Campo Pequeno: Carminho foi esperan\u00e7a e amor em tempos de inc\u00f3gnita e medo. | Infocul.pt - Arquivo Digital","og_url":"https:\/\/infocul.pt\/arquivo\/cultura\/reportagem-campo-pequeno-carminho-foi-esperanca-e-amor-em-tempos-de-incognita-e-medo\/","og_site_name":"Infocul.pt - Arquivo Digital","article_publisher":"https:\/\/www.facebook.com\/Infocul-147816815585015\/","article_published_time":"2020-11-19T00:00:12+00:00","article_modified_time":"2020-11-19T00:07:10+00:00","og_image":[{"width":1024,"height":682,"url":"https:\/\/infocul.pt\/arquivo\/wp-content\/uploads\/2020\/11\/C___0150.jpg","type":"image\/jpeg"}],"author":"Rui Lavrador","twitter_card":"summary_large_image","twitter_creator":"@Infoculpt","twitter_site":"@Infoculpt","twitter_misc":{"Escrito por":"Rui Lavrador","Tempo estimado de leitura":"4 minutos"},"schema":{"@context":"https:\/\/schema.org","@graph":[{"@type":"Article","@id":"https:\/\/infocul.pt\/arquivo\/cultura\/reportagem-campo-pequeno-carminho-foi-esperanca-e-amor-em-tempos-de-incognita-e-medo\/#article","isPartOf":{"@id":"https:\/\/infocul.pt\/arquivo\/cultura\/reportagem-campo-pequeno-carminho-foi-esperanca-e-amor-em-tempos-de-incognita-e-medo\/"},"author":{"name":"Rui Lavrador","@id":"https:\/\/infocul.pt\/arquivo\/#\/schema\/person\/060a108d7f2d85fc6aae505119ee5234"},"headline":"Reportagem. Campo Pequeno: Carminho foi esperan\u00e7a e amor em tempos de inc\u00f3gnita e medo.","datePublished":"2020-11-19T00:00:12+00:00","dateModified":"2020-11-19T00:07:10+00:00","mainEntityOfPage":{"@id":"https:\/\/infocul.pt\/arquivo\/cultura\/reportagem-campo-pequeno-carminho-foi-esperanca-e-amor-em-tempos-de-incognita-e-medo\/"},"wordCount":748,"commentCount":0,"publisher":{"@id":"https:\/\/infocul.pt\/arquivo\/#organization"},"image":{"@id":"https:\/\/infocul.pt\/arquivo\/cultura\/reportagem-campo-pequeno-carminho-foi-esperanca-e-amor-em-tempos-de-incognita-e-medo\/#primaryimage"},"thumbnailUrl":"https:\/\/infocul.pt\/arquivo\/wp-content\/uploads\/2020\/11\/C___0150.jpg","keywords":["Campo Pequeno","Carminho","Lisboa"],"articleSection":["Concertos","Cultura","Destaque","Reportagens"],"inLanguage":"pt-PT"},{"@type":"WebPage","@id":"https:\/\/infocul.pt\/arquivo\/cultura\/reportagem-campo-pequeno-carminho-foi-esperanca-e-amor-em-tempos-de-incognita-e-medo\/","url":"https:\/\/infocul.pt\/arquivo\/cultura\/reportagem-campo-pequeno-carminho-foi-esperanca-e-amor-em-tempos-de-incognita-e-medo\/","name":"Reportagem. Campo Pequeno: Carminho foi esperan\u00e7a e amor em tempos de inc\u00f3gnita e medo. | Infocul.pt - Arquivo Digital","isPartOf":{"@id":"https:\/\/infocul.pt\/arquivo\/#website"},"primaryImageOfPage":{"@id":"https:\/\/infocul.pt\/arquivo\/cultura\/reportagem-campo-pequeno-carminho-foi-esperanca-e-amor-em-tempos-de-incognita-e-medo\/#primaryimage"},"image":{"@id":"https:\/\/infocul.pt\/arquivo\/cultura\/reportagem-campo-pequeno-carminho-foi-esperanca-e-amor-em-tempos-de-incognita-e-medo\/#primaryimage"},"thumbnailUrl":"https:\/\/infocul.pt\/arquivo\/wp-content\/uploads\/2020\/11\/C___0150.jpg","datePublished":"2020-11-19T00:00:12+00:00","dateModified":"2020-11-19T00:07:10+00:00","description":"Reportagem. Campo Pequeno: Carminho foi esperan\u00e7a e amor em tempos de inc\u00f3gnita e medo. | Infocul.pt - Arquivo Digital","breadcrumb":{"@id":"https:\/\/infocul.pt\/arquivo\/cultura\/reportagem-campo-pequeno-carminho-foi-esperanca-e-amor-em-tempos-de-incognita-e-medo\/#breadcrumb"},"inLanguage":"pt-PT","potentialAction":[{"@type":"ReadAction","target":["https:\/\/infocul.pt\/arquivo\/cultura\/reportagem-campo-pequeno-carminho-foi-esperanca-e-amor-em-tempos-de-incognita-e-medo\/"]}]},{"@type":"ImageObject","inLanguage":"pt-PT","@id":"https:\/\/infocul.pt\/arquivo\/cultura\/reportagem-campo-pequeno-carminho-foi-esperanca-e-amor-em-tempos-de-incognita-e-medo\/#primaryimage","url":"https:\/\/infocul.pt\/arquivo\/wp-content\/uploads\/2020\/11\/C___0150.jpg","contentUrl":"https:\/\/infocul.pt\/arquivo\/wp-content\/uploads\/2020\/11\/C___0150.jpg","width":1024,"height":682},{"@type":"BreadcrumbList","@id":"https:\/\/infocul.pt\/arquivo\/cultura\/reportagem-campo-pequeno-carminho-foi-esperanca-e-amor-em-tempos-de-incognita-e-medo\/#breadcrumb","itemListElement":[{"@type":"ListItem","position":1,"name":"Home","item":"https:\/\/infocul.pt\/arquivo\/"},{"@type":"ListItem","position":2,"name":"Reportagem. Campo Pequeno: Carminho foi esperan\u00e7a e amor em tempos de inc\u00f3gnita e medo."}]},{"@type":"WebSite","@id":"https:\/\/infocul.pt\/arquivo\/#website","url":"https:\/\/infocul.pt\/arquivo\/","name":"Infocul.pt - Arquivo Digital","description":"Arquivo digital da Infocul.pt","publisher":{"@id":"https:\/\/infocul.pt\/arquivo\/#organization"},"potentialAction":[{"@type":"SearchAction","target":{"@type":"EntryPoint","urlTemplate":"https:\/\/infocul.pt\/arquivo\/?s={search_term_string}"},"query-input":{"@type":"PropertyValueSpecification","valueRequired":true,"valueName":"search_term_string"}}],"inLanguage":"pt-PT"},{"@type":"Organization","@id":"https:\/\/infocul.pt\/arquivo\/#organization","name":"Infocul.pt","url":"https:\/\/infocul.pt\/arquivo\/","logo":{"@type":"ImageObject","inLanguage":"pt-PT","@id":"https:\/\/infocul.pt\/arquivo\/#\/schema\/logo\/image\/","url":"https:\/\/infocul.pt\/arquivo\/wp-content\/uploads\/2018\/12\/Infocul_logo-1.png","contentUrl":"https:\/\/infocul.pt\/arquivo\/wp-content\/uploads\/2018\/12\/Infocul_logo-1.png","width":800,"height":800,"caption":"Infocul.pt"},"image":{"@id":"https:\/\/infocul.pt\/arquivo\/#\/schema\/logo\/image\/"},"sameAs":["https:\/\/www.facebook.com\/Infocul-147816815585015\/","https:\/\/x.com\/Infoculpt","http:\/\/www.pictaram.com\/user\/infocul.pt\/2370423710","https:\/\/www.youtube.com\/channel\/UCYEB91AGI9FL9ek2i_IaQAA"]},{"@type":"Person","@id":"https:\/\/infocul.pt\/arquivo\/#\/schema\/person\/060a108d7f2d85fc6aae505119ee5234","name":"Rui Lavrador","image":{"@type":"ImageObject","inLanguage":"pt-PT","@id":"https:\/\/secure.gravatar.com\/avatar\/93febd6873394aa8e975148548a0cb203acfdd42d2c85c5f1408e1a76678aece?s=96&d=mm&r=g","url":"https:\/\/secure.gravatar.com\/avatar\/93febd6873394aa8e975148548a0cb203acfdd42d2c85c5f1408e1a76678aece?s=96&d=mm&r=g","contentUrl":"https:\/\/secure.gravatar.com\/avatar\/93febd6873394aa8e975148548a0cb203acfdd42d2c85c5f1408e1a76678aece?s=96&d=mm&r=g","caption":"Rui Lavrador"},"description":"Iniciou em 2011 o seu percurso em comunica\u00e7\u00e3o social, tendo integrado v\u00e1rios projectos editoriais. Durante o seu percurso integrou projectos como Jornal Hardm\u00fasica, LusoNot\u00edcias, Toureio.pt, ODigital.pt, entre outros \u00d3rg\u00e3os de Comunica\u00e7\u00e3o Social nacionais, na redac\u00e7\u00e3o de v\u00e1rios artigos. Entrevistou a grande maioria das personalidades mais importantes da vida social e cultural do pa\u00eds, destacando-se, tamb\u00e9m, na aprecia\u00e7\u00e3o de v\u00e1rios espect\u00e1culos. Durante o seu percurso, deu a conhecer v\u00e1rios artistas, at\u00e9 ent\u00e3o desconhecidos, ao grande p\u00fablico. Em 2015 criou e fundou o Infocul.pt, projecto no qual assume a direc\u00e7\u00e3o editorial.","sameAs":["http:\/\/www.infocul.pt"]}]}},"_links":{"self":[{"href":"https:\/\/infocul.pt\/arquivo\/wp-json\/wp\/v2\/posts\/86618","targetHints":{"allow":["GET"]}}],"collection":[{"href":"https:\/\/infocul.pt\/arquivo\/wp-json\/wp\/v2\/posts"}],"about":[{"href":"https:\/\/infocul.pt\/arquivo\/wp-json\/wp\/v2\/types\/post"}],"author":[{"embeddable":true,"href":"https:\/\/infocul.pt\/arquivo\/wp-json\/wp\/v2\/users\/2"}],"replies":[{"embeddable":true,"href":"https:\/\/infocul.pt\/arquivo\/wp-json\/wp\/v2\/comments?post=86618"}],"version-history":[{"count":0,"href":"https:\/\/infocul.pt\/arquivo\/wp-json\/wp\/v2\/posts\/86618\/revisions"}],"wp:featuredmedia":[{"embeddable":true,"href":"https:\/\/infocul.pt\/arquivo\/wp-json\/wp\/v2\/media\/86619"}],"wp:attachment":[{"href":"https:\/\/infocul.pt\/arquivo\/wp-json\/wp\/v2\/media?parent=86618"}],"wp:term":[{"taxonomy":"category","embeddable":true,"href":"https:\/\/infocul.pt\/arquivo\/wp-json\/wp\/v2\/categories?post=86618"},{"taxonomy":"post_tag","embeddable":true,"href":"https:\/\/infocul.pt\/arquivo\/wp-json\/wp\/v2\/tags?post=86618"}],"curies":[{"name":"wp","href":"https:\/\/api.w.org\/{rel}","templated":true}]}}