{"id":87003,"date":"2020-11-25T00:00:05","date_gmt":"2020-11-25T00:00:05","guid":{"rendered":"https:\/\/infocul.pt\/?p=87003"},"modified":"2020-11-24T10:46:59","modified_gmt":"2020-11-24T10:46:59","slug":"o-dia-em-que-as-armas-regressaram-aos-quarteis","status":"publish","type":"post","link":"https:\/\/infocul.pt\/arquivo\/actualidade\/o-dia-em-que-as-armas-regressaram-aos-quarteis\/","title":{"rendered":"O Dia em que as armas regressaram aos quart\u00e9is"},"content":{"rendered":"<figure id=\"attachment_87004\" aria-describedby=\"caption-attachment-87004\" style=\"width: 719px\" class=\"wp-caption aligncenter\"><img decoding=\"async\" class=\"wp-image-87004 size-full lazyload\" data-src=\"https:\/\/infocul.pt\/arquivo\/wp-content\/uploads\/2020\/11\/IMG-20201124-WA0001.jpg\" alt=\"\" width=\"719\" height=\"720\" data-srcset=\"https:\/\/infocul.pt\/arquivo\/wp-content\/uploads\/2020\/11\/IMG-20201124-WA0001.jpg 719w, https:\/\/infocul.pt\/arquivo\/wp-content\/uploads\/2020\/11\/IMG-20201124-WA0001-300x300.jpg 300w, https:\/\/infocul.pt\/arquivo\/wp-content\/uploads\/2020\/11\/IMG-20201124-WA0001-150x150.jpg 150w\" data-sizes=\"(max-width: 719px) 100vw, 719px\" src=\"data:image\/svg+xml;base64,PHN2ZyB3aWR0aD0iMSIgaGVpZ2h0PSIxIiB4bWxucz0iaHR0cDovL3d3dy53My5vcmcvMjAwMC9zdmciPjwvc3ZnPg==\" style=\"--smush-placeholder-width: 719px; --smush-placeholder-aspect-ratio: 719\/720;\" \/><figcaption id=\"caption-attachment-87004\" class=\"wp-caption-text\">D.R.<\/figcaption><\/figure>\n<p><span style=\"font-weight: 400;\">Escrever sobre o 25 de Novembro de 1975 \u00e9 sempre arriscado, mas escrever sobre uma data que se queria propositadamente apagada da mem\u00f3ria coletiva do povo Portugu\u00eas n\u00e3o pode ser visto nem interpretado de forma imprecisa, deve sim ser visto como um agradecimento \u00e0queles que mesmo correndo riscos lutaram, alguns at\u00e9 \u00e0 morte, pela consolida\u00e7\u00e3o da soberania e democracia de Portugal.<\/span><span style=\"font-weight: 400;\"><br \/>\n<\/span><span style=\"font-weight: 400;\"><br \/>\n<\/span><br \/>\n<!--more--><\/p>\n<p><span style=\"font-weight: 400;\">Porque \u00e9 disto que falamos, falamos do dia que deu por terminada a intentona de transformar Portugal numa ditadura de sinal contr\u00e1rio, uma ditadura de inspira\u00e7\u00e3o e patroc\u00ednio sovi\u00e9tico. Uma ditadura, que tal como todas, n\u00e3o foi pedida por ningu\u00e9m.\u00a0<\/span><\/p>\n<p><span style=\"font-weight: 400;\">Pelo contr\u00e1rio, o partido que na penumbra liderava este processo, partido este que se afirmava ser a voz dos portugueses, teve uns p\u00edfios 12,5% em urnas na primeira elei\u00e7\u00e3o livre ap\u00f3s queda do estado novo e, n\u00e3o satisfeitos resolveram envergar por uma revolu\u00e7\u00e3o popular armada. Cientes da derrota que lhes viria a ser entregue, encobriram-se e sairam de cena.<\/span><\/p>\n<p><span style=\"font-weight: 400;\">Este longo dia acumula todos os acontecimentos que vinham a ter lugar na esfera militar, partid\u00e1ria e civil deste o 25 de abril at\u00e9 ent\u00e3o.\u00a0<\/span><\/p>\n<p><span style=\"font-weight: 400;\">A import\u00e2ncia do 25 de Novembro de 1975 \u00e9 de tal ordem que se traduz no t\u00e9rmino do processo revolucion\u00e1rio em curso que j\u00e1 contava com nacionaliza\u00e7\u00f5es, saneamentos e ocupa\u00e7\u00f5es de propriedades um pouco por todo o pa\u00eds. Traduz-se no fim da persegui\u00e7\u00e3o a actores pol\u00edticos. Traduz-se no fim do controlo de sectores militares, traduz-se no fim de uma guerra civil que estava a mil\u00edmetros de despoletar.\u00a0<\/span><\/p>\n<p><span style=\"font-weight: 400;\">Para responder aos anseios e ambi\u00e7\u00f5es dos Portugueses era necess\u00e1rio travar este golpe de estado que fora organizado por uma minoria que em elei\u00e7\u00f5es foi arrasada e colocada no seu real posto de import\u00e2ncia, essa minoria, dizendo se defensora da liberdade, promotora dos valores de abril promoveu arduamente, sem consulta dos Portugueses, nacionaliza\u00e7\u00f5es e saneamentos, atentados e assassinatos, sequestros e raptos, em busca de um ideal que n\u00e3o era partilhado nem desejado pela maioria dos Portugueses.<\/span><span style=\"font-weight: 400;\"><br \/>\n<\/span><span style=\"font-weight: 400;\"><br \/>\n<\/span><span style=\"font-weight: 400;\">Esta minoria inspirada nos anais da revolu\u00e7\u00e3o do proletariado entendeu que por via democr\u00e1tica n\u00e3o iria chegar ao poder e por isso a revolu\u00e7\u00e3o, a existir, teria que ser armada. Esta minoria, em busca do seu ideal de sociedade, (que de resto j\u00e1 provou fracassar e deixar rastos de morte e mis\u00e9ria por todo o lugar onde passou) entendeu que as armas, as armas militares, deviam estar ao servi\u00e7o da classe trabalhadora, para que se pudesse implantar, \u00e0 for\u00e7a, uma ideologia que n\u00e3o colhia votos em urna.\u00a0<\/span><\/p>\n<p><span style=\"font-weight: 400;\">E por isso foi necess\u00e1rio que o regimento de comandos da Amadora liderados pelo Coronel Jaime Neves travasse este processo que ia contra a vontade do povo portugu\u00eas. Foi pela bravura destes Homens que t\u00eam a democracia como bem m\u00e1ximo de uma na\u00e7\u00e3o que hoje conhecemos um Portugal livre e soberano.<\/span><\/p>\n<p><span style=\"font-weight: 400;\">E por isso a reflex\u00e3o que quero deixar ao leitor \u00e9 um olhar sobre a hist\u00f3ria, \u00e9 um olhar sobre os acontecimentos que nos permitem hoje estar em liberdade. Porque ningu\u00e9m pode ser livre com armas apontadas, ningu\u00e9m \u00e9 livre se n\u00e3o puder votar, ningu\u00e9m \u00e9 livre se n\u00e3o puder expressar a sua opini\u00e3o, ningu\u00e9m \u00e9 livre se lhe for vedada a ambi\u00e7\u00e3o.<\/span><\/p>\n<p><span style=\"font-weight: 400;\">A reflex\u00e3o a que o 25 de novembro nos deve levar \u00e9 de responsabilidade pela liberdade que somos herdeiros, porque tal como aqueles que durante o estado novo sonhavam com um Portugal livre viram o seu sonho ser, pouco a pouco, destrutivo por alguns que se diziam defensores da liberdade. Tamb\u00e9m n\u00f3s devemos, com responsabilidade preservar a heran\u00e7a da revolu\u00e7\u00e3o do 25 de abril consumada a 25 novembro.\u00a0<\/span><\/p>\n<p><span style=\"font-weight: 400;\">E preservar a liberdade \u00e9 exerce-la, \u00e9 gozar do sentido critico que temos e podemos partilhar, \u00e9 poder escolher alternativas, \u00e9 escolher em quem quero votar. \u00c9 poder usufruir do projecto europeu e tudo aquilo que ele tem para n\u00f3s. \u00c9 ter uma comunica\u00e7\u00e3o social ao servi\u00e7o da verdade e da informa\u00e7\u00e3o. Preservar a liberdade \u00e9 tamb\u00e9m celebra-la em novembro.<\/span><\/p>\n<p><span style=\"font-weight: 400;\">Hoje estamos em liberdade porque em novembro de 75 houve quem pronta e corajosamente destruiu os sonhos de quem se preparava para esculpir um pesadelo coletivo no povo Portugu\u00eas, uma r\u00e9plica \u00e0 escala da URSS hipotecando a liberdade de escolha dos Portugueses. <\/span><span style=\"font-weight: 400;\"><br \/>\n<\/span><span style=\"font-weight: 400;\"><br \/>\n<\/span><span style=\"font-weight: 400;\">Nessa altura foi generalizado o consenso de sauda\u00e7\u00e3o \u00e0queles que, neste dia, mudaram os destinos de Portugal, t\u00e3o generalizado que este consenso abarcava figuras not\u00e1veis do PSD, do CDS e at\u00e9 do PS, que hoje envergonhado e sem coluna vertebral renega a hist\u00f3ria. Hoje, afirmar que o 25 de novembro foi um momento de viragem nos destinos de Portugal \u00e9 um acto de coragem. Hoje afirmar que o 25 de novembro \u00e9 um dia de liberdade, uma ode \u00e0 soberania, um dia de alegria pode fazer confus\u00e3o a alguns, mas desse lado j\u00e1 estamos acostumados que n\u00e3o exista uma boa conviv\u00eancia com a verdade por falta de reconcilia\u00e7\u00e3o hist\u00f3rica.<\/span><\/p>\n<p><span style=\"font-weight: 400;\">Que a sauda\u00e7\u00e3o a este dia n\u00e3o seja apenas um acto de coragem, mas um acto de respeito \u00e0 hist\u00f3ria que n\u00e3o pode ser reescrita.<\/span><span style=\"font-weight: 400;\"><br \/>\n<\/span><span style=\"font-weight: 400;\"><br \/>\n<\/span><span style=\"font-weight: 400;\"><br \/>\n<\/span><span style=\"font-weight: 400;\">Jos\u00e9 Coutinho<\/span><span style=\"font-weight: 400;\"><br \/>\n<\/span><span style=\"font-weight: 400;\">Presidente da Juventude Popular Distrital de Set\u00fabal<\/span><\/p>\n","protected":false},"excerpt":{"rendered":"<p>Escrever sobre o 25 de Novembro de 1975 \u00e9 sempre arriscado, mas escrever sobre uma data que se queria propositadamente apagada da mem\u00f3ria coletiva do povo Portugu\u00eas n\u00e3o pode ser visto nem interpretado de forma imprecisa, deve sim ser visto como um agradecimento \u00e0queles que mesmo correndo riscos lutaram, alguns at\u00e9 \u00e0 morte, pela consolida\u00e7\u00e3o [&hellip;]<\/p>\n","protected":false},"author":25,"featured_media":87004,"comment_status":"open","ping_status":"closed","sticky":false,"template":"","format":"standard","meta":{"footnotes":""},"categories":[10,36,4121,11,16],"tags":[10261,7142,441],"class_list":["post-87003","post","type-post","status-publish","format-standard","has-post-thumbnail","hentry","category-actualidade","category-destaque","category-opiniao","category-pais","category-politica","tag-25-de-novembro","tag-cds-pp","tag-setubal"],"yoast_head":"<!-- This site is optimized with the Yoast SEO plugin v27.4 - https:\/\/yoast.com\/product\/yoast-seo-wordpress\/ -->\n<title>O Dia em que as armas regressaram aos quart\u00e9is | Infocul.pt - Arquivo Digital<\/title>\n<meta name=\"description\" content=\"O Dia em que as armas regressaram aos quart\u00e9is | Infocul.pt - Arquivo Digital\" \/>\n<meta name=\"robots\" content=\"noindex, follow, max-snippet:-1, max-image-preview:large, max-video-preview:-1\" \/>\n<meta property=\"og:locale\" content=\"pt_PT\" \/>\n<meta property=\"og:type\" content=\"article\" \/>\n<meta property=\"og:title\" content=\"O Dia em que as armas regressaram aos quart\u00e9is | Infocul.pt - Arquivo Digital\" \/>\n<meta property=\"og:description\" content=\"O Dia em que as armas regressaram aos quart\u00e9is | Infocul.pt - Arquivo Digital\" \/>\n<meta property=\"og:url\" content=\"https:\/\/infocul.pt\/arquivo\/actualidade\/o-dia-em-que-as-armas-regressaram-aos-quarteis\/\" \/>\n<meta property=\"og:site_name\" content=\"Infocul.pt - Arquivo Digital\" \/>\n<meta property=\"article:publisher\" content=\"https:\/\/www.facebook.com\/Infocul-147816815585015\/\" \/>\n<meta property=\"article:published_time\" content=\"2020-11-25T00:00:05+00:00\" \/>\n<meta property=\"og:image\" content=\"https:\/\/infocul.pt\/arquivo\/wp-content\/uploads\/2020\/11\/IMG-20201124-WA0001.jpg\" \/>\n\t<meta property=\"og:image:width\" content=\"719\" \/>\n\t<meta property=\"og:image:height\" content=\"720\" \/>\n\t<meta property=\"og:image:type\" content=\"image\/jpeg\" \/>\n<meta name=\"author\" content=\"Jos\u00e9 Coutinho\" \/>\n<meta name=\"twitter:card\" content=\"summary_large_image\" \/>\n<meta name=\"twitter:creator\" content=\"@Infoculpt\" \/>\n<meta name=\"twitter:site\" content=\"@Infoculpt\" \/>\n<meta name=\"twitter:label1\" content=\"Escrito por\" \/>\n\t<meta name=\"twitter:data1\" content=\"Jos\u00e9 Coutinho\" \/>\n\t<meta name=\"twitter:label2\" content=\"Tempo estimado de leitura\" \/>\n\t<meta name=\"twitter:data2\" content=\"4 minutos\" \/>\n<script type=\"application\/ld+json\" class=\"yoast-schema-graph\">{\"@context\":\"https:\\\/\\\/schema.org\",\"@graph\":[{\"@type\":\"Article\",\"@id\":\"https:\\\/\\\/infocul.pt\\\/arquivo\\\/actualidade\\\/o-dia-em-que-as-armas-regressaram-aos-quarteis\\\/#article\",\"isPartOf\":{\"@id\":\"https:\\\/\\\/infocul.pt\\\/arquivo\\\/actualidade\\\/o-dia-em-que-as-armas-regressaram-aos-quarteis\\\/\"},\"author\":{\"name\":\"Jos\u00e9 Coutinho\",\"@id\":\"https:\\\/\\\/infocul.pt\\\/arquivo\\\/#\\\/schema\\\/person\\\/4beade26016b65b819446bf9c8a785f4\"},\"headline\":\"O Dia em que as armas regressaram aos quart\u00e9is\",\"datePublished\":\"2020-11-25T00:00:05+00:00\",\"mainEntityOfPage\":{\"@id\":\"https:\\\/\\\/infocul.pt\\\/arquivo\\\/actualidade\\\/o-dia-em-que-as-armas-regressaram-aos-quarteis\\\/\"},\"wordCount\":908,\"commentCount\":0,\"publisher\":{\"@id\":\"https:\\\/\\\/infocul.pt\\\/arquivo\\\/#organization\"},\"image\":{\"@id\":\"https:\\\/\\\/infocul.pt\\\/arquivo\\\/actualidade\\\/o-dia-em-que-as-armas-regressaram-aos-quarteis\\\/#primaryimage\"},\"thumbnailUrl\":\"https:\\\/\\\/infocul.pt\\\/arquivo\\\/wp-content\\\/uploads\\\/2020\\\/11\\\/IMG-20201124-WA0001.jpg\",\"keywords\":[\"25 de Novembro\",\"CDS-PP\",\"Set\u00fabal\"],\"articleSection\":[\"Actualidade\",\"Destaque\",\"Opini\u00e3o\",\"Pa\u00eds\",\"Politica\"],\"inLanguage\":\"pt-PT\"},{\"@type\":\"WebPage\",\"@id\":\"https:\\\/\\\/infocul.pt\\\/arquivo\\\/actualidade\\\/o-dia-em-que-as-armas-regressaram-aos-quarteis\\\/\",\"url\":\"https:\\\/\\\/infocul.pt\\\/arquivo\\\/actualidade\\\/o-dia-em-que-as-armas-regressaram-aos-quarteis\\\/\",\"name\":\"O Dia em que as armas regressaram aos quart\u00e9is | Infocul.pt - Arquivo Digital\",\"isPartOf\":{\"@id\":\"https:\\\/\\\/infocul.pt\\\/arquivo\\\/#website\"},\"primaryImageOfPage\":{\"@id\":\"https:\\\/\\\/infocul.pt\\\/arquivo\\\/actualidade\\\/o-dia-em-que-as-armas-regressaram-aos-quarteis\\\/#primaryimage\"},\"image\":{\"@id\":\"https:\\\/\\\/infocul.pt\\\/arquivo\\\/actualidade\\\/o-dia-em-que-as-armas-regressaram-aos-quarteis\\\/#primaryimage\"},\"thumbnailUrl\":\"https:\\\/\\\/infocul.pt\\\/arquivo\\\/wp-content\\\/uploads\\\/2020\\\/11\\\/IMG-20201124-WA0001.jpg\",\"datePublished\":\"2020-11-25T00:00:05+00:00\",\"description\":\"O Dia em que as armas regressaram aos quart\u00e9is | Infocul.pt - Arquivo Digital\",\"breadcrumb\":{\"@id\":\"https:\\\/\\\/infocul.pt\\\/arquivo\\\/actualidade\\\/o-dia-em-que-as-armas-regressaram-aos-quarteis\\\/#breadcrumb\"},\"inLanguage\":\"pt-PT\",\"potentialAction\":[{\"@type\":\"ReadAction\",\"target\":[\"https:\\\/\\\/infocul.pt\\\/arquivo\\\/actualidade\\\/o-dia-em-que-as-armas-regressaram-aos-quarteis\\\/\"]}]},{\"@type\":\"ImageObject\",\"inLanguage\":\"pt-PT\",\"@id\":\"https:\\\/\\\/infocul.pt\\\/arquivo\\\/actualidade\\\/o-dia-em-que-as-armas-regressaram-aos-quarteis\\\/#primaryimage\",\"url\":\"https:\\\/\\\/infocul.pt\\\/arquivo\\\/wp-content\\\/uploads\\\/2020\\\/11\\\/IMG-20201124-WA0001.jpg\",\"contentUrl\":\"https:\\\/\\\/infocul.pt\\\/arquivo\\\/wp-content\\\/uploads\\\/2020\\\/11\\\/IMG-20201124-WA0001.jpg\",\"width\":719,\"height\":720},{\"@type\":\"BreadcrumbList\",\"@id\":\"https:\\\/\\\/infocul.pt\\\/arquivo\\\/actualidade\\\/o-dia-em-que-as-armas-regressaram-aos-quarteis\\\/#breadcrumb\",\"itemListElement\":[{\"@type\":\"ListItem\",\"position\":1,\"name\":\"Home\",\"item\":\"https:\\\/\\\/infocul.pt\\\/arquivo\\\/\"},{\"@type\":\"ListItem\",\"position\":2,\"name\":\"O Dia em que as armas regressaram aos quart\u00e9is\"}]},{\"@type\":\"WebSite\",\"@id\":\"https:\\\/\\\/infocul.pt\\\/arquivo\\\/#website\",\"url\":\"https:\\\/\\\/infocul.pt\\\/arquivo\\\/\",\"name\":\"Infocul.pt - Arquivo Digital\",\"description\":\"Arquivo digital da Infocul.pt\",\"publisher\":{\"@id\":\"https:\\\/\\\/infocul.pt\\\/arquivo\\\/#organization\"},\"potentialAction\":[{\"@type\":\"SearchAction\",\"target\":{\"@type\":\"EntryPoint\",\"urlTemplate\":\"https:\\\/\\\/infocul.pt\\\/arquivo\\\/?s={search_term_string}\"},\"query-input\":{\"@type\":\"PropertyValueSpecification\",\"valueRequired\":true,\"valueName\":\"search_term_string\"}}],\"inLanguage\":\"pt-PT\"},{\"@type\":\"Organization\",\"@id\":\"https:\\\/\\\/infocul.pt\\\/arquivo\\\/#organization\",\"name\":\"Infocul.pt\",\"url\":\"https:\\\/\\\/infocul.pt\\\/arquivo\\\/\",\"logo\":{\"@type\":\"ImageObject\",\"inLanguage\":\"pt-PT\",\"@id\":\"https:\\\/\\\/infocul.pt\\\/arquivo\\\/#\\\/schema\\\/logo\\\/image\\\/\",\"url\":\"https:\\\/\\\/infocul.pt\\\/arquivo\\\/wp-content\\\/uploads\\\/2018\\\/12\\\/Infocul_logo-1.png\",\"contentUrl\":\"https:\\\/\\\/infocul.pt\\\/arquivo\\\/wp-content\\\/uploads\\\/2018\\\/12\\\/Infocul_logo-1.png\",\"width\":800,\"height\":800,\"caption\":\"Infocul.pt\"},\"image\":{\"@id\":\"https:\\\/\\\/infocul.pt\\\/arquivo\\\/#\\\/schema\\\/logo\\\/image\\\/\"},\"sameAs\":[\"https:\\\/\\\/www.facebook.com\\\/Infocul-147816815585015\\\/\",\"https:\\\/\\\/x.com\\\/Infoculpt\",\"http:\\\/\\\/www.pictaram.com\\\/user\\\/infocul.pt\\\/2370423710\",\"https:\\\/\\\/www.youtube.com\\\/channel\\\/UCYEB91AGI9FL9ek2i_IaQAA\"]},{\"@type\":\"Person\",\"@id\":\"https:\\\/\\\/infocul.pt\\\/arquivo\\\/#\\\/schema\\\/person\\\/4beade26016b65b819446bf9c8a785f4\",\"name\":\"Jos\u00e9 Coutinho\",\"image\":{\"@type\":\"ImageObject\",\"inLanguage\":\"pt-PT\",\"@id\":\"https:\\\/\\\/secure.gravatar.com\\\/avatar\\\/46b2b09719b6e06fed15ca43e94f91c66553a7160ef56290f6e2aa7c93b1d9d4?s=96&d=mm&r=g\",\"url\":\"https:\\\/\\\/secure.gravatar.com\\\/avatar\\\/46b2b09719b6e06fed15ca43e94f91c66553a7160ef56290f6e2aa7c93b1d9d4?s=96&d=mm&r=g\",\"contentUrl\":\"https:\\\/\\\/secure.gravatar.com\\\/avatar\\\/46b2b09719b6e06fed15ca43e94f91c66553a7160ef56290f6e2aa7c93b1d9d4?s=96&d=mm&r=g\",\"caption\":\"Jos\u00e9 Coutinho\"}}]}<\/script>\n<!-- \/ Yoast SEO plugin. -->","yoast_head_json":{"title":"O Dia em que as armas regressaram aos quart\u00e9is | Infocul.pt - Arquivo Digital","description":"O Dia em que as armas regressaram aos quart\u00e9is | Infocul.pt - Arquivo Digital","robots":{"index":"noindex","follow":"follow","max-snippet":"max-snippet:-1","max-image-preview":"max-image-preview:large","max-video-preview":"max-video-preview:-1"},"og_locale":"pt_PT","og_type":"article","og_title":"O Dia em que as armas regressaram aos quart\u00e9is | Infocul.pt - Arquivo Digital","og_description":"O Dia em que as armas regressaram aos quart\u00e9is | Infocul.pt - Arquivo Digital","og_url":"https:\/\/infocul.pt\/arquivo\/actualidade\/o-dia-em-que-as-armas-regressaram-aos-quarteis\/","og_site_name":"Infocul.pt - Arquivo Digital","article_publisher":"https:\/\/www.facebook.com\/Infocul-147816815585015\/","article_published_time":"2020-11-25T00:00:05+00:00","og_image":[{"width":719,"height":720,"url":"https:\/\/infocul.pt\/arquivo\/wp-content\/uploads\/2020\/11\/IMG-20201124-WA0001.jpg","type":"image\/jpeg"}],"author":"Jos\u00e9 Coutinho","twitter_card":"summary_large_image","twitter_creator":"@Infoculpt","twitter_site":"@Infoculpt","twitter_misc":{"Escrito por":"Jos\u00e9 Coutinho","Tempo estimado de leitura":"4 minutos"},"schema":{"@context":"https:\/\/schema.org","@graph":[{"@type":"Article","@id":"https:\/\/infocul.pt\/arquivo\/actualidade\/o-dia-em-que-as-armas-regressaram-aos-quarteis\/#article","isPartOf":{"@id":"https:\/\/infocul.pt\/arquivo\/actualidade\/o-dia-em-que-as-armas-regressaram-aos-quarteis\/"},"author":{"name":"Jos\u00e9 Coutinho","@id":"https:\/\/infocul.pt\/arquivo\/#\/schema\/person\/4beade26016b65b819446bf9c8a785f4"},"headline":"O Dia em que as armas regressaram aos quart\u00e9is","datePublished":"2020-11-25T00:00:05+00:00","mainEntityOfPage":{"@id":"https:\/\/infocul.pt\/arquivo\/actualidade\/o-dia-em-que-as-armas-regressaram-aos-quarteis\/"},"wordCount":908,"commentCount":0,"publisher":{"@id":"https:\/\/infocul.pt\/arquivo\/#organization"},"image":{"@id":"https:\/\/infocul.pt\/arquivo\/actualidade\/o-dia-em-que-as-armas-regressaram-aos-quarteis\/#primaryimage"},"thumbnailUrl":"https:\/\/infocul.pt\/arquivo\/wp-content\/uploads\/2020\/11\/IMG-20201124-WA0001.jpg","keywords":["25 de Novembro","CDS-PP","Set\u00fabal"],"articleSection":["Actualidade","Destaque","Opini\u00e3o","Pa\u00eds","Politica"],"inLanguage":"pt-PT"},{"@type":"WebPage","@id":"https:\/\/infocul.pt\/arquivo\/actualidade\/o-dia-em-que-as-armas-regressaram-aos-quarteis\/","url":"https:\/\/infocul.pt\/arquivo\/actualidade\/o-dia-em-que-as-armas-regressaram-aos-quarteis\/","name":"O Dia em que as armas regressaram aos quart\u00e9is | Infocul.pt - Arquivo Digital","isPartOf":{"@id":"https:\/\/infocul.pt\/arquivo\/#website"},"primaryImageOfPage":{"@id":"https:\/\/infocul.pt\/arquivo\/actualidade\/o-dia-em-que-as-armas-regressaram-aos-quarteis\/#primaryimage"},"image":{"@id":"https:\/\/infocul.pt\/arquivo\/actualidade\/o-dia-em-que-as-armas-regressaram-aos-quarteis\/#primaryimage"},"thumbnailUrl":"https:\/\/infocul.pt\/arquivo\/wp-content\/uploads\/2020\/11\/IMG-20201124-WA0001.jpg","datePublished":"2020-11-25T00:00:05+00:00","description":"O Dia em que as armas regressaram aos quart\u00e9is | Infocul.pt - Arquivo Digital","breadcrumb":{"@id":"https:\/\/infocul.pt\/arquivo\/actualidade\/o-dia-em-que-as-armas-regressaram-aos-quarteis\/#breadcrumb"},"inLanguage":"pt-PT","potentialAction":[{"@type":"ReadAction","target":["https:\/\/infocul.pt\/arquivo\/actualidade\/o-dia-em-que-as-armas-regressaram-aos-quarteis\/"]}]},{"@type":"ImageObject","inLanguage":"pt-PT","@id":"https:\/\/infocul.pt\/arquivo\/actualidade\/o-dia-em-que-as-armas-regressaram-aos-quarteis\/#primaryimage","url":"https:\/\/infocul.pt\/arquivo\/wp-content\/uploads\/2020\/11\/IMG-20201124-WA0001.jpg","contentUrl":"https:\/\/infocul.pt\/arquivo\/wp-content\/uploads\/2020\/11\/IMG-20201124-WA0001.jpg","width":719,"height":720},{"@type":"BreadcrumbList","@id":"https:\/\/infocul.pt\/arquivo\/actualidade\/o-dia-em-que-as-armas-regressaram-aos-quarteis\/#breadcrumb","itemListElement":[{"@type":"ListItem","position":1,"name":"Home","item":"https:\/\/infocul.pt\/arquivo\/"},{"@type":"ListItem","position":2,"name":"O Dia em que as armas regressaram aos quart\u00e9is"}]},{"@type":"WebSite","@id":"https:\/\/infocul.pt\/arquivo\/#website","url":"https:\/\/infocul.pt\/arquivo\/","name":"Infocul.pt - Arquivo Digital","description":"Arquivo digital da Infocul.pt","publisher":{"@id":"https:\/\/infocul.pt\/arquivo\/#organization"},"potentialAction":[{"@type":"SearchAction","target":{"@type":"EntryPoint","urlTemplate":"https:\/\/infocul.pt\/arquivo\/?s={search_term_string}"},"query-input":{"@type":"PropertyValueSpecification","valueRequired":true,"valueName":"search_term_string"}}],"inLanguage":"pt-PT"},{"@type":"Organization","@id":"https:\/\/infocul.pt\/arquivo\/#organization","name":"Infocul.pt","url":"https:\/\/infocul.pt\/arquivo\/","logo":{"@type":"ImageObject","inLanguage":"pt-PT","@id":"https:\/\/infocul.pt\/arquivo\/#\/schema\/logo\/image\/","url":"https:\/\/infocul.pt\/arquivo\/wp-content\/uploads\/2018\/12\/Infocul_logo-1.png","contentUrl":"https:\/\/infocul.pt\/arquivo\/wp-content\/uploads\/2018\/12\/Infocul_logo-1.png","width":800,"height":800,"caption":"Infocul.pt"},"image":{"@id":"https:\/\/infocul.pt\/arquivo\/#\/schema\/logo\/image\/"},"sameAs":["https:\/\/www.facebook.com\/Infocul-147816815585015\/","https:\/\/x.com\/Infoculpt","http:\/\/www.pictaram.com\/user\/infocul.pt\/2370423710","https:\/\/www.youtube.com\/channel\/UCYEB91AGI9FL9ek2i_IaQAA"]},{"@type":"Person","@id":"https:\/\/infocul.pt\/arquivo\/#\/schema\/person\/4beade26016b65b819446bf9c8a785f4","name":"Jos\u00e9 Coutinho","image":{"@type":"ImageObject","inLanguage":"pt-PT","@id":"https:\/\/secure.gravatar.com\/avatar\/46b2b09719b6e06fed15ca43e94f91c66553a7160ef56290f6e2aa7c93b1d9d4?s=96&d=mm&r=g","url":"https:\/\/secure.gravatar.com\/avatar\/46b2b09719b6e06fed15ca43e94f91c66553a7160ef56290f6e2aa7c93b1d9d4?s=96&d=mm&r=g","contentUrl":"https:\/\/secure.gravatar.com\/avatar\/46b2b09719b6e06fed15ca43e94f91c66553a7160ef56290f6e2aa7c93b1d9d4?s=96&d=mm&r=g","caption":"Jos\u00e9 Coutinho"}}]}},"_links":{"self":[{"href":"https:\/\/infocul.pt\/arquivo\/wp-json\/wp\/v2\/posts\/87003","targetHints":{"allow":["GET"]}}],"collection":[{"href":"https:\/\/infocul.pt\/arquivo\/wp-json\/wp\/v2\/posts"}],"about":[{"href":"https:\/\/infocul.pt\/arquivo\/wp-json\/wp\/v2\/types\/post"}],"author":[{"embeddable":true,"href":"https:\/\/infocul.pt\/arquivo\/wp-json\/wp\/v2\/users\/25"}],"replies":[{"embeddable":true,"href":"https:\/\/infocul.pt\/arquivo\/wp-json\/wp\/v2\/comments?post=87003"}],"version-history":[{"count":0,"href":"https:\/\/infocul.pt\/arquivo\/wp-json\/wp\/v2\/posts\/87003\/revisions"}],"wp:featuredmedia":[{"embeddable":true,"href":"https:\/\/infocul.pt\/arquivo\/wp-json\/wp\/v2\/media\/87004"}],"wp:attachment":[{"href":"https:\/\/infocul.pt\/arquivo\/wp-json\/wp\/v2\/media?parent=87003"}],"wp:term":[{"taxonomy":"category","embeddable":true,"href":"https:\/\/infocul.pt\/arquivo\/wp-json\/wp\/v2\/categories?post=87003"},{"taxonomy":"post_tag","embeddable":true,"href":"https:\/\/infocul.pt\/arquivo\/wp-json\/wp\/v2\/tags?post=87003"}],"curies":[{"name":"wp","href":"https:\/\/api.w.org\/{rel}","templated":true}]}}