{"id":87165,"date":"2020-11-26T10:43:23","date_gmt":"2020-11-26T10:43:23","guid":{"rendered":"https:\/\/infocul.pt\/?p=87165"},"modified":"2020-11-26T10:43:23","modified_gmt":"2020-11-26T10:43:23","slug":"entrevista-santamaria-filipa-lemos-fala-sobre-a-morte-do-irmao-e-anuncia-um-miniconcerto-acustico-preparado-pela-banda-com-um-carinho-especial","status":"publish","type":"post","link":"https:\/\/infocul.pt\/arquivo\/cultura\/entrevista-santamaria-filipa-lemos-fala-sobre-a-morte-do-irmao-e-anuncia-um-miniconcerto-acustico-preparado-pela-banda-com-um-carinho-especial\/","title":{"rendered":"Entrevista Santamaria: Filipa Lemos fala sobre a morte do irm\u00e3o e anuncia &#8220;um miniconcerto ac\u00fastico, preparado pela Banda com um carinho especial&#8221;"},"content":{"rendered":"<p><strong> <img decoding=\"async\" class=\"aligncenter wp-image-85404 size-full lazyload\" data-src=\"https:\/\/infocul.pt\/arquivo\/wp-content\/uploads\/2020\/11\/unnamed-7.png\" alt=\"\" width=\"649\" height=\"643\" data-srcset=\"https:\/\/infocul.pt\/arquivo\/wp-content\/uploads\/2020\/11\/unnamed-7.png 649w, https:\/\/infocul.pt\/arquivo\/wp-content\/uploads\/2020\/11\/unnamed-7-300x297.png 300w, https:\/\/infocul.pt\/arquivo\/wp-content\/uploads\/2020\/11\/unnamed-7-150x150.png 150w\" data-sizes=\"(max-width: 649px) 100vw, 649px\" src=\"data:image\/svg+xml;base64,PHN2ZyB3aWR0aD0iMSIgaGVpZ2h0PSIxIiB4bWxucz0iaHR0cDovL3d3dy53My5vcmcvMjAwMC9zdmciPjwvc3ZnPg==\" style=\"--smush-placeholder-width: 649px; --smush-placeholder-aspect-ratio: 649\/643;\" \/><\/strong><\/p>\n<p>A caminho de celebrar 23 anos de carreira, a banda <a href=\"https:\/\/www.facebook.com\/profile.php?id=100044384621102\" target=\"_blank\" rel=\"noopener noreferrer\">Santamaria<\/a> sofreu este ano a forte dor da perda, <a href=\"https:\/\/infocul.pt\/arquivo\/cultura\/faleceu-tony-lemos-musico-dos-santamaria\/\" target=\"_blank\" rel=\"noopener noreferrer\">com a morte de T\u00f3 Lemos<\/a>, como aqui demos conta. Recentemente foi lan\u00e7ado o single &#8220;<a href=\"https:\/\/infocul.pt\/arquivo\/cultura\/amar-querer-acreditar-e-o-novo-single-de-santamaria-e-conta-com-participacao-especial\/\" target=\"_blank\" rel=\"noopener noreferrer\">Amar Querer Acreditar<\/a>&#8221; que serviu, tamb\u00e9m, de homenagem ao m\u00fasico e que conta com a presen\u00e7a dele.<!--more--><\/p>\n<p>Filipa Lemos concedeu uma entrevista ao Infocul para falar sobre o percurso da banda Santamaria, do falecimento do irm\u00e3o, da participa\u00e7\u00e3o da filha no novo single, o futuro da banda e ainda uma novidade que est\u00e1 para muito breve.<\/p>\n<p>A cantora n\u00e3o deixou, tamb\u00e9m, de abordar a actual pandemia provocada pela COVID-19 e das diferen\u00e7as de comportamento no M\u00e9xico (onde actualmente reside) e Portugal.<\/p>\n<p><iframe title=\"Santamaria - Amar Querer Acreditar\" width=\"500\" height=\"281\" data-src=\"https:\/\/www.youtube.com\/embed\/JECxY0PTFAI?feature=oembed\" frameborder=\"0\" allow=\"accelerometer; autoplay; clipboard-write; encrypted-media; gyroscope; picture-in-picture; web-share\" referrerpolicy=\"strict-origin-when-cross-origin\" allowfullscreen src=\"data:image\/svg+xml;base64,PHN2ZyB3aWR0aD0iMSIgaGVpZ2h0PSIxIiB4bWxucz0iaHR0cDovL3d3dy53My5vcmcvMjAwMC9zdmciPjwvc3ZnPg==\" class=\"lazyload\" data-load-mode=\"1\"><\/iframe><\/p>\n<p>Uma entrevista que poder\u00e1 ler, na \u00edntegra, de seguida:<\/p>\n<p><strong>Filipa, \u2018Amar Querer Acreditar\u2019 \u00e9 o mais recente tema dos Santamaria. A carga emocional deste tema agora acredito que seja totalmente diferente de quando foi gravado\u2026<\/strong><\/p>\n<p><em>Este tema foi composto pelo meu irm\u00e3o h\u00e1 tr\u00eas anos e, apresentado este Ver\u00e3o durante uma das nossas sess\u00f5es de est\u00fadio. \u00c9, sem d\u00favida alguma, um tema com palavras intensas e, que no presente, t\u00eam ainda um significado mais profundo.<\/em><\/p>\n<p><strong>Curiosamente este tema tem aqui uma extraordin\u00e1ria novidade. A participa\u00e7\u00e3o da sua filha, Maria Jo\u00e3o. Quando surgiu a ideia de ela participar no tema?<\/strong><\/p>\n<p><em>A participa\u00e7\u00e3o da minha filha neste tema, teve exclusivamente relacionada com a descoberta do meu irm\u00e3o em rela\u00e7\u00e3o \u00e0 capacidade art\u00edstica por ela revelada. Curiosamente, numa das muitas sess\u00f5es de est\u00fadio efetuadas e, aquando da apresenta\u00e7\u00e3o da melodia do tema, discretamente, a minha filha come\u00e7ou a cantarolar comigo o que seria pretendido para o tema em quest\u00e3o, tendo surgido a ideia deste dueto especial.<\/em><\/p>\n<p><strong>Este \u00e9 um tema com uma letra muito bonita, por\u00e9m profunda. Como chegou at\u00e9 voc\u00eas este tema, que conta com m\u00fasica de T\u00f3 Lemos?<\/strong><\/p>\n<p><em>Sempre que a Banda decide gravar um novo \u00e1lbum, ou um single promocional, os temas s\u00e3o constru\u00eddos, inicialmente pela parte musical e, \u00e0 posteriori pela letra. Este tema foi apresentado a um amigo de longa data, com v\u00e1rios temas assinados por ele, Rui Batista, que com muito carinho nos presenciou com estas palavras profundas e com muito significado para n\u00f3s.<\/em><\/p>\n<p><strong>No v\u00eddeo que recentemente publicou, deu conta de que este tema j\u00e1 estava preparado e que foi dos \u00faltimos do seu irm\u00e3o.<\/strong><\/p>\n<p><em>Este tema, como outros, foram gravados durante o Ver\u00e3o e preparados para serem lan\u00e7ados mais tarde. Acredito que espiritualmente nos acompanhar\u00e1 na nossa\/sua caminhada. As genialidades art\u00edstica e humana do meu irm\u00e3o estar\u00e3o sempre presentes entre todos os elementos da Banda, mas, de forma perp\u00e9tua em mim.<\/em><\/p>\n<p><strong>Pergunto se h\u00e1 mais novidades a caminho dos Santamaria que ainda tenham contado com a participa\u00e7\u00e3o dele?<\/strong><\/p>\n<p><em>Muito brevemente ser\u00e1 apresentado aos admiradores e seguidores do nosso trabalho, um miniconcerto ac\u00fastico, preparado pela Banda com um carinho especial, como forma de compensa\u00e7\u00e3o, tendo em considera\u00e7\u00e3o o ano absolutamente at\u00edpico e at\u00e9 desrespeitoso em rela\u00e7\u00e3o \u00e0 nossa Cultura.<\/em><\/p>\n<p><strong>Ao olhar para a Maria Jo\u00e3o, pergunto-lhe o que sente ao ver a interpreta\u00e7\u00e3o dela neste tema?<\/strong><\/p>\n<p><em>Embora j\u00e1 tenha percebido que herdou a veia art\u00edstica da m\u00e3e, fiquei muito surpreendida pela sua capacidade interpretativa e, sobretudo, pela compreens\u00e3o correta para transmitir a mensagem profunda que o tema imp\u00f5e.<\/em><\/p>\n<p><strong>\u00c9 a sua sucessora?<\/strong><\/p>\n<p><em>Provavelmente ser\u00e1.<\/em><\/p>\n<p><strong>Foi apenas uma participa\u00e7\u00e3o especial ou poder\u00e1 vir a integrar o projecto?<\/strong><\/p>\n<p><em>Neste momento \u00e9 uma participa\u00e7\u00e3o especial e espont\u00e2nea, at\u00e9 porque j\u00e1 teve a oportunidade de me transmitir que tem as suas ideias, muito pr\u00f3prias, em rela\u00e7\u00e3o ao que ser\u00e1 o seu futuro relacionado com a m\u00fasica.<\/em><\/p>\n<p><strong>Mais de 20 anos de percurso da banda Santamaria. Qual o balan\u00e7o e o que perspetiva para o futuro do projecto?<\/strong><\/p>\n<p><em>A Banda far\u00e1 em mar\u00e7o de 2021, vinte e tr\u00eas anos de um longo percurso, todo ele pautado, maioritariamente, por excelentes mem\u00f3rias e aprendizagens. De forma particular, este projecto acompanhou-me durante uma grande parte da minha vida, ainda enquanto jovem adulta e, agora como mulher. \u00c9 inequ\u00edvoco o carinho especial que nutro por ele e, por isso, enquanto este projecto conseguir permitir que se possa continuar a sonhar, assim ser\u00e1 at\u00e9 entendermos o contr\u00e1rio.<\/em><\/p>\n<p><strong>Sente que Santamaria teve a capacidade de conseguir atingir um vasto p\u00fablico de diferentes quadrantes e que com isso conseguiu estar sempre no topo?<\/strong><\/p>\n<p><em>Sempre tivemos um enorme cuidado quando pens\u00e1vamos no p\u00fablico alvo deste projecto. Inicialmente e, tendo em considera\u00e7\u00e3o o nosso estilo musical, o quadrante mais jovem seria aquele que iria perceber mais facilmente o nosso contexto. Contudo, e, com a estrada, fomos percebendo que o nosso p\u00fablico era, \u00e9 e ser\u00e1 sempre, muito diversificado, o que nos conforta imenso.<\/em><\/p>\n<p><strong>Permita-me regressar ao mais recente single, para destacar o videoclipe. Onde foi gravado e qual a ideia que \u00e9 pretendida passar?<\/strong><\/p>\n<p><em>Este videoclip foi gravado em Vilar de Mouros e, avaliando as palavras deste tema, a ideia foi sempre de transmitir essas emo\u00e7\u00f5es\u00a0 atrav\u00e9s de um ambiente pac\u00edfico e que conseguisse transportar as pessoas para um ambiente de perfeita harmonia.<\/em><\/p>\n<p><strong>Estamos a passar por uma pandemia e pergunto-lhe se h\u00e1 previs\u00e3o para o regresso aos palcos\u2026<\/strong><\/p>\n<p><em>Gostaria de ter uma resposta concreta para lhe dar mas, a realidade desse futuro ir\u00e1 depender dos comportamentos de todos n\u00f3s.<\/em><\/p>\n<p><strong>A Filipa est\u00e1 a viver no M\u00e9xico. Tem sido um dos pa\u00edses mais afectados pela pandemia. Como est\u00e1 a ser vivida a\u00ed a pandemia e quais as diferen\u00e7as para Portugal?<\/strong><\/p>\n<p><em>Apesar da estat\u00edstica revelar que o M\u00e9xico \u00e9 um pa\u00eds localizado nos lugares inferiores dos rankings mundiais em rela\u00e7\u00e3o ao combate perante esta pandemia, desde o primeiro dia que as pessoas s\u00e3o cumpridoras das regras impostas. No Ver\u00e3o estive seis semanas em Portugal e, fiquei francamente incr\u00e9dula com os comportamentos que observei. <\/em><\/p>\n<p><strong>A banda ficar\u00e1 agora com 5 elementos?<\/strong><\/p>\n<p><em>O lugar do meu irm\u00e3o n\u00e3o ser\u00e1 ocupado, por isso, a Banda passar\u00e1 a ser constitu\u00edda, agora, por cinco elementos.<\/em><\/p>\n<p><strong>Qual a mensagem que deixa aos nossos leitores e tamb\u00e9m aos f\u00e3s de Santamaria?<\/strong><\/p>\n<p><em>Gostaria de agradecer, humildemente, a todas as pessoas que ajudaram a construir este percurso e, foram muitas, mas, sobretudo, referir que a nossa caminhada continuar\u00e1 e que o sonho comandar\u00e1 sempre as nossas vidas.<\/em><\/p>\n","protected":false},"excerpt":{"rendered":"<p>A caminho de celebrar 23 anos de carreira, a banda Santamaria sofreu este ano a forte dor da perda, com a morte de T\u00f3 Lemos, como aqui demos conta. Recentemente foi lan\u00e7ado o single &#8220;Amar Querer Acreditar&#8221; que serviu, tamb\u00e9m, de homenagem ao m\u00fasico e que conta com a presen\u00e7a dele.<\/p>\n","protected":false},"author":2,"featured_media":85404,"comment_status":"open","ping_status":"closed","sticky":false,"template":"","format":"standard","meta":{"footnotes":""},"categories":[2,36,4,4124],"tags":[10269,3001],"class_list":["post-87165","post","type-post","status-publish","format-standard","has-post-thumbnail","hentry","category-cultura","category-destaque","category-discos","category-entrevistas","tag-filipa-lemos","tag-santamaria"],"yoast_head":"<!-- This site is optimized with the Yoast SEO plugin v27.4 - https:\/\/yoast.com\/product\/yoast-seo-wordpress\/ -->\n<title>Entrevista Santamaria: Filipa Lemos fala sobre a morte do irm\u00e3o e anuncia &quot;um miniconcerto ac\u00fastico, preparado pela Banda com um carinho especial&quot; | Infocul.pt - Arquivo Digital<\/title>\n<meta name=\"description\" content=\"Entrevista Santamaria: Filipa Lemos fala sobre a morte do irm\u00e3o e anuncia &quot;um miniconcerto ac\u00fastico, preparado pela Banda com um carinho especial&quot; | Infocul.pt - Arquivo Digital\" \/>\n<meta name=\"robots\" content=\"noindex, follow, max-snippet:-1, max-image-preview:large, max-video-preview:-1\" \/>\n<meta property=\"og:locale\" content=\"pt_PT\" \/>\n<meta property=\"og:type\" content=\"article\" \/>\n<meta property=\"og:title\" content=\"Entrevista Santamaria: Filipa Lemos fala sobre a morte do irm\u00e3o e anuncia &quot;um miniconcerto ac\u00fastico, preparado pela Banda com um carinho especial&quot; | Infocul.pt - Arquivo Digital\" \/>\n<meta property=\"og:description\" content=\"Entrevista Santamaria: Filipa Lemos fala sobre a morte do irm\u00e3o e anuncia &quot;um miniconcerto ac\u00fastico, preparado pela Banda com um carinho especial&quot; | Infocul.pt - Arquivo Digital\" \/>\n<meta property=\"og:url\" content=\"https:\/\/infocul.pt\/arquivo\/cultura\/entrevista-santamaria-filipa-lemos-fala-sobre-a-morte-do-irmao-e-anuncia-um-miniconcerto-acustico-preparado-pela-banda-com-um-carinho-especial\/\" \/>\n<meta property=\"og:site_name\" content=\"Infocul.pt - Arquivo Digital\" \/>\n<meta property=\"article:publisher\" content=\"https:\/\/www.facebook.com\/Infocul-147816815585015\/\" \/>\n<meta property=\"article:published_time\" content=\"2020-11-26T10:43:23+00:00\" \/>\n<meta property=\"og:image\" content=\"https:\/\/infocul.pt\/arquivo\/wp-content\/uploads\/2020\/11\/unnamed-7.png\" \/>\n\t<meta property=\"og:image:width\" content=\"649\" \/>\n\t<meta property=\"og:image:height\" content=\"643\" \/>\n\t<meta property=\"og:image:type\" content=\"image\/png\" \/>\n<meta name=\"author\" content=\"Rui Lavrador\" \/>\n<meta name=\"twitter:card\" content=\"summary_large_image\" \/>\n<meta name=\"twitter:creator\" content=\"@Infoculpt\" \/>\n<meta name=\"twitter:site\" content=\"@Infoculpt\" \/>\n<meta name=\"twitter:label1\" content=\"Escrito por\" \/>\n\t<meta name=\"twitter:data1\" content=\"Rui Lavrador\" \/>\n\t<meta name=\"twitter:label2\" content=\"Tempo estimado de leitura\" \/>\n\t<meta name=\"twitter:data2\" content=\"6 minutos\" \/>\n<script type=\"application\/ld+json\" class=\"yoast-schema-graph\">{\"@context\":\"https:\\\/\\\/schema.org\",\"@graph\":[{\"@type\":\"Article\",\"@id\":\"https:\\\/\\\/infocul.pt\\\/arquivo\\\/cultura\\\/entrevista-santamaria-filipa-lemos-fala-sobre-a-morte-do-irmao-e-anuncia-um-miniconcerto-acustico-preparado-pela-banda-com-um-carinho-especial\\\/#article\",\"isPartOf\":{\"@id\":\"https:\\\/\\\/infocul.pt\\\/arquivo\\\/cultura\\\/entrevista-santamaria-filipa-lemos-fala-sobre-a-morte-do-irmao-e-anuncia-um-miniconcerto-acustico-preparado-pela-banda-com-um-carinho-especial\\\/\"},\"author\":{\"name\":\"Rui Lavrador\",\"@id\":\"https:\\\/\\\/infocul.pt\\\/arquivo\\\/#\\\/schema\\\/person\\\/060a108d7f2d85fc6aae505119ee5234\"},\"headline\":\"Entrevista Santamaria: Filipa Lemos fala sobre a morte do irm\u00e3o e anuncia &#8220;um miniconcerto ac\u00fastico, preparado pela Banda com um carinho especial&#8221;\",\"datePublished\":\"2020-11-26T10:43:23+00:00\",\"mainEntityOfPage\":{\"@id\":\"https:\\\/\\\/infocul.pt\\\/arquivo\\\/cultura\\\/entrevista-santamaria-filipa-lemos-fala-sobre-a-morte-do-irmao-e-anuncia-um-miniconcerto-acustico-preparado-pela-banda-com-um-carinho-especial\\\/\"},\"wordCount\":1132,\"commentCount\":0,\"publisher\":{\"@id\":\"https:\\\/\\\/infocul.pt\\\/arquivo\\\/#organization\"},\"image\":{\"@id\":\"https:\\\/\\\/infocul.pt\\\/arquivo\\\/cultura\\\/entrevista-santamaria-filipa-lemos-fala-sobre-a-morte-do-irmao-e-anuncia-um-miniconcerto-acustico-preparado-pela-banda-com-um-carinho-especial\\\/#primaryimage\"},\"thumbnailUrl\":\"https:\\\/\\\/infocul.pt\\\/arquivo\\\/wp-content\\\/uploads\\\/2020\\\/11\\\/unnamed-7.png\",\"keywords\":[\"Filipa Lemos\",\"Santamaria\"],\"articleSection\":[\"Cultura\",\"Destaque\",\"Discos\",\"Entrevistas\"],\"inLanguage\":\"pt-PT\"},{\"@type\":\"WebPage\",\"@id\":\"https:\\\/\\\/infocul.pt\\\/arquivo\\\/cultura\\\/entrevista-santamaria-filipa-lemos-fala-sobre-a-morte-do-irmao-e-anuncia-um-miniconcerto-acustico-preparado-pela-banda-com-um-carinho-especial\\\/\",\"url\":\"https:\\\/\\\/infocul.pt\\\/arquivo\\\/cultura\\\/entrevista-santamaria-filipa-lemos-fala-sobre-a-morte-do-irmao-e-anuncia-um-miniconcerto-acustico-preparado-pela-banda-com-um-carinho-especial\\\/\",\"name\":\"Entrevista Santamaria: Filipa Lemos fala sobre a morte do irm\u00e3o e anuncia \\\"um miniconcerto ac\u00fastico, preparado pela Banda com um carinho especial\\\" | Infocul.pt - Arquivo Digital\",\"isPartOf\":{\"@id\":\"https:\\\/\\\/infocul.pt\\\/arquivo\\\/#website\"},\"primaryImageOfPage\":{\"@id\":\"https:\\\/\\\/infocul.pt\\\/arquivo\\\/cultura\\\/entrevista-santamaria-filipa-lemos-fala-sobre-a-morte-do-irmao-e-anuncia-um-miniconcerto-acustico-preparado-pela-banda-com-um-carinho-especial\\\/#primaryimage\"},\"image\":{\"@id\":\"https:\\\/\\\/infocul.pt\\\/arquivo\\\/cultura\\\/entrevista-santamaria-filipa-lemos-fala-sobre-a-morte-do-irmao-e-anuncia-um-miniconcerto-acustico-preparado-pela-banda-com-um-carinho-especial\\\/#primaryimage\"},\"thumbnailUrl\":\"https:\\\/\\\/infocul.pt\\\/arquivo\\\/wp-content\\\/uploads\\\/2020\\\/11\\\/unnamed-7.png\",\"datePublished\":\"2020-11-26T10:43:23+00:00\",\"description\":\"Entrevista Santamaria: Filipa Lemos fala sobre a morte do irm\u00e3o e anuncia \\\"um miniconcerto ac\u00fastico, preparado pela Banda com um carinho especial\\\" | Infocul.pt - Arquivo Digital\",\"breadcrumb\":{\"@id\":\"https:\\\/\\\/infocul.pt\\\/arquivo\\\/cultura\\\/entrevista-santamaria-filipa-lemos-fala-sobre-a-morte-do-irmao-e-anuncia-um-miniconcerto-acustico-preparado-pela-banda-com-um-carinho-especial\\\/#breadcrumb\"},\"inLanguage\":\"pt-PT\",\"potentialAction\":[{\"@type\":\"ReadAction\",\"target\":[\"https:\\\/\\\/infocul.pt\\\/arquivo\\\/cultura\\\/entrevista-santamaria-filipa-lemos-fala-sobre-a-morte-do-irmao-e-anuncia-um-miniconcerto-acustico-preparado-pela-banda-com-um-carinho-especial\\\/\"]}]},{\"@type\":\"ImageObject\",\"inLanguage\":\"pt-PT\",\"@id\":\"https:\\\/\\\/infocul.pt\\\/arquivo\\\/cultura\\\/entrevista-santamaria-filipa-lemos-fala-sobre-a-morte-do-irmao-e-anuncia-um-miniconcerto-acustico-preparado-pela-banda-com-um-carinho-especial\\\/#primaryimage\",\"url\":\"https:\\\/\\\/infocul.pt\\\/arquivo\\\/wp-content\\\/uploads\\\/2020\\\/11\\\/unnamed-7.png\",\"contentUrl\":\"https:\\\/\\\/infocul.pt\\\/arquivo\\\/wp-content\\\/uploads\\\/2020\\\/11\\\/unnamed-7.png\",\"width\":649,\"height\":643},{\"@type\":\"BreadcrumbList\",\"@id\":\"https:\\\/\\\/infocul.pt\\\/arquivo\\\/cultura\\\/entrevista-santamaria-filipa-lemos-fala-sobre-a-morte-do-irmao-e-anuncia-um-miniconcerto-acustico-preparado-pela-banda-com-um-carinho-especial\\\/#breadcrumb\",\"itemListElement\":[{\"@type\":\"ListItem\",\"position\":1,\"name\":\"Home\",\"item\":\"https:\\\/\\\/infocul.pt\\\/arquivo\\\/\"},{\"@type\":\"ListItem\",\"position\":2,\"name\":\"Entrevista Santamaria: Filipa Lemos fala sobre a morte do irm\u00e3o e anuncia &#8220;um miniconcerto ac\u00fastico, preparado pela Banda com um carinho especial&#8221;\"}]},{\"@type\":\"WebSite\",\"@id\":\"https:\\\/\\\/infocul.pt\\\/arquivo\\\/#website\",\"url\":\"https:\\\/\\\/infocul.pt\\\/arquivo\\\/\",\"name\":\"Infocul.pt - Arquivo Digital\",\"description\":\"Arquivo digital da Infocul.pt\",\"publisher\":{\"@id\":\"https:\\\/\\\/infocul.pt\\\/arquivo\\\/#organization\"},\"potentialAction\":[{\"@type\":\"SearchAction\",\"target\":{\"@type\":\"EntryPoint\",\"urlTemplate\":\"https:\\\/\\\/infocul.pt\\\/arquivo\\\/?s={search_term_string}\"},\"query-input\":{\"@type\":\"PropertyValueSpecification\",\"valueRequired\":true,\"valueName\":\"search_term_string\"}}],\"inLanguage\":\"pt-PT\"},{\"@type\":\"Organization\",\"@id\":\"https:\\\/\\\/infocul.pt\\\/arquivo\\\/#organization\",\"name\":\"Infocul.pt\",\"url\":\"https:\\\/\\\/infocul.pt\\\/arquivo\\\/\",\"logo\":{\"@type\":\"ImageObject\",\"inLanguage\":\"pt-PT\",\"@id\":\"https:\\\/\\\/infocul.pt\\\/arquivo\\\/#\\\/schema\\\/logo\\\/image\\\/\",\"url\":\"https:\\\/\\\/infocul.pt\\\/arquivo\\\/wp-content\\\/uploads\\\/2018\\\/12\\\/Infocul_logo-1.png\",\"contentUrl\":\"https:\\\/\\\/infocul.pt\\\/arquivo\\\/wp-content\\\/uploads\\\/2018\\\/12\\\/Infocul_logo-1.png\",\"width\":800,\"height\":800,\"caption\":\"Infocul.pt\"},\"image\":{\"@id\":\"https:\\\/\\\/infocul.pt\\\/arquivo\\\/#\\\/schema\\\/logo\\\/image\\\/\"},\"sameAs\":[\"https:\\\/\\\/www.facebook.com\\\/Infocul-147816815585015\\\/\",\"https:\\\/\\\/x.com\\\/Infoculpt\",\"http:\\\/\\\/www.pictaram.com\\\/user\\\/infocul.pt\\\/2370423710\",\"https:\\\/\\\/www.youtube.com\\\/channel\\\/UCYEB91AGI9FL9ek2i_IaQAA\"]},{\"@type\":\"Person\",\"@id\":\"https:\\\/\\\/infocul.pt\\\/arquivo\\\/#\\\/schema\\\/person\\\/060a108d7f2d85fc6aae505119ee5234\",\"name\":\"Rui Lavrador\",\"image\":{\"@type\":\"ImageObject\",\"inLanguage\":\"pt-PT\",\"@id\":\"https:\\\/\\\/secure.gravatar.com\\\/avatar\\\/93febd6873394aa8e975148548a0cb203acfdd42d2c85c5f1408e1a76678aece?s=96&d=mm&r=g\",\"url\":\"https:\\\/\\\/secure.gravatar.com\\\/avatar\\\/93febd6873394aa8e975148548a0cb203acfdd42d2c85c5f1408e1a76678aece?s=96&d=mm&r=g\",\"contentUrl\":\"https:\\\/\\\/secure.gravatar.com\\\/avatar\\\/93febd6873394aa8e975148548a0cb203acfdd42d2c85c5f1408e1a76678aece?s=96&d=mm&r=g\",\"caption\":\"Rui Lavrador\"},\"description\":\"Iniciou em 2011 o seu percurso em comunica\u00e7\u00e3o social, tendo integrado v\u00e1rios projectos editoriais. Durante o seu percurso integrou projectos como Jornal Hardm\u00fasica, LusoNot\u00edcias, Toureio.pt, ODigital.pt, entre outros \u00d3rg\u00e3os de Comunica\u00e7\u00e3o Social nacionais, na redac\u00e7\u00e3o de v\u00e1rios artigos. Entrevistou a grande maioria das personalidades mais importantes da vida social e cultural do pa\u00eds, destacando-se, tamb\u00e9m, na aprecia\u00e7\u00e3o de v\u00e1rios espect\u00e1culos. Durante o seu percurso, deu a conhecer v\u00e1rios artistas, at\u00e9 ent\u00e3o desconhecidos, ao grande p\u00fablico. Em 2015 criou e fundou o Infocul.pt, projecto no qual assume a direc\u00e7\u00e3o editorial.\",\"sameAs\":[\"http:\\\/\\\/www.infocul.pt\"]}]}<\/script>\n<!-- \/ Yoast SEO plugin. -->","yoast_head_json":{"title":"Entrevista Santamaria: Filipa Lemos fala sobre a morte do irm\u00e3o e anuncia \"um miniconcerto ac\u00fastico, preparado pela Banda com um carinho especial\" | Infocul.pt - Arquivo Digital","description":"Entrevista Santamaria: Filipa Lemos fala sobre a morte do irm\u00e3o e anuncia \"um miniconcerto ac\u00fastico, preparado pela Banda com um carinho especial\" | Infocul.pt - Arquivo Digital","robots":{"index":"noindex","follow":"follow","max-snippet":"max-snippet:-1","max-image-preview":"max-image-preview:large","max-video-preview":"max-video-preview:-1"},"og_locale":"pt_PT","og_type":"article","og_title":"Entrevista Santamaria: Filipa Lemos fala sobre a morte do irm\u00e3o e anuncia \"um miniconcerto ac\u00fastico, preparado pela Banda com um carinho especial\" | Infocul.pt - Arquivo Digital","og_description":"Entrevista Santamaria: Filipa Lemos fala sobre a morte do irm\u00e3o e anuncia \"um miniconcerto ac\u00fastico, preparado pela Banda com um carinho especial\" | Infocul.pt - Arquivo Digital","og_url":"https:\/\/infocul.pt\/arquivo\/cultura\/entrevista-santamaria-filipa-lemos-fala-sobre-a-morte-do-irmao-e-anuncia-um-miniconcerto-acustico-preparado-pela-banda-com-um-carinho-especial\/","og_site_name":"Infocul.pt - Arquivo Digital","article_publisher":"https:\/\/www.facebook.com\/Infocul-147816815585015\/","article_published_time":"2020-11-26T10:43:23+00:00","og_image":[{"width":649,"height":643,"url":"https:\/\/infocul.pt\/arquivo\/wp-content\/uploads\/2020\/11\/unnamed-7.png","type":"image\/png"}],"author":"Rui Lavrador","twitter_card":"summary_large_image","twitter_creator":"@Infoculpt","twitter_site":"@Infoculpt","twitter_misc":{"Escrito por":"Rui Lavrador","Tempo estimado de leitura":"6 minutos"},"schema":{"@context":"https:\/\/schema.org","@graph":[{"@type":"Article","@id":"https:\/\/infocul.pt\/arquivo\/cultura\/entrevista-santamaria-filipa-lemos-fala-sobre-a-morte-do-irmao-e-anuncia-um-miniconcerto-acustico-preparado-pela-banda-com-um-carinho-especial\/#article","isPartOf":{"@id":"https:\/\/infocul.pt\/arquivo\/cultura\/entrevista-santamaria-filipa-lemos-fala-sobre-a-morte-do-irmao-e-anuncia-um-miniconcerto-acustico-preparado-pela-banda-com-um-carinho-especial\/"},"author":{"name":"Rui Lavrador","@id":"https:\/\/infocul.pt\/arquivo\/#\/schema\/person\/060a108d7f2d85fc6aae505119ee5234"},"headline":"Entrevista Santamaria: Filipa Lemos fala sobre a morte do irm\u00e3o e anuncia &#8220;um miniconcerto ac\u00fastico, preparado pela Banda com um carinho especial&#8221;","datePublished":"2020-11-26T10:43:23+00:00","mainEntityOfPage":{"@id":"https:\/\/infocul.pt\/arquivo\/cultura\/entrevista-santamaria-filipa-lemos-fala-sobre-a-morte-do-irmao-e-anuncia-um-miniconcerto-acustico-preparado-pela-banda-com-um-carinho-especial\/"},"wordCount":1132,"commentCount":0,"publisher":{"@id":"https:\/\/infocul.pt\/arquivo\/#organization"},"image":{"@id":"https:\/\/infocul.pt\/arquivo\/cultura\/entrevista-santamaria-filipa-lemos-fala-sobre-a-morte-do-irmao-e-anuncia-um-miniconcerto-acustico-preparado-pela-banda-com-um-carinho-especial\/#primaryimage"},"thumbnailUrl":"https:\/\/infocul.pt\/arquivo\/wp-content\/uploads\/2020\/11\/unnamed-7.png","keywords":["Filipa Lemos","Santamaria"],"articleSection":["Cultura","Destaque","Discos","Entrevistas"],"inLanguage":"pt-PT"},{"@type":"WebPage","@id":"https:\/\/infocul.pt\/arquivo\/cultura\/entrevista-santamaria-filipa-lemos-fala-sobre-a-morte-do-irmao-e-anuncia-um-miniconcerto-acustico-preparado-pela-banda-com-um-carinho-especial\/","url":"https:\/\/infocul.pt\/arquivo\/cultura\/entrevista-santamaria-filipa-lemos-fala-sobre-a-morte-do-irmao-e-anuncia-um-miniconcerto-acustico-preparado-pela-banda-com-um-carinho-especial\/","name":"Entrevista Santamaria: Filipa Lemos fala sobre a morte do irm\u00e3o e anuncia \"um miniconcerto ac\u00fastico, preparado pela Banda com um carinho especial\" | Infocul.pt - Arquivo Digital","isPartOf":{"@id":"https:\/\/infocul.pt\/arquivo\/#website"},"primaryImageOfPage":{"@id":"https:\/\/infocul.pt\/arquivo\/cultura\/entrevista-santamaria-filipa-lemos-fala-sobre-a-morte-do-irmao-e-anuncia-um-miniconcerto-acustico-preparado-pela-banda-com-um-carinho-especial\/#primaryimage"},"image":{"@id":"https:\/\/infocul.pt\/arquivo\/cultura\/entrevista-santamaria-filipa-lemos-fala-sobre-a-morte-do-irmao-e-anuncia-um-miniconcerto-acustico-preparado-pela-banda-com-um-carinho-especial\/#primaryimage"},"thumbnailUrl":"https:\/\/infocul.pt\/arquivo\/wp-content\/uploads\/2020\/11\/unnamed-7.png","datePublished":"2020-11-26T10:43:23+00:00","description":"Entrevista Santamaria: Filipa Lemos fala sobre a morte do irm\u00e3o e anuncia \"um miniconcerto ac\u00fastico, preparado pela Banda com um carinho especial\" | Infocul.pt - Arquivo Digital","breadcrumb":{"@id":"https:\/\/infocul.pt\/arquivo\/cultura\/entrevista-santamaria-filipa-lemos-fala-sobre-a-morte-do-irmao-e-anuncia-um-miniconcerto-acustico-preparado-pela-banda-com-um-carinho-especial\/#breadcrumb"},"inLanguage":"pt-PT","potentialAction":[{"@type":"ReadAction","target":["https:\/\/infocul.pt\/arquivo\/cultura\/entrevista-santamaria-filipa-lemos-fala-sobre-a-morte-do-irmao-e-anuncia-um-miniconcerto-acustico-preparado-pela-banda-com-um-carinho-especial\/"]}]},{"@type":"ImageObject","inLanguage":"pt-PT","@id":"https:\/\/infocul.pt\/arquivo\/cultura\/entrevista-santamaria-filipa-lemos-fala-sobre-a-morte-do-irmao-e-anuncia-um-miniconcerto-acustico-preparado-pela-banda-com-um-carinho-especial\/#primaryimage","url":"https:\/\/infocul.pt\/arquivo\/wp-content\/uploads\/2020\/11\/unnamed-7.png","contentUrl":"https:\/\/infocul.pt\/arquivo\/wp-content\/uploads\/2020\/11\/unnamed-7.png","width":649,"height":643},{"@type":"BreadcrumbList","@id":"https:\/\/infocul.pt\/arquivo\/cultura\/entrevista-santamaria-filipa-lemos-fala-sobre-a-morte-do-irmao-e-anuncia-um-miniconcerto-acustico-preparado-pela-banda-com-um-carinho-especial\/#breadcrumb","itemListElement":[{"@type":"ListItem","position":1,"name":"Home","item":"https:\/\/infocul.pt\/arquivo\/"},{"@type":"ListItem","position":2,"name":"Entrevista Santamaria: Filipa Lemos fala sobre a morte do irm\u00e3o e anuncia &#8220;um miniconcerto ac\u00fastico, preparado pela Banda com um carinho especial&#8221;"}]},{"@type":"WebSite","@id":"https:\/\/infocul.pt\/arquivo\/#website","url":"https:\/\/infocul.pt\/arquivo\/","name":"Infocul.pt - Arquivo Digital","description":"Arquivo digital da Infocul.pt","publisher":{"@id":"https:\/\/infocul.pt\/arquivo\/#organization"},"potentialAction":[{"@type":"SearchAction","target":{"@type":"EntryPoint","urlTemplate":"https:\/\/infocul.pt\/arquivo\/?s={search_term_string}"},"query-input":{"@type":"PropertyValueSpecification","valueRequired":true,"valueName":"search_term_string"}}],"inLanguage":"pt-PT"},{"@type":"Organization","@id":"https:\/\/infocul.pt\/arquivo\/#organization","name":"Infocul.pt","url":"https:\/\/infocul.pt\/arquivo\/","logo":{"@type":"ImageObject","inLanguage":"pt-PT","@id":"https:\/\/infocul.pt\/arquivo\/#\/schema\/logo\/image\/","url":"https:\/\/infocul.pt\/arquivo\/wp-content\/uploads\/2018\/12\/Infocul_logo-1.png","contentUrl":"https:\/\/infocul.pt\/arquivo\/wp-content\/uploads\/2018\/12\/Infocul_logo-1.png","width":800,"height":800,"caption":"Infocul.pt"},"image":{"@id":"https:\/\/infocul.pt\/arquivo\/#\/schema\/logo\/image\/"},"sameAs":["https:\/\/www.facebook.com\/Infocul-147816815585015\/","https:\/\/x.com\/Infoculpt","http:\/\/www.pictaram.com\/user\/infocul.pt\/2370423710","https:\/\/www.youtube.com\/channel\/UCYEB91AGI9FL9ek2i_IaQAA"]},{"@type":"Person","@id":"https:\/\/infocul.pt\/arquivo\/#\/schema\/person\/060a108d7f2d85fc6aae505119ee5234","name":"Rui Lavrador","image":{"@type":"ImageObject","inLanguage":"pt-PT","@id":"https:\/\/secure.gravatar.com\/avatar\/93febd6873394aa8e975148548a0cb203acfdd42d2c85c5f1408e1a76678aece?s=96&d=mm&r=g","url":"https:\/\/secure.gravatar.com\/avatar\/93febd6873394aa8e975148548a0cb203acfdd42d2c85c5f1408e1a76678aece?s=96&d=mm&r=g","contentUrl":"https:\/\/secure.gravatar.com\/avatar\/93febd6873394aa8e975148548a0cb203acfdd42d2c85c5f1408e1a76678aece?s=96&d=mm&r=g","caption":"Rui Lavrador"},"description":"Iniciou em 2011 o seu percurso em comunica\u00e7\u00e3o social, tendo integrado v\u00e1rios projectos editoriais. Durante o seu percurso integrou projectos como Jornal Hardm\u00fasica, LusoNot\u00edcias, Toureio.pt, ODigital.pt, entre outros \u00d3rg\u00e3os de Comunica\u00e7\u00e3o Social nacionais, na redac\u00e7\u00e3o de v\u00e1rios artigos. Entrevistou a grande maioria das personalidades mais importantes da vida social e cultural do pa\u00eds, destacando-se, tamb\u00e9m, na aprecia\u00e7\u00e3o de v\u00e1rios espect\u00e1culos. Durante o seu percurso, deu a conhecer v\u00e1rios artistas, at\u00e9 ent\u00e3o desconhecidos, ao grande p\u00fablico. Em 2015 criou e fundou o Infocul.pt, projecto no qual assume a direc\u00e7\u00e3o editorial.","sameAs":["http:\/\/www.infocul.pt"]}]}},"_links":{"self":[{"href":"https:\/\/infocul.pt\/arquivo\/wp-json\/wp\/v2\/posts\/87165","targetHints":{"allow":["GET"]}}],"collection":[{"href":"https:\/\/infocul.pt\/arquivo\/wp-json\/wp\/v2\/posts"}],"about":[{"href":"https:\/\/infocul.pt\/arquivo\/wp-json\/wp\/v2\/types\/post"}],"author":[{"embeddable":true,"href":"https:\/\/infocul.pt\/arquivo\/wp-json\/wp\/v2\/users\/2"}],"replies":[{"embeddable":true,"href":"https:\/\/infocul.pt\/arquivo\/wp-json\/wp\/v2\/comments?post=87165"}],"version-history":[{"count":0,"href":"https:\/\/infocul.pt\/arquivo\/wp-json\/wp\/v2\/posts\/87165\/revisions"}],"wp:featuredmedia":[{"embeddable":true,"href":"https:\/\/infocul.pt\/arquivo\/wp-json\/wp\/v2\/media\/85404"}],"wp:attachment":[{"href":"https:\/\/infocul.pt\/arquivo\/wp-json\/wp\/v2\/media?parent=87165"}],"wp:term":[{"taxonomy":"category","embeddable":true,"href":"https:\/\/infocul.pt\/arquivo\/wp-json\/wp\/v2\/categories?post=87165"},{"taxonomy":"post_tag","embeddable":true,"href":"https:\/\/infocul.pt\/arquivo\/wp-json\/wp\/v2\/tags?post=87165"}],"curies":[{"name":"wp","href":"https:\/\/api.w.org\/{rel}","templated":true}]}}