{"id":87176,"date":"2020-11-27T19:00:45","date_gmt":"2020-11-27T19:00:45","guid":{"rendered":"https:\/\/infocul.pt\/?p=87176"},"modified":"2020-11-26T11:36:46","modified_gmt":"2020-11-26T11:36:46","slug":"world-travel-awards-madeira-lisboa-e-algarve-sao-os-melhores-destinos-do-mundo","status":"publish","type":"post","link":"https:\/\/infocul.pt\/arquivo\/actualidade\/world-travel-awards-madeira-lisboa-e-algarve-sao-os-melhores-destinos-do-mundo\/","title":{"rendered":"World Travel Awards: Madeira, Lisboa e Algarve s\u00e3o os melhores destinos do mundo"},"content":{"rendered":"<p><img decoding=\"async\" class=\"aligncenter wp-image-87177 size-full lazyload\" data-src=\"https:\/\/infocul.pt\/arquivo\/wp-content\/uploads\/2020\/11\/transferir-17.jpg\" alt=\"\" width=\"300\" height=\"168\" src=\"data:image\/svg+xml;base64,PHN2ZyB3aWR0aD0iMSIgaGVpZ2h0PSIxIiB4bWxucz0iaHR0cDovL3d3dy53My5vcmcvMjAwMC9zdmciPjwvc3ZnPg==\" style=\"--smush-placeholder-width: 300px; --smush-placeholder-aspect-ratio: 300\/168;\" \/><\/p>\n<p style=\"font-weight: 400;\">A Madeira continua a ser o Melhor Destino Insular do Mundo, na edi\u00e7\u00e3o de 2020 dos World Travel Awards, que distinguiu tamb\u00e9m Lisboa como Melhor Destino City Break do Mundo e, o Algarve, como o Melhor Destino de Praia do Mundo.<!--more--><\/p>\n<p style=\"font-weight: 400;\">\n<p style=\"font-weight: 400;\">A Secret\u00e1ria de Estado do Turismo, Rita Marques, considera que \u201cvencendo todos os constrangimentos, preservamos a reputa\u00e7\u00e3o e a notoriedade dos nossos destinos\u201d.<\/p>\n<p style=\"font-weight: 400;\">\u201cMostramos ao mundo que somos um pa\u00eds seguro, pronto para a todos receber, quando assim for poss\u00edvel. Muito obrigada a todos os portugueses, que contribu\u00edram para que Portugal continue a estar entre os melhores\u201d, acrescentou.<\/p>\n<p style=\"font-weight: 400;\">\n<p style=\"font-weight: 400;\">Considerados os \u2018\u00f3scares\u2019 do turismo, os World Travel Awards s\u00e3o atribu\u00eddos anualmente, desde 1993, pelos profissionais do setor a uma escala mundial, distinguindo o trabalho desenvolvido na ind\u00fastria tur\u00edstica de modo a estimular a competitividade e a qualidade do turismo.<\/p>\n<p style=\"font-weight: 400;\">\n<p style=\"font-weight: 400;\">Segue-se a lista completa de pr\u00e9mios atribu\u00eddos a Portugal nos World Travel Awards 2020:<\/p>\n<p style=\"font-weight: 400;\">\n<p style=\"font-weight: 400;\">World&#8217;s Leading Luxury Leisure Resort 2020 &#8211; Conrad Algarve<\/p>\n<p style=\"font-weight: 400;\">World&#8217;s Leading Tourism Development Project 2020 &#8211;\u00a0Dark Sky Alqueva, Portugal and Spain<\/p>\n<p style=\"font-weight: 400;\">World&#8217;s Leading Golf &amp; Villa Resort 2020 &#8211;\u00a0Dunas Douradas Beach Club, Portugal<\/p>\n<p style=\"font-weight: 400;\">World&#8217;s Leading Wine Region Hotel 2020 &#8211;\u00a0L&#8217;AND Vineyards, Portugal<\/p>\n<p style=\"font-weight: 400;\">World&#8217;s Leading Adventure Tourist Attraction 2020 &#8211;\u00a0Passadi\u00e7os do Paiva (Arouca UNESCO Global Geopark), Portugal<\/p>\n<p style=\"font-weight: 400;\">World&#8217;s Leading Classic Hotel 2020 &#8211;\u00a0Olissippo Lapa Palace Hotel, Portugal<\/p>\n<p style=\"font-weight: 400;\">World&#8217;s Leading Conservation Company 2020 &#8211;\u00a0Parques de Sintra &#8211; Monte da Lua, Portugal<\/p>\n<p style=\"font-weight: 400;\">World&#8217;s Leading Airline to Africa 2020 &#8211;\u00a0TAP Air Portugal<\/p>\n<p style=\"font-weight: 400;\">World&#8217;s Leading Airline to South America 2020 &#8211;\u00a0TAP Air Portugal<\/p>\n<p style=\"font-weight: 400;\">World&#8217;s Leading Inflight Magazine 2020 &#8211;\u00a0Up Magazine (TAP Air Portugal)<\/p>\n<p style=\"font-weight: 400;\">World&#8217;s Leading City Break Destination 2020 &#8211;\u00a0Lisbon, Portugal<\/p>\n<p style=\"font-weight: 400;\">World&#8217;s Leading Beach Destination 2020 &#8211;\u00a0The Algarve, Portugal<\/p>\n<p style=\"font-weight: 400;\">World&#8217;s Leading Fine Dining Hotel Restaurant 2020 &#8211;\u00a0Vila Joya Hotel Restaurant @ Vila Joya, Portugal<\/p>\n<p style=\"font-weight: 400;\">World&#8217;s Leading Island Destination 2020 &#8211;\u00a0Madeira Islands<\/p>\n","protected":false},"excerpt":{"rendered":"<p>A Madeira continua a ser o Melhor Destino Insular do Mundo, na edi\u00e7\u00e3o de 2020 dos World Travel Awards, que distinguiu tamb\u00e9m Lisboa como Melhor Destino City Break do Mundo e, o Algarve, como o Melhor Destino de Praia do Mundo.<\/p>\n","protected":false},"author":13,"featured_media":87177,"comment_status":"open","ping_status":"closed","sticky":false,"template":"","format":"standard","meta":{"footnotes":""},"categories":[10,13],"tags":[10270],"class_list":["post-87176","post","type-post","status-publish","format-standard","has-post-thumbnail","hentry","category-actualidade","category-turismo","tag-world-travel-aawards"],"yoast_head":"<!-- This site is optimized with the Yoast SEO plugin v27.4 - https:\/\/yoast.com\/product\/yoast-seo-wordpress\/ -->\n<title>World Travel Awards: Madeira, Lisboa e Algarve s\u00e3o os melhores destinos do mundo | Infocul.pt - Arquivo Digital<\/title>\n<meta name=\"description\" content=\"World Travel Awards: Madeira, Lisboa e Algarve s\u00e3o os melhores destinos do mundo | Infocul.pt - Arquivo Digital\" \/>\n<meta name=\"robots\" content=\"noindex, follow, max-snippet:-1, max-image-preview:large, max-video-preview:-1\" \/>\n<meta property=\"og:locale\" content=\"pt_PT\" \/>\n<meta property=\"og:type\" content=\"article\" \/>\n<meta property=\"og:title\" content=\"World Travel Awards: Madeira, Lisboa e Algarve s\u00e3o os melhores destinos do mundo | Infocul.pt - Arquivo Digital\" \/>\n<meta property=\"og:description\" content=\"World Travel Awards: Madeira, Lisboa e Algarve s\u00e3o os melhores destinos do mundo | Infocul.pt - Arquivo Digital\" \/>\n<meta property=\"og:url\" content=\"https:\/\/infocul.pt\/arquivo\/actualidade\/world-travel-awards-madeira-lisboa-e-algarve-sao-os-melhores-destinos-do-mundo\/\" \/>\n<meta property=\"og:site_name\" content=\"Infocul.pt - Arquivo Digital\" \/>\n<meta property=\"article:publisher\" content=\"https:\/\/www.facebook.com\/Infocul-147816815585015\/\" \/>\n<meta property=\"article:published_time\" content=\"2020-11-27T19:00:45+00:00\" \/>\n<meta property=\"og:image\" content=\"https:\/\/infocul.pt\/arquivo\/wp-content\/uploads\/2020\/11\/transferir-17.jpg\" \/>\n\t<meta property=\"og:image:width\" content=\"300\" \/>\n\t<meta property=\"og:image:height\" content=\"168\" \/>\n\t<meta property=\"og:image:type\" content=\"image\/jpeg\" \/>\n<meta name=\"author\" content=\"Redac\u00e7\u00e3o\" \/>\n<meta name=\"twitter:card\" content=\"summary_large_image\" \/>\n<meta name=\"twitter:creator\" content=\"@Infoculpt\" \/>\n<meta name=\"twitter:site\" content=\"@Infoculpt\" \/>\n<meta name=\"twitter:label1\" content=\"Escrito por\" \/>\n\t<meta name=\"twitter:data1\" content=\"Redac\u00e7\u00e3o\" \/>\n\t<meta name=\"twitter:label2\" content=\"Tempo estimado de leitura\" \/>\n\t<meta name=\"twitter:data2\" content=\"2 minutos\" \/>\n<script type=\"application\/ld+json\" class=\"yoast-schema-graph\">{\"@context\":\"https:\\\/\\\/schema.org\",\"@graph\":[{\"@type\":\"Article\",\"@id\":\"https:\\\/\\\/infocul.pt\\\/arquivo\\\/actualidade\\\/world-travel-awards-madeira-lisboa-e-algarve-sao-os-melhores-destinos-do-mundo\\\/#article\",\"isPartOf\":{\"@id\":\"https:\\\/\\\/infocul.pt\\\/arquivo\\\/actualidade\\\/world-travel-awards-madeira-lisboa-e-algarve-sao-os-melhores-destinos-do-mundo\\\/\"},\"author\":{\"name\":\"Redac\u00e7\u00e3o\",\"@id\":\"https:\\\/\\\/infocul.pt\\\/arquivo\\\/#\\\/schema\\\/person\\\/f243f45ae8d67639120a7586884f3abc\"},\"headline\":\"World Travel Awards: Madeira, Lisboa e Algarve s\u00e3o os melhores destinos do mundo\",\"datePublished\":\"2020-11-27T19:00:45+00:00\",\"mainEntityOfPage\":{\"@id\":\"https:\\\/\\\/infocul.pt\\\/arquivo\\\/actualidade\\\/world-travel-awards-madeira-lisboa-e-algarve-sao-os-melhores-destinos-do-mundo\\\/\"},\"wordCount\":337,\"commentCount\":0,\"publisher\":{\"@id\":\"https:\\\/\\\/infocul.pt\\\/arquivo\\\/#organization\"},\"image\":{\"@id\":\"https:\\\/\\\/infocul.pt\\\/arquivo\\\/actualidade\\\/world-travel-awards-madeira-lisboa-e-algarve-sao-os-melhores-destinos-do-mundo\\\/#primaryimage\"},\"thumbnailUrl\":\"https:\\\/\\\/infocul.pt\\\/arquivo\\\/wp-content\\\/uploads\\\/2020\\\/11\\\/transferir-17.jpg\",\"keywords\":[\"World Travel Aawards\"],\"articleSection\":[\"Actualidade\",\"Turismo\"],\"inLanguage\":\"pt-PT\"},{\"@type\":\"WebPage\",\"@id\":\"https:\\\/\\\/infocul.pt\\\/arquivo\\\/actualidade\\\/world-travel-awards-madeira-lisboa-e-algarve-sao-os-melhores-destinos-do-mundo\\\/\",\"url\":\"https:\\\/\\\/infocul.pt\\\/arquivo\\\/actualidade\\\/world-travel-awards-madeira-lisboa-e-algarve-sao-os-melhores-destinos-do-mundo\\\/\",\"name\":\"World Travel Awards: Madeira, Lisboa e Algarve s\u00e3o os melhores destinos do mundo | Infocul.pt - Arquivo Digital\",\"isPartOf\":{\"@id\":\"https:\\\/\\\/infocul.pt\\\/arquivo\\\/#website\"},\"primaryImageOfPage\":{\"@id\":\"https:\\\/\\\/infocul.pt\\\/arquivo\\\/actualidade\\\/world-travel-awards-madeira-lisboa-e-algarve-sao-os-melhores-destinos-do-mundo\\\/#primaryimage\"},\"image\":{\"@id\":\"https:\\\/\\\/infocul.pt\\\/arquivo\\\/actualidade\\\/world-travel-awards-madeira-lisboa-e-algarve-sao-os-melhores-destinos-do-mundo\\\/#primaryimage\"},\"thumbnailUrl\":\"https:\\\/\\\/infocul.pt\\\/arquivo\\\/wp-content\\\/uploads\\\/2020\\\/11\\\/transferir-17.jpg\",\"datePublished\":\"2020-11-27T19:00:45+00:00\",\"description\":\"World Travel Awards: Madeira, Lisboa e Algarve s\u00e3o os melhores destinos do mundo | Infocul.pt - Arquivo Digital\",\"breadcrumb\":{\"@id\":\"https:\\\/\\\/infocul.pt\\\/arquivo\\\/actualidade\\\/world-travel-awards-madeira-lisboa-e-algarve-sao-os-melhores-destinos-do-mundo\\\/#breadcrumb\"},\"inLanguage\":\"pt-PT\",\"potentialAction\":[{\"@type\":\"ReadAction\",\"target\":[\"https:\\\/\\\/infocul.pt\\\/arquivo\\\/actualidade\\\/world-travel-awards-madeira-lisboa-e-algarve-sao-os-melhores-destinos-do-mundo\\\/\"]}]},{\"@type\":\"ImageObject\",\"inLanguage\":\"pt-PT\",\"@id\":\"https:\\\/\\\/infocul.pt\\\/arquivo\\\/actualidade\\\/world-travel-awards-madeira-lisboa-e-algarve-sao-os-melhores-destinos-do-mundo\\\/#primaryimage\",\"url\":\"https:\\\/\\\/infocul.pt\\\/arquivo\\\/wp-content\\\/uploads\\\/2020\\\/11\\\/transferir-17.jpg\",\"contentUrl\":\"https:\\\/\\\/infocul.pt\\\/arquivo\\\/wp-content\\\/uploads\\\/2020\\\/11\\\/transferir-17.jpg\",\"width\":300,\"height\":168},{\"@type\":\"BreadcrumbList\",\"@id\":\"https:\\\/\\\/infocul.pt\\\/arquivo\\\/actualidade\\\/world-travel-awards-madeira-lisboa-e-algarve-sao-os-melhores-destinos-do-mundo\\\/#breadcrumb\",\"itemListElement\":[{\"@type\":\"ListItem\",\"position\":1,\"name\":\"Home\",\"item\":\"https:\\\/\\\/infocul.pt\\\/arquivo\\\/\"},{\"@type\":\"ListItem\",\"position\":2,\"name\":\"World Travel Awards: Madeira, Lisboa e Algarve s\u00e3o os melhores destinos do mundo\"}]},{\"@type\":\"WebSite\",\"@id\":\"https:\\\/\\\/infocul.pt\\\/arquivo\\\/#website\",\"url\":\"https:\\\/\\\/infocul.pt\\\/arquivo\\\/\",\"name\":\"Infocul.pt - Arquivo Digital\",\"description\":\"Arquivo digital da Infocul.pt\",\"publisher\":{\"@id\":\"https:\\\/\\\/infocul.pt\\\/arquivo\\\/#organization\"},\"potentialAction\":[{\"@type\":\"SearchAction\",\"target\":{\"@type\":\"EntryPoint\",\"urlTemplate\":\"https:\\\/\\\/infocul.pt\\\/arquivo\\\/?s={search_term_string}\"},\"query-input\":{\"@type\":\"PropertyValueSpecification\",\"valueRequired\":true,\"valueName\":\"search_term_string\"}}],\"inLanguage\":\"pt-PT\"},{\"@type\":\"Organization\",\"@id\":\"https:\\\/\\\/infocul.pt\\\/arquivo\\\/#organization\",\"name\":\"Infocul.pt\",\"url\":\"https:\\\/\\\/infocul.pt\\\/arquivo\\\/\",\"logo\":{\"@type\":\"ImageObject\",\"inLanguage\":\"pt-PT\",\"@id\":\"https:\\\/\\\/infocul.pt\\\/arquivo\\\/#\\\/schema\\\/logo\\\/image\\\/\",\"url\":\"https:\\\/\\\/infocul.pt\\\/arquivo\\\/wp-content\\\/uploads\\\/2018\\\/12\\\/Infocul_logo-1.png\",\"contentUrl\":\"https:\\\/\\\/infocul.pt\\\/arquivo\\\/wp-content\\\/uploads\\\/2018\\\/12\\\/Infocul_logo-1.png\",\"width\":800,\"height\":800,\"caption\":\"Infocul.pt\"},\"image\":{\"@id\":\"https:\\\/\\\/infocul.pt\\\/arquivo\\\/#\\\/schema\\\/logo\\\/image\\\/\"},\"sameAs\":[\"https:\\\/\\\/www.facebook.com\\\/Infocul-147816815585015\\\/\",\"https:\\\/\\\/x.com\\\/Infoculpt\",\"http:\\\/\\\/www.pictaram.com\\\/user\\\/infocul.pt\\\/2370423710\",\"https:\\\/\\\/www.youtube.com\\\/channel\\\/UCYEB91AGI9FL9ek2i_IaQAA\"]},{\"@type\":\"Person\",\"@id\":\"https:\\\/\\\/infocul.pt\\\/arquivo\\\/#\\\/schema\\\/person\\\/f243f45ae8d67639120a7586884f3abc\",\"name\":\"Redac\u00e7\u00e3o\",\"image\":{\"@type\":\"ImageObject\",\"inLanguage\":\"pt-PT\",\"@id\":\"https:\\\/\\\/secure.gravatar.com\\\/avatar\\\/151b1b76c598ab5e749407223bd6c1bad4e41c4e95de3c3df83540ebee2deaf8?s=96&d=mm&r=g\",\"url\":\"https:\\\/\\\/secure.gravatar.com\\\/avatar\\\/151b1b76c598ab5e749407223bd6c1bad4e41c4e95de3c3df83540ebee2deaf8?s=96&d=mm&r=g\",\"contentUrl\":\"https:\\\/\\\/secure.gravatar.com\\\/avatar\\\/151b1b76c598ab5e749407223bd6c1bad4e41c4e95de3c3df83540ebee2deaf8?s=96&d=mm&r=g\",\"caption\":\"Redac\u00e7\u00e3o\"}}]}<\/script>\n<!-- \/ Yoast SEO plugin. -->","yoast_head_json":{"title":"World Travel Awards: Madeira, Lisboa e Algarve s\u00e3o os melhores destinos do mundo | Infocul.pt - Arquivo Digital","description":"World Travel Awards: Madeira, Lisboa e Algarve s\u00e3o os melhores destinos do mundo | Infocul.pt - Arquivo Digital","robots":{"index":"noindex","follow":"follow","max-snippet":"max-snippet:-1","max-image-preview":"max-image-preview:large","max-video-preview":"max-video-preview:-1"},"og_locale":"pt_PT","og_type":"article","og_title":"World Travel Awards: Madeira, Lisboa e Algarve s\u00e3o os melhores destinos do mundo | Infocul.pt - Arquivo Digital","og_description":"World Travel Awards: Madeira, Lisboa e Algarve s\u00e3o os melhores destinos do mundo | Infocul.pt - Arquivo Digital","og_url":"https:\/\/infocul.pt\/arquivo\/actualidade\/world-travel-awards-madeira-lisboa-e-algarve-sao-os-melhores-destinos-do-mundo\/","og_site_name":"Infocul.pt - Arquivo Digital","article_publisher":"https:\/\/www.facebook.com\/Infocul-147816815585015\/","article_published_time":"2020-11-27T19:00:45+00:00","og_image":[{"width":300,"height":168,"url":"https:\/\/infocul.pt\/arquivo\/wp-content\/uploads\/2020\/11\/transferir-17.jpg","type":"image\/jpeg"}],"author":"Redac\u00e7\u00e3o","twitter_card":"summary_large_image","twitter_creator":"@Infoculpt","twitter_site":"@Infoculpt","twitter_misc":{"Escrito por":"Redac\u00e7\u00e3o","Tempo estimado de leitura":"2 minutos"},"schema":{"@context":"https:\/\/schema.org","@graph":[{"@type":"Article","@id":"https:\/\/infocul.pt\/arquivo\/actualidade\/world-travel-awards-madeira-lisboa-e-algarve-sao-os-melhores-destinos-do-mundo\/#article","isPartOf":{"@id":"https:\/\/infocul.pt\/arquivo\/actualidade\/world-travel-awards-madeira-lisboa-e-algarve-sao-os-melhores-destinos-do-mundo\/"},"author":{"name":"Redac\u00e7\u00e3o","@id":"https:\/\/infocul.pt\/arquivo\/#\/schema\/person\/f243f45ae8d67639120a7586884f3abc"},"headline":"World Travel Awards: Madeira, Lisboa e Algarve s\u00e3o os melhores destinos do mundo","datePublished":"2020-11-27T19:00:45+00:00","mainEntityOfPage":{"@id":"https:\/\/infocul.pt\/arquivo\/actualidade\/world-travel-awards-madeira-lisboa-e-algarve-sao-os-melhores-destinos-do-mundo\/"},"wordCount":337,"commentCount":0,"publisher":{"@id":"https:\/\/infocul.pt\/arquivo\/#organization"},"image":{"@id":"https:\/\/infocul.pt\/arquivo\/actualidade\/world-travel-awards-madeira-lisboa-e-algarve-sao-os-melhores-destinos-do-mundo\/#primaryimage"},"thumbnailUrl":"https:\/\/infocul.pt\/arquivo\/wp-content\/uploads\/2020\/11\/transferir-17.jpg","keywords":["World Travel Aawards"],"articleSection":["Actualidade","Turismo"],"inLanguage":"pt-PT"},{"@type":"WebPage","@id":"https:\/\/infocul.pt\/arquivo\/actualidade\/world-travel-awards-madeira-lisboa-e-algarve-sao-os-melhores-destinos-do-mundo\/","url":"https:\/\/infocul.pt\/arquivo\/actualidade\/world-travel-awards-madeira-lisboa-e-algarve-sao-os-melhores-destinos-do-mundo\/","name":"World Travel Awards: Madeira, Lisboa e Algarve s\u00e3o os melhores destinos do mundo | Infocul.pt - Arquivo Digital","isPartOf":{"@id":"https:\/\/infocul.pt\/arquivo\/#website"},"primaryImageOfPage":{"@id":"https:\/\/infocul.pt\/arquivo\/actualidade\/world-travel-awards-madeira-lisboa-e-algarve-sao-os-melhores-destinos-do-mundo\/#primaryimage"},"image":{"@id":"https:\/\/infocul.pt\/arquivo\/actualidade\/world-travel-awards-madeira-lisboa-e-algarve-sao-os-melhores-destinos-do-mundo\/#primaryimage"},"thumbnailUrl":"https:\/\/infocul.pt\/arquivo\/wp-content\/uploads\/2020\/11\/transferir-17.jpg","datePublished":"2020-11-27T19:00:45+00:00","description":"World Travel Awards: Madeira, Lisboa e Algarve s\u00e3o os melhores destinos do mundo | Infocul.pt - Arquivo Digital","breadcrumb":{"@id":"https:\/\/infocul.pt\/arquivo\/actualidade\/world-travel-awards-madeira-lisboa-e-algarve-sao-os-melhores-destinos-do-mundo\/#breadcrumb"},"inLanguage":"pt-PT","potentialAction":[{"@type":"ReadAction","target":["https:\/\/infocul.pt\/arquivo\/actualidade\/world-travel-awards-madeira-lisboa-e-algarve-sao-os-melhores-destinos-do-mundo\/"]}]},{"@type":"ImageObject","inLanguage":"pt-PT","@id":"https:\/\/infocul.pt\/arquivo\/actualidade\/world-travel-awards-madeira-lisboa-e-algarve-sao-os-melhores-destinos-do-mundo\/#primaryimage","url":"https:\/\/infocul.pt\/arquivo\/wp-content\/uploads\/2020\/11\/transferir-17.jpg","contentUrl":"https:\/\/infocul.pt\/arquivo\/wp-content\/uploads\/2020\/11\/transferir-17.jpg","width":300,"height":168},{"@type":"BreadcrumbList","@id":"https:\/\/infocul.pt\/arquivo\/actualidade\/world-travel-awards-madeira-lisboa-e-algarve-sao-os-melhores-destinos-do-mundo\/#breadcrumb","itemListElement":[{"@type":"ListItem","position":1,"name":"Home","item":"https:\/\/infocul.pt\/arquivo\/"},{"@type":"ListItem","position":2,"name":"World Travel Awards: Madeira, Lisboa e Algarve s\u00e3o os melhores destinos do mundo"}]},{"@type":"WebSite","@id":"https:\/\/infocul.pt\/arquivo\/#website","url":"https:\/\/infocul.pt\/arquivo\/","name":"Infocul.pt - Arquivo Digital","description":"Arquivo digital da Infocul.pt","publisher":{"@id":"https:\/\/infocul.pt\/arquivo\/#organization"},"potentialAction":[{"@type":"SearchAction","target":{"@type":"EntryPoint","urlTemplate":"https:\/\/infocul.pt\/arquivo\/?s={search_term_string}"},"query-input":{"@type":"PropertyValueSpecification","valueRequired":true,"valueName":"search_term_string"}}],"inLanguage":"pt-PT"},{"@type":"Organization","@id":"https:\/\/infocul.pt\/arquivo\/#organization","name":"Infocul.pt","url":"https:\/\/infocul.pt\/arquivo\/","logo":{"@type":"ImageObject","inLanguage":"pt-PT","@id":"https:\/\/infocul.pt\/arquivo\/#\/schema\/logo\/image\/","url":"https:\/\/infocul.pt\/arquivo\/wp-content\/uploads\/2018\/12\/Infocul_logo-1.png","contentUrl":"https:\/\/infocul.pt\/arquivo\/wp-content\/uploads\/2018\/12\/Infocul_logo-1.png","width":800,"height":800,"caption":"Infocul.pt"},"image":{"@id":"https:\/\/infocul.pt\/arquivo\/#\/schema\/logo\/image\/"},"sameAs":["https:\/\/www.facebook.com\/Infocul-147816815585015\/","https:\/\/x.com\/Infoculpt","http:\/\/www.pictaram.com\/user\/infocul.pt\/2370423710","https:\/\/www.youtube.com\/channel\/UCYEB91AGI9FL9ek2i_IaQAA"]},{"@type":"Person","@id":"https:\/\/infocul.pt\/arquivo\/#\/schema\/person\/f243f45ae8d67639120a7586884f3abc","name":"Redac\u00e7\u00e3o","image":{"@type":"ImageObject","inLanguage":"pt-PT","@id":"https:\/\/secure.gravatar.com\/avatar\/151b1b76c598ab5e749407223bd6c1bad4e41c4e95de3c3df83540ebee2deaf8?s=96&d=mm&r=g","url":"https:\/\/secure.gravatar.com\/avatar\/151b1b76c598ab5e749407223bd6c1bad4e41c4e95de3c3df83540ebee2deaf8?s=96&d=mm&r=g","contentUrl":"https:\/\/secure.gravatar.com\/avatar\/151b1b76c598ab5e749407223bd6c1bad4e41c4e95de3c3df83540ebee2deaf8?s=96&d=mm&r=g","caption":"Redac\u00e7\u00e3o"}}]}},"_links":{"self":[{"href":"https:\/\/infocul.pt\/arquivo\/wp-json\/wp\/v2\/posts\/87176","targetHints":{"allow":["GET"]}}],"collection":[{"href":"https:\/\/infocul.pt\/arquivo\/wp-json\/wp\/v2\/posts"}],"about":[{"href":"https:\/\/infocul.pt\/arquivo\/wp-json\/wp\/v2\/types\/post"}],"author":[{"embeddable":true,"href":"https:\/\/infocul.pt\/arquivo\/wp-json\/wp\/v2\/users\/13"}],"replies":[{"embeddable":true,"href":"https:\/\/infocul.pt\/arquivo\/wp-json\/wp\/v2\/comments?post=87176"}],"version-history":[{"count":0,"href":"https:\/\/infocul.pt\/arquivo\/wp-json\/wp\/v2\/posts\/87176\/revisions"}],"wp:featuredmedia":[{"embeddable":true,"href":"https:\/\/infocul.pt\/arquivo\/wp-json\/wp\/v2\/media\/87177"}],"wp:attachment":[{"href":"https:\/\/infocul.pt\/arquivo\/wp-json\/wp\/v2\/media?parent=87176"}],"wp:term":[{"taxonomy":"category","embeddable":true,"href":"https:\/\/infocul.pt\/arquivo\/wp-json\/wp\/v2\/categories?post=87176"},{"taxonomy":"post_tag","embeddable":true,"href":"https:\/\/infocul.pt\/arquivo\/wp-json\/wp\/v2\/tags?post=87176"}],"curies":[{"name":"wp","href":"https:\/\/api.w.org\/{rel}","templated":true}]}}