{"id":87523,"date":"2020-12-01T17:23:11","date_gmt":"2020-12-01T17:23:11","guid":{"rendered":"https:\/\/infocul.pt\/?p=87523"},"modified":"2020-12-01T17:23:11","modified_gmt":"2020-12-01T17:23:11","slug":"christmas-to-go-regressa-ao-lisbon-marriott-hotel","status":"publish","type":"post","link":"https:\/\/infocul.pt\/arquivo\/actualidade\/christmas-to-go-regressa-ao-lisbon-marriott-hotel\/","title":{"rendered":"&#8216;Christmas to go&#8217; regressa ao Lisbon Marriott Hotel"},"content":{"rendered":"<p><img decoding=\"async\" class=\"aligncenter wp-image-87525 size-large lazyload\" data-src=\"https:\/\/infocul.pt\/arquivo\/wp-content\/uploads\/2020\/12\/FOTO-DO-PERU-1-835x1024.jpeg\" alt=\"\" width=\"800\" height=\"981\" data-srcset=\"https:\/\/infocul.pt\/arquivo\/wp-content\/uploads\/2020\/12\/FOTO-DO-PERU-1.jpeg 835w, https:\/\/infocul.pt\/arquivo\/wp-content\/uploads\/2020\/12\/FOTO-DO-PERU-1-245x300.jpeg 245w, https:\/\/infocul.pt\/arquivo\/wp-content\/uploads\/2020\/12\/FOTO-DO-PERU-1-768x942.jpeg 768w\" data-sizes=\"(max-width: 800px) 100vw, 800px\" src=\"data:image\/svg+xml;base64,PHN2ZyB3aWR0aD0iMSIgaGVpZ2h0PSIxIiB4bWxucz0iaHR0cDovL3d3dy53My5vcmcvMjAwMC9zdmciPjwvc3ZnPg==\" style=\"--smush-placeholder-width: 800px; --smush-placeholder-aspect-ratio: 800\/981;\" \/><\/p>\n<p>O Natal \u00e9 tempo de cumprir as tradi\u00e7\u00f5es de fam\u00edlia e deliciar-se com o melhor da nossa gastronomia. <!--more--><br \/>\nDepois de um ano at\u00edpico, com v\u00e1rios per\u00edodos de confinamento, sentimos mais do que nunca a vontade de celebrar junto de quem mais gostamos.<br \/>\nApesar de todas as restri\u00e7\u00f5es que se t\u00eam colocado nos \u00faltimos dias, o Lisbon Marriott Hotel acredita que o Natal pode ser celebrado com seguran\u00e7a, conforto e precau\u00e7\u00e3o.<\/p>\n<p>Por isso mesmo, optaram por trazer o Natal at\u00e9 sua casa, para poder usufruir do seu tempo livre junto de quem mais gosta, sem preocupa\u00e7\u00f5es com a cozinha e garantindo todas as normas de seguran\u00e7a.<\/p>\n<p>O servi\u00e7o de take-away ou home delivery do Lisbon Marriott Hotel disponibiliza o saboroso per\u00fa assado (2,5kg), recheado para oito pessoas, no valor de 69\u20ac ,leit\u00e3o ou cabrito assado(8 a 10 pessoas) por 79\u20ac, ganso (4 a 5 pessoas) por 59\u20ac, e pato (3 a 4 pessoas) a 39\u20ac ,com molho e acompanhamento \u00e0 parte.<\/p>\n<p>Como acompanhamento oferecemos arroz no forno com frutos secos ,batata assada com alho e alecrim, legumes assados com tomilho, esparregado com espinafres e dumplings ou couve roxa.<\/p>\n<p>Para sobremesa: Bundt Cake de Laranja e Toffee por apenas 15\u20ac<\/p>\n<p>As encomendas de Natal devem ser feitas com pelo menos 48 horas de anteced\u00eancia, at\u00e9 dia 15 de Janeiro atrav\u00e9s do telefone 21 723 54 00 ou Whatsapp 91 439 10 60 e depois levantadas no Lisbon Marriott Hotel, localizado na Av. dos Combatentes. O servi\u00e7o home delivery, tem taxa de entrega a partir de 5\u20ac, dependendo da zona.<\/p>\n","protected":false},"excerpt":{"rendered":"<p>O Natal \u00e9 tempo de cumprir as tradi\u00e7\u00f5es de fam\u00edlia e deliciar-se com o melhor da nossa gastronomia.<\/p>\n","protected":false},"author":13,"featured_media":87525,"comment_status":"open","ping_status":"closed","sticky":false,"template":"","format":"standard","meta":{"footnotes":""},"categories":[10,13],"tags":[],"class_list":["post-87523","post","type-post","status-publish","format-standard","has-post-thumbnail","hentry","category-actualidade","category-turismo"],"yoast_head":"<!-- This site is optimized with the Yoast SEO plugin v27.4 - https:\/\/yoast.com\/product\/yoast-seo-wordpress\/ -->\n<title>&#039;Christmas to go&#039; regressa ao Lisbon Marriott Hotel | Infocul.pt - Arquivo Digital<\/title>\n<meta name=\"description\" content=\"&#039;Christmas to go&#039; regressa ao Lisbon Marriott Hotel | Infocul.pt - Arquivo Digital\" \/>\n<meta name=\"robots\" content=\"noindex, follow, max-snippet:-1, max-image-preview:large, max-video-preview:-1\" \/>\n<meta property=\"og:locale\" content=\"pt_PT\" \/>\n<meta property=\"og:type\" content=\"article\" \/>\n<meta property=\"og:title\" content=\"&#039;Christmas to go&#039; regressa ao Lisbon Marriott Hotel | Infocul.pt - Arquivo Digital\" \/>\n<meta property=\"og:description\" content=\"&#039;Christmas to go&#039; regressa ao Lisbon Marriott Hotel | Infocul.pt - Arquivo Digital\" \/>\n<meta property=\"og:url\" content=\"https:\/\/infocul.pt\/arquivo\/actualidade\/christmas-to-go-regressa-ao-lisbon-marriott-hotel\/\" \/>\n<meta property=\"og:site_name\" content=\"Infocul.pt - Arquivo Digital\" \/>\n<meta property=\"article:publisher\" content=\"https:\/\/www.facebook.com\/Infocul-147816815585015\/\" \/>\n<meta property=\"article:published_time\" content=\"2020-12-01T17:23:11+00:00\" \/>\n<meta property=\"og:image\" content=\"https:\/\/infocul.pt\/arquivo\/wp-content\/uploads\/2020\/12\/FOTO-DO-PERU-1.jpeg\" \/>\n\t<meta property=\"og:image:width\" content=\"835\" \/>\n\t<meta property=\"og:image:height\" content=\"1024\" \/>\n\t<meta property=\"og:image:type\" content=\"image\/jpeg\" \/>\n<meta name=\"author\" content=\"Redac\u00e7\u00e3o\" \/>\n<meta name=\"twitter:card\" content=\"summary_large_image\" \/>\n<meta name=\"twitter:creator\" content=\"@Infoculpt\" \/>\n<meta name=\"twitter:site\" content=\"@Infoculpt\" \/>\n<meta name=\"twitter:label1\" content=\"Escrito por\" \/>\n\t<meta name=\"twitter:data1\" content=\"Redac\u00e7\u00e3o\" \/>\n\t<meta name=\"twitter:label2\" content=\"Tempo estimado de leitura\" \/>\n\t<meta name=\"twitter:data2\" content=\"1 minuto\" \/>\n<script type=\"application\/ld+json\" class=\"yoast-schema-graph\">{\"@context\":\"https:\\\/\\\/schema.org\",\"@graph\":[{\"@type\":\"Article\",\"@id\":\"https:\\\/\\\/infocul.pt\\\/arquivo\\\/actualidade\\\/christmas-to-go-regressa-ao-lisbon-marriott-hotel\\\/#article\",\"isPartOf\":{\"@id\":\"https:\\\/\\\/infocul.pt\\\/arquivo\\\/actualidade\\\/christmas-to-go-regressa-ao-lisbon-marriott-hotel\\\/\"},\"author\":{\"name\":\"Redac\u00e7\u00e3o\",\"@id\":\"https:\\\/\\\/infocul.pt\\\/arquivo\\\/#\\\/schema\\\/person\\\/f243f45ae8d67639120a7586884f3abc\"},\"headline\":\"&#8216;Christmas to go&#8217; regressa ao Lisbon Marriott Hotel\",\"datePublished\":\"2020-12-01T17:23:11+00:00\",\"mainEntityOfPage\":{\"@id\":\"https:\\\/\\\/infocul.pt\\\/arquivo\\\/actualidade\\\/christmas-to-go-regressa-ao-lisbon-marriott-hotel\\\/\"},\"wordCount\":258,\"commentCount\":0,\"publisher\":{\"@id\":\"https:\\\/\\\/infocul.pt\\\/arquivo\\\/#organization\"},\"image\":{\"@id\":\"https:\\\/\\\/infocul.pt\\\/arquivo\\\/actualidade\\\/christmas-to-go-regressa-ao-lisbon-marriott-hotel\\\/#primaryimage\"},\"thumbnailUrl\":\"https:\\\/\\\/infocul.pt\\\/arquivo\\\/wp-content\\\/uploads\\\/2020\\\/12\\\/FOTO-DO-PERU-1.jpeg\",\"articleSection\":[\"Actualidade\",\"Turismo\"],\"inLanguage\":\"pt-PT\"},{\"@type\":\"WebPage\",\"@id\":\"https:\\\/\\\/infocul.pt\\\/arquivo\\\/actualidade\\\/christmas-to-go-regressa-ao-lisbon-marriott-hotel\\\/\",\"url\":\"https:\\\/\\\/infocul.pt\\\/arquivo\\\/actualidade\\\/christmas-to-go-regressa-ao-lisbon-marriott-hotel\\\/\",\"name\":\"'Christmas to go' regressa ao Lisbon Marriott Hotel | Infocul.pt - Arquivo Digital\",\"isPartOf\":{\"@id\":\"https:\\\/\\\/infocul.pt\\\/arquivo\\\/#website\"},\"primaryImageOfPage\":{\"@id\":\"https:\\\/\\\/infocul.pt\\\/arquivo\\\/actualidade\\\/christmas-to-go-regressa-ao-lisbon-marriott-hotel\\\/#primaryimage\"},\"image\":{\"@id\":\"https:\\\/\\\/infocul.pt\\\/arquivo\\\/actualidade\\\/christmas-to-go-regressa-ao-lisbon-marriott-hotel\\\/#primaryimage\"},\"thumbnailUrl\":\"https:\\\/\\\/infocul.pt\\\/arquivo\\\/wp-content\\\/uploads\\\/2020\\\/12\\\/FOTO-DO-PERU-1.jpeg\",\"datePublished\":\"2020-12-01T17:23:11+00:00\",\"description\":\"'Christmas to go' regressa ao Lisbon Marriott Hotel | Infocul.pt - Arquivo Digital\",\"breadcrumb\":{\"@id\":\"https:\\\/\\\/infocul.pt\\\/arquivo\\\/actualidade\\\/christmas-to-go-regressa-ao-lisbon-marriott-hotel\\\/#breadcrumb\"},\"inLanguage\":\"pt-PT\",\"potentialAction\":[{\"@type\":\"ReadAction\",\"target\":[\"https:\\\/\\\/infocul.pt\\\/arquivo\\\/actualidade\\\/christmas-to-go-regressa-ao-lisbon-marriott-hotel\\\/\"]}]},{\"@type\":\"ImageObject\",\"inLanguage\":\"pt-PT\",\"@id\":\"https:\\\/\\\/infocul.pt\\\/arquivo\\\/actualidade\\\/christmas-to-go-regressa-ao-lisbon-marriott-hotel\\\/#primaryimage\",\"url\":\"https:\\\/\\\/infocul.pt\\\/arquivo\\\/wp-content\\\/uploads\\\/2020\\\/12\\\/FOTO-DO-PERU-1.jpeg\",\"contentUrl\":\"https:\\\/\\\/infocul.pt\\\/arquivo\\\/wp-content\\\/uploads\\\/2020\\\/12\\\/FOTO-DO-PERU-1.jpeg\",\"width\":835,\"height\":1024},{\"@type\":\"BreadcrumbList\",\"@id\":\"https:\\\/\\\/infocul.pt\\\/arquivo\\\/actualidade\\\/christmas-to-go-regressa-ao-lisbon-marriott-hotel\\\/#breadcrumb\",\"itemListElement\":[{\"@type\":\"ListItem\",\"position\":1,\"name\":\"Home\",\"item\":\"https:\\\/\\\/infocul.pt\\\/arquivo\\\/\"},{\"@type\":\"ListItem\",\"position\":2,\"name\":\"&#8216;Christmas to go&#8217; regressa ao Lisbon Marriott Hotel\"}]},{\"@type\":\"WebSite\",\"@id\":\"https:\\\/\\\/infocul.pt\\\/arquivo\\\/#website\",\"url\":\"https:\\\/\\\/infocul.pt\\\/arquivo\\\/\",\"name\":\"Infocul.pt - Arquivo Digital\",\"description\":\"Arquivo digital da Infocul.pt\",\"publisher\":{\"@id\":\"https:\\\/\\\/infocul.pt\\\/arquivo\\\/#organization\"},\"potentialAction\":[{\"@type\":\"SearchAction\",\"target\":{\"@type\":\"EntryPoint\",\"urlTemplate\":\"https:\\\/\\\/infocul.pt\\\/arquivo\\\/?s={search_term_string}\"},\"query-input\":{\"@type\":\"PropertyValueSpecification\",\"valueRequired\":true,\"valueName\":\"search_term_string\"}}],\"inLanguage\":\"pt-PT\"},{\"@type\":\"Organization\",\"@id\":\"https:\\\/\\\/infocul.pt\\\/arquivo\\\/#organization\",\"name\":\"Infocul.pt\",\"url\":\"https:\\\/\\\/infocul.pt\\\/arquivo\\\/\",\"logo\":{\"@type\":\"ImageObject\",\"inLanguage\":\"pt-PT\",\"@id\":\"https:\\\/\\\/infocul.pt\\\/arquivo\\\/#\\\/schema\\\/logo\\\/image\\\/\",\"url\":\"https:\\\/\\\/infocul.pt\\\/arquivo\\\/wp-content\\\/uploads\\\/2018\\\/12\\\/Infocul_logo-1.png\",\"contentUrl\":\"https:\\\/\\\/infocul.pt\\\/arquivo\\\/wp-content\\\/uploads\\\/2018\\\/12\\\/Infocul_logo-1.png\",\"width\":800,\"height\":800,\"caption\":\"Infocul.pt\"},\"image\":{\"@id\":\"https:\\\/\\\/infocul.pt\\\/arquivo\\\/#\\\/schema\\\/logo\\\/image\\\/\"},\"sameAs\":[\"https:\\\/\\\/www.facebook.com\\\/Infocul-147816815585015\\\/\",\"https:\\\/\\\/x.com\\\/Infoculpt\",\"http:\\\/\\\/www.pictaram.com\\\/user\\\/infocul.pt\\\/2370423710\",\"https:\\\/\\\/www.youtube.com\\\/channel\\\/UCYEB91AGI9FL9ek2i_IaQAA\"]},{\"@type\":\"Person\",\"@id\":\"https:\\\/\\\/infocul.pt\\\/arquivo\\\/#\\\/schema\\\/person\\\/f243f45ae8d67639120a7586884f3abc\",\"name\":\"Redac\u00e7\u00e3o\",\"image\":{\"@type\":\"ImageObject\",\"inLanguage\":\"pt-PT\",\"@id\":\"https:\\\/\\\/secure.gravatar.com\\\/avatar\\\/151b1b76c598ab5e749407223bd6c1bad4e41c4e95de3c3df83540ebee2deaf8?s=96&d=mm&r=g\",\"url\":\"https:\\\/\\\/secure.gravatar.com\\\/avatar\\\/151b1b76c598ab5e749407223bd6c1bad4e41c4e95de3c3df83540ebee2deaf8?s=96&d=mm&r=g\",\"contentUrl\":\"https:\\\/\\\/secure.gravatar.com\\\/avatar\\\/151b1b76c598ab5e749407223bd6c1bad4e41c4e95de3c3df83540ebee2deaf8?s=96&d=mm&r=g\",\"caption\":\"Redac\u00e7\u00e3o\"}}]}<\/script>\n<!-- \/ Yoast SEO plugin. -->","yoast_head_json":{"title":"'Christmas to go' regressa ao Lisbon Marriott Hotel | Infocul.pt - Arquivo Digital","description":"'Christmas to go' regressa ao Lisbon Marriott Hotel | Infocul.pt - Arquivo Digital","robots":{"index":"noindex","follow":"follow","max-snippet":"max-snippet:-1","max-image-preview":"max-image-preview:large","max-video-preview":"max-video-preview:-1"},"og_locale":"pt_PT","og_type":"article","og_title":"'Christmas to go' regressa ao Lisbon Marriott Hotel | Infocul.pt - Arquivo Digital","og_description":"'Christmas to go' regressa ao Lisbon Marriott Hotel | Infocul.pt - Arquivo Digital","og_url":"https:\/\/infocul.pt\/arquivo\/actualidade\/christmas-to-go-regressa-ao-lisbon-marriott-hotel\/","og_site_name":"Infocul.pt - Arquivo Digital","article_publisher":"https:\/\/www.facebook.com\/Infocul-147816815585015\/","article_published_time":"2020-12-01T17:23:11+00:00","og_image":[{"width":835,"height":1024,"url":"https:\/\/infocul.pt\/arquivo\/wp-content\/uploads\/2020\/12\/FOTO-DO-PERU-1.jpeg","type":"image\/jpeg"}],"author":"Redac\u00e7\u00e3o","twitter_card":"summary_large_image","twitter_creator":"@Infoculpt","twitter_site":"@Infoculpt","twitter_misc":{"Escrito por":"Redac\u00e7\u00e3o","Tempo estimado de leitura":"1 minuto"},"schema":{"@context":"https:\/\/schema.org","@graph":[{"@type":"Article","@id":"https:\/\/infocul.pt\/arquivo\/actualidade\/christmas-to-go-regressa-ao-lisbon-marriott-hotel\/#article","isPartOf":{"@id":"https:\/\/infocul.pt\/arquivo\/actualidade\/christmas-to-go-regressa-ao-lisbon-marriott-hotel\/"},"author":{"name":"Redac\u00e7\u00e3o","@id":"https:\/\/infocul.pt\/arquivo\/#\/schema\/person\/f243f45ae8d67639120a7586884f3abc"},"headline":"&#8216;Christmas to go&#8217; regressa ao Lisbon Marriott Hotel","datePublished":"2020-12-01T17:23:11+00:00","mainEntityOfPage":{"@id":"https:\/\/infocul.pt\/arquivo\/actualidade\/christmas-to-go-regressa-ao-lisbon-marriott-hotel\/"},"wordCount":258,"commentCount":0,"publisher":{"@id":"https:\/\/infocul.pt\/arquivo\/#organization"},"image":{"@id":"https:\/\/infocul.pt\/arquivo\/actualidade\/christmas-to-go-regressa-ao-lisbon-marriott-hotel\/#primaryimage"},"thumbnailUrl":"https:\/\/infocul.pt\/arquivo\/wp-content\/uploads\/2020\/12\/FOTO-DO-PERU-1.jpeg","articleSection":["Actualidade","Turismo"],"inLanguage":"pt-PT"},{"@type":"WebPage","@id":"https:\/\/infocul.pt\/arquivo\/actualidade\/christmas-to-go-regressa-ao-lisbon-marriott-hotel\/","url":"https:\/\/infocul.pt\/arquivo\/actualidade\/christmas-to-go-regressa-ao-lisbon-marriott-hotel\/","name":"'Christmas to go' regressa ao Lisbon Marriott Hotel | Infocul.pt - Arquivo Digital","isPartOf":{"@id":"https:\/\/infocul.pt\/arquivo\/#website"},"primaryImageOfPage":{"@id":"https:\/\/infocul.pt\/arquivo\/actualidade\/christmas-to-go-regressa-ao-lisbon-marriott-hotel\/#primaryimage"},"image":{"@id":"https:\/\/infocul.pt\/arquivo\/actualidade\/christmas-to-go-regressa-ao-lisbon-marriott-hotel\/#primaryimage"},"thumbnailUrl":"https:\/\/infocul.pt\/arquivo\/wp-content\/uploads\/2020\/12\/FOTO-DO-PERU-1.jpeg","datePublished":"2020-12-01T17:23:11+00:00","description":"'Christmas to go' regressa ao Lisbon Marriott Hotel | Infocul.pt - Arquivo Digital","breadcrumb":{"@id":"https:\/\/infocul.pt\/arquivo\/actualidade\/christmas-to-go-regressa-ao-lisbon-marriott-hotel\/#breadcrumb"},"inLanguage":"pt-PT","potentialAction":[{"@type":"ReadAction","target":["https:\/\/infocul.pt\/arquivo\/actualidade\/christmas-to-go-regressa-ao-lisbon-marriott-hotel\/"]}]},{"@type":"ImageObject","inLanguage":"pt-PT","@id":"https:\/\/infocul.pt\/arquivo\/actualidade\/christmas-to-go-regressa-ao-lisbon-marriott-hotel\/#primaryimage","url":"https:\/\/infocul.pt\/arquivo\/wp-content\/uploads\/2020\/12\/FOTO-DO-PERU-1.jpeg","contentUrl":"https:\/\/infocul.pt\/arquivo\/wp-content\/uploads\/2020\/12\/FOTO-DO-PERU-1.jpeg","width":835,"height":1024},{"@type":"BreadcrumbList","@id":"https:\/\/infocul.pt\/arquivo\/actualidade\/christmas-to-go-regressa-ao-lisbon-marriott-hotel\/#breadcrumb","itemListElement":[{"@type":"ListItem","position":1,"name":"Home","item":"https:\/\/infocul.pt\/arquivo\/"},{"@type":"ListItem","position":2,"name":"&#8216;Christmas to go&#8217; regressa ao Lisbon Marriott Hotel"}]},{"@type":"WebSite","@id":"https:\/\/infocul.pt\/arquivo\/#website","url":"https:\/\/infocul.pt\/arquivo\/","name":"Infocul.pt - Arquivo Digital","description":"Arquivo digital da Infocul.pt","publisher":{"@id":"https:\/\/infocul.pt\/arquivo\/#organization"},"potentialAction":[{"@type":"SearchAction","target":{"@type":"EntryPoint","urlTemplate":"https:\/\/infocul.pt\/arquivo\/?s={search_term_string}"},"query-input":{"@type":"PropertyValueSpecification","valueRequired":true,"valueName":"search_term_string"}}],"inLanguage":"pt-PT"},{"@type":"Organization","@id":"https:\/\/infocul.pt\/arquivo\/#organization","name":"Infocul.pt","url":"https:\/\/infocul.pt\/arquivo\/","logo":{"@type":"ImageObject","inLanguage":"pt-PT","@id":"https:\/\/infocul.pt\/arquivo\/#\/schema\/logo\/image\/","url":"https:\/\/infocul.pt\/arquivo\/wp-content\/uploads\/2018\/12\/Infocul_logo-1.png","contentUrl":"https:\/\/infocul.pt\/arquivo\/wp-content\/uploads\/2018\/12\/Infocul_logo-1.png","width":800,"height":800,"caption":"Infocul.pt"},"image":{"@id":"https:\/\/infocul.pt\/arquivo\/#\/schema\/logo\/image\/"},"sameAs":["https:\/\/www.facebook.com\/Infocul-147816815585015\/","https:\/\/x.com\/Infoculpt","http:\/\/www.pictaram.com\/user\/infocul.pt\/2370423710","https:\/\/www.youtube.com\/channel\/UCYEB91AGI9FL9ek2i_IaQAA"]},{"@type":"Person","@id":"https:\/\/infocul.pt\/arquivo\/#\/schema\/person\/f243f45ae8d67639120a7586884f3abc","name":"Redac\u00e7\u00e3o","image":{"@type":"ImageObject","inLanguage":"pt-PT","@id":"https:\/\/secure.gravatar.com\/avatar\/151b1b76c598ab5e749407223bd6c1bad4e41c4e95de3c3df83540ebee2deaf8?s=96&d=mm&r=g","url":"https:\/\/secure.gravatar.com\/avatar\/151b1b76c598ab5e749407223bd6c1bad4e41c4e95de3c3df83540ebee2deaf8?s=96&d=mm&r=g","contentUrl":"https:\/\/secure.gravatar.com\/avatar\/151b1b76c598ab5e749407223bd6c1bad4e41c4e95de3c3df83540ebee2deaf8?s=96&d=mm&r=g","caption":"Redac\u00e7\u00e3o"}}]}},"_links":{"self":[{"href":"https:\/\/infocul.pt\/arquivo\/wp-json\/wp\/v2\/posts\/87523","targetHints":{"allow":["GET"]}}],"collection":[{"href":"https:\/\/infocul.pt\/arquivo\/wp-json\/wp\/v2\/posts"}],"about":[{"href":"https:\/\/infocul.pt\/arquivo\/wp-json\/wp\/v2\/types\/post"}],"author":[{"embeddable":true,"href":"https:\/\/infocul.pt\/arquivo\/wp-json\/wp\/v2\/users\/13"}],"replies":[{"embeddable":true,"href":"https:\/\/infocul.pt\/arquivo\/wp-json\/wp\/v2\/comments?post=87523"}],"version-history":[{"count":0,"href":"https:\/\/infocul.pt\/arquivo\/wp-json\/wp\/v2\/posts\/87523\/revisions"}],"wp:featuredmedia":[{"embeddable":true,"href":"https:\/\/infocul.pt\/arquivo\/wp-json\/wp\/v2\/media\/87525"}],"wp:attachment":[{"href":"https:\/\/infocul.pt\/arquivo\/wp-json\/wp\/v2\/media?parent=87523"}],"wp:term":[{"taxonomy":"category","embeddable":true,"href":"https:\/\/infocul.pt\/arquivo\/wp-json\/wp\/v2\/categories?post=87523"},{"taxonomy":"post_tag","embeddable":true,"href":"https:\/\/infocul.pt\/arquivo\/wp-json\/wp\/v2\/tags?post=87523"}],"curies":[{"name":"wp","href":"https:\/\/api.w.org\/{rel}","templated":true}]}}