{"id":87573,"date":"2020-12-03T11:27:03","date_gmt":"2020-12-03T11:27:03","guid":{"rendered":"https:\/\/infocul.pt\/?p=87573"},"modified":"2020-12-03T11:27:56","modified_gmt":"2020-12-03T11:27:56","slug":"joe-castillo-em-entrevista-ao-infocul-os-latinos-conseguiram-dar-um-passo-a-frente-e-destacarem-se-no-mundo-da-pop","status":"publish","type":"post","link":"https:\/\/infocul.pt\/arquivo\/cultura\/joe-castillo-em-entrevista-ao-infocul-os-latinos-conseguiram-dar-um-passo-a-frente-e-destacarem-se-no-mundo-da-pop\/","title":{"rendered":"Joe Castillo em entrevista ao Infocul: &#8220;Os latinos conseguiram dar um passo \u00e0 frente e destacarem-se no mundo da pop&#8221;"},"content":{"rendered":"<figure id=\"attachment_87574\" aria-describedby=\"caption-attachment-87574\" style=\"width: 800px\" class=\"wp-caption aligncenter\"><img decoding=\"async\" class=\"wp-image-87574 size-large lazyload\" data-src=\"https:\/\/infocul.pt\/arquivo\/wp-content\/uploads\/2020\/12\/Joe-1024x683.jpg\" alt=\"\" width=\"800\" height=\"534\" data-srcset=\"https:\/\/infocul.pt\/arquivo\/wp-content\/uploads\/2020\/12\/Joe-scaled.jpg 1024w, https:\/\/infocul.pt\/arquivo\/wp-content\/uploads\/2020\/12\/Joe-300x200.jpg 300w, https:\/\/infocul.pt\/arquivo\/wp-content\/uploads\/2020\/12\/Joe-768x512.jpg 768w, https:\/\/infocul.pt\/arquivo\/wp-content\/uploads\/2020\/12\/Joe-1536x1024.jpg 1536w, https:\/\/infocul.pt\/arquivo\/wp-content\/uploads\/2020\/12\/Joe-2048x1365.jpg 2048w\" data-sizes=\"(max-width: 800px) 100vw, 800px\" src=\"data:image\/svg+xml;base64,PHN2ZyB3aWR0aD0iMSIgaGVpZ2h0PSIxIiB4bWxucz0iaHR0cDovL3d3dy53My5vcmcvMjAwMC9zdmciPjwvc3ZnPg==\" style=\"--smush-placeholder-width: 800px; --smush-placeholder-aspect-ratio: 800\/534;\" \/><figcaption id=\"caption-attachment-87574\" class=\"wp-caption-text\">D.R.<\/figcaption><\/figure>\n<p>Num mundo dominado pelos mercados ingl\u00eas e norte americano, n\u00e3o \u00e9 muito comum depararmo-nos com artistas oriundos de outras paragens, como \u00e9 o caso de Joe Castillo, cantor e compositor mexicano que, ap\u00f3s integrar diversos grupos, decidiu enveredar por uma carreira a solo.<!--more--><\/p>\n<p>O cantor concedeu uma entrevista ao Infocul, na qual fala sobre o mais recente single, a carreira, as novidades e at\u00e9 a liga\u00e7\u00e3o a Portugal e o forte desejo de c\u00e1 actuar.<\/p>\n<p>Joe Castillo apresenta-nos o seu novo tema, intitulado \u201cOtra Oportunidad\u201d que \u00e9, no fim de contas, uma vers\u00e3o autobiogr\u00e1fica do seu pr\u00f3prio percurso musical.<\/p>\n<p>Podemos classificar \u201cOtra Oportunidad\u201d como o que vulgarmente se designa por \u201cpower ballad\u201d.<\/p>\n<p><strong>Joe, &#8220;Another Chance&#8221; \u00e9 o \u00faltimo single. Como define este tema?<\/strong><\/p>\n<p><em>Sempre fui muito sonhador e empreendedor, gosto de ir at\u00e9 o fim, tentar conseguir tudo, essa personalidade muitas vezes \u00e9 uma qualidade mas \u00e0s vezes pode ser um defeito, nesta m\u00fasica basicamente tento refletir a minha experi\u00eancia. Muitas vezes, quando se sai em busca de aventura e triunfo, pode-se deixar de lado os verdadeiros tesouros que consideramos garantidos. E eu sei que isso n\u00e3o acontece apenas comigo, \u00e9 na verdade a minha maneira de partilhar isso com os outros.<\/em><\/p>\n<p><strong>Joe agora d\u00e1-se a conhecer aos portugueses. Para quem n\u00e3o o conhece, como descreve o seu percurso e como se apresenta?<\/strong><\/p>\n<p><em>Sou um cantor e compositor hisp\u00e2nico mexicano de pop rock em espanhol e ingl\u00eas, rom\u00e2ntica, gosto de pensar que sou f\u00e3 de m\u00fasica, antes de artista, atrav\u00e9s da m\u00fasica posso expressar-me de forma transparente, por isso \u00e9 que eu continuo a lutar para realizar este sonho. Acredito nas pessoas, apesar de todos os problemas que existem no nosso planeta, acredito que \u00e9 poss\u00edvel mudar essa realidade, o meu sonho \u00e9 alcan\u00e7\u00e1-lo atrav\u00e9s da minha m\u00fasica.<\/em><\/p>\n<p><strong>Trabalhou com Michael Jay (vencedor de um Grammy e colaborador de artistas como Celine Dion, Eminem, Kylie Minogue ou Gloria Estefan) e Peter Roberts (vencedor de um pr\u00e9mio da Billboard). Como escolhe os produtores que trabalham consigo?<\/strong><\/p>\n<p><em>Conheci Michael Jay e Peter Robertas em Los Angeles, onde tive a sorte de trabalhar durante alguns anos com Valerie Fahren, uma celebridade vocalista que me aceitou no seu programa de desenvolvimento art\u00edstico, ela apresentou-me os a mim, eles foram grandes produtores que eu admiro muito , que fizeram parte da hist\u00f3ria, s\u00e3o decis\u00f5es f\u00e1ceis de tomar, s\u00e3o muito profissionais e talentosos, no caso de Jules Ramllano, produtor de \u201cOtra Oportunidad\u201d (Ha-ash, Paulina Rubio, Carlos Rivera, R\u00edo Roma) a verdade \u00e9 que gostei muito do trabalho dele, admiro-o muito, liguei para ele e nos entendemos de imediato, foi um prazer trabalhar com ele.<\/em><\/p>\n<p><strong>Quais s\u00e3o suas influ\u00eancias musicais?<\/strong><\/p>\n<p><em>As minhas influ\u00eancias musicais s\u00e3o variadas The Killers, U2, Ricky Mart\u00edn, Coldplay, Mijares, Miguel Bos\u00e9, Imagine Dragons, entre outros<\/em><\/p>\n<p><strong>Acha que o pop latino est\u00e1 em fase de expans\u00e3o no mundo musical?<\/strong><\/p>\n<p><em>Sim, claro, os latinos conseguiram dar um passo \u00e0 frente e destacarem-se no mundo da pop, tenho grande admira\u00e7\u00e3o por Shakira, Ricky Mart\u00edn, Gloria Estefan, Luis Fonsi, Camila, Carlos Rivera que estabeleceram os padr\u00f5es da m\u00fasica latina no que de mais alto existe. Obviamente que s\u00e3o motiva\u00e7\u00f5es para chegar ao topo.<\/em><\/p>\n<p><strong>J\u00e1 esteve em Portugal?<\/strong><\/p>\n<p><em>Sim, duas vezes, a primeira vez que viajei foi de comboio e foi espetacular, apaixonei-me pelas suas cidades e principalmente pela sua gente! Eu at\u00e9 tive a experi\u00eancia de assistir a um concerto do Bryan Adams em Guimar\u00e3es. Estou louco para voltar!<\/em><\/p>\n<p><strong>Quando ser\u00e1 poss\u00edvel vir a Portugal?<\/strong><\/p>\n<p><em>Muito em breve, disso tenho a certeza, o meu desejo \u00e9 que muito em breve possamos ultrapassar esta crise global e podermos arrancar com a ind\u00fastria normalmente, seria espectacular podermos actuar em Portugal.<\/em><\/p>\n<p><strong>J\u00e1 existem contatos nesse sentido?<\/strong><\/p>\n<p><em>Sim, minha ag\u00eancia de gest\u00e3o est\u00e1 a trabalhar nisso, estou muito feliz por poder trabalhar com o Pedro e a Filipa, \u00f3timas pessoas da Nine Media.<\/em><\/p>\n<p><strong>O que conhece da m\u00fasica portuguesa?<\/strong><\/p>\n<p><em>Comecei a escutar recentemente, a qualidade parece-me excelente, o padr\u00e3o \u00e9 muito alto, gosto muito do Fernando Daniel, Chloe, Ricardo de S\u00e1, Wuant, Crist\u00f3vam, entre outros.<\/em><\/p>\n<p><strong>Em rela\u00e7\u00e3o \u00e0 discografia, o que est\u00e1 a preparar e que novidades pode revelar?<\/strong><\/p>\n<p><em>Al\u00e9m de \u201cOtra Oportunidad\u201d, pelo menos mais 2 singles est\u00e3o a caminho e tenho certeza que vais gostar muito deles!<\/em><\/p>\n<p><img decoding=\"async\" class=\"aligncenter wp-image-87575 size-large lazyload\" data-src=\"https:\/\/infocul.pt\/arquivo\/wp-content\/uploads\/2020\/12\/joe1-1024x768.jpg\" alt=\"\" width=\"800\" height=\"600\" data-srcset=\"https:\/\/infocul.pt\/arquivo\/wp-content\/uploads\/2020\/12\/joe1.jpg 1024w, https:\/\/infocul.pt\/arquivo\/wp-content\/uploads\/2020\/12\/joe1-300x225.jpg 300w, https:\/\/infocul.pt\/arquivo\/wp-content\/uploads\/2020\/12\/joe1-768x576.jpg 768w\" data-sizes=\"(max-width: 800px) 100vw, 800px\" src=\"data:image\/svg+xml;base64,PHN2ZyB3aWR0aD0iMSIgaGVpZ2h0PSIxIiB4bWxucz0iaHR0cDovL3d3dy53My5vcmcvMjAwMC9zdmciPjwvc3ZnPg==\" style=\"--smush-placeholder-width: 800px; --smush-placeholder-aspect-ratio: 800\/600;\" \/><\/p>\n","protected":false},"excerpt":{"rendered":"<p>Num mundo dominado pelos mercados ingl\u00eas e norte americano, n\u00e3o \u00e9 muito comum depararmo-nos com artistas oriundos de outras paragens, como \u00e9 o caso de Joe Castillo, cantor e compositor mexicano que, ap\u00f3s integrar diversos grupos, decidiu enveredar por uma carreira a solo.<\/p>\n","protected":false},"author":2,"featured_media":87574,"comment_status":"open","ping_status":"closed","sticky":false,"template":"","format":"standard","meta":{"footnotes":""},"categories":[2,36,4,4124],"tags":[10294],"class_list":["post-87573","post","type-post","status-publish","format-standard","has-post-thumbnail","hentry","category-cultura","category-destaque","category-discos","category-entrevistas","tag-joe-castillo"],"yoast_head":"<!-- This site is optimized with the Yoast SEO plugin v27.4 - https:\/\/yoast.com\/product\/yoast-seo-wordpress\/ -->\n<title>Joe Castillo em entrevista ao Infocul: &quot;Os latinos conseguiram dar um passo \u00e0 frente e destacarem-se no mundo da pop&quot; | Infocul.pt - Arquivo Digital<\/title>\n<meta name=\"description\" content=\"Joe Castillo em entrevista ao Infocul: &quot;Os latinos conseguiram dar um passo \u00e0 frente e destacarem-se no mundo da pop&quot; | Infocul.pt - Arquivo Digital\" \/>\n<meta name=\"robots\" content=\"noindex, follow, max-snippet:-1, max-image-preview:large, max-video-preview:-1\" \/>\n<meta property=\"og:locale\" content=\"pt_PT\" \/>\n<meta property=\"og:type\" content=\"article\" \/>\n<meta property=\"og:title\" content=\"Joe Castillo em entrevista ao Infocul: &quot;Os latinos conseguiram dar um passo \u00e0 frente e destacarem-se no mundo da pop&quot; | Infocul.pt - Arquivo Digital\" \/>\n<meta property=\"og:description\" content=\"Joe Castillo em entrevista ao Infocul: &quot;Os latinos conseguiram dar um passo \u00e0 frente e destacarem-se no mundo da pop&quot; | Infocul.pt - Arquivo Digital\" \/>\n<meta property=\"og:url\" content=\"https:\/\/infocul.pt\/arquivo\/cultura\/joe-castillo-em-entrevista-ao-infocul-os-latinos-conseguiram-dar-um-passo-a-frente-e-destacarem-se-no-mundo-da-pop\/\" \/>\n<meta property=\"og:site_name\" content=\"Infocul.pt - Arquivo Digital\" \/>\n<meta property=\"article:publisher\" content=\"https:\/\/www.facebook.com\/Infocul-147816815585015\/\" \/>\n<meta property=\"article:published_time\" content=\"2020-12-03T11:27:03+00:00\" \/>\n<meta property=\"article:modified_time\" content=\"2020-12-03T11:27:56+00:00\" \/>\n<meta property=\"og:image\" content=\"https:\/\/infocul.pt\/arquivo\/wp-content\/uploads\/2020\/12\/Joe-scaled.jpg\" \/>\n\t<meta property=\"og:image:width\" content=\"1024\" \/>\n\t<meta property=\"og:image:height\" content=\"683\" \/>\n\t<meta property=\"og:image:type\" content=\"image\/jpeg\" \/>\n<meta name=\"author\" content=\"Rui Lavrador\" \/>\n<meta name=\"twitter:card\" content=\"summary_large_image\" \/>\n<meta name=\"twitter:creator\" content=\"@Infoculpt\" \/>\n<meta name=\"twitter:site\" content=\"@Infoculpt\" \/>\n<meta name=\"twitter:label1\" content=\"Escrito por\" \/>\n\t<meta name=\"twitter:data1\" content=\"Rui Lavrador\" \/>\n\t<meta name=\"twitter:label2\" content=\"Tempo estimado de leitura\" \/>\n\t<meta name=\"twitter:data2\" content=\"4 minutos\" \/>\n<script type=\"application\/ld+json\" class=\"yoast-schema-graph\">{\"@context\":\"https:\\\/\\\/schema.org\",\"@graph\":[{\"@type\":\"Article\",\"@id\":\"https:\\\/\\\/infocul.pt\\\/arquivo\\\/cultura\\\/joe-castillo-em-entrevista-ao-infocul-os-latinos-conseguiram-dar-um-passo-a-frente-e-destacarem-se-no-mundo-da-pop\\\/#article\",\"isPartOf\":{\"@id\":\"https:\\\/\\\/infocul.pt\\\/arquivo\\\/cultura\\\/joe-castillo-em-entrevista-ao-infocul-os-latinos-conseguiram-dar-um-passo-a-frente-e-destacarem-se-no-mundo-da-pop\\\/\"},\"author\":{\"name\":\"Rui Lavrador\",\"@id\":\"https:\\\/\\\/infocul.pt\\\/arquivo\\\/#\\\/schema\\\/person\\\/060a108d7f2d85fc6aae505119ee5234\"},\"headline\":\"Joe Castillo em entrevista ao Infocul: &#8220;Os latinos conseguiram dar um passo \u00e0 frente e destacarem-se no mundo da pop&#8221;\",\"datePublished\":\"2020-12-03T11:27:03+00:00\",\"dateModified\":\"2020-12-03T11:27:56+00:00\",\"mainEntityOfPage\":{\"@id\":\"https:\\\/\\\/infocul.pt\\\/arquivo\\\/cultura\\\/joe-castillo-em-entrevista-ao-infocul-os-latinos-conseguiram-dar-um-passo-a-frente-e-destacarem-se-no-mundo-da-pop\\\/\"},\"wordCount\":774,\"commentCount\":0,\"publisher\":{\"@id\":\"https:\\\/\\\/infocul.pt\\\/arquivo\\\/#organization\"},\"image\":{\"@id\":\"https:\\\/\\\/infocul.pt\\\/arquivo\\\/cultura\\\/joe-castillo-em-entrevista-ao-infocul-os-latinos-conseguiram-dar-um-passo-a-frente-e-destacarem-se-no-mundo-da-pop\\\/#primaryimage\"},\"thumbnailUrl\":\"https:\\\/\\\/infocul.pt\\\/arquivo\\\/wp-content\\\/uploads\\\/2020\\\/12\\\/Joe-scaled.jpg\",\"keywords\":[\"Joe Castillo\"],\"articleSection\":[\"Cultura\",\"Destaque\",\"Discos\",\"Entrevistas\"],\"inLanguage\":\"pt-PT\"},{\"@type\":\"WebPage\",\"@id\":\"https:\\\/\\\/infocul.pt\\\/arquivo\\\/cultura\\\/joe-castillo-em-entrevista-ao-infocul-os-latinos-conseguiram-dar-um-passo-a-frente-e-destacarem-se-no-mundo-da-pop\\\/\",\"url\":\"https:\\\/\\\/infocul.pt\\\/arquivo\\\/cultura\\\/joe-castillo-em-entrevista-ao-infocul-os-latinos-conseguiram-dar-um-passo-a-frente-e-destacarem-se-no-mundo-da-pop\\\/\",\"name\":\"Joe Castillo em entrevista ao Infocul: \\\"Os latinos conseguiram dar um passo \u00e0 frente e destacarem-se no mundo da pop\\\" | Infocul.pt - Arquivo Digital\",\"isPartOf\":{\"@id\":\"https:\\\/\\\/infocul.pt\\\/arquivo\\\/#website\"},\"primaryImageOfPage\":{\"@id\":\"https:\\\/\\\/infocul.pt\\\/arquivo\\\/cultura\\\/joe-castillo-em-entrevista-ao-infocul-os-latinos-conseguiram-dar-um-passo-a-frente-e-destacarem-se-no-mundo-da-pop\\\/#primaryimage\"},\"image\":{\"@id\":\"https:\\\/\\\/infocul.pt\\\/arquivo\\\/cultura\\\/joe-castillo-em-entrevista-ao-infocul-os-latinos-conseguiram-dar-um-passo-a-frente-e-destacarem-se-no-mundo-da-pop\\\/#primaryimage\"},\"thumbnailUrl\":\"https:\\\/\\\/infocul.pt\\\/arquivo\\\/wp-content\\\/uploads\\\/2020\\\/12\\\/Joe-scaled.jpg\",\"datePublished\":\"2020-12-03T11:27:03+00:00\",\"dateModified\":\"2020-12-03T11:27:56+00:00\",\"description\":\"Joe Castillo em entrevista ao Infocul: \\\"Os latinos conseguiram dar um passo \u00e0 frente e destacarem-se no mundo da pop\\\" | Infocul.pt - Arquivo Digital\",\"breadcrumb\":{\"@id\":\"https:\\\/\\\/infocul.pt\\\/arquivo\\\/cultura\\\/joe-castillo-em-entrevista-ao-infocul-os-latinos-conseguiram-dar-um-passo-a-frente-e-destacarem-se-no-mundo-da-pop\\\/#breadcrumb\"},\"inLanguage\":\"pt-PT\",\"potentialAction\":[{\"@type\":\"ReadAction\",\"target\":[\"https:\\\/\\\/infocul.pt\\\/arquivo\\\/cultura\\\/joe-castillo-em-entrevista-ao-infocul-os-latinos-conseguiram-dar-um-passo-a-frente-e-destacarem-se-no-mundo-da-pop\\\/\"]}]},{\"@type\":\"ImageObject\",\"inLanguage\":\"pt-PT\",\"@id\":\"https:\\\/\\\/infocul.pt\\\/arquivo\\\/cultura\\\/joe-castillo-em-entrevista-ao-infocul-os-latinos-conseguiram-dar-um-passo-a-frente-e-destacarem-se-no-mundo-da-pop\\\/#primaryimage\",\"url\":\"https:\\\/\\\/infocul.pt\\\/arquivo\\\/wp-content\\\/uploads\\\/2020\\\/12\\\/Joe-scaled.jpg\",\"contentUrl\":\"https:\\\/\\\/infocul.pt\\\/arquivo\\\/wp-content\\\/uploads\\\/2020\\\/12\\\/Joe-scaled.jpg\",\"width\":1024,\"height\":683},{\"@type\":\"BreadcrumbList\",\"@id\":\"https:\\\/\\\/infocul.pt\\\/arquivo\\\/cultura\\\/joe-castillo-em-entrevista-ao-infocul-os-latinos-conseguiram-dar-um-passo-a-frente-e-destacarem-se-no-mundo-da-pop\\\/#breadcrumb\",\"itemListElement\":[{\"@type\":\"ListItem\",\"position\":1,\"name\":\"Home\",\"item\":\"https:\\\/\\\/infocul.pt\\\/arquivo\\\/\"},{\"@type\":\"ListItem\",\"position\":2,\"name\":\"Joe Castillo em entrevista ao Infocul: &#8220;Os latinos conseguiram dar um passo \u00e0 frente e destacarem-se no mundo da pop&#8221;\"}]},{\"@type\":\"WebSite\",\"@id\":\"https:\\\/\\\/infocul.pt\\\/arquivo\\\/#website\",\"url\":\"https:\\\/\\\/infocul.pt\\\/arquivo\\\/\",\"name\":\"Infocul.pt - Arquivo Digital\",\"description\":\"Arquivo digital da Infocul.pt\",\"publisher\":{\"@id\":\"https:\\\/\\\/infocul.pt\\\/arquivo\\\/#organization\"},\"potentialAction\":[{\"@type\":\"SearchAction\",\"target\":{\"@type\":\"EntryPoint\",\"urlTemplate\":\"https:\\\/\\\/infocul.pt\\\/arquivo\\\/?s={search_term_string}\"},\"query-input\":{\"@type\":\"PropertyValueSpecification\",\"valueRequired\":true,\"valueName\":\"search_term_string\"}}],\"inLanguage\":\"pt-PT\"},{\"@type\":\"Organization\",\"@id\":\"https:\\\/\\\/infocul.pt\\\/arquivo\\\/#organization\",\"name\":\"Infocul.pt\",\"url\":\"https:\\\/\\\/infocul.pt\\\/arquivo\\\/\",\"logo\":{\"@type\":\"ImageObject\",\"inLanguage\":\"pt-PT\",\"@id\":\"https:\\\/\\\/infocul.pt\\\/arquivo\\\/#\\\/schema\\\/logo\\\/image\\\/\",\"url\":\"https:\\\/\\\/infocul.pt\\\/arquivo\\\/wp-content\\\/uploads\\\/2018\\\/12\\\/Infocul_logo-1.png\",\"contentUrl\":\"https:\\\/\\\/infocul.pt\\\/arquivo\\\/wp-content\\\/uploads\\\/2018\\\/12\\\/Infocul_logo-1.png\",\"width\":800,\"height\":800,\"caption\":\"Infocul.pt\"},\"image\":{\"@id\":\"https:\\\/\\\/infocul.pt\\\/arquivo\\\/#\\\/schema\\\/logo\\\/image\\\/\"},\"sameAs\":[\"https:\\\/\\\/www.facebook.com\\\/Infocul-147816815585015\\\/\",\"https:\\\/\\\/x.com\\\/Infoculpt\",\"http:\\\/\\\/www.pictaram.com\\\/user\\\/infocul.pt\\\/2370423710\",\"https:\\\/\\\/www.youtube.com\\\/channel\\\/UCYEB91AGI9FL9ek2i_IaQAA\"]},{\"@type\":\"Person\",\"@id\":\"https:\\\/\\\/infocul.pt\\\/arquivo\\\/#\\\/schema\\\/person\\\/060a108d7f2d85fc6aae505119ee5234\",\"name\":\"Rui Lavrador\",\"image\":{\"@type\":\"ImageObject\",\"inLanguage\":\"pt-PT\",\"@id\":\"https:\\\/\\\/secure.gravatar.com\\\/avatar\\\/93febd6873394aa8e975148548a0cb203acfdd42d2c85c5f1408e1a76678aece?s=96&d=mm&r=g\",\"url\":\"https:\\\/\\\/secure.gravatar.com\\\/avatar\\\/93febd6873394aa8e975148548a0cb203acfdd42d2c85c5f1408e1a76678aece?s=96&d=mm&r=g\",\"contentUrl\":\"https:\\\/\\\/secure.gravatar.com\\\/avatar\\\/93febd6873394aa8e975148548a0cb203acfdd42d2c85c5f1408e1a76678aece?s=96&d=mm&r=g\",\"caption\":\"Rui Lavrador\"},\"description\":\"Iniciou em 2011 o seu percurso em comunica\u00e7\u00e3o social, tendo integrado v\u00e1rios projectos editoriais. Durante o seu percurso integrou projectos como Jornal Hardm\u00fasica, LusoNot\u00edcias, Toureio.pt, ODigital.pt, entre outros \u00d3rg\u00e3os de Comunica\u00e7\u00e3o Social nacionais, na redac\u00e7\u00e3o de v\u00e1rios artigos. Entrevistou a grande maioria das personalidades mais importantes da vida social e cultural do pa\u00eds, destacando-se, tamb\u00e9m, na aprecia\u00e7\u00e3o de v\u00e1rios espect\u00e1culos. Durante o seu percurso, deu a conhecer v\u00e1rios artistas, at\u00e9 ent\u00e3o desconhecidos, ao grande p\u00fablico. Em 2015 criou e fundou o Infocul.pt, projecto no qual assume a direc\u00e7\u00e3o editorial.\",\"sameAs\":[\"http:\\\/\\\/www.infocul.pt\"]}]}<\/script>\n<!-- \/ Yoast SEO plugin. -->","yoast_head_json":{"title":"Joe Castillo em entrevista ao Infocul: \"Os latinos conseguiram dar um passo \u00e0 frente e destacarem-se no mundo da pop\" | Infocul.pt - Arquivo Digital","description":"Joe Castillo em entrevista ao Infocul: \"Os latinos conseguiram dar um passo \u00e0 frente e destacarem-se no mundo da pop\" | Infocul.pt - Arquivo Digital","robots":{"index":"noindex","follow":"follow","max-snippet":"max-snippet:-1","max-image-preview":"max-image-preview:large","max-video-preview":"max-video-preview:-1"},"og_locale":"pt_PT","og_type":"article","og_title":"Joe Castillo em entrevista ao Infocul: \"Os latinos conseguiram dar um passo \u00e0 frente e destacarem-se no mundo da pop\" | Infocul.pt - Arquivo Digital","og_description":"Joe Castillo em entrevista ao Infocul: \"Os latinos conseguiram dar um passo \u00e0 frente e destacarem-se no mundo da pop\" | Infocul.pt - Arquivo Digital","og_url":"https:\/\/infocul.pt\/arquivo\/cultura\/joe-castillo-em-entrevista-ao-infocul-os-latinos-conseguiram-dar-um-passo-a-frente-e-destacarem-se-no-mundo-da-pop\/","og_site_name":"Infocul.pt - Arquivo Digital","article_publisher":"https:\/\/www.facebook.com\/Infocul-147816815585015\/","article_published_time":"2020-12-03T11:27:03+00:00","article_modified_time":"2020-12-03T11:27:56+00:00","og_image":[{"width":1024,"height":683,"url":"https:\/\/infocul.pt\/arquivo\/wp-content\/uploads\/2020\/12\/Joe-scaled.jpg","type":"image\/jpeg"}],"author":"Rui Lavrador","twitter_card":"summary_large_image","twitter_creator":"@Infoculpt","twitter_site":"@Infoculpt","twitter_misc":{"Escrito por":"Rui Lavrador","Tempo estimado de leitura":"4 minutos"},"schema":{"@context":"https:\/\/schema.org","@graph":[{"@type":"Article","@id":"https:\/\/infocul.pt\/arquivo\/cultura\/joe-castillo-em-entrevista-ao-infocul-os-latinos-conseguiram-dar-um-passo-a-frente-e-destacarem-se-no-mundo-da-pop\/#article","isPartOf":{"@id":"https:\/\/infocul.pt\/arquivo\/cultura\/joe-castillo-em-entrevista-ao-infocul-os-latinos-conseguiram-dar-um-passo-a-frente-e-destacarem-se-no-mundo-da-pop\/"},"author":{"name":"Rui Lavrador","@id":"https:\/\/infocul.pt\/arquivo\/#\/schema\/person\/060a108d7f2d85fc6aae505119ee5234"},"headline":"Joe Castillo em entrevista ao Infocul: &#8220;Os latinos conseguiram dar um passo \u00e0 frente e destacarem-se no mundo da pop&#8221;","datePublished":"2020-12-03T11:27:03+00:00","dateModified":"2020-12-03T11:27:56+00:00","mainEntityOfPage":{"@id":"https:\/\/infocul.pt\/arquivo\/cultura\/joe-castillo-em-entrevista-ao-infocul-os-latinos-conseguiram-dar-um-passo-a-frente-e-destacarem-se-no-mundo-da-pop\/"},"wordCount":774,"commentCount":0,"publisher":{"@id":"https:\/\/infocul.pt\/arquivo\/#organization"},"image":{"@id":"https:\/\/infocul.pt\/arquivo\/cultura\/joe-castillo-em-entrevista-ao-infocul-os-latinos-conseguiram-dar-um-passo-a-frente-e-destacarem-se-no-mundo-da-pop\/#primaryimage"},"thumbnailUrl":"https:\/\/infocul.pt\/arquivo\/wp-content\/uploads\/2020\/12\/Joe-scaled.jpg","keywords":["Joe Castillo"],"articleSection":["Cultura","Destaque","Discos","Entrevistas"],"inLanguage":"pt-PT"},{"@type":"WebPage","@id":"https:\/\/infocul.pt\/arquivo\/cultura\/joe-castillo-em-entrevista-ao-infocul-os-latinos-conseguiram-dar-um-passo-a-frente-e-destacarem-se-no-mundo-da-pop\/","url":"https:\/\/infocul.pt\/arquivo\/cultura\/joe-castillo-em-entrevista-ao-infocul-os-latinos-conseguiram-dar-um-passo-a-frente-e-destacarem-se-no-mundo-da-pop\/","name":"Joe Castillo em entrevista ao Infocul: \"Os latinos conseguiram dar um passo \u00e0 frente e destacarem-se no mundo da pop\" | Infocul.pt - Arquivo Digital","isPartOf":{"@id":"https:\/\/infocul.pt\/arquivo\/#website"},"primaryImageOfPage":{"@id":"https:\/\/infocul.pt\/arquivo\/cultura\/joe-castillo-em-entrevista-ao-infocul-os-latinos-conseguiram-dar-um-passo-a-frente-e-destacarem-se-no-mundo-da-pop\/#primaryimage"},"image":{"@id":"https:\/\/infocul.pt\/arquivo\/cultura\/joe-castillo-em-entrevista-ao-infocul-os-latinos-conseguiram-dar-um-passo-a-frente-e-destacarem-se-no-mundo-da-pop\/#primaryimage"},"thumbnailUrl":"https:\/\/infocul.pt\/arquivo\/wp-content\/uploads\/2020\/12\/Joe-scaled.jpg","datePublished":"2020-12-03T11:27:03+00:00","dateModified":"2020-12-03T11:27:56+00:00","description":"Joe Castillo em entrevista ao Infocul: \"Os latinos conseguiram dar um passo \u00e0 frente e destacarem-se no mundo da pop\" | Infocul.pt - Arquivo Digital","breadcrumb":{"@id":"https:\/\/infocul.pt\/arquivo\/cultura\/joe-castillo-em-entrevista-ao-infocul-os-latinos-conseguiram-dar-um-passo-a-frente-e-destacarem-se-no-mundo-da-pop\/#breadcrumb"},"inLanguage":"pt-PT","potentialAction":[{"@type":"ReadAction","target":["https:\/\/infocul.pt\/arquivo\/cultura\/joe-castillo-em-entrevista-ao-infocul-os-latinos-conseguiram-dar-um-passo-a-frente-e-destacarem-se-no-mundo-da-pop\/"]}]},{"@type":"ImageObject","inLanguage":"pt-PT","@id":"https:\/\/infocul.pt\/arquivo\/cultura\/joe-castillo-em-entrevista-ao-infocul-os-latinos-conseguiram-dar-um-passo-a-frente-e-destacarem-se-no-mundo-da-pop\/#primaryimage","url":"https:\/\/infocul.pt\/arquivo\/wp-content\/uploads\/2020\/12\/Joe-scaled.jpg","contentUrl":"https:\/\/infocul.pt\/arquivo\/wp-content\/uploads\/2020\/12\/Joe-scaled.jpg","width":1024,"height":683},{"@type":"BreadcrumbList","@id":"https:\/\/infocul.pt\/arquivo\/cultura\/joe-castillo-em-entrevista-ao-infocul-os-latinos-conseguiram-dar-um-passo-a-frente-e-destacarem-se-no-mundo-da-pop\/#breadcrumb","itemListElement":[{"@type":"ListItem","position":1,"name":"Home","item":"https:\/\/infocul.pt\/arquivo\/"},{"@type":"ListItem","position":2,"name":"Joe Castillo em entrevista ao Infocul: &#8220;Os latinos conseguiram dar um passo \u00e0 frente e destacarem-se no mundo da pop&#8221;"}]},{"@type":"WebSite","@id":"https:\/\/infocul.pt\/arquivo\/#website","url":"https:\/\/infocul.pt\/arquivo\/","name":"Infocul.pt - Arquivo Digital","description":"Arquivo digital da Infocul.pt","publisher":{"@id":"https:\/\/infocul.pt\/arquivo\/#organization"},"potentialAction":[{"@type":"SearchAction","target":{"@type":"EntryPoint","urlTemplate":"https:\/\/infocul.pt\/arquivo\/?s={search_term_string}"},"query-input":{"@type":"PropertyValueSpecification","valueRequired":true,"valueName":"search_term_string"}}],"inLanguage":"pt-PT"},{"@type":"Organization","@id":"https:\/\/infocul.pt\/arquivo\/#organization","name":"Infocul.pt","url":"https:\/\/infocul.pt\/arquivo\/","logo":{"@type":"ImageObject","inLanguage":"pt-PT","@id":"https:\/\/infocul.pt\/arquivo\/#\/schema\/logo\/image\/","url":"https:\/\/infocul.pt\/arquivo\/wp-content\/uploads\/2018\/12\/Infocul_logo-1.png","contentUrl":"https:\/\/infocul.pt\/arquivo\/wp-content\/uploads\/2018\/12\/Infocul_logo-1.png","width":800,"height":800,"caption":"Infocul.pt"},"image":{"@id":"https:\/\/infocul.pt\/arquivo\/#\/schema\/logo\/image\/"},"sameAs":["https:\/\/www.facebook.com\/Infocul-147816815585015\/","https:\/\/x.com\/Infoculpt","http:\/\/www.pictaram.com\/user\/infocul.pt\/2370423710","https:\/\/www.youtube.com\/channel\/UCYEB91AGI9FL9ek2i_IaQAA"]},{"@type":"Person","@id":"https:\/\/infocul.pt\/arquivo\/#\/schema\/person\/060a108d7f2d85fc6aae505119ee5234","name":"Rui Lavrador","image":{"@type":"ImageObject","inLanguage":"pt-PT","@id":"https:\/\/secure.gravatar.com\/avatar\/93febd6873394aa8e975148548a0cb203acfdd42d2c85c5f1408e1a76678aece?s=96&d=mm&r=g","url":"https:\/\/secure.gravatar.com\/avatar\/93febd6873394aa8e975148548a0cb203acfdd42d2c85c5f1408e1a76678aece?s=96&d=mm&r=g","contentUrl":"https:\/\/secure.gravatar.com\/avatar\/93febd6873394aa8e975148548a0cb203acfdd42d2c85c5f1408e1a76678aece?s=96&d=mm&r=g","caption":"Rui Lavrador"},"description":"Iniciou em 2011 o seu percurso em comunica\u00e7\u00e3o social, tendo integrado v\u00e1rios projectos editoriais. Durante o seu percurso integrou projectos como Jornal Hardm\u00fasica, LusoNot\u00edcias, Toureio.pt, ODigital.pt, entre outros \u00d3rg\u00e3os de Comunica\u00e7\u00e3o Social nacionais, na redac\u00e7\u00e3o de v\u00e1rios artigos. Entrevistou a grande maioria das personalidades mais importantes da vida social e cultural do pa\u00eds, destacando-se, tamb\u00e9m, na aprecia\u00e7\u00e3o de v\u00e1rios espect\u00e1culos. Durante o seu percurso, deu a conhecer v\u00e1rios artistas, at\u00e9 ent\u00e3o desconhecidos, ao grande p\u00fablico. Em 2015 criou e fundou o Infocul.pt, projecto no qual assume a direc\u00e7\u00e3o editorial.","sameAs":["http:\/\/www.infocul.pt"]}]}},"_links":{"self":[{"href":"https:\/\/infocul.pt\/arquivo\/wp-json\/wp\/v2\/posts\/87573","targetHints":{"allow":["GET"]}}],"collection":[{"href":"https:\/\/infocul.pt\/arquivo\/wp-json\/wp\/v2\/posts"}],"about":[{"href":"https:\/\/infocul.pt\/arquivo\/wp-json\/wp\/v2\/types\/post"}],"author":[{"embeddable":true,"href":"https:\/\/infocul.pt\/arquivo\/wp-json\/wp\/v2\/users\/2"}],"replies":[{"embeddable":true,"href":"https:\/\/infocul.pt\/arquivo\/wp-json\/wp\/v2\/comments?post=87573"}],"version-history":[{"count":0,"href":"https:\/\/infocul.pt\/arquivo\/wp-json\/wp\/v2\/posts\/87573\/revisions"}],"wp:featuredmedia":[{"embeddable":true,"href":"https:\/\/infocul.pt\/arquivo\/wp-json\/wp\/v2\/media\/87574"}],"wp:attachment":[{"href":"https:\/\/infocul.pt\/arquivo\/wp-json\/wp\/v2\/media?parent=87573"}],"wp:term":[{"taxonomy":"category","embeddable":true,"href":"https:\/\/infocul.pt\/arquivo\/wp-json\/wp\/v2\/categories?post=87573"},{"taxonomy":"post_tag","embeddable":true,"href":"https:\/\/infocul.pt\/arquivo\/wp-json\/wp\/v2\/tags?post=87573"}],"curies":[{"name":"wp","href":"https:\/\/api.w.org\/{rel}","templated":true}]}}