{"id":87683,"date":"2020-12-04T11:09:48","date_gmt":"2020-12-04T11:09:48","guid":{"rendered":"https:\/\/infocul.pt\/?p=87683"},"modified":"2020-12-04T11:09:48","modified_gmt":"2020-12-04T11:09:48","slug":"metro-investe-em-maquinas-de-venda-de-bilhetes-de-tecnologia-sem-contacto","status":"publish","type":"post","link":"https:\/\/infocul.pt\/arquivo\/actualidade\/metro-investe-em-maquinas-de-venda-de-bilhetes-de-tecnologia-sem-contacto\/","title":{"rendered":"Metro investe em m\u00e1quinas de venda de bilhetes de tecnologia sem contacto"},"content":{"rendered":"<p><img decoding=\"async\" class=\"aligncenter wp-image-32597 size-full lazyload\" data-src=\"https:\/\/infocul.pt\/arquivo\/wp-content\/uploads\/2017\/11\/metro.jpg\" alt=\"\" width=\"597\" height=\"396\" data-srcset=\"https:\/\/infocul.pt\/arquivo\/wp-content\/uploads\/2017\/11\/metro.jpg 597w, https:\/\/infocul.pt\/arquivo\/wp-content\/uploads\/2017\/11\/metro-300x199.jpg 300w\" data-sizes=\"(max-width: 597px) 100vw, 597px\" src=\"data:image\/svg+xml;base64,PHN2ZyB3aWR0aD0iMSIgaGVpZ2h0PSIxIiB4bWxucz0iaHR0cDovL3d3dy53My5vcmcvMjAwMC9zdmciPjwvc3ZnPg==\" style=\"--smush-placeholder-width: 597px; --smush-placeholder-aspect-ratio: 597\/396;\" \/><\/p>\n<p class=\"v1MsoNormal\">Os clientes do Metropolitano de Lisboa j\u00e1 podem efetuar pagamentos dos t\u00edtulos de transporte adquiridos nas m\u00e1quinas autom\u00e1ticas atrav\u00e9s da funcionalidade sem contacto.<!--more--><\/p>\n<p class=\"v1MsoNormal\">\n<p class=\"v1MsoNormal\">As 285 m\u00e1quinas autom\u00e1ticas de venda de t\u00edtulos existentes nas esta\u00e7\u00f5es do Metropolitano de Lisboa foram equipadas com leitores de pagamento sem contacto, que permitem pagamentos de t\u00edtulos,\u00a0atrav\u00e9s de QR-Code e da aplica\u00e7\u00e3o banc\u00e1ria MBWay, de telem\u00f3vel e de cart\u00f5es banc\u00e1rios que disponham dessa tecnologia.<\/p>\n<p class=\"v1MsoNormal\">\n<p class=\"v1MsoNormal\">Este\u00a0<i>upgrade<\/i>, efetuado em todas as m\u00e1quinas, contou com um investimento total de 161,3 mil euros.<\/p>\n<p class=\"v1MsoNormal\">\n<p class=\"v1MsoNormal\">O Metropolitano de Lisboa concluiu, tamb\u00e9m, as obras de requalifica\u00e7\u00e3o da esta\u00e7\u00e3o dos Olivais. A empreitada, iniciada em 26 de fevereiro de 2019, integrou os trabalhos de reabilita\u00e7\u00e3o a n\u00edvel de corre\u00e7\u00e3o de patologias nas infraestruturas e a renova\u00e7\u00e3o de alguns equipamentos fundamentais para a presta\u00e7\u00e3o de um servi\u00e7o de qualidade.<\/p>\n<p class=\"v1MsoNormal\">\n<p class=\"v1MsoNormal\">Destacam-se as interven\u00e7\u00f5es de repara\u00e7\u00e3o e o tratamento das infiltra\u00e7\u00f5es em praticamente todas as zonas da esta\u00e7\u00e3o. Foram, tamb\u00e9m, efetuadas reabilita\u00e7\u00f5es em alguns elementos arquitet\u00f3nicos, nomeadamente a renova\u00e7\u00e3o dos tetos das ab\u00f3badas do cais, a reabilita\u00e7\u00e3o dos pain\u00e9is de azulejos com as obras pl\u00e1sticas, bem como a limpeza e reabilita\u00e7\u00e3o das paredes e pedras de revestimento.<\/p>\n<p class=\"v1MsoNormal\">\n<p class=\"v1MsoNormal\">Em termos de infraestruturas el\u00e9tricas, foram integralmente substitu\u00eddas duas escadas mec\u00e2nicas de liga\u00e7\u00e3o entre o cais e o \u00e1trio, substitu\u00eddas as portas dos tr\u00eas elevadores da esta\u00e7\u00e3o, realizadas interven\u00e7\u00f5es de renova\u00e7\u00e3o do sistema de bombagem da subesta\u00e7\u00e3o de tra\u00e7\u00e3o e renovado o sistema de ilumina\u00e7\u00e3o das zonas p\u00fablicas para ilumina\u00e7\u00e3o LED, de baixo consumo.<\/p>\n<p class=\"v1MsoNormal\">\n<p class=\"v1MsoNormal\">Esta \u00faltima medida afigura-se de especial import\u00e2ncia, j\u00e1 que o Metropolitano de Lisboa lan\u00e7ou, no in\u00edcio do corrente ano e no \u00e2mbito da &#8220;Lisboa Capital Verde&#8221;, o\u00a0<i>Plano Integrado de Sustentabilidade Ambiental 2030<\/i>, contemplando um conjunto de 15 a\u00e7\u00f5es, com vista a garantir a melhoria da sua sustentabilidade ambiental. Uma dessas medidas corresponde ao compromisso em proceder \u00e0 altera\u00e7\u00e3o, at\u00e9 2027, dos sistemas de ilumina\u00e7\u00e3o da totalidade das esta\u00e7\u00f5es para tecnologia LED, com vista \u00e0 racionaliza\u00e7\u00e3o e redu\u00e7\u00e3o do consumo de energia na rede.<\/p>\n<p class=\"v1MsoNormal\">\n<p class=\"v1MsoNormal\">A substitui\u00e7\u00e3o da ilumina\u00e7\u00e3o, agora efetuada na esta\u00e7\u00e3o Olivais, ao n\u00edvel do cais e dos acessos, j\u00e1 permitiu uma redu\u00e7\u00e3o da pot\u00eancia instalada de 126,175 kW, o que significa uma redu\u00e7\u00e3o de 299 toneladas de CO2eq. anual.<\/p>\n<p class=\"v1MsoNormal\">\n<p class=\"v1MsoNormal\">Presentemente, 17 das 56 esta\u00e7\u00f5es (30%) disp\u00f5em de sistema de ilumina\u00e7\u00e3o LED.<\/p>\n<p class=\"v1MsoNormal\">\n<p class=\"v1MsoNormal\">O sistema de videovigil\u00e2ncia foi, tamb\u00e9m, uma das melhorias efetuadas na esta\u00e7\u00e3o Olivais, tendo sofrido uma atualiza\u00e7\u00e3o com a inclus\u00e3o da funcionalidade de controlo de acessos e intrus\u00f5es \u00e0 via f\u00e9rrea. Este sistema j\u00e1 se encontra instalado em 16 esta\u00e7\u00f5es e prev\u00ea-se venha a ser estendido \u00e0s restantes. Est\u00e1 diretamente ligado ao Posto de Comando Central do Metropolitano de Lisboa e permite a grava\u00e7\u00e3o das imagens.<\/p>\n<p class=\"v1MsoNormal\">\n<p class=\"v1MsoNormal\">As obras de requalifica\u00e7\u00e3o efetuadas na esta\u00e7\u00e3o Olivais relativas \u00e0 corre\u00e7\u00e3o das patologias da infraestrutura, renova\u00e7\u00e3o da ilumina\u00e7\u00e3o para tecnologia LED e atualiza\u00e7\u00e3o do sistema de videovigil\u00e2ncia, correspondem a um investimento total de 3,9 milh\u00f5es de euros.<\/p>\n<p class=\"v1MsoNormal\">\n<p class=\"v1MsoNormal\">A esta\u00e7\u00e3o Olivais foi, posteriormente, alvo de trabalhos para a instala\u00e7\u00e3o do Sistema Autom\u00e1tico de Dete\u00e7\u00e3o de Inc\u00eandios \u2013 SADI que permite avisar rapidamente os servi\u00e7os competentes da exist\u00eancia de um foco de inc\u00eandio e desencadear automaticamente as a\u00e7\u00f5es previstas para evitar a sua propaga\u00e7\u00e3o.<\/p>\n<p class=\"v1MsoNormal\">\n<p class=\"v1MsoNormal\">Ao ser detetada uma situa\u00e7\u00e3o de inc\u00eandio, os detetores autom\u00e1ticos transmitem um sinal \u00e0 central de inc\u00eandios e ao sistema de gest\u00e3o, dando origem a uma sinaliza\u00e7\u00e3o ac\u00fastica e luminosa na central, possibilitando a visualiza\u00e7\u00e3o da zona em alarme.<\/p>\n<p class=\"v1MsoNormal\">\n<p class=\"v1MsoNormal\">O sistema, ap\u00f3s a temporiza\u00e7\u00e3o previamente programada, faz transitar a ocorr\u00eancia para um segundo n\u00edvel de alarme, desencadeando diversas opera\u00e7\u00f5es autom\u00e1ticas de prote\u00e7\u00e3o, nomeadamente atua\u00e7\u00e3o do sistema de emerg\u00eancia de inc\u00eandios para os elevadores, paragem das unidades de ventila\u00e7\u00e3o da zona ou zonas em alarme, sinaliza\u00e7\u00e3o da ocorr\u00eancia na central, entre outros.<\/p>\n<p class=\"v1MsoNormal\">\n<p class=\"v1MsoNormal\">Este sistema encontra-se, agora, instalado em todas as esta\u00e7\u00f5es, estando prevista a sua moderniza\u00e7\u00e3o nas esta\u00e7\u00f5es, parques de material e oficinas e instala\u00e7\u00f5es administrativas em que o mesmo j\u00e1 se encontra obsoleto. Conta com um investimento global previsto de 2,9 milh\u00f5es de euros, dos quais 607,450 mil s\u00e3o comparticipados pelo Fundo Ambiental. A instala\u00e7\u00e3o do\u00a0 SADI da esta\u00e7\u00e3o Olivais teve um investimento de\u00a0 77,450 mil euros.<\/p>\n<p class=\"v1MsoNormal\">\n<p class=\"v1MsoNormal\">A esta\u00e7\u00e3o Olivais abriu ao p\u00fablico em novembro de 1998. Conta com o projeto arquitet\u00f3nico de Rui Cardim e a interven\u00e7\u00e3o pl\u00e1stica de Nuno de Siqueira (cais) e Cec\u00edlia de Sousa (acessos cais\/\u00e1trio, \u00e1trio e exterior).<\/p>\n","protected":false},"excerpt":{"rendered":"<p>Os clientes do Metropolitano de Lisboa j\u00e1 podem efetuar pagamentos dos t\u00edtulos de transporte adquiridos nas m\u00e1quinas autom\u00e1ticas atrav\u00e9s da funcionalidade sem contacto.<\/p>\n","protected":false},"author":13,"featured_media":32597,"comment_status":"open","ping_status":"closed","sticky":false,"template":"","format":"standard","meta":{"footnotes":""},"categories":[10,11,13],"tags":[80,6105,3658],"class_list":["post-87683","post","type-post","status-publish","format-standard","has-post-thumbnail","hentry","category-actualidade","category-pais","category-turismo","tag-lisboa","tag-metro","tag-metropolitano-de-lisboa"],"yoast_head":"<!-- This site is optimized with the Yoast SEO plugin v27.4 - https:\/\/yoast.com\/product\/yoast-seo-wordpress\/ -->\n<title>Metro investe em m\u00e1quinas de venda de bilhetes de tecnologia sem contacto | Infocul.pt - Arquivo Digital<\/title>\n<meta name=\"description\" content=\"Metro investe em m\u00e1quinas de venda de bilhetes de tecnologia sem contacto | Infocul.pt - Arquivo Digital\" \/>\n<meta name=\"robots\" content=\"noindex, follow, max-snippet:-1, max-image-preview:large, max-video-preview:-1\" \/>\n<meta property=\"og:locale\" content=\"pt_PT\" \/>\n<meta property=\"og:type\" content=\"article\" \/>\n<meta property=\"og:title\" content=\"Metro investe em m\u00e1quinas de venda de bilhetes de tecnologia sem contacto | Infocul.pt - Arquivo Digital\" \/>\n<meta property=\"og:description\" content=\"Metro investe em m\u00e1quinas de venda de bilhetes de tecnologia sem contacto | Infocul.pt - Arquivo Digital\" \/>\n<meta property=\"og:url\" content=\"https:\/\/infocul.pt\/arquivo\/actualidade\/metro-investe-em-maquinas-de-venda-de-bilhetes-de-tecnologia-sem-contacto\/\" \/>\n<meta property=\"og:site_name\" content=\"Infocul.pt - Arquivo Digital\" \/>\n<meta property=\"article:publisher\" content=\"https:\/\/www.facebook.com\/Infocul-147816815585015\/\" \/>\n<meta property=\"article:published_time\" content=\"2020-12-04T11:09:48+00:00\" \/>\n<meta property=\"og:image\" content=\"https:\/\/infocul.pt\/arquivo\/wp-content\/uploads\/2017\/11\/metro.jpg\" \/>\n\t<meta property=\"og:image:width\" content=\"597\" \/>\n\t<meta property=\"og:image:height\" content=\"396\" \/>\n\t<meta property=\"og:image:type\" content=\"image\/jpeg\" \/>\n<meta name=\"author\" content=\"Redac\u00e7\u00e3o\" \/>\n<meta name=\"twitter:card\" content=\"summary_large_image\" \/>\n<meta name=\"twitter:creator\" content=\"@Infoculpt\" \/>\n<meta name=\"twitter:site\" content=\"@Infoculpt\" \/>\n<meta name=\"twitter:label1\" content=\"Escrito por\" \/>\n\t<meta name=\"twitter:data1\" content=\"Redac\u00e7\u00e3o\" \/>\n\t<meta name=\"twitter:label2\" content=\"Tempo estimado de leitura\" \/>\n\t<meta name=\"twitter:data2\" content=\"4 minutos\" \/>\n<script type=\"application\/ld+json\" class=\"yoast-schema-graph\">{\"@context\":\"https:\\\/\\\/schema.org\",\"@graph\":[{\"@type\":\"Article\",\"@id\":\"https:\\\/\\\/infocul.pt\\\/arquivo\\\/actualidade\\\/metro-investe-em-maquinas-de-venda-de-bilhetes-de-tecnologia-sem-contacto\\\/#article\",\"isPartOf\":{\"@id\":\"https:\\\/\\\/infocul.pt\\\/arquivo\\\/actualidade\\\/metro-investe-em-maquinas-de-venda-de-bilhetes-de-tecnologia-sem-contacto\\\/\"},\"author\":{\"name\":\"Redac\u00e7\u00e3o\",\"@id\":\"https:\\\/\\\/infocul.pt\\\/arquivo\\\/#\\\/schema\\\/person\\\/f243f45ae8d67639120a7586884f3abc\"},\"headline\":\"Metro investe em m\u00e1quinas de venda de bilhetes de tecnologia sem contacto\",\"datePublished\":\"2020-12-04T11:09:48+00:00\",\"mainEntityOfPage\":{\"@id\":\"https:\\\/\\\/infocul.pt\\\/arquivo\\\/actualidade\\\/metro-investe-em-maquinas-de-venda-de-bilhetes-de-tecnologia-sem-contacto\\\/\"},\"wordCount\":845,\"commentCount\":0,\"publisher\":{\"@id\":\"https:\\\/\\\/infocul.pt\\\/arquivo\\\/#organization\"},\"image\":{\"@id\":\"https:\\\/\\\/infocul.pt\\\/arquivo\\\/actualidade\\\/metro-investe-em-maquinas-de-venda-de-bilhetes-de-tecnologia-sem-contacto\\\/#primaryimage\"},\"thumbnailUrl\":\"https:\\\/\\\/infocul.pt\\\/arquivo\\\/wp-content\\\/uploads\\\/2017\\\/11\\\/metro.jpg\",\"keywords\":[\"Lisboa\",\"Metro\",\"Metropolitano de Lisboa\"],\"articleSection\":[\"Actualidade\",\"Pa\u00eds\",\"Turismo\"],\"inLanguage\":\"pt-PT\"},{\"@type\":\"WebPage\",\"@id\":\"https:\\\/\\\/infocul.pt\\\/arquivo\\\/actualidade\\\/metro-investe-em-maquinas-de-venda-de-bilhetes-de-tecnologia-sem-contacto\\\/\",\"url\":\"https:\\\/\\\/infocul.pt\\\/arquivo\\\/actualidade\\\/metro-investe-em-maquinas-de-venda-de-bilhetes-de-tecnologia-sem-contacto\\\/\",\"name\":\"Metro investe em m\u00e1quinas de venda de bilhetes de tecnologia sem contacto | Infocul.pt - Arquivo Digital\",\"isPartOf\":{\"@id\":\"https:\\\/\\\/infocul.pt\\\/arquivo\\\/#website\"},\"primaryImageOfPage\":{\"@id\":\"https:\\\/\\\/infocul.pt\\\/arquivo\\\/actualidade\\\/metro-investe-em-maquinas-de-venda-de-bilhetes-de-tecnologia-sem-contacto\\\/#primaryimage\"},\"image\":{\"@id\":\"https:\\\/\\\/infocul.pt\\\/arquivo\\\/actualidade\\\/metro-investe-em-maquinas-de-venda-de-bilhetes-de-tecnologia-sem-contacto\\\/#primaryimage\"},\"thumbnailUrl\":\"https:\\\/\\\/infocul.pt\\\/arquivo\\\/wp-content\\\/uploads\\\/2017\\\/11\\\/metro.jpg\",\"datePublished\":\"2020-12-04T11:09:48+00:00\",\"description\":\"Metro investe em m\u00e1quinas de venda de bilhetes de tecnologia sem contacto | Infocul.pt - Arquivo Digital\",\"breadcrumb\":{\"@id\":\"https:\\\/\\\/infocul.pt\\\/arquivo\\\/actualidade\\\/metro-investe-em-maquinas-de-venda-de-bilhetes-de-tecnologia-sem-contacto\\\/#breadcrumb\"},\"inLanguage\":\"pt-PT\",\"potentialAction\":[{\"@type\":\"ReadAction\",\"target\":[\"https:\\\/\\\/infocul.pt\\\/arquivo\\\/actualidade\\\/metro-investe-em-maquinas-de-venda-de-bilhetes-de-tecnologia-sem-contacto\\\/\"]}]},{\"@type\":\"ImageObject\",\"inLanguage\":\"pt-PT\",\"@id\":\"https:\\\/\\\/infocul.pt\\\/arquivo\\\/actualidade\\\/metro-investe-em-maquinas-de-venda-de-bilhetes-de-tecnologia-sem-contacto\\\/#primaryimage\",\"url\":\"https:\\\/\\\/infocul.pt\\\/arquivo\\\/wp-content\\\/uploads\\\/2017\\\/11\\\/metro.jpg\",\"contentUrl\":\"https:\\\/\\\/infocul.pt\\\/arquivo\\\/wp-content\\\/uploads\\\/2017\\\/11\\\/metro.jpg\",\"width\":597,\"height\":396},{\"@type\":\"BreadcrumbList\",\"@id\":\"https:\\\/\\\/infocul.pt\\\/arquivo\\\/actualidade\\\/metro-investe-em-maquinas-de-venda-de-bilhetes-de-tecnologia-sem-contacto\\\/#breadcrumb\",\"itemListElement\":[{\"@type\":\"ListItem\",\"position\":1,\"name\":\"Home\",\"item\":\"https:\\\/\\\/infocul.pt\\\/arquivo\\\/\"},{\"@type\":\"ListItem\",\"position\":2,\"name\":\"Metro investe em m\u00e1quinas de venda de bilhetes de tecnologia sem contacto\"}]},{\"@type\":\"WebSite\",\"@id\":\"https:\\\/\\\/infocul.pt\\\/arquivo\\\/#website\",\"url\":\"https:\\\/\\\/infocul.pt\\\/arquivo\\\/\",\"name\":\"Infocul.pt - Arquivo Digital\",\"description\":\"Arquivo digital da Infocul.pt\",\"publisher\":{\"@id\":\"https:\\\/\\\/infocul.pt\\\/arquivo\\\/#organization\"},\"potentialAction\":[{\"@type\":\"SearchAction\",\"target\":{\"@type\":\"EntryPoint\",\"urlTemplate\":\"https:\\\/\\\/infocul.pt\\\/arquivo\\\/?s={search_term_string}\"},\"query-input\":{\"@type\":\"PropertyValueSpecification\",\"valueRequired\":true,\"valueName\":\"search_term_string\"}}],\"inLanguage\":\"pt-PT\"},{\"@type\":\"Organization\",\"@id\":\"https:\\\/\\\/infocul.pt\\\/arquivo\\\/#organization\",\"name\":\"Infocul.pt\",\"url\":\"https:\\\/\\\/infocul.pt\\\/arquivo\\\/\",\"logo\":{\"@type\":\"ImageObject\",\"inLanguage\":\"pt-PT\",\"@id\":\"https:\\\/\\\/infocul.pt\\\/arquivo\\\/#\\\/schema\\\/logo\\\/image\\\/\",\"url\":\"https:\\\/\\\/infocul.pt\\\/arquivo\\\/wp-content\\\/uploads\\\/2018\\\/12\\\/Infocul_logo-1.png\",\"contentUrl\":\"https:\\\/\\\/infocul.pt\\\/arquivo\\\/wp-content\\\/uploads\\\/2018\\\/12\\\/Infocul_logo-1.png\",\"width\":800,\"height\":800,\"caption\":\"Infocul.pt\"},\"image\":{\"@id\":\"https:\\\/\\\/infocul.pt\\\/arquivo\\\/#\\\/schema\\\/logo\\\/image\\\/\"},\"sameAs\":[\"https:\\\/\\\/www.facebook.com\\\/Infocul-147816815585015\\\/\",\"https:\\\/\\\/x.com\\\/Infoculpt\",\"http:\\\/\\\/www.pictaram.com\\\/user\\\/infocul.pt\\\/2370423710\",\"https:\\\/\\\/www.youtube.com\\\/channel\\\/UCYEB91AGI9FL9ek2i_IaQAA\"]},{\"@type\":\"Person\",\"@id\":\"https:\\\/\\\/infocul.pt\\\/arquivo\\\/#\\\/schema\\\/person\\\/f243f45ae8d67639120a7586884f3abc\",\"name\":\"Redac\u00e7\u00e3o\",\"image\":{\"@type\":\"ImageObject\",\"inLanguage\":\"pt-PT\",\"@id\":\"https:\\\/\\\/secure.gravatar.com\\\/avatar\\\/151b1b76c598ab5e749407223bd6c1bad4e41c4e95de3c3df83540ebee2deaf8?s=96&d=mm&r=g\",\"url\":\"https:\\\/\\\/secure.gravatar.com\\\/avatar\\\/151b1b76c598ab5e749407223bd6c1bad4e41c4e95de3c3df83540ebee2deaf8?s=96&d=mm&r=g\",\"contentUrl\":\"https:\\\/\\\/secure.gravatar.com\\\/avatar\\\/151b1b76c598ab5e749407223bd6c1bad4e41c4e95de3c3df83540ebee2deaf8?s=96&d=mm&r=g\",\"caption\":\"Redac\u00e7\u00e3o\"}}]}<\/script>\n<!-- \/ Yoast SEO plugin. -->","yoast_head_json":{"title":"Metro investe em m\u00e1quinas de venda de bilhetes de tecnologia sem contacto | Infocul.pt - Arquivo Digital","description":"Metro investe em m\u00e1quinas de venda de bilhetes de tecnologia sem contacto | Infocul.pt - Arquivo Digital","robots":{"index":"noindex","follow":"follow","max-snippet":"max-snippet:-1","max-image-preview":"max-image-preview:large","max-video-preview":"max-video-preview:-1"},"og_locale":"pt_PT","og_type":"article","og_title":"Metro investe em m\u00e1quinas de venda de bilhetes de tecnologia sem contacto | Infocul.pt - Arquivo Digital","og_description":"Metro investe em m\u00e1quinas de venda de bilhetes de tecnologia sem contacto | Infocul.pt - Arquivo Digital","og_url":"https:\/\/infocul.pt\/arquivo\/actualidade\/metro-investe-em-maquinas-de-venda-de-bilhetes-de-tecnologia-sem-contacto\/","og_site_name":"Infocul.pt - Arquivo Digital","article_publisher":"https:\/\/www.facebook.com\/Infocul-147816815585015\/","article_published_time":"2020-12-04T11:09:48+00:00","og_image":[{"width":597,"height":396,"url":"https:\/\/infocul.pt\/arquivo\/wp-content\/uploads\/2017\/11\/metro.jpg","type":"image\/jpeg"}],"author":"Redac\u00e7\u00e3o","twitter_card":"summary_large_image","twitter_creator":"@Infoculpt","twitter_site":"@Infoculpt","twitter_misc":{"Escrito por":"Redac\u00e7\u00e3o","Tempo estimado de leitura":"4 minutos"},"schema":{"@context":"https:\/\/schema.org","@graph":[{"@type":"Article","@id":"https:\/\/infocul.pt\/arquivo\/actualidade\/metro-investe-em-maquinas-de-venda-de-bilhetes-de-tecnologia-sem-contacto\/#article","isPartOf":{"@id":"https:\/\/infocul.pt\/arquivo\/actualidade\/metro-investe-em-maquinas-de-venda-de-bilhetes-de-tecnologia-sem-contacto\/"},"author":{"name":"Redac\u00e7\u00e3o","@id":"https:\/\/infocul.pt\/arquivo\/#\/schema\/person\/f243f45ae8d67639120a7586884f3abc"},"headline":"Metro investe em m\u00e1quinas de venda de bilhetes de tecnologia sem contacto","datePublished":"2020-12-04T11:09:48+00:00","mainEntityOfPage":{"@id":"https:\/\/infocul.pt\/arquivo\/actualidade\/metro-investe-em-maquinas-de-venda-de-bilhetes-de-tecnologia-sem-contacto\/"},"wordCount":845,"commentCount":0,"publisher":{"@id":"https:\/\/infocul.pt\/arquivo\/#organization"},"image":{"@id":"https:\/\/infocul.pt\/arquivo\/actualidade\/metro-investe-em-maquinas-de-venda-de-bilhetes-de-tecnologia-sem-contacto\/#primaryimage"},"thumbnailUrl":"https:\/\/infocul.pt\/arquivo\/wp-content\/uploads\/2017\/11\/metro.jpg","keywords":["Lisboa","Metro","Metropolitano de Lisboa"],"articleSection":["Actualidade","Pa\u00eds","Turismo"],"inLanguage":"pt-PT"},{"@type":"WebPage","@id":"https:\/\/infocul.pt\/arquivo\/actualidade\/metro-investe-em-maquinas-de-venda-de-bilhetes-de-tecnologia-sem-contacto\/","url":"https:\/\/infocul.pt\/arquivo\/actualidade\/metro-investe-em-maquinas-de-venda-de-bilhetes-de-tecnologia-sem-contacto\/","name":"Metro investe em m\u00e1quinas de venda de bilhetes de tecnologia sem contacto | Infocul.pt - Arquivo Digital","isPartOf":{"@id":"https:\/\/infocul.pt\/arquivo\/#website"},"primaryImageOfPage":{"@id":"https:\/\/infocul.pt\/arquivo\/actualidade\/metro-investe-em-maquinas-de-venda-de-bilhetes-de-tecnologia-sem-contacto\/#primaryimage"},"image":{"@id":"https:\/\/infocul.pt\/arquivo\/actualidade\/metro-investe-em-maquinas-de-venda-de-bilhetes-de-tecnologia-sem-contacto\/#primaryimage"},"thumbnailUrl":"https:\/\/infocul.pt\/arquivo\/wp-content\/uploads\/2017\/11\/metro.jpg","datePublished":"2020-12-04T11:09:48+00:00","description":"Metro investe em m\u00e1quinas de venda de bilhetes de tecnologia sem contacto | Infocul.pt - Arquivo Digital","breadcrumb":{"@id":"https:\/\/infocul.pt\/arquivo\/actualidade\/metro-investe-em-maquinas-de-venda-de-bilhetes-de-tecnologia-sem-contacto\/#breadcrumb"},"inLanguage":"pt-PT","potentialAction":[{"@type":"ReadAction","target":["https:\/\/infocul.pt\/arquivo\/actualidade\/metro-investe-em-maquinas-de-venda-de-bilhetes-de-tecnologia-sem-contacto\/"]}]},{"@type":"ImageObject","inLanguage":"pt-PT","@id":"https:\/\/infocul.pt\/arquivo\/actualidade\/metro-investe-em-maquinas-de-venda-de-bilhetes-de-tecnologia-sem-contacto\/#primaryimage","url":"https:\/\/infocul.pt\/arquivo\/wp-content\/uploads\/2017\/11\/metro.jpg","contentUrl":"https:\/\/infocul.pt\/arquivo\/wp-content\/uploads\/2017\/11\/metro.jpg","width":597,"height":396},{"@type":"BreadcrumbList","@id":"https:\/\/infocul.pt\/arquivo\/actualidade\/metro-investe-em-maquinas-de-venda-de-bilhetes-de-tecnologia-sem-contacto\/#breadcrumb","itemListElement":[{"@type":"ListItem","position":1,"name":"Home","item":"https:\/\/infocul.pt\/arquivo\/"},{"@type":"ListItem","position":2,"name":"Metro investe em m\u00e1quinas de venda de bilhetes de tecnologia sem contacto"}]},{"@type":"WebSite","@id":"https:\/\/infocul.pt\/arquivo\/#website","url":"https:\/\/infocul.pt\/arquivo\/","name":"Infocul.pt - Arquivo Digital","description":"Arquivo digital da Infocul.pt","publisher":{"@id":"https:\/\/infocul.pt\/arquivo\/#organization"},"potentialAction":[{"@type":"SearchAction","target":{"@type":"EntryPoint","urlTemplate":"https:\/\/infocul.pt\/arquivo\/?s={search_term_string}"},"query-input":{"@type":"PropertyValueSpecification","valueRequired":true,"valueName":"search_term_string"}}],"inLanguage":"pt-PT"},{"@type":"Organization","@id":"https:\/\/infocul.pt\/arquivo\/#organization","name":"Infocul.pt","url":"https:\/\/infocul.pt\/arquivo\/","logo":{"@type":"ImageObject","inLanguage":"pt-PT","@id":"https:\/\/infocul.pt\/arquivo\/#\/schema\/logo\/image\/","url":"https:\/\/infocul.pt\/arquivo\/wp-content\/uploads\/2018\/12\/Infocul_logo-1.png","contentUrl":"https:\/\/infocul.pt\/arquivo\/wp-content\/uploads\/2018\/12\/Infocul_logo-1.png","width":800,"height":800,"caption":"Infocul.pt"},"image":{"@id":"https:\/\/infocul.pt\/arquivo\/#\/schema\/logo\/image\/"},"sameAs":["https:\/\/www.facebook.com\/Infocul-147816815585015\/","https:\/\/x.com\/Infoculpt","http:\/\/www.pictaram.com\/user\/infocul.pt\/2370423710","https:\/\/www.youtube.com\/channel\/UCYEB91AGI9FL9ek2i_IaQAA"]},{"@type":"Person","@id":"https:\/\/infocul.pt\/arquivo\/#\/schema\/person\/f243f45ae8d67639120a7586884f3abc","name":"Redac\u00e7\u00e3o","image":{"@type":"ImageObject","inLanguage":"pt-PT","@id":"https:\/\/secure.gravatar.com\/avatar\/151b1b76c598ab5e749407223bd6c1bad4e41c4e95de3c3df83540ebee2deaf8?s=96&d=mm&r=g","url":"https:\/\/secure.gravatar.com\/avatar\/151b1b76c598ab5e749407223bd6c1bad4e41c4e95de3c3df83540ebee2deaf8?s=96&d=mm&r=g","contentUrl":"https:\/\/secure.gravatar.com\/avatar\/151b1b76c598ab5e749407223bd6c1bad4e41c4e95de3c3df83540ebee2deaf8?s=96&d=mm&r=g","caption":"Redac\u00e7\u00e3o"}}]}},"_links":{"self":[{"href":"https:\/\/infocul.pt\/arquivo\/wp-json\/wp\/v2\/posts\/87683","targetHints":{"allow":["GET"]}}],"collection":[{"href":"https:\/\/infocul.pt\/arquivo\/wp-json\/wp\/v2\/posts"}],"about":[{"href":"https:\/\/infocul.pt\/arquivo\/wp-json\/wp\/v2\/types\/post"}],"author":[{"embeddable":true,"href":"https:\/\/infocul.pt\/arquivo\/wp-json\/wp\/v2\/users\/13"}],"replies":[{"embeddable":true,"href":"https:\/\/infocul.pt\/arquivo\/wp-json\/wp\/v2\/comments?post=87683"}],"version-history":[{"count":0,"href":"https:\/\/infocul.pt\/arquivo\/wp-json\/wp\/v2\/posts\/87683\/revisions"}],"wp:featuredmedia":[{"embeddable":true,"href":"https:\/\/infocul.pt\/arquivo\/wp-json\/wp\/v2\/media\/32597"}],"wp:attachment":[{"href":"https:\/\/infocul.pt\/arquivo\/wp-json\/wp\/v2\/media?parent=87683"}],"wp:term":[{"taxonomy":"category","embeddable":true,"href":"https:\/\/infocul.pt\/arquivo\/wp-json\/wp\/v2\/categories?post=87683"},{"taxonomy":"post_tag","embeddable":true,"href":"https:\/\/infocul.pt\/arquivo\/wp-json\/wp\/v2\/tags?post=87683"}],"curies":[{"name":"wp","href":"https:\/\/api.w.org\/{rel}","templated":true}]}}