{"id":87862,"date":"2020-12-09T23:00:54","date_gmt":"2020-12-09T23:00:54","guid":{"rendered":"https:\/\/infocul.pt\/?p=87862"},"modified":"2020-12-10T09:18:18","modified_gmt":"2020-12-10T09:18:18","slug":"dia-internacional-contra-a-corrupcao","status":"publish","type":"post","link":"https:\/\/infocul.pt\/arquivo\/actualidade\/dia-internacional-contra-a-corrupcao\/","title":{"rendered":"Dia internacional contra a corrup\u00e7\u00e3o"},"content":{"rendered":"<p><img decoding=\"async\" class=\"aligncenter wp-image-87004 size-full lazyload\" data-src=\"https:\/\/infocul.pt\/arquivo\/wp-content\/uploads\/2020\/11\/IMG-20201124-WA0001.jpg\" alt=\"\" width=\"719\" height=\"720\" data-srcset=\"https:\/\/infocul.pt\/arquivo\/wp-content\/uploads\/2020\/11\/IMG-20201124-WA0001.jpg 719w, https:\/\/infocul.pt\/arquivo\/wp-content\/uploads\/2020\/11\/IMG-20201124-WA0001-300x300.jpg 300w, https:\/\/infocul.pt\/arquivo\/wp-content\/uploads\/2020\/11\/IMG-20201124-WA0001-150x150.jpg 150w\" data-sizes=\"(max-width: 719px) 100vw, 719px\" src=\"data:image\/svg+xml;base64,PHN2ZyB3aWR0aD0iMSIgaGVpZ2h0PSIxIiB4bWxucz0iaHR0cDovL3d3dy53My5vcmcvMjAwMC9zdmciPjwvc3ZnPg==\" style=\"--smush-placeholder-width: 719px; --smush-placeholder-aspect-ratio: 719\/720;\" \/><\/p>\n<p><span style=\"font-weight: 400;\">Portugal lidera poucos rankings, e infelizmente os que lidera n\u00e3o s\u00e3o por bons motivos. No caso do \u00edndice de perce\u00e7\u00e3o da corrup\u00e7\u00e3o (IPC) Portugal apresenta uma performance<\/span> <span style=\"font-weight: 400;\">mediana quando comparado com pa\u00edses ocidentais e de caracter\u00edsticas semelhantes ocupando o lugar n\u00ba 30 em 180 pa\u00edses analisados pelo <\/span><i><span style=\"font-weight: 400;\">transparency internacional,<\/span><\/i><span style=\"font-weight: 400;\"> com um \u00edndice de 62 em 100, Portugal n\u00e3o tem raz\u00f5es para n\u00e3o considerar a luta contra a corrup\u00e7\u00e3o como uma batalha do nosso tempo.<\/span><!--more--><\/p>\n<p><span style=\"font-weight: 400;\">Mas parece que \u00e9 assim que tem sido, pois no espa\u00e7o de 7 anos de an\u00e1lises feitas pelo <\/span><i><span style=\"font-weight: 400;\">transparency internacional <\/span><\/i><span style=\"font-weight: 400;\">o nosso pa\u00eds n\u00e3o apresenta nenhuma evolu\u00e7\u00e3o positiva, parecendo relaxar no combate \u00e0 corrup\u00e7\u00e3o.<\/span><\/p>\n<p><span style=\"font-weight: 400;\">Hoje assinala-se o dia internacional contra a corrup\u00e7\u00e3o e a mensagem que \u00e9 importante passar \u00e9 de esperan\u00e7a nos jovens, \u00e9 de esperan\u00e7a naqueles que s\u00e3o hoje considerados a gera\u00e7\u00e3o mais qualificada de sempre, aqueles que muitas vezes s\u00e3o vistos como inexperientes e cujas portas se fecham por serem novos de mais. Mas que podem certamente afirmar que experi\u00eancia em corrup\u00e7\u00e3o e afundar um pa\u00eds, isso n\u00e3o t\u00eam. E de esperan\u00e7a naqueles que com o seu curr\u00edculo e capacidades chegam onde ambicionam e n\u00e3o precisam de portas especiais para chegar onde querem.<\/span><\/p>\n<p><span style=\"font-weight: 400;\">Lutar contra a corrup\u00e7\u00e3o significa lutar contra perdas de investimento, significa lutar contra a desconfian\u00e7a dos investidores no nosso pa\u00eds. Lutar contra a corrup\u00e7\u00e3o significa assinalar como preciosos os impostos que cada Portugu\u00eas paga, e por isso utiliz\u00e1-los com o fim m\u00e1ximo do servi\u00e7o ao contribuinte. Lutar contra a corrup\u00e7\u00e3o \u00e9 lutar em favor da liberdade e da transpar\u00eancia, \u00e9 lutar em favor da confian\u00e7a dos portugueses nas organiza\u00e7\u00f5es pol\u00edticas.\u00a0<\/span><\/p>\n<p><span style=\"font-weight: 400;\">E se por vezes a banaliza\u00e7\u00e3o da palavra leva a que percamos a mem\u00f3ria do que perdemos com casos de corrup\u00e7\u00e3o, ent\u00e3o que sirva este dia para consciencializa\u00e7\u00e3o. Sirva este dia para que os governos e governantes se lembrem que cada vez que a justi\u00e7a for branda com casos de corrup\u00e7\u00e3o, \u00e9 a todos os portugueses que est\u00e3o a prejudicar. Sirva esta data para que os governos reforcem a atua\u00e7\u00e3o nesta mat\u00e9ria.\u00a0<\/span><\/p>\n<p><span style=\"font-weight: 400;\">Mas lembrar este dia n\u00e3o deve ser um mero formalismo, deve ser indicador de mudan\u00e7a, deve ser o ponto de partida para a elabora\u00e7\u00e3o de propostas que visem a prote\u00e7\u00e3o do denunciante, o ponto de partida para a cria\u00e7\u00e3o do estatuto do arrependido. \u00c9 imperativo que se pensem formas de encurtar os megaprocessos para que a justi\u00e7a n\u00e3o tarde a chegar, para que a confian\u00e7a dos portugueses na justi\u00e7a seja restabelecida, e que sobretudo n\u00e3o se continue a hipotecar o futuro de Portugal.<\/span><\/p>\n<p><span style=\"font-weight: 400;\">Combater a corrup\u00e7\u00e3o \u00e9 tamb\u00e9m olhar para o nepotismo e transpar\u00eancia governativa, \u00e9 tratar candidatos a dado lugar de igual para igual e n\u00e3o baseado na sua filia\u00e7\u00e3o ou c\u00edrculo de influ\u00eancias, \u00e9 olhar para o m\u00e9rito e para o curr\u00edculo, e escolher aquele que mais pode acrescentar ao inv\u00e9s daquele que mais pode influenciar ou angariar<\/span><\/p>\n<p><span style=\"font-weight: 400;\">A corrup\u00e7\u00e3o n\u00e3o pode nem deve ser uma luta esquecida porque no dia que assim for, est\u00e3o esquecidos os Portugueses.\u00a0<\/span><\/p>\n<p>&nbsp;<\/p>\n<p><span style=\"font-weight: 400;\">Jos\u00e9 Coutinho\u00a0<\/span><\/p>\n<p><span style=\"font-weight: 400;\">Presidente da Juventude Popular Distrital de Set\u00fabal<\/span><\/p>\n","protected":false},"excerpt":{"rendered":"<p>Portugal lidera poucos rankings, e infelizmente os que lidera n\u00e3o s\u00e3o por bons motivos. No caso do \u00edndice de perce\u00e7\u00e3o da corrup\u00e7\u00e3o (IPC) Portugal apresenta uma performance mediana quando comparado com pa\u00edses ocidentais e de caracter\u00edsticas semelhantes ocupando o lugar n\u00ba 30 em 180 pa\u00edses analisados pelo transparency internacional, com um \u00edndice de 62 em [&hellip;]<\/p>\n","protected":false},"author":25,"featured_media":87004,"comment_status":"open","ping_status":"closed","sticky":false,"template":"","format":"standard","meta":{"footnotes":""},"categories":[10,36,12,4121,11,16],"tags":[],"class_list":["post-87862","post","type-post","status-publish","format-standard","has-post-thumbnail","hentry","category-actualidade","category-destaque","category-mundo","category-opiniao","category-pais","category-politica"],"yoast_head":"<!-- This site is optimized with the Yoast SEO plugin v27.4 - https:\/\/yoast.com\/product\/yoast-seo-wordpress\/ -->\n<title>Dia internacional contra a corrup\u00e7\u00e3o | Infocul.pt - Arquivo Digital<\/title>\n<meta name=\"description\" content=\"Dia internacional contra a corrup\u00e7\u00e3o | Infocul.pt - Arquivo Digital\" \/>\n<meta name=\"robots\" content=\"noindex, follow, max-snippet:-1, max-image-preview:large, max-video-preview:-1\" \/>\n<meta property=\"og:locale\" content=\"pt_PT\" \/>\n<meta property=\"og:type\" content=\"article\" \/>\n<meta property=\"og:title\" content=\"Dia internacional contra a corrup\u00e7\u00e3o | Infocul.pt - Arquivo Digital\" \/>\n<meta property=\"og:description\" content=\"Dia internacional contra a corrup\u00e7\u00e3o | Infocul.pt - Arquivo Digital\" \/>\n<meta property=\"og:url\" content=\"https:\/\/infocul.pt\/arquivo\/actualidade\/dia-internacional-contra-a-corrupcao\/\" \/>\n<meta property=\"og:site_name\" content=\"Infocul.pt - Arquivo Digital\" \/>\n<meta property=\"article:publisher\" content=\"https:\/\/www.facebook.com\/Infocul-147816815585015\/\" \/>\n<meta property=\"article:published_time\" content=\"2020-12-09T23:00:54+00:00\" \/>\n<meta property=\"article:modified_time\" content=\"2020-12-10T09:18:18+00:00\" \/>\n<meta property=\"og:image\" content=\"https:\/\/infocul.pt\/arquivo\/wp-content\/uploads\/2020\/11\/IMG-20201124-WA0001.jpg\" \/>\n\t<meta property=\"og:image:width\" content=\"719\" \/>\n\t<meta property=\"og:image:height\" content=\"720\" \/>\n\t<meta property=\"og:image:type\" content=\"image\/jpeg\" \/>\n<meta name=\"author\" content=\"Jos\u00e9 Coutinho\" \/>\n<meta name=\"twitter:card\" content=\"summary_large_image\" \/>\n<meta name=\"twitter:creator\" content=\"@Infoculpt\" \/>\n<meta name=\"twitter:site\" content=\"@Infoculpt\" \/>\n<meta name=\"twitter:label1\" content=\"Escrito por\" \/>\n\t<meta name=\"twitter:data1\" content=\"Jos\u00e9 Coutinho\" \/>\n\t<meta name=\"twitter:label2\" content=\"Tempo estimado de leitura\" \/>\n\t<meta name=\"twitter:data2\" content=\"3 minutos\" \/>\n<script type=\"application\/ld+json\" class=\"yoast-schema-graph\">{\"@context\":\"https:\\\/\\\/schema.org\",\"@graph\":[{\"@type\":\"Article\",\"@id\":\"https:\\\/\\\/infocul.pt\\\/arquivo\\\/actualidade\\\/dia-internacional-contra-a-corrupcao\\\/#article\",\"isPartOf\":{\"@id\":\"https:\\\/\\\/infocul.pt\\\/arquivo\\\/actualidade\\\/dia-internacional-contra-a-corrupcao\\\/\"},\"author\":{\"name\":\"Jos\u00e9 Coutinho\",\"@id\":\"https:\\\/\\\/infocul.pt\\\/arquivo\\\/#\\\/schema\\\/person\\\/4beade26016b65b819446bf9c8a785f4\"},\"headline\":\"Dia internacional contra a corrup\u00e7\u00e3o\",\"datePublished\":\"2020-12-09T23:00:54+00:00\",\"dateModified\":\"2020-12-10T09:18:18+00:00\",\"mainEntityOfPage\":{\"@id\":\"https:\\\/\\\/infocul.pt\\\/arquivo\\\/actualidade\\\/dia-internacional-contra-a-corrupcao\\\/\"},\"wordCount\":579,\"commentCount\":0,\"publisher\":{\"@id\":\"https:\\\/\\\/infocul.pt\\\/arquivo\\\/#organization\"},\"image\":{\"@id\":\"https:\\\/\\\/infocul.pt\\\/arquivo\\\/actualidade\\\/dia-internacional-contra-a-corrupcao\\\/#primaryimage\"},\"thumbnailUrl\":\"https:\\\/\\\/infocul.pt\\\/arquivo\\\/wp-content\\\/uploads\\\/2020\\\/11\\\/IMG-20201124-WA0001.jpg\",\"articleSection\":[\"Actualidade\",\"Destaque\",\"Mundo\",\"Opini\u00e3o\",\"Pa\u00eds\",\"Politica\"],\"inLanguage\":\"pt-PT\"},{\"@type\":\"WebPage\",\"@id\":\"https:\\\/\\\/infocul.pt\\\/arquivo\\\/actualidade\\\/dia-internacional-contra-a-corrupcao\\\/\",\"url\":\"https:\\\/\\\/infocul.pt\\\/arquivo\\\/actualidade\\\/dia-internacional-contra-a-corrupcao\\\/\",\"name\":\"Dia internacional contra a corrup\u00e7\u00e3o | Infocul.pt - Arquivo Digital\",\"isPartOf\":{\"@id\":\"https:\\\/\\\/infocul.pt\\\/arquivo\\\/#website\"},\"primaryImageOfPage\":{\"@id\":\"https:\\\/\\\/infocul.pt\\\/arquivo\\\/actualidade\\\/dia-internacional-contra-a-corrupcao\\\/#primaryimage\"},\"image\":{\"@id\":\"https:\\\/\\\/infocul.pt\\\/arquivo\\\/actualidade\\\/dia-internacional-contra-a-corrupcao\\\/#primaryimage\"},\"thumbnailUrl\":\"https:\\\/\\\/infocul.pt\\\/arquivo\\\/wp-content\\\/uploads\\\/2020\\\/11\\\/IMG-20201124-WA0001.jpg\",\"datePublished\":\"2020-12-09T23:00:54+00:00\",\"dateModified\":\"2020-12-10T09:18:18+00:00\",\"description\":\"Dia internacional contra a corrup\u00e7\u00e3o | Infocul.pt - Arquivo Digital\",\"breadcrumb\":{\"@id\":\"https:\\\/\\\/infocul.pt\\\/arquivo\\\/actualidade\\\/dia-internacional-contra-a-corrupcao\\\/#breadcrumb\"},\"inLanguage\":\"pt-PT\",\"potentialAction\":[{\"@type\":\"ReadAction\",\"target\":[\"https:\\\/\\\/infocul.pt\\\/arquivo\\\/actualidade\\\/dia-internacional-contra-a-corrupcao\\\/\"]}]},{\"@type\":\"ImageObject\",\"inLanguage\":\"pt-PT\",\"@id\":\"https:\\\/\\\/infocul.pt\\\/arquivo\\\/actualidade\\\/dia-internacional-contra-a-corrupcao\\\/#primaryimage\",\"url\":\"https:\\\/\\\/infocul.pt\\\/arquivo\\\/wp-content\\\/uploads\\\/2020\\\/11\\\/IMG-20201124-WA0001.jpg\",\"contentUrl\":\"https:\\\/\\\/infocul.pt\\\/arquivo\\\/wp-content\\\/uploads\\\/2020\\\/11\\\/IMG-20201124-WA0001.jpg\",\"width\":719,\"height\":720},{\"@type\":\"BreadcrumbList\",\"@id\":\"https:\\\/\\\/infocul.pt\\\/arquivo\\\/actualidade\\\/dia-internacional-contra-a-corrupcao\\\/#breadcrumb\",\"itemListElement\":[{\"@type\":\"ListItem\",\"position\":1,\"name\":\"Home\",\"item\":\"https:\\\/\\\/infocul.pt\\\/arquivo\\\/\"},{\"@type\":\"ListItem\",\"position\":2,\"name\":\"Dia internacional contra a corrup\u00e7\u00e3o\"}]},{\"@type\":\"WebSite\",\"@id\":\"https:\\\/\\\/infocul.pt\\\/arquivo\\\/#website\",\"url\":\"https:\\\/\\\/infocul.pt\\\/arquivo\\\/\",\"name\":\"Infocul.pt - Arquivo Digital\",\"description\":\"Arquivo digital da Infocul.pt\",\"publisher\":{\"@id\":\"https:\\\/\\\/infocul.pt\\\/arquivo\\\/#organization\"},\"potentialAction\":[{\"@type\":\"SearchAction\",\"target\":{\"@type\":\"EntryPoint\",\"urlTemplate\":\"https:\\\/\\\/infocul.pt\\\/arquivo\\\/?s={search_term_string}\"},\"query-input\":{\"@type\":\"PropertyValueSpecification\",\"valueRequired\":true,\"valueName\":\"search_term_string\"}}],\"inLanguage\":\"pt-PT\"},{\"@type\":\"Organization\",\"@id\":\"https:\\\/\\\/infocul.pt\\\/arquivo\\\/#organization\",\"name\":\"Infocul.pt\",\"url\":\"https:\\\/\\\/infocul.pt\\\/arquivo\\\/\",\"logo\":{\"@type\":\"ImageObject\",\"inLanguage\":\"pt-PT\",\"@id\":\"https:\\\/\\\/infocul.pt\\\/arquivo\\\/#\\\/schema\\\/logo\\\/image\\\/\",\"url\":\"https:\\\/\\\/infocul.pt\\\/arquivo\\\/wp-content\\\/uploads\\\/2018\\\/12\\\/Infocul_logo-1.png\",\"contentUrl\":\"https:\\\/\\\/infocul.pt\\\/arquivo\\\/wp-content\\\/uploads\\\/2018\\\/12\\\/Infocul_logo-1.png\",\"width\":800,\"height\":800,\"caption\":\"Infocul.pt\"},\"image\":{\"@id\":\"https:\\\/\\\/infocul.pt\\\/arquivo\\\/#\\\/schema\\\/logo\\\/image\\\/\"},\"sameAs\":[\"https:\\\/\\\/www.facebook.com\\\/Infocul-147816815585015\\\/\",\"https:\\\/\\\/x.com\\\/Infoculpt\",\"http:\\\/\\\/www.pictaram.com\\\/user\\\/infocul.pt\\\/2370423710\",\"https:\\\/\\\/www.youtube.com\\\/channel\\\/UCYEB91AGI9FL9ek2i_IaQAA\"]},{\"@type\":\"Person\",\"@id\":\"https:\\\/\\\/infocul.pt\\\/arquivo\\\/#\\\/schema\\\/person\\\/4beade26016b65b819446bf9c8a785f4\",\"name\":\"Jos\u00e9 Coutinho\",\"image\":{\"@type\":\"ImageObject\",\"inLanguage\":\"pt-PT\",\"@id\":\"https:\\\/\\\/secure.gravatar.com\\\/avatar\\\/46b2b09719b6e06fed15ca43e94f91c66553a7160ef56290f6e2aa7c93b1d9d4?s=96&d=mm&r=g\",\"url\":\"https:\\\/\\\/secure.gravatar.com\\\/avatar\\\/46b2b09719b6e06fed15ca43e94f91c66553a7160ef56290f6e2aa7c93b1d9d4?s=96&d=mm&r=g\",\"contentUrl\":\"https:\\\/\\\/secure.gravatar.com\\\/avatar\\\/46b2b09719b6e06fed15ca43e94f91c66553a7160ef56290f6e2aa7c93b1d9d4?s=96&d=mm&r=g\",\"caption\":\"Jos\u00e9 Coutinho\"}}]}<\/script>\n<!-- \/ Yoast SEO plugin. -->","yoast_head_json":{"title":"Dia internacional contra a corrup\u00e7\u00e3o | Infocul.pt - Arquivo Digital","description":"Dia internacional contra a corrup\u00e7\u00e3o | Infocul.pt - Arquivo Digital","robots":{"index":"noindex","follow":"follow","max-snippet":"max-snippet:-1","max-image-preview":"max-image-preview:large","max-video-preview":"max-video-preview:-1"},"og_locale":"pt_PT","og_type":"article","og_title":"Dia internacional contra a corrup\u00e7\u00e3o | Infocul.pt - Arquivo Digital","og_description":"Dia internacional contra a corrup\u00e7\u00e3o | Infocul.pt - Arquivo Digital","og_url":"https:\/\/infocul.pt\/arquivo\/actualidade\/dia-internacional-contra-a-corrupcao\/","og_site_name":"Infocul.pt - Arquivo Digital","article_publisher":"https:\/\/www.facebook.com\/Infocul-147816815585015\/","article_published_time":"2020-12-09T23:00:54+00:00","article_modified_time":"2020-12-10T09:18:18+00:00","og_image":[{"width":719,"height":720,"url":"https:\/\/infocul.pt\/arquivo\/wp-content\/uploads\/2020\/11\/IMG-20201124-WA0001.jpg","type":"image\/jpeg"}],"author":"Jos\u00e9 Coutinho","twitter_card":"summary_large_image","twitter_creator":"@Infoculpt","twitter_site":"@Infoculpt","twitter_misc":{"Escrito por":"Jos\u00e9 Coutinho","Tempo estimado de leitura":"3 minutos"},"schema":{"@context":"https:\/\/schema.org","@graph":[{"@type":"Article","@id":"https:\/\/infocul.pt\/arquivo\/actualidade\/dia-internacional-contra-a-corrupcao\/#article","isPartOf":{"@id":"https:\/\/infocul.pt\/arquivo\/actualidade\/dia-internacional-contra-a-corrupcao\/"},"author":{"name":"Jos\u00e9 Coutinho","@id":"https:\/\/infocul.pt\/arquivo\/#\/schema\/person\/4beade26016b65b819446bf9c8a785f4"},"headline":"Dia internacional contra a corrup\u00e7\u00e3o","datePublished":"2020-12-09T23:00:54+00:00","dateModified":"2020-12-10T09:18:18+00:00","mainEntityOfPage":{"@id":"https:\/\/infocul.pt\/arquivo\/actualidade\/dia-internacional-contra-a-corrupcao\/"},"wordCount":579,"commentCount":0,"publisher":{"@id":"https:\/\/infocul.pt\/arquivo\/#organization"},"image":{"@id":"https:\/\/infocul.pt\/arquivo\/actualidade\/dia-internacional-contra-a-corrupcao\/#primaryimage"},"thumbnailUrl":"https:\/\/infocul.pt\/arquivo\/wp-content\/uploads\/2020\/11\/IMG-20201124-WA0001.jpg","articleSection":["Actualidade","Destaque","Mundo","Opini\u00e3o","Pa\u00eds","Politica"],"inLanguage":"pt-PT"},{"@type":"WebPage","@id":"https:\/\/infocul.pt\/arquivo\/actualidade\/dia-internacional-contra-a-corrupcao\/","url":"https:\/\/infocul.pt\/arquivo\/actualidade\/dia-internacional-contra-a-corrupcao\/","name":"Dia internacional contra a corrup\u00e7\u00e3o | Infocul.pt - Arquivo Digital","isPartOf":{"@id":"https:\/\/infocul.pt\/arquivo\/#website"},"primaryImageOfPage":{"@id":"https:\/\/infocul.pt\/arquivo\/actualidade\/dia-internacional-contra-a-corrupcao\/#primaryimage"},"image":{"@id":"https:\/\/infocul.pt\/arquivo\/actualidade\/dia-internacional-contra-a-corrupcao\/#primaryimage"},"thumbnailUrl":"https:\/\/infocul.pt\/arquivo\/wp-content\/uploads\/2020\/11\/IMG-20201124-WA0001.jpg","datePublished":"2020-12-09T23:00:54+00:00","dateModified":"2020-12-10T09:18:18+00:00","description":"Dia internacional contra a corrup\u00e7\u00e3o | Infocul.pt - Arquivo Digital","breadcrumb":{"@id":"https:\/\/infocul.pt\/arquivo\/actualidade\/dia-internacional-contra-a-corrupcao\/#breadcrumb"},"inLanguage":"pt-PT","potentialAction":[{"@type":"ReadAction","target":["https:\/\/infocul.pt\/arquivo\/actualidade\/dia-internacional-contra-a-corrupcao\/"]}]},{"@type":"ImageObject","inLanguage":"pt-PT","@id":"https:\/\/infocul.pt\/arquivo\/actualidade\/dia-internacional-contra-a-corrupcao\/#primaryimage","url":"https:\/\/infocul.pt\/arquivo\/wp-content\/uploads\/2020\/11\/IMG-20201124-WA0001.jpg","contentUrl":"https:\/\/infocul.pt\/arquivo\/wp-content\/uploads\/2020\/11\/IMG-20201124-WA0001.jpg","width":719,"height":720},{"@type":"BreadcrumbList","@id":"https:\/\/infocul.pt\/arquivo\/actualidade\/dia-internacional-contra-a-corrupcao\/#breadcrumb","itemListElement":[{"@type":"ListItem","position":1,"name":"Home","item":"https:\/\/infocul.pt\/arquivo\/"},{"@type":"ListItem","position":2,"name":"Dia internacional contra a corrup\u00e7\u00e3o"}]},{"@type":"WebSite","@id":"https:\/\/infocul.pt\/arquivo\/#website","url":"https:\/\/infocul.pt\/arquivo\/","name":"Infocul.pt - Arquivo Digital","description":"Arquivo digital da Infocul.pt","publisher":{"@id":"https:\/\/infocul.pt\/arquivo\/#organization"},"potentialAction":[{"@type":"SearchAction","target":{"@type":"EntryPoint","urlTemplate":"https:\/\/infocul.pt\/arquivo\/?s={search_term_string}"},"query-input":{"@type":"PropertyValueSpecification","valueRequired":true,"valueName":"search_term_string"}}],"inLanguage":"pt-PT"},{"@type":"Organization","@id":"https:\/\/infocul.pt\/arquivo\/#organization","name":"Infocul.pt","url":"https:\/\/infocul.pt\/arquivo\/","logo":{"@type":"ImageObject","inLanguage":"pt-PT","@id":"https:\/\/infocul.pt\/arquivo\/#\/schema\/logo\/image\/","url":"https:\/\/infocul.pt\/arquivo\/wp-content\/uploads\/2018\/12\/Infocul_logo-1.png","contentUrl":"https:\/\/infocul.pt\/arquivo\/wp-content\/uploads\/2018\/12\/Infocul_logo-1.png","width":800,"height":800,"caption":"Infocul.pt"},"image":{"@id":"https:\/\/infocul.pt\/arquivo\/#\/schema\/logo\/image\/"},"sameAs":["https:\/\/www.facebook.com\/Infocul-147816815585015\/","https:\/\/x.com\/Infoculpt","http:\/\/www.pictaram.com\/user\/infocul.pt\/2370423710","https:\/\/www.youtube.com\/channel\/UCYEB91AGI9FL9ek2i_IaQAA"]},{"@type":"Person","@id":"https:\/\/infocul.pt\/arquivo\/#\/schema\/person\/4beade26016b65b819446bf9c8a785f4","name":"Jos\u00e9 Coutinho","image":{"@type":"ImageObject","inLanguage":"pt-PT","@id":"https:\/\/secure.gravatar.com\/avatar\/46b2b09719b6e06fed15ca43e94f91c66553a7160ef56290f6e2aa7c93b1d9d4?s=96&d=mm&r=g","url":"https:\/\/secure.gravatar.com\/avatar\/46b2b09719b6e06fed15ca43e94f91c66553a7160ef56290f6e2aa7c93b1d9d4?s=96&d=mm&r=g","contentUrl":"https:\/\/secure.gravatar.com\/avatar\/46b2b09719b6e06fed15ca43e94f91c66553a7160ef56290f6e2aa7c93b1d9d4?s=96&d=mm&r=g","caption":"Jos\u00e9 Coutinho"}}]}},"_links":{"self":[{"href":"https:\/\/infocul.pt\/arquivo\/wp-json\/wp\/v2\/posts\/87862","targetHints":{"allow":["GET"]}}],"collection":[{"href":"https:\/\/infocul.pt\/arquivo\/wp-json\/wp\/v2\/posts"}],"about":[{"href":"https:\/\/infocul.pt\/arquivo\/wp-json\/wp\/v2\/types\/post"}],"author":[{"embeddable":true,"href":"https:\/\/infocul.pt\/arquivo\/wp-json\/wp\/v2\/users\/25"}],"replies":[{"embeddable":true,"href":"https:\/\/infocul.pt\/arquivo\/wp-json\/wp\/v2\/comments?post=87862"}],"version-history":[{"count":0,"href":"https:\/\/infocul.pt\/arquivo\/wp-json\/wp\/v2\/posts\/87862\/revisions"}],"wp:featuredmedia":[{"embeddable":true,"href":"https:\/\/infocul.pt\/arquivo\/wp-json\/wp\/v2\/media\/87004"}],"wp:attachment":[{"href":"https:\/\/infocul.pt\/arquivo\/wp-json\/wp\/v2\/media?parent=87862"}],"wp:term":[{"taxonomy":"category","embeddable":true,"href":"https:\/\/infocul.pt\/arquivo\/wp-json\/wp\/v2\/categories?post=87862"},{"taxonomy":"post_tag","embeddable":true,"href":"https:\/\/infocul.pt\/arquivo\/wp-json\/wp\/v2\/tags?post=87862"}],"curies":[{"name":"wp","href":"https:\/\/api.w.org\/{rel}","templated":true}]}}