{"id":88089,"date":"2020-12-15T22:07:38","date_gmt":"2020-12-15T22:07:38","guid":{"rendered":"https:\/\/infocul.pt\/?p=88089"},"modified":"2020-12-15T22:07:38","modified_gmt":"2020-12-15T22:07:38","slug":"sara-barros-leitao-vence-a-1a-edicao-do-premio-revelacao-ageas-teatro-nacional-d-maria-ii","status":"publish","type":"post","link":"https:\/\/infocul.pt\/arquivo\/cultura\/sara-barros-leitao-vence-a-1a-edicao-do-premio-revelacao-ageas-teatro-nacional-d-maria-ii\/","title":{"rendered":"Sara Barros Leit\u00e3o vence a 1\u00aa edi\u00e7\u00e3o do Pr\u00e9mio Revela\u00e7\u00e3o Ageas Teatro Nacional D. Maria II"},"content":{"rendered":"<p><img decoding=\"async\" class=\"aligncenter wp-image-88090 size-large lazyload\" data-src=\"https:\/\/infocul.pt\/arquivo\/wp-content\/uploads\/2020\/12\/Sara-Barros-Leitao_\u00a9Filipe-Ferreira-1024x683.jpg\" alt=\"\" width=\"800\" height=\"534\" data-srcset=\"https:\/\/infocul.pt\/arquivo\/wp-content\/uploads\/2020\/12\/Sara-Barros-Leitao_\u00a9Filipe-Ferreira.jpg 1024w, https:\/\/infocul.pt\/arquivo\/wp-content\/uploads\/2020\/12\/Sara-Barros-Leitao_\u00a9Filipe-Ferreira-300x200.jpg 300w, https:\/\/infocul.pt\/arquivo\/wp-content\/uploads\/2020\/12\/Sara-Barros-Leitao_\u00a9Filipe-Ferreira-768x512.jpg 768w, https:\/\/infocul.pt\/arquivo\/wp-content\/uploads\/2020\/12\/Sara-Barros-Leitao_\u00a9Filipe-Ferreira-1536x1024.jpg 1536w, https:\/\/infocul.pt\/arquivo\/wp-content\/uploads\/2020\/12\/Sara-Barros-Leitao_\u00a9Filipe-Ferreira-2048x1365.jpg 2048w\" data-sizes=\"(max-width: 800px) 100vw, 800px\" src=\"data:image\/svg+xml;base64,PHN2ZyB3aWR0aD0iMSIgaGVpZ2h0PSIxIiB4bWxucz0iaHR0cDovL3d3dy53My5vcmcvMjAwMC9zdmciPjwvc3ZnPg==\" style=\"--smush-placeholder-width: 800px; --smush-placeholder-aspect-ratio: 800\/534;\" \/><\/p>\n<p>A atriz Sara Barros Leit\u00e3o \u00e9 a vencedora da 1\u00aa edi\u00e7\u00e3o do Pr\u00e9mio Revela\u00e7\u00e3o Ageas Teatro Nacional D. Maria II, um galard\u00e3o de car\u00e1ter anual que pretende reconhecer e promover os talentos emergentes no panorama teatral.<!--more--><\/p>\n<p>&nbsp;<\/p>\n<p>Eleita por um j\u00fari composto por quinze profissionais representativos de diversas \u00e1reas associadas ao meio art\u00edstico e cultural portugu\u00eas, Sara Barros Leit\u00e3o recebeu este Pr\u00e9mio hoje, numa cerim\u00f3nia que decorreu na Sala Garrett do Teatro Nacional D. Maria II e que contou com a presen\u00e7a da Ministra da Cultura, Gra\u00e7a Fonseca, de representantes do Teatro Nacional D. Maria II e do Grupo Ageas Portugal &#8211; entidades respons\u00e1veis pela atribui\u00e7\u00e3o do Pr\u00e9mio, e de v\u00e1rios elementos do j\u00fari.<\/p>\n<p>&nbsp;<\/p>\n<p>Sara Barros Leit\u00e3o nasceu no Porto em 1990 e tem desenvolvido um percurso em teatro, cinema e televis\u00e3o, trabalhando como atriz, criadora, encenadora, assistente de encena\u00e7\u00e3o e dramaturga. Ao longo do seu percurso teatral, tem vindo a colaborar com companhias e teatros como o Teatro Experimental do Porto, o Teatro Municipal do Porto &#8211; Rivoli, o Teatro Nacional D. Maria II, o Teatro Nacional S\u00e3o Jo\u00e3o ou o Teatro do Vestido. Assume-se ainda como feminista e ativista por todas as desigualdades ou injusti\u00e7as.<\/p>\n<p>&nbsp;<\/p>\n<p>Segundo Carlos Avilez, Presidente do j\u00fari, \u201c<em><strong>A grande qualidade art\u00edstica de Sara Barros Leit\u00e3o e a coer\u00eancia em todas as suas atitudes, fazem dela a vencedora da 1\u00aa edi\u00e7\u00e3o do Pr\u00e9mio Revela\u00e7\u00e3o Ageas Teatro Nacional D. Maria II e s\u00e3o motivo de orgulho para todos n\u00f3s. Sara Barros Leit\u00e3o \u00e9 uma artista que j\u00e1 provou e continuar\u00e1 a provar tudo aquilo que dela se espera. Parab\u00e9ns, Sara.<\/strong><\/em>\u201d<\/p>\n<p>&nbsp;<\/p>\n<p>\u201c<em><strong>Obrigada \u00e0 Ageas, ao Teatro Nacional D. Maria II e, em especial, a todos os artistas e trabalhadores que constitu\u00edram o j\u00fari deste Pr\u00e9mio e que me escolheram para o receber. 2019 foi um ano que me trouxe desafios, mas tamb\u00e9m o ano em que senti que mais cresci. Agrade\u00e7o tamb\u00e9m por isso, a todas as pessoas que foram conversando comigo sobre teatro, vendo espet\u00e1culos, exposi\u00e7\u00f5es e discutindo pol\u00edtica e pol\u00edticas culturais. Acho que sou todas essas conversas\u201d, referiu Sara Barros Leit\u00e3o. \u201cEste Pr\u00e9mio ser\u00e1 totalmente investido num projeto a desenvolver durante o ano de 2021, atrav\u00e9s da minha estrutura de cria\u00e7\u00e3o \u2013 Cassandra -, chamado Heroides, Clube do Livro Feminista.<\/strong><\/em>\u201d, acrescentou.<\/p>\n<p>&nbsp;<\/p>\n<p>O Pr\u00e9mio Revela\u00e7\u00e3o Ageas Teatro Nacional D. Maria II tem um valor pecuni\u00e1rio de 5.000\u20ac e \u00e9 atribu\u00eddo anualmente a um profissional de teatro, que tenha at\u00e9 30 anos de idade, e cujo trabalho art\u00edstico se tenha destacado no ano anterior \u00e0 atribui\u00e7\u00e3o do Pr\u00e9mio.<\/p>\n<p>&nbsp;<\/p>\n<p>O j\u00fari do Pr\u00e9mio Revela\u00e7\u00e3o Ageas Teatro Nacional D. Maria II 2020 foi constitu\u00eddo por Albano Jer\u00f3nimo, \u00c1lvaro Correia, Beatriz Batarda, Carlos Avilez, Catarina Barros, Cristina Carvalhal, In\u00eas Barahona, John Rom\u00e3o, Jos\u00e9 Ant\u00f3nio Tenente, Marta Carreiras, M\u00f3nica Garnel, Nuno Cardoso, Rui Horta, Rui Pina Coelho e T\u00f3nan Quito.<\/p>\n<p>&nbsp;<\/p>\n<p>\u201c<em><strong>A atribui\u00e7\u00e3o de um Pr\u00e9mio anual, em parceria com o Grupo Ageas Portugal, \u00e9 de extrema import\u00e2ncia para o Teatro Nacional D. Maria II. Pretendemos, com este Pr\u00e9mio Revela\u00e7\u00e3o, dar continuidade \u00e0 nossa miss\u00e3o de promo\u00e7\u00e3o da cria\u00e7\u00e3o teatral, valorizando o trabalho de jovens artistas, atrav\u00e9s de um galard\u00e3o que \u00e9 atribu\u00eddo por um j\u00fari isento, composto por individualidades de diversas \u00e1reas associadas \u00e0s artes performativas.<\/strong><\/em>\u201d, refere Cl\u00e1udia Belchior, Presidente do Conselho de Administra\u00e7\u00e3o do Teatro Nacional D. Maria II.<\/p>\n<p>&nbsp;<\/p>\n<p>\u201c<em><strong>Este Pr\u00e9mio, fruto da parceria do Grupo Ageas Portugal com o Teatro Nacional D. Maria II, \u00e9 o reconhecimento de um talento emergente e a motiva\u00e7\u00e3o para que outros jovens artistas continuem a desenvolver o seu percurso nesta \u00e1rea. Mas \u00e9 tamb\u00e9m a representa\u00e7\u00e3o daquilo que temos vindo a fazer e o que queremos para os pr\u00f3ximos anos: o apoio \u00e0 Cultura, aos artistas, e a Portugal. Tamb\u00e9m aqui queremos marcar a diferen\u00e7a<\/strong><\/em>.\u201d, acrescenta Teresa Th\u00f6be, Respons\u00e1vel de Parcerias e Marca do Grupo Ageas Portugal.<\/p>\n<p>&nbsp;<\/p>\n<p>Na avalia\u00e7\u00e3o dos artistas selecionados para o Pr\u00e9mio Revela\u00e7\u00e3o Ageas Teatro Nacional D. Maria II, s\u00e3o tidos em conta os seguintes crit\u00e9rios:<\/p>\n<p>&#8211; Qualidade da sua presta\u00e7\u00e3o art\u00edstica no ano a que se refere o pr\u00e9mio;<\/p>\n<p>&#8211; Contributo da sua presta\u00e7\u00e3o art\u00edstica para o desenvolvimento e fortalecimento da \u00e1rea teatral;<\/p>\n<p>&#8211; Capacidade de crescimento e valoriza\u00e7\u00e3o da sua carreira, nacional e internacionalmente;<\/p>\n<p>Introdu\u00e7\u00e3o de elementos de inova\u00e7\u00e3o ou diferencia\u00e7\u00e3o na sua pr\u00e1tica profissional.<\/p>\n<p>O Pr\u00e9mio Revela\u00e7\u00e3o Ageas Teatro Nacional D. Maria II resulta de uma parceria entre o Teatro Nacional D. Maria II e o Grupo Ageas Portugal, e pretende ser um incentivo ao desenvolvimento do trabalho art\u00edstico no \u00e2mbito teatral.<\/p>\n","protected":false},"excerpt":{"rendered":"<p>A atriz Sara Barros Leit\u00e3o \u00e9 a vencedora da 1\u00aa edi\u00e7\u00e3o do Pr\u00e9mio Revela\u00e7\u00e3o Ageas Teatro Nacional D. Maria II, um galard\u00e3o de car\u00e1ter anual que pretende reconhecer e promover os talentos emergentes no panorama teatral.<\/p>\n","protected":false},"author":13,"featured_media":88090,"comment_status":"open","ping_status":"closed","sticky":false,"template":"","format":"standard","meta":{"footnotes":""},"categories":[2,5],"tags":[10335],"class_list":["post-88089","post","type-post","status-publish","format-standard","has-post-thumbnail","hentry","category-cultura","category-teatro","tag-sara-barros-leitao"],"yoast_head":"<!-- This site is optimized with the Yoast SEO plugin v27.4 - https:\/\/yoast.com\/product\/yoast-seo-wordpress\/ -->\n<title>Sara Barros Leit\u00e3o vence a 1\u00aa edi\u00e7\u00e3o do Pr\u00e9mio Revela\u00e7\u00e3o Ageas Teatro Nacional D. Maria II | Infocul.pt - Arquivo Digital<\/title>\n<meta name=\"description\" content=\"Sara Barros Leit\u00e3o vence a 1\u00aa edi\u00e7\u00e3o do Pr\u00e9mio Revela\u00e7\u00e3o Ageas Teatro Nacional D. Maria II | Infocul.pt - Arquivo Digital\" \/>\n<meta name=\"robots\" content=\"noindex, follow, max-snippet:-1, max-image-preview:large, max-video-preview:-1\" \/>\n<meta property=\"og:locale\" content=\"pt_PT\" \/>\n<meta property=\"og:type\" content=\"article\" \/>\n<meta property=\"og:title\" content=\"Sara Barros Leit\u00e3o vence a 1\u00aa edi\u00e7\u00e3o do Pr\u00e9mio Revela\u00e7\u00e3o Ageas Teatro Nacional D. Maria II | Infocul.pt - Arquivo Digital\" \/>\n<meta property=\"og:description\" content=\"Sara Barros Leit\u00e3o vence a 1\u00aa edi\u00e7\u00e3o do Pr\u00e9mio Revela\u00e7\u00e3o Ageas Teatro Nacional D. Maria II | Infocul.pt - Arquivo Digital\" \/>\n<meta property=\"og:url\" content=\"https:\/\/infocul.pt\/arquivo\/cultura\/sara-barros-leitao-vence-a-1a-edicao-do-premio-revelacao-ageas-teatro-nacional-d-maria-ii\/\" \/>\n<meta property=\"og:site_name\" content=\"Infocul.pt - Arquivo Digital\" \/>\n<meta property=\"article:publisher\" content=\"https:\/\/www.facebook.com\/Infocul-147816815585015\/\" \/>\n<meta property=\"article:published_time\" content=\"2020-12-15T22:07:38+00:00\" \/>\n<meta property=\"og:image\" content=\"https:\/\/infocul.pt\/arquivo\/wp-content\/uploads\/2020\/12\/Sara-Barros-Leitao_\u00a9Filipe-Ferreira.jpg\" \/>\n\t<meta property=\"og:image:width\" content=\"1024\" \/>\n\t<meta property=\"og:image:height\" content=\"683\" \/>\n\t<meta property=\"og:image:type\" content=\"image\/jpeg\" \/>\n<meta name=\"author\" content=\"Redac\u00e7\u00e3o\" \/>\n<meta name=\"twitter:card\" content=\"summary_large_image\" \/>\n<meta name=\"twitter:creator\" content=\"@Infoculpt\" \/>\n<meta name=\"twitter:site\" content=\"@Infoculpt\" \/>\n<meta name=\"twitter:label1\" content=\"Escrito por\" \/>\n\t<meta name=\"twitter:data1\" content=\"Redac\u00e7\u00e3o\" \/>\n\t<meta name=\"twitter:label2\" content=\"Tempo estimado de leitura\" \/>\n\t<meta name=\"twitter:data2\" content=\"4 minutos\" \/>\n<script type=\"application\/ld+json\" class=\"yoast-schema-graph\">{\"@context\":\"https:\\\/\\\/schema.org\",\"@graph\":[{\"@type\":\"Article\",\"@id\":\"https:\\\/\\\/infocul.pt\\\/arquivo\\\/cultura\\\/sara-barros-leitao-vence-a-1a-edicao-do-premio-revelacao-ageas-teatro-nacional-d-maria-ii\\\/#article\",\"isPartOf\":{\"@id\":\"https:\\\/\\\/infocul.pt\\\/arquivo\\\/cultura\\\/sara-barros-leitao-vence-a-1a-edicao-do-premio-revelacao-ageas-teatro-nacional-d-maria-ii\\\/\"},\"author\":{\"name\":\"Redac\u00e7\u00e3o\",\"@id\":\"https:\\\/\\\/infocul.pt\\\/arquivo\\\/#\\\/schema\\\/person\\\/f243f45ae8d67639120a7586884f3abc\"},\"headline\":\"Sara Barros Leit\u00e3o vence a 1\u00aa edi\u00e7\u00e3o do Pr\u00e9mio Revela\u00e7\u00e3o Ageas Teatro Nacional D. Maria II\",\"datePublished\":\"2020-12-15T22:07:38+00:00\",\"mainEntityOfPage\":{\"@id\":\"https:\\\/\\\/infocul.pt\\\/arquivo\\\/cultura\\\/sara-barros-leitao-vence-a-1a-edicao-do-premio-revelacao-ageas-teatro-nacional-d-maria-ii\\\/\"},\"wordCount\":860,\"commentCount\":0,\"publisher\":{\"@id\":\"https:\\\/\\\/infocul.pt\\\/arquivo\\\/#organization\"},\"image\":{\"@id\":\"https:\\\/\\\/infocul.pt\\\/arquivo\\\/cultura\\\/sara-barros-leitao-vence-a-1a-edicao-do-premio-revelacao-ageas-teatro-nacional-d-maria-ii\\\/#primaryimage\"},\"thumbnailUrl\":\"https:\\\/\\\/infocul.pt\\\/arquivo\\\/wp-content\\\/uploads\\\/2020\\\/12\\\/Sara-Barros-Leitao_\u00a9Filipe-Ferreira.jpg\",\"keywords\":[\"Sara Barros Leit\u00e3o\"],\"articleSection\":[\"Cultura\",\"Teatro\"],\"inLanguage\":\"pt-PT\"},{\"@type\":\"WebPage\",\"@id\":\"https:\\\/\\\/infocul.pt\\\/arquivo\\\/cultura\\\/sara-barros-leitao-vence-a-1a-edicao-do-premio-revelacao-ageas-teatro-nacional-d-maria-ii\\\/\",\"url\":\"https:\\\/\\\/infocul.pt\\\/arquivo\\\/cultura\\\/sara-barros-leitao-vence-a-1a-edicao-do-premio-revelacao-ageas-teatro-nacional-d-maria-ii\\\/\",\"name\":\"Sara Barros Leit\u00e3o vence a 1\u00aa edi\u00e7\u00e3o do Pr\u00e9mio Revela\u00e7\u00e3o Ageas Teatro Nacional D. Maria II | Infocul.pt - Arquivo Digital\",\"isPartOf\":{\"@id\":\"https:\\\/\\\/infocul.pt\\\/arquivo\\\/#website\"},\"primaryImageOfPage\":{\"@id\":\"https:\\\/\\\/infocul.pt\\\/arquivo\\\/cultura\\\/sara-barros-leitao-vence-a-1a-edicao-do-premio-revelacao-ageas-teatro-nacional-d-maria-ii\\\/#primaryimage\"},\"image\":{\"@id\":\"https:\\\/\\\/infocul.pt\\\/arquivo\\\/cultura\\\/sara-barros-leitao-vence-a-1a-edicao-do-premio-revelacao-ageas-teatro-nacional-d-maria-ii\\\/#primaryimage\"},\"thumbnailUrl\":\"https:\\\/\\\/infocul.pt\\\/arquivo\\\/wp-content\\\/uploads\\\/2020\\\/12\\\/Sara-Barros-Leitao_\u00a9Filipe-Ferreira.jpg\",\"datePublished\":\"2020-12-15T22:07:38+00:00\",\"description\":\"Sara Barros Leit\u00e3o vence a 1\u00aa edi\u00e7\u00e3o do Pr\u00e9mio Revela\u00e7\u00e3o Ageas Teatro Nacional D. Maria II | Infocul.pt - Arquivo Digital\",\"breadcrumb\":{\"@id\":\"https:\\\/\\\/infocul.pt\\\/arquivo\\\/cultura\\\/sara-barros-leitao-vence-a-1a-edicao-do-premio-revelacao-ageas-teatro-nacional-d-maria-ii\\\/#breadcrumb\"},\"inLanguage\":\"pt-PT\",\"potentialAction\":[{\"@type\":\"ReadAction\",\"target\":[\"https:\\\/\\\/infocul.pt\\\/arquivo\\\/cultura\\\/sara-barros-leitao-vence-a-1a-edicao-do-premio-revelacao-ageas-teatro-nacional-d-maria-ii\\\/\"]}]},{\"@type\":\"ImageObject\",\"inLanguage\":\"pt-PT\",\"@id\":\"https:\\\/\\\/infocul.pt\\\/arquivo\\\/cultura\\\/sara-barros-leitao-vence-a-1a-edicao-do-premio-revelacao-ageas-teatro-nacional-d-maria-ii\\\/#primaryimage\",\"url\":\"https:\\\/\\\/infocul.pt\\\/arquivo\\\/wp-content\\\/uploads\\\/2020\\\/12\\\/Sara-Barros-Leitao_\u00a9Filipe-Ferreira.jpg\",\"contentUrl\":\"https:\\\/\\\/infocul.pt\\\/arquivo\\\/wp-content\\\/uploads\\\/2020\\\/12\\\/Sara-Barros-Leitao_\u00a9Filipe-Ferreira.jpg\",\"width\":1024,\"height\":683},{\"@type\":\"BreadcrumbList\",\"@id\":\"https:\\\/\\\/infocul.pt\\\/arquivo\\\/cultura\\\/sara-barros-leitao-vence-a-1a-edicao-do-premio-revelacao-ageas-teatro-nacional-d-maria-ii\\\/#breadcrumb\",\"itemListElement\":[{\"@type\":\"ListItem\",\"position\":1,\"name\":\"Home\",\"item\":\"https:\\\/\\\/infocul.pt\\\/arquivo\\\/\"},{\"@type\":\"ListItem\",\"position\":2,\"name\":\"Sara Barros Leit\u00e3o vence a 1\u00aa edi\u00e7\u00e3o do Pr\u00e9mio Revela\u00e7\u00e3o Ageas Teatro Nacional D. Maria II\"}]},{\"@type\":\"WebSite\",\"@id\":\"https:\\\/\\\/infocul.pt\\\/arquivo\\\/#website\",\"url\":\"https:\\\/\\\/infocul.pt\\\/arquivo\\\/\",\"name\":\"Infocul.pt - Arquivo Digital\",\"description\":\"Arquivo digital da Infocul.pt\",\"publisher\":{\"@id\":\"https:\\\/\\\/infocul.pt\\\/arquivo\\\/#organization\"},\"potentialAction\":[{\"@type\":\"SearchAction\",\"target\":{\"@type\":\"EntryPoint\",\"urlTemplate\":\"https:\\\/\\\/infocul.pt\\\/arquivo\\\/?s={search_term_string}\"},\"query-input\":{\"@type\":\"PropertyValueSpecification\",\"valueRequired\":true,\"valueName\":\"search_term_string\"}}],\"inLanguage\":\"pt-PT\"},{\"@type\":\"Organization\",\"@id\":\"https:\\\/\\\/infocul.pt\\\/arquivo\\\/#organization\",\"name\":\"Infocul.pt\",\"url\":\"https:\\\/\\\/infocul.pt\\\/arquivo\\\/\",\"logo\":{\"@type\":\"ImageObject\",\"inLanguage\":\"pt-PT\",\"@id\":\"https:\\\/\\\/infocul.pt\\\/arquivo\\\/#\\\/schema\\\/logo\\\/image\\\/\",\"url\":\"https:\\\/\\\/infocul.pt\\\/arquivo\\\/wp-content\\\/uploads\\\/2018\\\/12\\\/Infocul_logo-1.png\",\"contentUrl\":\"https:\\\/\\\/infocul.pt\\\/arquivo\\\/wp-content\\\/uploads\\\/2018\\\/12\\\/Infocul_logo-1.png\",\"width\":800,\"height\":800,\"caption\":\"Infocul.pt\"},\"image\":{\"@id\":\"https:\\\/\\\/infocul.pt\\\/arquivo\\\/#\\\/schema\\\/logo\\\/image\\\/\"},\"sameAs\":[\"https:\\\/\\\/www.facebook.com\\\/Infocul-147816815585015\\\/\",\"https:\\\/\\\/x.com\\\/Infoculpt\",\"http:\\\/\\\/www.pictaram.com\\\/user\\\/infocul.pt\\\/2370423710\",\"https:\\\/\\\/www.youtube.com\\\/channel\\\/UCYEB91AGI9FL9ek2i_IaQAA\"]},{\"@type\":\"Person\",\"@id\":\"https:\\\/\\\/infocul.pt\\\/arquivo\\\/#\\\/schema\\\/person\\\/f243f45ae8d67639120a7586884f3abc\",\"name\":\"Redac\u00e7\u00e3o\",\"image\":{\"@type\":\"ImageObject\",\"inLanguage\":\"pt-PT\",\"@id\":\"https:\\\/\\\/secure.gravatar.com\\\/avatar\\\/151b1b76c598ab5e749407223bd6c1bad4e41c4e95de3c3df83540ebee2deaf8?s=96&d=mm&r=g\",\"url\":\"https:\\\/\\\/secure.gravatar.com\\\/avatar\\\/151b1b76c598ab5e749407223bd6c1bad4e41c4e95de3c3df83540ebee2deaf8?s=96&d=mm&r=g\",\"contentUrl\":\"https:\\\/\\\/secure.gravatar.com\\\/avatar\\\/151b1b76c598ab5e749407223bd6c1bad4e41c4e95de3c3df83540ebee2deaf8?s=96&d=mm&r=g\",\"caption\":\"Redac\u00e7\u00e3o\"}}]}<\/script>\n<!-- \/ Yoast SEO plugin. -->","yoast_head_json":{"title":"Sara Barros Leit\u00e3o vence a 1\u00aa edi\u00e7\u00e3o do Pr\u00e9mio Revela\u00e7\u00e3o Ageas Teatro Nacional D. Maria II | Infocul.pt - Arquivo Digital","description":"Sara Barros Leit\u00e3o vence a 1\u00aa edi\u00e7\u00e3o do Pr\u00e9mio Revela\u00e7\u00e3o Ageas Teatro Nacional D. Maria II | Infocul.pt - Arquivo Digital","robots":{"index":"noindex","follow":"follow","max-snippet":"max-snippet:-1","max-image-preview":"max-image-preview:large","max-video-preview":"max-video-preview:-1"},"og_locale":"pt_PT","og_type":"article","og_title":"Sara Barros Leit\u00e3o vence a 1\u00aa edi\u00e7\u00e3o do Pr\u00e9mio Revela\u00e7\u00e3o Ageas Teatro Nacional D. Maria II | Infocul.pt - Arquivo Digital","og_description":"Sara Barros Leit\u00e3o vence a 1\u00aa edi\u00e7\u00e3o do Pr\u00e9mio Revela\u00e7\u00e3o Ageas Teatro Nacional D. Maria II | Infocul.pt - Arquivo Digital","og_url":"https:\/\/infocul.pt\/arquivo\/cultura\/sara-barros-leitao-vence-a-1a-edicao-do-premio-revelacao-ageas-teatro-nacional-d-maria-ii\/","og_site_name":"Infocul.pt - Arquivo Digital","article_publisher":"https:\/\/www.facebook.com\/Infocul-147816815585015\/","article_published_time":"2020-12-15T22:07:38+00:00","og_image":[{"width":1024,"height":683,"url":"https:\/\/infocul.pt\/arquivo\/wp-content\/uploads\/2020\/12\/Sara-Barros-Leitao_\u00a9Filipe-Ferreira.jpg","type":"image\/jpeg"}],"author":"Redac\u00e7\u00e3o","twitter_card":"summary_large_image","twitter_creator":"@Infoculpt","twitter_site":"@Infoculpt","twitter_misc":{"Escrito por":"Redac\u00e7\u00e3o","Tempo estimado de leitura":"4 minutos"},"schema":{"@context":"https:\/\/schema.org","@graph":[{"@type":"Article","@id":"https:\/\/infocul.pt\/arquivo\/cultura\/sara-barros-leitao-vence-a-1a-edicao-do-premio-revelacao-ageas-teatro-nacional-d-maria-ii\/#article","isPartOf":{"@id":"https:\/\/infocul.pt\/arquivo\/cultura\/sara-barros-leitao-vence-a-1a-edicao-do-premio-revelacao-ageas-teatro-nacional-d-maria-ii\/"},"author":{"name":"Redac\u00e7\u00e3o","@id":"https:\/\/infocul.pt\/arquivo\/#\/schema\/person\/f243f45ae8d67639120a7586884f3abc"},"headline":"Sara Barros Leit\u00e3o vence a 1\u00aa edi\u00e7\u00e3o do Pr\u00e9mio Revela\u00e7\u00e3o Ageas Teatro Nacional D. Maria II","datePublished":"2020-12-15T22:07:38+00:00","mainEntityOfPage":{"@id":"https:\/\/infocul.pt\/arquivo\/cultura\/sara-barros-leitao-vence-a-1a-edicao-do-premio-revelacao-ageas-teatro-nacional-d-maria-ii\/"},"wordCount":860,"commentCount":0,"publisher":{"@id":"https:\/\/infocul.pt\/arquivo\/#organization"},"image":{"@id":"https:\/\/infocul.pt\/arquivo\/cultura\/sara-barros-leitao-vence-a-1a-edicao-do-premio-revelacao-ageas-teatro-nacional-d-maria-ii\/#primaryimage"},"thumbnailUrl":"https:\/\/infocul.pt\/arquivo\/wp-content\/uploads\/2020\/12\/Sara-Barros-Leitao_\u00a9Filipe-Ferreira.jpg","keywords":["Sara Barros Leit\u00e3o"],"articleSection":["Cultura","Teatro"],"inLanguage":"pt-PT"},{"@type":"WebPage","@id":"https:\/\/infocul.pt\/arquivo\/cultura\/sara-barros-leitao-vence-a-1a-edicao-do-premio-revelacao-ageas-teatro-nacional-d-maria-ii\/","url":"https:\/\/infocul.pt\/arquivo\/cultura\/sara-barros-leitao-vence-a-1a-edicao-do-premio-revelacao-ageas-teatro-nacional-d-maria-ii\/","name":"Sara Barros Leit\u00e3o vence a 1\u00aa edi\u00e7\u00e3o do Pr\u00e9mio Revela\u00e7\u00e3o Ageas Teatro Nacional D. Maria II | Infocul.pt - Arquivo Digital","isPartOf":{"@id":"https:\/\/infocul.pt\/arquivo\/#website"},"primaryImageOfPage":{"@id":"https:\/\/infocul.pt\/arquivo\/cultura\/sara-barros-leitao-vence-a-1a-edicao-do-premio-revelacao-ageas-teatro-nacional-d-maria-ii\/#primaryimage"},"image":{"@id":"https:\/\/infocul.pt\/arquivo\/cultura\/sara-barros-leitao-vence-a-1a-edicao-do-premio-revelacao-ageas-teatro-nacional-d-maria-ii\/#primaryimage"},"thumbnailUrl":"https:\/\/infocul.pt\/arquivo\/wp-content\/uploads\/2020\/12\/Sara-Barros-Leitao_\u00a9Filipe-Ferreira.jpg","datePublished":"2020-12-15T22:07:38+00:00","description":"Sara Barros Leit\u00e3o vence a 1\u00aa edi\u00e7\u00e3o do Pr\u00e9mio Revela\u00e7\u00e3o Ageas Teatro Nacional D. Maria II | Infocul.pt - Arquivo Digital","breadcrumb":{"@id":"https:\/\/infocul.pt\/arquivo\/cultura\/sara-barros-leitao-vence-a-1a-edicao-do-premio-revelacao-ageas-teatro-nacional-d-maria-ii\/#breadcrumb"},"inLanguage":"pt-PT","potentialAction":[{"@type":"ReadAction","target":["https:\/\/infocul.pt\/arquivo\/cultura\/sara-barros-leitao-vence-a-1a-edicao-do-premio-revelacao-ageas-teatro-nacional-d-maria-ii\/"]}]},{"@type":"ImageObject","inLanguage":"pt-PT","@id":"https:\/\/infocul.pt\/arquivo\/cultura\/sara-barros-leitao-vence-a-1a-edicao-do-premio-revelacao-ageas-teatro-nacional-d-maria-ii\/#primaryimage","url":"https:\/\/infocul.pt\/arquivo\/wp-content\/uploads\/2020\/12\/Sara-Barros-Leitao_\u00a9Filipe-Ferreira.jpg","contentUrl":"https:\/\/infocul.pt\/arquivo\/wp-content\/uploads\/2020\/12\/Sara-Barros-Leitao_\u00a9Filipe-Ferreira.jpg","width":1024,"height":683},{"@type":"BreadcrumbList","@id":"https:\/\/infocul.pt\/arquivo\/cultura\/sara-barros-leitao-vence-a-1a-edicao-do-premio-revelacao-ageas-teatro-nacional-d-maria-ii\/#breadcrumb","itemListElement":[{"@type":"ListItem","position":1,"name":"Home","item":"https:\/\/infocul.pt\/arquivo\/"},{"@type":"ListItem","position":2,"name":"Sara Barros Leit\u00e3o vence a 1\u00aa edi\u00e7\u00e3o do Pr\u00e9mio Revela\u00e7\u00e3o Ageas Teatro Nacional D. Maria II"}]},{"@type":"WebSite","@id":"https:\/\/infocul.pt\/arquivo\/#website","url":"https:\/\/infocul.pt\/arquivo\/","name":"Infocul.pt - Arquivo Digital","description":"Arquivo digital da Infocul.pt","publisher":{"@id":"https:\/\/infocul.pt\/arquivo\/#organization"},"potentialAction":[{"@type":"SearchAction","target":{"@type":"EntryPoint","urlTemplate":"https:\/\/infocul.pt\/arquivo\/?s={search_term_string}"},"query-input":{"@type":"PropertyValueSpecification","valueRequired":true,"valueName":"search_term_string"}}],"inLanguage":"pt-PT"},{"@type":"Organization","@id":"https:\/\/infocul.pt\/arquivo\/#organization","name":"Infocul.pt","url":"https:\/\/infocul.pt\/arquivo\/","logo":{"@type":"ImageObject","inLanguage":"pt-PT","@id":"https:\/\/infocul.pt\/arquivo\/#\/schema\/logo\/image\/","url":"https:\/\/infocul.pt\/arquivo\/wp-content\/uploads\/2018\/12\/Infocul_logo-1.png","contentUrl":"https:\/\/infocul.pt\/arquivo\/wp-content\/uploads\/2018\/12\/Infocul_logo-1.png","width":800,"height":800,"caption":"Infocul.pt"},"image":{"@id":"https:\/\/infocul.pt\/arquivo\/#\/schema\/logo\/image\/"},"sameAs":["https:\/\/www.facebook.com\/Infocul-147816815585015\/","https:\/\/x.com\/Infoculpt","http:\/\/www.pictaram.com\/user\/infocul.pt\/2370423710","https:\/\/www.youtube.com\/channel\/UCYEB91AGI9FL9ek2i_IaQAA"]},{"@type":"Person","@id":"https:\/\/infocul.pt\/arquivo\/#\/schema\/person\/f243f45ae8d67639120a7586884f3abc","name":"Redac\u00e7\u00e3o","image":{"@type":"ImageObject","inLanguage":"pt-PT","@id":"https:\/\/secure.gravatar.com\/avatar\/151b1b76c598ab5e749407223bd6c1bad4e41c4e95de3c3df83540ebee2deaf8?s=96&d=mm&r=g","url":"https:\/\/secure.gravatar.com\/avatar\/151b1b76c598ab5e749407223bd6c1bad4e41c4e95de3c3df83540ebee2deaf8?s=96&d=mm&r=g","contentUrl":"https:\/\/secure.gravatar.com\/avatar\/151b1b76c598ab5e749407223bd6c1bad4e41c4e95de3c3df83540ebee2deaf8?s=96&d=mm&r=g","caption":"Redac\u00e7\u00e3o"}}]}},"_links":{"self":[{"href":"https:\/\/infocul.pt\/arquivo\/wp-json\/wp\/v2\/posts\/88089","targetHints":{"allow":["GET"]}}],"collection":[{"href":"https:\/\/infocul.pt\/arquivo\/wp-json\/wp\/v2\/posts"}],"about":[{"href":"https:\/\/infocul.pt\/arquivo\/wp-json\/wp\/v2\/types\/post"}],"author":[{"embeddable":true,"href":"https:\/\/infocul.pt\/arquivo\/wp-json\/wp\/v2\/users\/13"}],"replies":[{"embeddable":true,"href":"https:\/\/infocul.pt\/arquivo\/wp-json\/wp\/v2\/comments?post=88089"}],"version-history":[{"count":0,"href":"https:\/\/infocul.pt\/arquivo\/wp-json\/wp\/v2\/posts\/88089\/revisions"}],"wp:featuredmedia":[{"embeddable":true,"href":"https:\/\/infocul.pt\/arquivo\/wp-json\/wp\/v2\/media\/88090"}],"wp:attachment":[{"href":"https:\/\/infocul.pt\/arquivo\/wp-json\/wp\/v2\/media?parent=88089"}],"wp:term":[{"taxonomy":"category","embeddable":true,"href":"https:\/\/infocul.pt\/arquivo\/wp-json\/wp\/v2\/categories?post=88089"},{"taxonomy":"post_tag","embeddable":true,"href":"https:\/\/infocul.pt\/arquivo\/wp-json\/wp\/v2\/tags?post=88089"}],"curies":[{"name":"wp","href":"https:\/\/api.w.org\/{rel}","templated":true}]}}