{"id":88106,"date":"2020-12-16T10:03:21","date_gmt":"2020-12-16T10:03:21","guid":{"rendered":"https:\/\/infocul.pt\/?p=88106"},"modified":"2020-12-16T10:03:21","modified_gmt":"2020-12-16T10:03:21","slug":"covid-19-associacao-de-produtores-de-vinhos-contesta-proibicao-de-venda-de-bebidas-alcoolicas-apos-as-20h","status":"publish","type":"post","link":"https:\/\/infocul.pt\/arquivo\/actualidade\/covid-19-associacao-de-produtores-de-vinhos-contesta-proibicao-de-venda-de-bebidas-alcoolicas-apos-as-20h\/","title":{"rendered":"COVID-19: Associa\u00e7\u00e3o de produtores de vinhos contesta proibi\u00e7\u00e3o de venda de bebidas alco\u00f3licas ap\u00f3s as 20h"},"content":{"rendered":"<p><img decoding=\"async\" class=\"aligncenter wp-image-88107 size-full lazyload\" data-src=\"https:\/\/infocul.pt\/arquivo\/wp-content\/uploads\/2020\/12\/anceve.jpg\" alt=\"\" width=\"200\" height=\"149\" src=\"data:image\/svg+xml;base64,PHN2ZyB3aWR0aD0iMSIgaGVpZ2h0PSIxIiB4bWxucz0iaHR0cDovL3d3dy53My5vcmcvMjAwMC9zdmciPjwvc3ZnPg==\" style=\"--smush-placeholder-width: 200px; --smush-placeholder-aspect-ratio: 200\/149;\" \/><\/p>\n<p>A ANCEVE \u2013 Associa\u00e7\u00e3o Nacional dos Comerciantes e Exportadores de Vinhos e Bebidas Espirituosas emitiu um comunicado, atrav\u00e9s do qual se monstra contra a norma imposta pelo governo e que pro\u00edbe a venda de bebidas alco\u00f3licas ap\u00f3s as 20:00.<!--more--><\/p>\n<p>Abaixo transcrevemos o comunicado na \u00edntegra:<\/p>\n<p>&#8220;<strong>A ANCEVE \u2013 Associa\u00e7\u00e3o Nacional dos Comerciantes e Exportadores de Vinhos e Bebidas Espirituosas \u00e9 uma Associa\u00e7\u00e3o empresarial do sector dos vinhos, incluindo mais de uma centena de empresas de todo o Pa\u00eds.<\/strong><\/p>\n<p><strong>Associa\u00e7\u00e3o de produtores de vinhos contesta proibi\u00e7\u00e3o de venda de bebidas alco\u00f3licas ap\u00f3s as 20h<\/strong><\/p>\n<p><strong>Desde Setembro passado que o Governo alargou a todo o Pa\u00eds a proibi\u00e7\u00e3o de venda de bebidas alco\u00f3licas ap\u00f3s as 20h, nos estabelecimentos de com\u00e9rcio a retalho, incluindo supermercados e hipermercados.<\/strong><\/p>\n<p><strong>Esta medida est\u00e1 a causar um enorme preju\u00edzo ao sector vitivin\u00edcola, uma fileira que impulsiona a economia nacional e contribui para a manuten\u00e7\u00e3o das comunidades rurais e ordenamento do territ\u00f3rio, para al\u00e9m de levar bem longe o nome de Portugal.<\/strong><\/p>\n<p><strong>Os produtores mais pequenos de vinhos, que estruturam o grosso do tecido empresarial vitivin\u00edcola, dependem em absoluto das vendas para os restaurantes e as garrafeiras especializadas. Est\u00e3o sem ch\u00e3o desde Mar\u00e7o.<\/strong><\/p>\n<p><strong>Os produtores m\u00e9dios e grandes, que tamb\u00e9m vendem para a distribui\u00e7\u00e3o moderna, tinham conseguido, at\u00e9 Setembro, equilibrar a factura\u00e7\u00e3o com os supermercados e hipermercados (embora sacrificando substancialmente as suas margens), mas a proibi\u00e7\u00e3o de venda de bebidas alco\u00f3licas ap\u00f3s as 20h constitu\u00edu uma machadada brutal na sua actividade.<\/strong><\/p>\n<p><strong>Apesar de continuarem a apostar na exporta\u00e7\u00e3o (da qual n\u00e3o desistiram, malgrado as enormes dificuldades trazidas pela pandemia), essas empresas dependem muito do mercado nacional e as quebras causadas pela proibi\u00e7\u00e3o de venda de bebidas alco\u00f3licas ap\u00f3s as 20h vieram afectar dramaticamente as suas tesourarias e a capacidade de honrarem os seus compromissos com os trabalhadores, o Estado e os fornecedores.<\/strong><\/p>\n<p><strong>A proibi\u00e7\u00e3o de venda de bebidas alco\u00f3licas ap\u00f3s as 20h prejudica indubitavelmente os consumidores, que desejam efectuar as suas compras no hor\u00e1rio p\u00f3s-laboral.<\/strong><\/p>\n<p><strong>\u00c9 uma medida discriminat\u00f3ria, que deveria ser revista de imediato, pois n\u00e3o faz qualquer sentido, no momento actual.<\/strong><\/p>\n<p><strong>\u00c9 uma medida que afecta muito negativamente um produto nacional como o vinho, que \u00e9 parte integrante da vida e cultura portuguesas<\/strong>&#8220;.<\/p>\n","protected":false},"excerpt":{"rendered":"<p>A ANCEVE \u2013 Associa\u00e7\u00e3o Nacional dos Comerciantes e Exportadores de Vinhos e Bebidas Espirituosas emitiu um comunicado, atrav\u00e9s do qual se monstra contra a norma imposta pelo governo e que pro\u00edbe a venda de bebidas alco\u00f3licas ap\u00f3s as 20:00.<\/p>\n","protected":false},"author":13,"featured_media":88107,"comment_status":"open","ping_status":"closed","sticky":false,"template":"","format":"standard","meta":{"footnotes":""},"categories":[10,11,16,13],"tags":[],"class_list":["post-88106","post","type-post","status-publish","format-standard","has-post-thumbnail","hentry","category-actualidade","category-pais","category-politica","category-turismo"],"yoast_head":"<!-- This site is optimized with the Yoast SEO plugin v27.4 - https:\/\/yoast.com\/product\/yoast-seo-wordpress\/ -->\n<title>COVID-19: Associa\u00e7\u00e3o de produtores de vinhos contesta proibi\u00e7\u00e3o de venda de bebidas alco\u00f3licas ap\u00f3s as 20h | Infocul.pt - Arquivo Digital<\/title>\n<meta name=\"description\" content=\"COVID-19: Associa\u00e7\u00e3o de produtores de vinhos contesta proibi\u00e7\u00e3o de venda de bebidas alco\u00f3licas ap\u00f3s as 20h | Infocul.pt - Arquivo Digital\" \/>\n<meta name=\"robots\" content=\"noindex, follow, max-snippet:-1, max-image-preview:large, max-video-preview:-1\" \/>\n<meta property=\"og:locale\" content=\"pt_PT\" \/>\n<meta property=\"og:type\" content=\"article\" \/>\n<meta property=\"og:title\" content=\"COVID-19: Associa\u00e7\u00e3o de produtores de vinhos contesta proibi\u00e7\u00e3o de venda de bebidas alco\u00f3licas ap\u00f3s as 20h | Infocul.pt - Arquivo Digital\" \/>\n<meta property=\"og:description\" content=\"COVID-19: Associa\u00e7\u00e3o de produtores de vinhos contesta proibi\u00e7\u00e3o de venda de bebidas alco\u00f3licas ap\u00f3s as 20h | Infocul.pt - Arquivo Digital\" \/>\n<meta property=\"og:url\" content=\"https:\/\/infocul.pt\/arquivo\/actualidade\/covid-19-associacao-de-produtores-de-vinhos-contesta-proibicao-de-venda-de-bebidas-alcoolicas-apos-as-20h\/\" \/>\n<meta property=\"og:site_name\" content=\"Infocul.pt - Arquivo Digital\" \/>\n<meta property=\"article:publisher\" content=\"https:\/\/www.facebook.com\/Infocul-147816815585015\/\" \/>\n<meta property=\"article:published_time\" content=\"2020-12-16T10:03:21+00:00\" \/>\n<meta property=\"og:image\" content=\"https:\/\/infocul.pt\/arquivo\/wp-content\/uploads\/2020\/12\/anceve-e1608112935335.jpg\" \/>\n\t<meta property=\"og:image:width\" content=\"200\" \/>\n\t<meta property=\"og:image:height\" content=\"149\" \/>\n\t<meta property=\"og:image:type\" content=\"image\/jpeg\" \/>\n<meta name=\"author\" content=\"Redac\u00e7\u00e3o\" \/>\n<meta name=\"twitter:card\" content=\"summary_large_image\" \/>\n<meta name=\"twitter:creator\" content=\"@Infoculpt\" \/>\n<meta name=\"twitter:site\" content=\"@Infoculpt\" \/>\n<meta name=\"twitter:label1\" content=\"Escrito por\" \/>\n\t<meta name=\"twitter:data1\" content=\"Redac\u00e7\u00e3o\" \/>\n\t<meta name=\"twitter:label2\" content=\"Tempo estimado de leitura\" \/>\n\t<meta name=\"twitter:data2\" content=\"2 minutos\" \/>\n<script type=\"application\/ld+json\" class=\"yoast-schema-graph\">{\"@context\":\"https:\\\/\\\/schema.org\",\"@graph\":[{\"@type\":\"Article\",\"@id\":\"https:\\\/\\\/infocul.pt\\\/arquivo\\\/actualidade\\\/covid-19-associacao-de-produtores-de-vinhos-contesta-proibicao-de-venda-de-bebidas-alcoolicas-apos-as-20h\\\/#article\",\"isPartOf\":{\"@id\":\"https:\\\/\\\/infocul.pt\\\/arquivo\\\/actualidade\\\/covid-19-associacao-de-produtores-de-vinhos-contesta-proibicao-de-venda-de-bebidas-alcoolicas-apos-as-20h\\\/\"},\"author\":{\"name\":\"Redac\u00e7\u00e3o\",\"@id\":\"https:\\\/\\\/infocul.pt\\\/arquivo\\\/#\\\/schema\\\/person\\\/f243f45ae8d67639120a7586884f3abc\"},\"headline\":\"COVID-19: Associa\u00e7\u00e3o de produtores de vinhos contesta proibi\u00e7\u00e3o de venda de bebidas alco\u00f3licas ap\u00f3s as 20h\",\"datePublished\":\"2020-12-16T10:03:21+00:00\",\"mainEntityOfPage\":{\"@id\":\"https:\\\/\\\/infocul.pt\\\/arquivo\\\/actualidade\\\/covid-19-associacao-de-produtores-de-vinhos-contesta-proibicao-de-venda-de-bebidas-alcoolicas-apos-as-20h\\\/\"},\"wordCount\":426,\"commentCount\":0,\"publisher\":{\"@id\":\"https:\\\/\\\/infocul.pt\\\/arquivo\\\/#organization\"},\"image\":{\"@id\":\"https:\\\/\\\/infocul.pt\\\/arquivo\\\/actualidade\\\/covid-19-associacao-de-produtores-de-vinhos-contesta-proibicao-de-venda-de-bebidas-alcoolicas-apos-as-20h\\\/#primaryimage\"},\"thumbnailUrl\":\"https:\\\/\\\/infocul.pt\\\/arquivo\\\/wp-content\\\/uploads\\\/2020\\\/12\\\/anceve-e1608112935335.jpg\",\"articleSection\":[\"Actualidade\",\"Pa\u00eds\",\"Politica\",\"Turismo\"],\"inLanguage\":\"pt-PT\"},{\"@type\":\"WebPage\",\"@id\":\"https:\\\/\\\/infocul.pt\\\/arquivo\\\/actualidade\\\/covid-19-associacao-de-produtores-de-vinhos-contesta-proibicao-de-venda-de-bebidas-alcoolicas-apos-as-20h\\\/\",\"url\":\"https:\\\/\\\/infocul.pt\\\/arquivo\\\/actualidade\\\/covid-19-associacao-de-produtores-de-vinhos-contesta-proibicao-de-venda-de-bebidas-alcoolicas-apos-as-20h\\\/\",\"name\":\"COVID-19: Associa\u00e7\u00e3o de produtores de vinhos contesta proibi\u00e7\u00e3o de venda de bebidas alco\u00f3licas ap\u00f3s as 20h | Infocul.pt - Arquivo Digital\",\"isPartOf\":{\"@id\":\"https:\\\/\\\/infocul.pt\\\/arquivo\\\/#website\"},\"primaryImageOfPage\":{\"@id\":\"https:\\\/\\\/infocul.pt\\\/arquivo\\\/actualidade\\\/covid-19-associacao-de-produtores-de-vinhos-contesta-proibicao-de-venda-de-bebidas-alcoolicas-apos-as-20h\\\/#primaryimage\"},\"image\":{\"@id\":\"https:\\\/\\\/infocul.pt\\\/arquivo\\\/actualidade\\\/covid-19-associacao-de-produtores-de-vinhos-contesta-proibicao-de-venda-de-bebidas-alcoolicas-apos-as-20h\\\/#primaryimage\"},\"thumbnailUrl\":\"https:\\\/\\\/infocul.pt\\\/arquivo\\\/wp-content\\\/uploads\\\/2020\\\/12\\\/anceve-e1608112935335.jpg\",\"datePublished\":\"2020-12-16T10:03:21+00:00\",\"description\":\"COVID-19: Associa\u00e7\u00e3o de produtores de vinhos contesta proibi\u00e7\u00e3o de venda de bebidas alco\u00f3licas ap\u00f3s as 20h | Infocul.pt - Arquivo Digital\",\"breadcrumb\":{\"@id\":\"https:\\\/\\\/infocul.pt\\\/arquivo\\\/actualidade\\\/covid-19-associacao-de-produtores-de-vinhos-contesta-proibicao-de-venda-de-bebidas-alcoolicas-apos-as-20h\\\/#breadcrumb\"},\"inLanguage\":\"pt-PT\",\"potentialAction\":[{\"@type\":\"ReadAction\",\"target\":[\"https:\\\/\\\/infocul.pt\\\/arquivo\\\/actualidade\\\/covid-19-associacao-de-produtores-de-vinhos-contesta-proibicao-de-venda-de-bebidas-alcoolicas-apos-as-20h\\\/\"]}]},{\"@type\":\"ImageObject\",\"inLanguage\":\"pt-PT\",\"@id\":\"https:\\\/\\\/infocul.pt\\\/arquivo\\\/actualidade\\\/covid-19-associacao-de-produtores-de-vinhos-contesta-proibicao-de-venda-de-bebidas-alcoolicas-apos-as-20h\\\/#primaryimage\",\"url\":\"https:\\\/\\\/infocul.pt\\\/arquivo\\\/wp-content\\\/uploads\\\/2020\\\/12\\\/anceve-e1608112935335.jpg\",\"contentUrl\":\"https:\\\/\\\/infocul.pt\\\/arquivo\\\/wp-content\\\/uploads\\\/2020\\\/12\\\/anceve-e1608112935335.jpg\",\"width\":200,\"height\":149},{\"@type\":\"BreadcrumbList\",\"@id\":\"https:\\\/\\\/infocul.pt\\\/arquivo\\\/actualidade\\\/covid-19-associacao-de-produtores-de-vinhos-contesta-proibicao-de-venda-de-bebidas-alcoolicas-apos-as-20h\\\/#breadcrumb\",\"itemListElement\":[{\"@type\":\"ListItem\",\"position\":1,\"name\":\"Home\",\"item\":\"https:\\\/\\\/infocul.pt\\\/arquivo\\\/\"},{\"@type\":\"ListItem\",\"position\":2,\"name\":\"COVID-19: Associa\u00e7\u00e3o de produtores de vinhos contesta proibi\u00e7\u00e3o de venda de bebidas alco\u00f3licas ap\u00f3s as 20h\"}]},{\"@type\":\"WebSite\",\"@id\":\"https:\\\/\\\/infocul.pt\\\/arquivo\\\/#website\",\"url\":\"https:\\\/\\\/infocul.pt\\\/arquivo\\\/\",\"name\":\"Infocul.pt - Arquivo Digital\",\"description\":\"Arquivo digital da Infocul.pt\",\"publisher\":{\"@id\":\"https:\\\/\\\/infocul.pt\\\/arquivo\\\/#organization\"},\"potentialAction\":[{\"@type\":\"SearchAction\",\"target\":{\"@type\":\"EntryPoint\",\"urlTemplate\":\"https:\\\/\\\/infocul.pt\\\/arquivo\\\/?s={search_term_string}\"},\"query-input\":{\"@type\":\"PropertyValueSpecification\",\"valueRequired\":true,\"valueName\":\"search_term_string\"}}],\"inLanguage\":\"pt-PT\"},{\"@type\":\"Organization\",\"@id\":\"https:\\\/\\\/infocul.pt\\\/arquivo\\\/#organization\",\"name\":\"Infocul.pt\",\"url\":\"https:\\\/\\\/infocul.pt\\\/arquivo\\\/\",\"logo\":{\"@type\":\"ImageObject\",\"inLanguage\":\"pt-PT\",\"@id\":\"https:\\\/\\\/infocul.pt\\\/arquivo\\\/#\\\/schema\\\/logo\\\/image\\\/\",\"url\":\"https:\\\/\\\/infocul.pt\\\/arquivo\\\/wp-content\\\/uploads\\\/2018\\\/12\\\/Infocul_logo-1.png\",\"contentUrl\":\"https:\\\/\\\/infocul.pt\\\/arquivo\\\/wp-content\\\/uploads\\\/2018\\\/12\\\/Infocul_logo-1.png\",\"width\":800,\"height\":800,\"caption\":\"Infocul.pt\"},\"image\":{\"@id\":\"https:\\\/\\\/infocul.pt\\\/arquivo\\\/#\\\/schema\\\/logo\\\/image\\\/\"},\"sameAs\":[\"https:\\\/\\\/www.facebook.com\\\/Infocul-147816815585015\\\/\",\"https:\\\/\\\/x.com\\\/Infoculpt\",\"http:\\\/\\\/www.pictaram.com\\\/user\\\/infocul.pt\\\/2370423710\",\"https:\\\/\\\/www.youtube.com\\\/channel\\\/UCYEB91AGI9FL9ek2i_IaQAA\"]},{\"@type\":\"Person\",\"@id\":\"https:\\\/\\\/infocul.pt\\\/arquivo\\\/#\\\/schema\\\/person\\\/f243f45ae8d67639120a7586884f3abc\",\"name\":\"Redac\u00e7\u00e3o\",\"image\":{\"@type\":\"ImageObject\",\"inLanguage\":\"pt-PT\",\"@id\":\"https:\\\/\\\/secure.gravatar.com\\\/avatar\\\/151b1b76c598ab5e749407223bd6c1bad4e41c4e95de3c3df83540ebee2deaf8?s=96&d=mm&r=g\",\"url\":\"https:\\\/\\\/secure.gravatar.com\\\/avatar\\\/151b1b76c598ab5e749407223bd6c1bad4e41c4e95de3c3df83540ebee2deaf8?s=96&d=mm&r=g\",\"contentUrl\":\"https:\\\/\\\/secure.gravatar.com\\\/avatar\\\/151b1b76c598ab5e749407223bd6c1bad4e41c4e95de3c3df83540ebee2deaf8?s=96&d=mm&r=g\",\"caption\":\"Redac\u00e7\u00e3o\"}}]}<\/script>\n<!-- \/ Yoast SEO plugin. -->","yoast_head_json":{"title":"COVID-19: Associa\u00e7\u00e3o de produtores de vinhos contesta proibi\u00e7\u00e3o de venda de bebidas alco\u00f3licas ap\u00f3s as 20h | Infocul.pt - Arquivo Digital","description":"COVID-19: Associa\u00e7\u00e3o de produtores de vinhos contesta proibi\u00e7\u00e3o de venda de bebidas alco\u00f3licas ap\u00f3s as 20h | Infocul.pt - Arquivo Digital","robots":{"index":"noindex","follow":"follow","max-snippet":"max-snippet:-1","max-image-preview":"max-image-preview:large","max-video-preview":"max-video-preview:-1"},"og_locale":"pt_PT","og_type":"article","og_title":"COVID-19: Associa\u00e7\u00e3o de produtores de vinhos contesta proibi\u00e7\u00e3o de venda de bebidas alco\u00f3licas ap\u00f3s as 20h | Infocul.pt - Arquivo Digital","og_description":"COVID-19: Associa\u00e7\u00e3o de produtores de vinhos contesta proibi\u00e7\u00e3o de venda de bebidas alco\u00f3licas ap\u00f3s as 20h | Infocul.pt - Arquivo Digital","og_url":"https:\/\/infocul.pt\/arquivo\/actualidade\/covid-19-associacao-de-produtores-de-vinhos-contesta-proibicao-de-venda-de-bebidas-alcoolicas-apos-as-20h\/","og_site_name":"Infocul.pt - Arquivo Digital","article_publisher":"https:\/\/www.facebook.com\/Infocul-147816815585015\/","article_published_time":"2020-12-16T10:03:21+00:00","og_image":[{"width":200,"height":149,"url":"https:\/\/infocul.pt\/arquivo\/wp-content\/uploads\/2020\/12\/anceve-e1608112935335.jpg","type":"image\/jpeg"}],"author":"Redac\u00e7\u00e3o","twitter_card":"summary_large_image","twitter_creator":"@Infoculpt","twitter_site":"@Infoculpt","twitter_misc":{"Escrito por":"Redac\u00e7\u00e3o","Tempo estimado de leitura":"2 minutos"},"schema":{"@context":"https:\/\/schema.org","@graph":[{"@type":"Article","@id":"https:\/\/infocul.pt\/arquivo\/actualidade\/covid-19-associacao-de-produtores-de-vinhos-contesta-proibicao-de-venda-de-bebidas-alcoolicas-apos-as-20h\/#article","isPartOf":{"@id":"https:\/\/infocul.pt\/arquivo\/actualidade\/covid-19-associacao-de-produtores-de-vinhos-contesta-proibicao-de-venda-de-bebidas-alcoolicas-apos-as-20h\/"},"author":{"name":"Redac\u00e7\u00e3o","@id":"https:\/\/infocul.pt\/arquivo\/#\/schema\/person\/f243f45ae8d67639120a7586884f3abc"},"headline":"COVID-19: Associa\u00e7\u00e3o de produtores de vinhos contesta proibi\u00e7\u00e3o de venda de bebidas alco\u00f3licas ap\u00f3s as 20h","datePublished":"2020-12-16T10:03:21+00:00","mainEntityOfPage":{"@id":"https:\/\/infocul.pt\/arquivo\/actualidade\/covid-19-associacao-de-produtores-de-vinhos-contesta-proibicao-de-venda-de-bebidas-alcoolicas-apos-as-20h\/"},"wordCount":426,"commentCount":0,"publisher":{"@id":"https:\/\/infocul.pt\/arquivo\/#organization"},"image":{"@id":"https:\/\/infocul.pt\/arquivo\/actualidade\/covid-19-associacao-de-produtores-de-vinhos-contesta-proibicao-de-venda-de-bebidas-alcoolicas-apos-as-20h\/#primaryimage"},"thumbnailUrl":"https:\/\/infocul.pt\/arquivo\/wp-content\/uploads\/2020\/12\/anceve-e1608112935335.jpg","articleSection":["Actualidade","Pa\u00eds","Politica","Turismo"],"inLanguage":"pt-PT"},{"@type":"WebPage","@id":"https:\/\/infocul.pt\/arquivo\/actualidade\/covid-19-associacao-de-produtores-de-vinhos-contesta-proibicao-de-venda-de-bebidas-alcoolicas-apos-as-20h\/","url":"https:\/\/infocul.pt\/arquivo\/actualidade\/covid-19-associacao-de-produtores-de-vinhos-contesta-proibicao-de-venda-de-bebidas-alcoolicas-apos-as-20h\/","name":"COVID-19: Associa\u00e7\u00e3o de produtores de vinhos contesta proibi\u00e7\u00e3o de venda de bebidas alco\u00f3licas ap\u00f3s as 20h | Infocul.pt - Arquivo Digital","isPartOf":{"@id":"https:\/\/infocul.pt\/arquivo\/#website"},"primaryImageOfPage":{"@id":"https:\/\/infocul.pt\/arquivo\/actualidade\/covid-19-associacao-de-produtores-de-vinhos-contesta-proibicao-de-venda-de-bebidas-alcoolicas-apos-as-20h\/#primaryimage"},"image":{"@id":"https:\/\/infocul.pt\/arquivo\/actualidade\/covid-19-associacao-de-produtores-de-vinhos-contesta-proibicao-de-venda-de-bebidas-alcoolicas-apos-as-20h\/#primaryimage"},"thumbnailUrl":"https:\/\/infocul.pt\/arquivo\/wp-content\/uploads\/2020\/12\/anceve-e1608112935335.jpg","datePublished":"2020-12-16T10:03:21+00:00","description":"COVID-19: Associa\u00e7\u00e3o de produtores de vinhos contesta proibi\u00e7\u00e3o de venda de bebidas alco\u00f3licas ap\u00f3s as 20h | Infocul.pt - Arquivo Digital","breadcrumb":{"@id":"https:\/\/infocul.pt\/arquivo\/actualidade\/covid-19-associacao-de-produtores-de-vinhos-contesta-proibicao-de-venda-de-bebidas-alcoolicas-apos-as-20h\/#breadcrumb"},"inLanguage":"pt-PT","potentialAction":[{"@type":"ReadAction","target":["https:\/\/infocul.pt\/arquivo\/actualidade\/covid-19-associacao-de-produtores-de-vinhos-contesta-proibicao-de-venda-de-bebidas-alcoolicas-apos-as-20h\/"]}]},{"@type":"ImageObject","inLanguage":"pt-PT","@id":"https:\/\/infocul.pt\/arquivo\/actualidade\/covid-19-associacao-de-produtores-de-vinhos-contesta-proibicao-de-venda-de-bebidas-alcoolicas-apos-as-20h\/#primaryimage","url":"https:\/\/infocul.pt\/arquivo\/wp-content\/uploads\/2020\/12\/anceve-e1608112935335.jpg","contentUrl":"https:\/\/infocul.pt\/arquivo\/wp-content\/uploads\/2020\/12\/anceve-e1608112935335.jpg","width":200,"height":149},{"@type":"BreadcrumbList","@id":"https:\/\/infocul.pt\/arquivo\/actualidade\/covid-19-associacao-de-produtores-de-vinhos-contesta-proibicao-de-venda-de-bebidas-alcoolicas-apos-as-20h\/#breadcrumb","itemListElement":[{"@type":"ListItem","position":1,"name":"Home","item":"https:\/\/infocul.pt\/arquivo\/"},{"@type":"ListItem","position":2,"name":"COVID-19: Associa\u00e7\u00e3o de produtores de vinhos contesta proibi\u00e7\u00e3o de venda de bebidas alco\u00f3licas ap\u00f3s as 20h"}]},{"@type":"WebSite","@id":"https:\/\/infocul.pt\/arquivo\/#website","url":"https:\/\/infocul.pt\/arquivo\/","name":"Infocul.pt - Arquivo Digital","description":"Arquivo digital da Infocul.pt","publisher":{"@id":"https:\/\/infocul.pt\/arquivo\/#organization"},"potentialAction":[{"@type":"SearchAction","target":{"@type":"EntryPoint","urlTemplate":"https:\/\/infocul.pt\/arquivo\/?s={search_term_string}"},"query-input":{"@type":"PropertyValueSpecification","valueRequired":true,"valueName":"search_term_string"}}],"inLanguage":"pt-PT"},{"@type":"Organization","@id":"https:\/\/infocul.pt\/arquivo\/#organization","name":"Infocul.pt","url":"https:\/\/infocul.pt\/arquivo\/","logo":{"@type":"ImageObject","inLanguage":"pt-PT","@id":"https:\/\/infocul.pt\/arquivo\/#\/schema\/logo\/image\/","url":"https:\/\/infocul.pt\/arquivo\/wp-content\/uploads\/2018\/12\/Infocul_logo-1.png","contentUrl":"https:\/\/infocul.pt\/arquivo\/wp-content\/uploads\/2018\/12\/Infocul_logo-1.png","width":800,"height":800,"caption":"Infocul.pt"},"image":{"@id":"https:\/\/infocul.pt\/arquivo\/#\/schema\/logo\/image\/"},"sameAs":["https:\/\/www.facebook.com\/Infocul-147816815585015\/","https:\/\/x.com\/Infoculpt","http:\/\/www.pictaram.com\/user\/infocul.pt\/2370423710","https:\/\/www.youtube.com\/channel\/UCYEB91AGI9FL9ek2i_IaQAA"]},{"@type":"Person","@id":"https:\/\/infocul.pt\/arquivo\/#\/schema\/person\/f243f45ae8d67639120a7586884f3abc","name":"Redac\u00e7\u00e3o","image":{"@type":"ImageObject","inLanguage":"pt-PT","@id":"https:\/\/secure.gravatar.com\/avatar\/151b1b76c598ab5e749407223bd6c1bad4e41c4e95de3c3df83540ebee2deaf8?s=96&d=mm&r=g","url":"https:\/\/secure.gravatar.com\/avatar\/151b1b76c598ab5e749407223bd6c1bad4e41c4e95de3c3df83540ebee2deaf8?s=96&d=mm&r=g","contentUrl":"https:\/\/secure.gravatar.com\/avatar\/151b1b76c598ab5e749407223bd6c1bad4e41c4e95de3c3df83540ebee2deaf8?s=96&d=mm&r=g","caption":"Redac\u00e7\u00e3o"}}]}},"_links":{"self":[{"href":"https:\/\/infocul.pt\/arquivo\/wp-json\/wp\/v2\/posts\/88106","targetHints":{"allow":["GET"]}}],"collection":[{"href":"https:\/\/infocul.pt\/arquivo\/wp-json\/wp\/v2\/posts"}],"about":[{"href":"https:\/\/infocul.pt\/arquivo\/wp-json\/wp\/v2\/types\/post"}],"author":[{"embeddable":true,"href":"https:\/\/infocul.pt\/arquivo\/wp-json\/wp\/v2\/users\/13"}],"replies":[{"embeddable":true,"href":"https:\/\/infocul.pt\/arquivo\/wp-json\/wp\/v2\/comments?post=88106"}],"version-history":[{"count":0,"href":"https:\/\/infocul.pt\/arquivo\/wp-json\/wp\/v2\/posts\/88106\/revisions"}],"wp:featuredmedia":[{"embeddable":true,"href":"https:\/\/infocul.pt\/arquivo\/wp-json\/wp\/v2\/media\/88107"}],"wp:attachment":[{"href":"https:\/\/infocul.pt\/arquivo\/wp-json\/wp\/v2\/media?parent=88106"}],"wp:term":[{"taxonomy":"category","embeddable":true,"href":"https:\/\/infocul.pt\/arquivo\/wp-json\/wp\/v2\/categories?post=88106"},{"taxonomy":"post_tag","embeddable":true,"href":"https:\/\/infocul.pt\/arquivo\/wp-json\/wp\/v2\/tags?post=88106"}],"curies":[{"name":"wp","href":"https:\/\/api.w.org\/{rel}","templated":true}]}}