{"id":88145,"date":"2020-12-17T09:13:31","date_gmt":"2020-12-17T09:13:31","guid":{"rendered":"https:\/\/infocul.pt\/?p=88145"},"modified":"2020-12-17T09:13:31","modified_gmt":"2020-12-17T09:13:31","slug":"conheca-os-vencedores-do-premio-nacional-de-turismo","status":"publish","type":"post","link":"https:\/\/infocul.pt\/arquivo\/actualidade\/conheca-os-vencedores-do-premio-nacional-de-turismo\/","title":{"rendered":"Conhe\u00e7a os vencedores do Pr\u00e9mio Nacional de Turismo"},"content":{"rendered":"<p><img decoding=\"async\" class=\"aligncenter wp-image-88146 size-full lazyload\" data-src=\"https:\/\/infocul.pt\/arquivo\/wp-content\/uploads\/2020\/12\/PNT.jpg\" alt=\"\" width=\"650\" height=\"307\" data-srcset=\"https:\/\/infocul.pt\/arquivo\/wp-content\/uploads\/2020\/12\/PNT.jpg 650w, https:\/\/infocul.pt\/arquivo\/wp-content\/uploads\/2020\/12\/PNT-300x142.jpg 300w\" data-sizes=\"(max-width: 650px) 100vw, 650px\" src=\"data:image\/svg+xml;base64,PHN2ZyB3aWR0aD0iMSIgaGVpZ2h0PSIxIiB4bWxucz0iaHR0cDovL3d3dy53My5vcmcvMjAwMC9zdmciPjwvc3ZnPg==\" style=\"--smush-placeholder-width: 650px; --smush-placeholder-aspect-ratio: 650\/307;\" \/><\/p>\n<p>Os vencedores da 2\u00aa edi\u00e7\u00e3o do Pr\u00e9mio Nacional de Turismo (PNT 2020) foram ontem conhecidos num evento virtual que celebrou a capacidade do sector em mostrar que \u00e9 poss\u00edvel viajar e fazer f\u00e9rias de forma segura em Portugal, apesar da pandemia. A iniciativa, organizada em parceria entre o BPI e o seman\u00e1rio Expresso, reuniu a participa\u00e7\u00e3o de mais de 400 neg\u00f3cios, projetos e personalidades.<!--more--><\/p>\n<p>M\u00e1rio Pereira Gon\u00e7alves, hist\u00f3rico presidente da AHRESP \u2013 Associa\u00e7\u00e3o de Hotelaria,\u00a0Restaura\u00e7\u00e3o e Similares, foi homenageado com o Pr\u00e9mio Carreira, pelo seu contributo para\u00a0o desenvolvimento e qualifica\u00e7\u00e3o da Restaura\u00e7\u00e3o e da Hotelaria.<\/p>\n<p>Nas cinco categorias a concurso o j\u00fari decidiu reconhecer as seguintes empresas e\u00a0iniciativas:<\/p>\n<p><strong>Turismo em Rede (Vencedor)<\/strong>: Book in Xisto \u2013 Liderada pela ADXTUR &#8211; Ag\u00eancia para o\u00a0Desenvolvimento Tur\u00edstico das Aldeias do Xisto, esta plataforma digital de com\u00e9rcio justo\u00a0permite reservar alojamentos, restaurantes e experi\u00eancias nas 27 Aldeias do Xisto.<\/p>\n<p><strong>Turismo Aut\u00eantico (Vencedor)<\/strong>: Casa de S\u00e3o Louren\u00e7o &#8211; \u00danico hotel de 5 estrelas\u00a0localizado na Serra da Estrela, resulta da remodela\u00e7\u00e3o de uma das primeiras Pousadas de\u00a0Portugal e distingue-se pela promo\u00e7\u00e3o e valoriza\u00e7\u00e3o do patrim\u00f3nio da regi\u00e3o. <strong>(Men\u00e7\u00e3o\u00a0Honrosa)<\/strong>: Grande Rota Peneda Ger\u00eas (GR50) &#8211; Com cerca de 200 km, distribu\u00eddos por 19\u00a0etapas, a GR 50 atravessa o Parque Nacional da Peneda-Ger\u00eas.<\/p>\n<p><strong>Turismo Sustent\u00e1vel (Vencedor)<\/strong>: Projeto da Certifica\u00e7\u00e3o dos A\u00e7ores como Destino\u00a0Tur\u00edstico Sustent\u00e1vel \u2013 Liderado pela Secretaria Regional da Energia, Ambiente e Turismo,\u00a0o projeto permitiu aos A\u00e7ores tornarem-se o primeiro arquip\u00e9lago no Mundo a alcan\u00e7ar\u00a0certifica\u00e7\u00e3o internacional de destino sustent\u00e1vel, por uma entidade acreditada pelo\u00a0Conselho Global de Turismo Sustent\u00e1vel.<\/p>\n<p><strong>Turismo Inteligente (Vencedor)<\/strong>: Envision@Pestana &#8211; Programa de open innovation\u00a0para colaboradores do Grupo Pestana que, entre outros projetos e iniciativas, permite a explora\u00e7\u00e3o de solu\u00e7\u00f5es, de forma colaborativa e social, para os desafios da organiza\u00e7\u00e3o.\u00a0<strong>(Men\u00e7\u00e3o Honrosa)<\/strong>: Smart Resort \u2013 ferramenta de business intelligence para apoio \u00e0\u00a0gest\u00e3o dos empreendimentos tur\u00edsticos de Vale do Lobo, Dunas Douradas e Vale do Garr\u00e3o.<\/p>\n<p><strong>Turismo de Confian\u00e7a (Vencedor)<\/strong>: Selo \u201cClean &amp; Safe\u201d \u2013 Criado pelo Turismo de\u00a0Portugal para dar resposta aos desafios sanit\u00e1rios da pandemia, o selo \u201cClean &amp; Safe\u201d\u00a0distingue as empresas do setor do Turismo que cumprem as recomenda\u00e7\u00f5es da Dire\u00e7\u00e3oGeral da Sa\u00fade para evitar a contamina\u00e7\u00e3o dos espa\u00e7os com o novo coronav\u00edrus.<\/p>\n<p>Pedro Barreto, Administrador Executivo do BPI, destacou que \u201c<em><strong>o Pr\u00e9mio Nacional de\u00a0Turismo est\u00e1 consolidado como o grande evento de celebra\u00e7\u00e3o da resili\u00eancia e da\u00a0capacidade de inova\u00e7\u00e3o num sector que tem sido e continuar\u00e1 a ser um dos eixos de\u00a0crescimento do pa\u00eds. Apesar dos desafios colocados pela pandemia, os operadores tur\u00edsticos\u00a0continuam apostados em promover um turismo aut\u00eantico e sustent\u00e1vel e em investir na\u00a0transforma\u00e7\u00e3o digital. E podem contar com o apoio do BPI no financiamento de todos os\u00a0bons projetos e na promo\u00e7\u00e3o de um turismo inteligente e sustent\u00e1vel<\/strong><\/em>\u201d.<\/p>\n<p>O PNT foi criado com o objetivo de premiar as empresas portuguesas que se distingam\u00a0como casos de sucesso no setor do turismo. A edi\u00e7\u00e3o de 2020 foi adaptada, para se ajustar aos fatores a que o setor tem de dar resposta no \u00e2mbito da pandemia e aos novos desafios\u00a0 que se anteveem, baseando-se nos Objetivos de Desenvolvimento Sustent\u00e1vel.<\/p>\n<p>A iniciativa do BPI e do seman\u00e1rio Expresso conta com o alto patroc\u00ednio do Minist\u00e9rio da\u00a0Economia e da Transi\u00e7\u00e3o Digital, o apoio institucional do Turismo de Portugal, IP, e o apoio\u00a0da Deloitte, como knowledge partner.\u00a0O PNT 2020 recebeu 401 candidaturas e nomea\u00e7\u00f5es de empresas tur\u00edsticas de todo o pa\u00eds.Deste total, 41% dizem respeito a Turismo Aut\u00eantico, 15% a Turismo em Rede, 18% a\u00a0Turismo de Confian\u00e7a, 9% a Turismo Inteligente e 17% a Turismo Sustent\u00e1vel. Foram\u00a0tamb\u00e9m efetuadas 36 nomea\u00e7\u00f5es destinadas \u00e0 categoria especial &#8220;Carreira&#8221;.\u00a0A qualidade das candidaturas foi avaliada por Comit\u00e9s T\u00e9cnicos e por um J\u00fari, constitu\u00eddo\u00a0por representantes de diferentes quadrantes da sociedade portuguesa. Qualidade e\u00a0inova\u00e7\u00e3o da oferta, satisfa\u00e7\u00e3o do cliente, qualifica\u00e7\u00e3o ambiental, performance operacional\u00a0e contributo para o desenvolvimento tur\u00edstico foram alguns dos crit\u00e9rios considerados para\u00a0essa avalia\u00e7\u00e3o e elei\u00e7\u00e3o dos vencedores.<\/p>\n","protected":false},"excerpt":{"rendered":"<p>Os vencedores da 2\u00aa edi\u00e7\u00e3o do Pr\u00e9mio Nacional de Turismo (PNT 2020) foram ontem conhecidos num evento virtual que celebrou a capacidade do sector em mostrar que \u00e9 poss\u00edvel viajar e fazer f\u00e9rias de forma segura em Portugal, apesar da pandemia. A iniciativa, organizada em parceria entre o BPI e o seman\u00e1rio Expresso, reuniu a [&hellip;]<\/p>\n","protected":false},"author":13,"featured_media":88146,"comment_status":"open","ping_status":"closed","sticky":false,"template":"","format":"standard","meta":{"footnotes":""},"categories":[10,11,13],"tags":[10344],"class_list":["post-88145","post","type-post","status-publish","format-standard","has-post-thumbnail","hentry","category-actualidade","category-pais","category-turismo","tag-premio-nacional-de-turismo"],"yoast_head":"<!-- This site is optimized with the Yoast SEO plugin v27.4 - https:\/\/yoast.com\/product\/yoast-seo-wordpress\/ -->\n<title>Conhe\u00e7a os vencedores do Pr\u00e9mio Nacional de Turismo | Infocul.pt - Arquivo Digital<\/title>\n<meta name=\"description\" content=\"Conhe\u00e7a os vencedores do Pr\u00e9mio Nacional de Turismo | Infocul.pt - Arquivo Digital\" \/>\n<meta name=\"robots\" content=\"noindex, follow, max-snippet:-1, max-image-preview:large, max-video-preview:-1\" \/>\n<meta property=\"og:locale\" content=\"pt_PT\" \/>\n<meta property=\"og:type\" content=\"article\" \/>\n<meta property=\"og:title\" content=\"Conhe\u00e7a os vencedores do Pr\u00e9mio Nacional de Turismo | Infocul.pt - Arquivo Digital\" \/>\n<meta property=\"og:description\" content=\"Conhe\u00e7a os vencedores do Pr\u00e9mio Nacional de Turismo | Infocul.pt - Arquivo Digital\" \/>\n<meta property=\"og:url\" content=\"https:\/\/infocul.pt\/arquivo\/actualidade\/conheca-os-vencedores-do-premio-nacional-de-turismo\/\" \/>\n<meta property=\"og:site_name\" content=\"Infocul.pt - Arquivo Digital\" \/>\n<meta property=\"article:publisher\" content=\"https:\/\/www.facebook.com\/Infocul-147816815585015\/\" \/>\n<meta property=\"article:published_time\" content=\"2020-12-17T09:13:31+00:00\" \/>\n<meta property=\"og:image\" content=\"https:\/\/infocul.pt\/arquivo\/wp-content\/uploads\/2020\/12\/PNT.jpg\" \/>\n\t<meta property=\"og:image:width\" content=\"650\" \/>\n\t<meta property=\"og:image:height\" content=\"307\" \/>\n\t<meta property=\"og:image:type\" content=\"image\/jpeg\" \/>\n<meta name=\"author\" content=\"Redac\u00e7\u00e3o\" \/>\n<meta name=\"twitter:card\" content=\"summary_large_image\" \/>\n<meta name=\"twitter:creator\" content=\"@Infoculpt\" \/>\n<meta name=\"twitter:site\" content=\"@Infoculpt\" \/>\n<meta name=\"twitter:label1\" content=\"Escrito por\" \/>\n\t<meta name=\"twitter:data1\" content=\"Redac\u00e7\u00e3o\" \/>\n\t<meta name=\"twitter:label2\" content=\"Tempo estimado de leitura\" \/>\n\t<meta name=\"twitter:data2\" content=\"4 minutos\" \/>\n<script type=\"application\/ld+json\" class=\"yoast-schema-graph\">{\"@context\":\"https:\\\/\\\/schema.org\",\"@graph\":[{\"@type\":\"Article\",\"@id\":\"https:\\\/\\\/infocul.pt\\\/arquivo\\\/actualidade\\\/conheca-os-vencedores-do-premio-nacional-de-turismo\\\/#article\",\"isPartOf\":{\"@id\":\"https:\\\/\\\/infocul.pt\\\/arquivo\\\/actualidade\\\/conheca-os-vencedores-do-premio-nacional-de-turismo\\\/\"},\"author\":{\"name\":\"Redac\u00e7\u00e3o\",\"@id\":\"https:\\\/\\\/infocul.pt\\\/arquivo\\\/#\\\/schema\\\/person\\\/f243f45ae8d67639120a7586884f3abc\"},\"headline\":\"Conhe\u00e7a os vencedores do Pr\u00e9mio Nacional de Turismo\",\"datePublished\":\"2020-12-17T09:13:31+00:00\",\"mainEntityOfPage\":{\"@id\":\"https:\\\/\\\/infocul.pt\\\/arquivo\\\/actualidade\\\/conheca-os-vencedores-do-premio-nacional-de-turismo\\\/\"},\"wordCount\":748,\"commentCount\":0,\"publisher\":{\"@id\":\"https:\\\/\\\/infocul.pt\\\/arquivo\\\/#organization\"},\"image\":{\"@id\":\"https:\\\/\\\/infocul.pt\\\/arquivo\\\/actualidade\\\/conheca-os-vencedores-do-premio-nacional-de-turismo\\\/#primaryimage\"},\"thumbnailUrl\":\"https:\\\/\\\/infocul.pt\\\/arquivo\\\/wp-content\\\/uploads\\\/2020\\\/12\\\/PNT.jpg\",\"keywords\":[\"Pr\u00e9mio Nacional de Turismo\"],\"articleSection\":[\"Actualidade\",\"Pa\u00eds\",\"Turismo\"],\"inLanguage\":\"pt-PT\"},{\"@type\":\"WebPage\",\"@id\":\"https:\\\/\\\/infocul.pt\\\/arquivo\\\/actualidade\\\/conheca-os-vencedores-do-premio-nacional-de-turismo\\\/\",\"url\":\"https:\\\/\\\/infocul.pt\\\/arquivo\\\/actualidade\\\/conheca-os-vencedores-do-premio-nacional-de-turismo\\\/\",\"name\":\"Conhe\u00e7a os vencedores do Pr\u00e9mio Nacional de Turismo | Infocul.pt - Arquivo Digital\",\"isPartOf\":{\"@id\":\"https:\\\/\\\/infocul.pt\\\/arquivo\\\/#website\"},\"primaryImageOfPage\":{\"@id\":\"https:\\\/\\\/infocul.pt\\\/arquivo\\\/actualidade\\\/conheca-os-vencedores-do-premio-nacional-de-turismo\\\/#primaryimage\"},\"image\":{\"@id\":\"https:\\\/\\\/infocul.pt\\\/arquivo\\\/actualidade\\\/conheca-os-vencedores-do-premio-nacional-de-turismo\\\/#primaryimage\"},\"thumbnailUrl\":\"https:\\\/\\\/infocul.pt\\\/arquivo\\\/wp-content\\\/uploads\\\/2020\\\/12\\\/PNT.jpg\",\"datePublished\":\"2020-12-17T09:13:31+00:00\",\"description\":\"Conhe\u00e7a os vencedores do Pr\u00e9mio Nacional de Turismo | Infocul.pt - Arquivo Digital\",\"breadcrumb\":{\"@id\":\"https:\\\/\\\/infocul.pt\\\/arquivo\\\/actualidade\\\/conheca-os-vencedores-do-premio-nacional-de-turismo\\\/#breadcrumb\"},\"inLanguage\":\"pt-PT\",\"potentialAction\":[{\"@type\":\"ReadAction\",\"target\":[\"https:\\\/\\\/infocul.pt\\\/arquivo\\\/actualidade\\\/conheca-os-vencedores-do-premio-nacional-de-turismo\\\/\"]}]},{\"@type\":\"ImageObject\",\"inLanguage\":\"pt-PT\",\"@id\":\"https:\\\/\\\/infocul.pt\\\/arquivo\\\/actualidade\\\/conheca-os-vencedores-do-premio-nacional-de-turismo\\\/#primaryimage\",\"url\":\"https:\\\/\\\/infocul.pt\\\/arquivo\\\/wp-content\\\/uploads\\\/2020\\\/12\\\/PNT.jpg\",\"contentUrl\":\"https:\\\/\\\/infocul.pt\\\/arquivo\\\/wp-content\\\/uploads\\\/2020\\\/12\\\/PNT.jpg\",\"width\":650,\"height\":307},{\"@type\":\"BreadcrumbList\",\"@id\":\"https:\\\/\\\/infocul.pt\\\/arquivo\\\/actualidade\\\/conheca-os-vencedores-do-premio-nacional-de-turismo\\\/#breadcrumb\",\"itemListElement\":[{\"@type\":\"ListItem\",\"position\":1,\"name\":\"Home\",\"item\":\"https:\\\/\\\/infocul.pt\\\/arquivo\\\/\"},{\"@type\":\"ListItem\",\"position\":2,\"name\":\"Conhe\u00e7a os vencedores do Pr\u00e9mio Nacional de Turismo\"}]},{\"@type\":\"WebSite\",\"@id\":\"https:\\\/\\\/infocul.pt\\\/arquivo\\\/#website\",\"url\":\"https:\\\/\\\/infocul.pt\\\/arquivo\\\/\",\"name\":\"Infocul.pt - Arquivo Digital\",\"description\":\"Arquivo digital da Infocul.pt\",\"publisher\":{\"@id\":\"https:\\\/\\\/infocul.pt\\\/arquivo\\\/#organization\"},\"potentialAction\":[{\"@type\":\"SearchAction\",\"target\":{\"@type\":\"EntryPoint\",\"urlTemplate\":\"https:\\\/\\\/infocul.pt\\\/arquivo\\\/?s={search_term_string}\"},\"query-input\":{\"@type\":\"PropertyValueSpecification\",\"valueRequired\":true,\"valueName\":\"search_term_string\"}}],\"inLanguage\":\"pt-PT\"},{\"@type\":\"Organization\",\"@id\":\"https:\\\/\\\/infocul.pt\\\/arquivo\\\/#organization\",\"name\":\"Infocul.pt\",\"url\":\"https:\\\/\\\/infocul.pt\\\/arquivo\\\/\",\"logo\":{\"@type\":\"ImageObject\",\"inLanguage\":\"pt-PT\",\"@id\":\"https:\\\/\\\/infocul.pt\\\/arquivo\\\/#\\\/schema\\\/logo\\\/image\\\/\",\"url\":\"https:\\\/\\\/infocul.pt\\\/arquivo\\\/wp-content\\\/uploads\\\/2018\\\/12\\\/Infocul_logo-1.png\",\"contentUrl\":\"https:\\\/\\\/infocul.pt\\\/arquivo\\\/wp-content\\\/uploads\\\/2018\\\/12\\\/Infocul_logo-1.png\",\"width\":800,\"height\":800,\"caption\":\"Infocul.pt\"},\"image\":{\"@id\":\"https:\\\/\\\/infocul.pt\\\/arquivo\\\/#\\\/schema\\\/logo\\\/image\\\/\"},\"sameAs\":[\"https:\\\/\\\/www.facebook.com\\\/Infocul-147816815585015\\\/\",\"https:\\\/\\\/x.com\\\/Infoculpt\",\"http:\\\/\\\/www.pictaram.com\\\/user\\\/infocul.pt\\\/2370423710\",\"https:\\\/\\\/www.youtube.com\\\/channel\\\/UCYEB91AGI9FL9ek2i_IaQAA\"]},{\"@type\":\"Person\",\"@id\":\"https:\\\/\\\/infocul.pt\\\/arquivo\\\/#\\\/schema\\\/person\\\/f243f45ae8d67639120a7586884f3abc\",\"name\":\"Redac\u00e7\u00e3o\",\"image\":{\"@type\":\"ImageObject\",\"inLanguage\":\"pt-PT\",\"@id\":\"https:\\\/\\\/secure.gravatar.com\\\/avatar\\\/151b1b76c598ab5e749407223bd6c1bad4e41c4e95de3c3df83540ebee2deaf8?s=96&d=mm&r=g\",\"url\":\"https:\\\/\\\/secure.gravatar.com\\\/avatar\\\/151b1b76c598ab5e749407223bd6c1bad4e41c4e95de3c3df83540ebee2deaf8?s=96&d=mm&r=g\",\"contentUrl\":\"https:\\\/\\\/secure.gravatar.com\\\/avatar\\\/151b1b76c598ab5e749407223bd6c1bad4e41c4e95de3c3df83540ebee2deaf8?s=96&d=mm&r=g\",\"caption\":\"Redac\u00e7\u00e3o\"}}]}<\/script>\n<!-- \/ Yoast SEO plugin. -->","yoast_head_json":{"title":"Conhe\u00e7a os vencedores do Pr\u00e9mio Nacional de Turismo | Infocul.pt - Arquivo Digital","description":"Conhe\u00e7a os vencedores do Pr\u00e9mio Nacional de Turismo | Infocul.pt - Arquivo Digital","robots":{"index":"noindex","follow":"follow","max-snippet":"max-snippet:-1","max-image-preview":"max-image-preview:large","max-video-preview":"max-video-preview:-1"},"og_locale":"pt_PT","og_type":"article","og_title":"Conhe\u00e7a os vencedores do Pr\u00e9mio Nacional de Turismo | Infocul.pt - Arquivo Digital","og_description":"Conhe\u00e7a os vencedores do Pr\u00e9mio Nacional de Turismo | Infocul.pt - Arquivo Digital","og_url":"https:\/\/infocul.pt\/arquivo\/actualidade\/conheca-os-vencedores-do-premio-nacional-de-turismo\/","og_site_name":"Infocul.pt - Arquivo Digital","article_publisher":"https:\/\/www.facebook.com\/Infocul-147816815585015\/","article_published_time":"2020-12-17T09:13:31+00:00","og_image":[{"width":650,"height":307,"url":"https:\/\/infocul.pt\/arquivo\/wp-content\/uploads\/2020\/12\/PNT.jpg","type":"image\/jpeg"}],"author":"Redac\u00e7\u00e3o","twitter_card":"summary_large_image","twitter_creator":"@Infoculpt","twitter_site":"@Infoculpt","twitter_misc":{"Escrito por":"Redac\u00e7\u00e3o","Tempo estimado de leitura":"4 minutos"},"schema":{"@context":"https:\/\/schema.org","@graph":[{"@type":"Article","@id":"https:\/\/infocul.pt\/arquivo\/actualidade\/conheca-os-vencedores-do-premio-nacional-de-turismo\/#article","isPartOf":{"@id":"https:\/\/infocul.pt\/arquivo\/actualidade\/conheca-os-vencedores-do-premio-nacional-de-turismo\/"},"author":{"name":"Redac\u00e7\u00e3o","@id":"https:\/\/infocul.pt\/arquivo\/#\/schema\/person\/f243f45ae8d67639120a7586884f3abc"},"headline":"Conhe\u00e7a os vencedores do Pr\u00e9mio Nacional de Turismo","datePublished":"2020-12-17T09:13:31+00:00","mainEntityOfPage":{"@id":"https:\/\/infocul.pt\/arquivo\/actualidade\/conheca-os-vencedores-do-premio-nacional-de-turismo\/"},"wordCount":748,"commentCount":0,"publisher":{"@id":"https:\/\/infocul.pt\/arquivo\/#organization"},"image":{"@id":"https:\/\/infocul.pt\/arquivo\/actualidade\/conheca-os-vencedores-do-premio-nacional-de-turismo\/#primaryimage"},"thumbnailUrl":"https:\/\/infocul.pt\/arquivo\/wp-content\/uploads\/2020\/12\/PNT.jpg","keywords":["Pr\u00e9mio Nacional de Turismo"],"articleSection":["Actualidade","Pa\u00eds","Turismo"],"inLanguage":"pt-PT"},{"@type":"WebPage","@id":"https:\/\/infocul.pt\/arquivo\/actualidade\/conheca-os-vencedores-do-premio-nacional-de-turismo\/","url":"https:\/\/infocul.pt\/arquivo\/actualidade\/conheca-os-vencedores-do-premio-nacional-de-turismo\/","name":"Conhe\u00e7a os vencedores do Pr\u00e9mio Nacional de Turismo | Infocul.pt - Arquivo Digital","isPartOf":{"@id":"https:\/\/infocul.pt\/arquivo\/#website"},"primaryImageOfPage":{"@id":"https:\/\/infocul.pt\/arquivo\/actualidade\/conheca-os-vencedores-do-premio-nacional-de-turismo\/#primaryimage"},"image":{"@id":"https:\/\/infocul.pt\/arquivo\/actualidade\/conheca-os-vencedores-do-premio-nacional-de-turismo\/#primaryimage"},"thumbnailUrl":"https:\/\/infocul.pt\/arquivo\/wp-content\/uploads\/2020\/12\/PNT.jpg","datePublished":"2020-12-17T09:13:31+00:00","description":"Conhe\u00e7a os vencedores do Pr\u00e9mio Nacional de Turismo | Infocul.pt - Arquivo Digital","breadcrumb":{"@id":"https:\/\/infocul.pt\/arquivo\/actualidade\/conheca-os-vencedores-do-premio-nacional-de-turismo\/#breadcrumb"},"inLanguage":"pt-PT","potentialAction":[{"@type":"ReadAction","target":["https:\/\/infocul.pt\/arquivo\/actualidade\/conheca-os-vencedores-do-premio-nacional-de-turismo\/"]}]},{"@type":"ImageObject","inLanguage":"pt-PT","@id":"https:\/\/infocul.pt\/arquivo\/actualidade\/conheca-os-vencedores-do-premio-nacional-de-turismo\/#primaryimage","url":"https:\/\/infocul.pt\/arquivo\/wp-content\/uploads\/2020\/12\/PNT.jpg","contentUrl":"https:\/\/infocul.pt\/arquivo\/wp-content\/uploads\/2020\/12\/PNT.jpg","width":650,"height":307},{"@type":"BreadcrumbList","@id":"https:\/\/infocul.pt\/arquivo\/actualidade\/conheca-os-vencedores-do-premio-nacional-de-turismo\/#breadcrumb","itemListElement":[{"@type":"ListItem","position":1,"name":"Home","item":"https:\/\/infocul.pt\/arquivo\/"},{"@type":"ListItem","position":2,"name":"Conhe\u00e7a os vencedores do Pr\u00e9mio Nacional de Turismo"}]},{"@type":"WebSite","@id":"https:\/\/infocul.pt\/arquivo\/#website","url":"https:\/\/infocul.pt\/arquivo\/","name":"Infocul.pt - Arquivo Digital","description":"Arquivo digital da Infocul.pt","publisher":{"@id":"https:\/\/infocul.pt\/arquivo\/#organization"},"potentialAction":[{"@type":"SearchAction","target":{"@type":"EntryPoint","urlTemplate":"https:\/\/infocul.pt\/arquivo\/?s={search_term_string}"},"query-input":{"@type":"PropertyValueSpecification","valueRequired":true,"valueName":"search_term_string"}}],"inLanguage":"pt-PT"},{"@type":"Organization","@id":"https:\/\/infocul.pt\/arquivo\/#organization","name":"Infocul.pt","url":"https:\/\/infocul.pt\/arquivo\/","logo":{"@type":"ImageObject","inLanguage":"pt-PT","@id":"https:\/\/infocul.pt\/arquivo\/#\/schema\/logo\/image\/","url":"https:\/\/infocul.pt\/arquivo\/wp-content\/uploads\/2018\/12\/Infocul_logo-1.png","contentUrl":"https:\/\/infocul.pt\/arquivo\/wp-content\/uploads\/2018\/12\/Infocul_logo-1.png","width":800,"height":800,"caption":"Infocul.pt"},"image":{"@id":"https:\/\/infocul.pt\/arquivo\/#\/schema\/logo\/image\/"},"sameAs":["https:\/\/www.facebook.com\/Infocul-147816815585015\/","https:\/\/x.com\/Infoculpt","http:\/\/www.pictaram.com\/user\/infocul.pt\/2370423710","https:\/\/www.youtube.com\/channel\/UCYEB91AGI9FL9ek2i_IaQAA"]},{"@type":"Person","@id":"https:\/\/infocul.pt\/arquivo\/#\/schema\/person\/f243f45ae8d67639120a7586884f3abc","name":"Redac\u00e7\u00e3o","image":{"@type":"ImageObject","inLanguage":"pt-PT","@id":"https:\/\/secure.gravatar.com\/avatar\/151b1b76c598ab5e749407223bd6c1bad4e41c4e95de3c3df83540ebee2deaf8?s=96&d=mm&r=g","url":"https:\/\/secure.gravatar.com\/avatar\/151b1b76c598ab5e749407223bd6c1bad4e41c4e95de3c3df83540ebee2deaf8?s=96&d=mm&r=g","contentUrl":"https:\/\/secure.gravatar.com\/avatar\/151b1b76c598ab5e749407223bd6c1bad4e41c4e95de3c3df83540ebee2deaf8?s=96&d=mm&r=g","caption":"Redac\u00e7\u00e3o"}}]}},"_links":{"self":[{"href":"https:\/\/infocul.pt\/arquivo\/wp-json\/wp\/v2\/posts\/88145","targetHints":{"allow":["GET"]}}],"collection":[{"href":"https:\/\/infocul.pt\/arquivo\/wp-json\/wp\/v2\/posts"}],"about":[{"href":"https:\/\/infocul.pt\/arquivo\/wp-json\/wp\/v2\/types\/post"}],"author":[{"embeddable":true,"href":"https:\/\/infocul.pt\/arquivo\/wp-json\/wp\/v2\/users\/13"}],"replies":[{"embeddable":true,"href":"https:\/\/infocul.pt\/arquivo\/wp-json\/wp\/v2\/comments?post=88145"}],"version-history":[{"count":0,"href":"https:\/\/infocul.pt\/arquivo\/wp-json\/wp\/v2\/posts\/88145\/revisions"}],"wp:featuredmedia":[{"embeddable":true,"href":"https:\/\/infocul.pt\/arquivo\/wp-json\/wp\/v2\/media\/88146"}],"wp:attachment":[{"href":"https:\/\/infocul.pt\/arquivo\/wp-json\/wp\/v2\/media?parent=88145"}],"wp:term":[{"taxonomy":"category","embeddable":true,"href":"https:\/\/infocul.pt\/arquivo\/wp-json\/wp\/v2\/categories?post=88145"},{"taxonomy":"post_tag","embeddable":true,"href":"https:\/\/infocul.pt\/arquivo\/wp-json\/wp\/v2\/tags?post=88145"}],"curies":[{"name":"wp","href":"https:\/\/api.w.org\/{rel}","templated":true}]}}