{"id":88277,"date":"2020-12-21T09:22:03","date_gmt":"2020-12-21T09:22:03","guid":{"rendered":"https:\/\/infocul.pt\/?p=88277"},"modified":"2020-12-21T09:22:03","modified_gmt":"2020-12-21T09:22:03","slug":"pedro-crispim-critica-sexo-entre-zena-e-andre-abrantes-se-partilhamos-com-o-mundo-a-nossa-intimidade-o-que-resta","status":"publish","type":"post","link":"https:\/\/infocul.pt\/arquivo\/actualidade\/pedro-crispim-critica-sexo-entre-zena-e-andre-abrantes-se-partilhamos-com-o-mundo-a-nossa-intimidade-o-que-resta\/","title":{"rendered":"Pedro Crispim critica sexo entre Zena e Andr\u00e9 Abrantes: &#8220;Se partilhamos com o Mundo a nossa intimidade o que resta!?&#8221;"},"content":{"rendered":"<p><img decoding=\"async\" class=\"aligncenter wp-image-88278 size-full lazyload\" data-src=\"https:\/\/infocul.pt\/arquivo\/wp-content\/uploads\/2020\/12\/pedro-crispim.jpg\" alt=\"\" width=\"802\" height=\"960\" data-srcset=\"https:\/\/infocul.pt\/arquivo\/wp-content\/uploads\/2020\/12\/pedro-crispim.jpg 802w, https:\/\/infocul.pt\/arquivo\/wp-content\/uploads\/2020\/12\/pedro-crispim-251x300.jpg 251w, https:\/\/infocul.pt\/arquivo\/wp-content\/uploads\/2020\/12\/pedro-crispim-768x919.jpg 768w\" data-sizes=\"(max-width: 802px) 100vw, 802px\" src=\"data:image\/svg+xml;base64,PHN2ZyB3aWR0aD0iMSIgaGVpZ2h0PSIxIiB4bWxucz0iaHR0cDovL3d3dy53My5vcmcvMjAwMC9zdmciPjwvc3ZnPg==\" style=\"--smush-placeholder-width: 802px; --smush-placeholder-aspect-ratio: 802\/960;\" \/><\/p>\n<p>O muito sexo feito por Zena e Andr\u00e9 Abrantes foi um dos temas que mais se destacou na gala de ontem do Big Brother.<!--more--><\/p>\n<p>O casal foi confrontado com as opini\u00f5es dos colegas que se sentiram incomodados com os barulhos que estes fazem aquando dos muitos momentos sexuais.<\/p>\n<p>Por diversas vezes, Zena e Andr\u00e9 Abrantes riram-se, incluindo com as imagens dos colegas a imitarem os seus barulhos.<\/p>\n<p>Quem n\u00e3o achou piada alguma, foi o comentador Pedro Crispim que recorreu \u00e0s redes sociais para opinar.<\/p>\n<p>&#8220;<em><b>Acho vergonhosa a postura do Andr\u00e9 e Zena! Est\u00e3o com gente a dividir casa, com o acr\u00e9scimo de ser feito em plena televis\u00e3o nacional. Falta de no\u00e7\u00e3o. N\u00e3o tem gra\u00e7a alguma o tema! Querem ser respeitados deem se ao respeito!<\/b><\/em>&#8220;, escreveu.<\/p>\n<p>\u201c<em><strong>Se partilhamos com o Mundo a nossa intimidade o que resta!?<\/strong><\/em>\u201c, acrescentou no Twitter.<\/p>\n","protected":false},"excerpt":{"rendered":"<p>O muito sexo feito por Zena e Andr\u00e9 Abrantes foi um dos temas que mais se destacou na gala de ontem do Big Brother.<\/p>\n","protected":false},"author":13,"featured_media":88278,"comment_status":"open","ping_status":"closed","sticky":false,"template":"","format":"standard","meta":{"footnotes":""},"categories":[10,15,14],"tags":[9975,2288],"class_list":["post-88277","post","type-post","status-publish","format-standard","has-post-thumbnail","hentry","category-actualidade","category-social-e-lifestyle","category-televisao","tag-big-brother-a-revolucao","tag-tvi"],"yoast_head":"<!-- This site is optimized with the Yoast SEO plugin v27.4 - https:\/\/yoast.com\/product\/yoast-seo-wordpress\/ -->\n<title>Pedro Crispim critica sexo entre Zena e Andr\u00e9 Abrantes: &quot;Se partilhamos com o Mundo a nossa intimidade o que resta!?&quot; | Infocul.pt - Arquivo Digital<\/title>\n<meta name=\"description\" content=\"Pedro Crispim critica sexo entre Zena e Andr\u00e9 Abrantes: &quot;Se partilhamos com o Mundo a nossa intimidade o que resta!?&quot; | Infocul.pt - Arquivo Digital\" \/>\n<meta name=\"robots\" content=\"noindex, follow, max-snippet:-1, max-image-preview:large, max-video-preview:-1\" \/>\n<meta property=\"og:locale\" content=\"pt_PT\" \/>\n<meta property=\"og:type\" content=\"article\" \/>\n<meta property=\"og:title\" content=\"Pedro Crispim critica sexo entre Zena e Andr\u00e9 Abrantes: &quot;Se partilhamos com o Mundo a nossa intimidade o que resta!?&quot; | Infocul.pt - Arquivo Digital\" \/>\n<meta property=\"og:description\" content=\"Pedro Crispim critica sexo entre Zena e Andr\u00e9 Abrantes: &quot;Se partilhamos com o Mundo a nossa intimidade o que resta!?&quot; | Infocul.pt - Arquivo Digital\" \/>\n<meta property=\"og:url\" content=\"https:\/\/infocul.pt\/arquivo\/actualidade\/pedro-crispim-critica-sexo-entre-zena-e-andre-abrantes-se-partilhamos-com-o-mundo-a-nossa-intimidade-o-que-resta\/\" \/>\n<meta property=\"og:site_name\" content=\"Infocul.pt - Arquivo Digital\" \/>\n<meta property=\"article:publisher\" content=\"https:\/\/www.facebook.com\/Infocul-147816815585015\/\" \/>\n<meta property=\"article:published_time\" content=\"2020-12-21T09:22:03+00:00\" \/>\n<meta property=\"og:image\" content=\"https:\/\/infocul.pt\/arquivo\/wp-content\/uploads\/2020\/12\/pedro-crispim.jpg\" \/>\n\t<meta property=\"og:image:width\" content=\"802\" \/>\n\t<meta property=\"og:image:height\" content=\"960\" \/>\n\t<meta property=\"og:image:type\" content=\"image\/jpeg\" \/>\n<meta name=\"author\" content=\"Redac\u00e7\u00e3o\" \/>\n<meta name=\"twitter:card\" content=\"summary_large_image\" \/>\n<meta name=\"twitter:creator\" content=\"@Infoculpt\" \/>\n<meta name=\"twitter:site\" content=\"@Infoculpt\" \/>\n<meta name=\"twitter:label1\" content=\"Escrito por\" \/>\n\t<meta name=\"twitter:data1\" content=\"Redac\u00e7\u00e3o\" \/>\n\t<meta name=\"twitter:label2\" content=\"Tempo estimado de leitura\" \/>\n\t<meta name=\"twitter:data2\" content=\"1 minuto\" \/>\n<script type=\"application\/ld+json\" class=\"yoast-schema-graph\">{\"@context\":\"https:\\\/\\\/schema.org\",\"@graph\":[{\"@type\":\"Article\",\"@id\":\"https:\\\/\\\/infocul.pt\\\/arquivo\\\/actualidade\\\/pedro-crispim-critica-sexo-entre-zena-e-andre-abrantes-se-partilhamos-com-o-mundo-a-nossa-intimidade-o-que-resta\\\/#article\",\"isPartOf\":{\"@id\":\"https:\\\/\\\/infocul.pt\\\/arquivo\\\/actualidade\\\/pedro-crispim-critica-sexo-entre-zena-e-andre-abrantes-se-partilhamos-com-o-mundo-a-nossa-intimidade-o-que-resta\\\/\"},\"author\":{\"name\":\"Redac\u00e7\u00e3o\",\"@id\":\"https:\\\/\\\/infocul.pt\\\/arquivo\\\/#\\\/schema\\\/person\\\/f243f45ae8d67639120a7586884f3abc\"},\"headline\":\"Pedro Crispim critica sexo entre Zena e Andr\u00e9 Abrantes: &#8220;Se partilhamos com o Mundo a nossa intimidade o que resta!?&#8221;\",\"datePublished\":\"2020-12-21T09:22:03+00:00\",\"mainEntityOfPage\":{\"@id\":\"https:\\\/\\\/infocul.pt\\\/arquivo\\\/actualidade\\\/pedro-crispim-critica-sexo-entre-zena-e-andre-abrantes-se-partilhamos-com-o-mundo-a-nossa-intimidade-o-que-resta\\\/\"},\"wordCount\":167,\"commentCount\":0,\"publisher\":{\"@id\":\"https:\\\/\\\/infocul.pt\\\/arquivo\\\/#organization\"},\"image\":{\"@id\":\"https:\\\/\\\/infocul.pt\\\/arquivo\\\/actualidade\\\/pedro-crispim-critica-sexo-entre-zena-e-andre-abrantes-se-partilhamos-com-o-mundo-a-nossa-intimidade-o-que-resta\\\/#primaryimage\"},\"thumbnailUrl\":\"https:\\\/\\\/infocul.pt\\\/arquivo\\\/wp-content\\\/uploads\\\/2020\\\/12\\\/pedro-crispim.jpg\",\"keywords\":[\"Big Brother- A Revolu\u00e7\u00e3o\",\"TVI\"],\"articleSection\":[\"Actualidade\",\"Social &amp; LifeStyle\",\"Televis\u00e3o\"],\"inLanguage\":\"pt-PT\"},{\"@type\":\"WebPage\",\"@id\":\"https:\\\/\\\/infocul.pt\\\/arquivo\\\/actualidade\\\/pedro-crispim-critica-sexo-entre-zena-e-andre-abrantes-se-partilhamos-com-o-mundo-a-nossa-intimidade-o-que-resta\\\/\",\"url\":\"https:\\\/\\\/infocul.pt\\\/arquivo\\\/actualidade\\\/pedro-crispim-critica-sexo-entre-zena-e-andre-abrantes-se-partilhamos-com-o-mundo-a-nossa-intimidade-o-que-resta\\\/\",\"name\":\"Pedro Crispim critica sexo entre Zena e Andr\u00e9 Abrantes: \\\"Se partilhamos com o Mundo a nossa intimidade o que resta!?\\\" | Infocul.pt - Arquivo Digital\",\"isPartOf\":{\"@id\":\"https:\\\/\\\/infocul.pt\\\/arquivo\\\/#website\"},\"primaryImageOfPage\":{\"@id\":\"https:\\\/\\\/infocul.pt\\\/arquivo\\\/actualidade\\\/pedro-crispim-critica-sexo-entre-zena-e-andre-abrantes-se-partilhamos-com-o-mundo-a-nossa-intimidade-o-que-resta\\\/#primaryimage\"},\"image\":{\"@id\":\"https:\\\/\\\/infocul.pt\\\/arquivo\\\/actualidade\\\/pedro-crispim-critica-sexo-entre-zena-e-andre-abrantes-se-partilhamos-com-o-mundo-a-nossa-intimidade-o-que-resta\\\/#primaryimage\"},\"thumbnailUrl\":\"https:\\\/\\\/infocul.pt\\\/arquivo\\\/wp-content\\\/uploads\\\/2020\\\/12\\\/pedro-crispim.jpg\",\"datePublished\":\"2020-12-21T09:22:03+00:00\",\"description\":\"Pedro Crispim critica sexo entre Zena e Andr\u00e9 Abrantes: \\\"Se partilhamos com o Mundo a nossa intimidade o que resta!?\\\" | Infocul.pt - Arquivo Digital\",\"breadcrumb\":{\"@id\":\"https:\\\/\\\/infocul.pt\\\/arquivo\\\/actualidade\\\/pedro-crispim-critica-sexo-entre-zena-e-andre-abrantes-se-partilhamos-com-o-mundo-a-nossa-intimidade-o-que-resta\\\/#breadcrumb\"},\"inLanguage\":\"pt-PT\",\"potentialAction\":[{\"@type\":\"ReadAction\",\"target\":[\"https:\\\/\\\/infocul.pt\\\/arquivo\\\/actualidade\\\/pedro-crispim-critica-sexo-entre-zena-e-andre-abrantes-se-partilhamos-com-o-mundo-a-nossa-intimidade-o-que-resta\\\/\"]}]},{\"@type\":\"ImageObject\",\"inLanguage\":\"pt-PT\",\"@id\":\"https:\\\/\\\/infocul.pt\\\/arquivo\\\/actualidade\\\/pedro-crispim-critica-sexo-entre-zena-e-andre-abrantes-se-partilhamos-com-o-mundo-a-nossa-intimidade-o-que-resta\\\/#primaryimage\",\"url\":\"https:\\\/\\\/infocul.pt\\\/arquivo\\\/wp-content\\\/uploads\\\/2020\\\/12\\\/pedro-crispim.jpg\",\"contentUrl\":\"https:\\\/\\\/infocul.pt\\\/arquivo\\\/wp-content\\\/uploads\\\/2020\\\/12\\\/pedro-crispim.jpg\",\"width\":802,\"height\":960},{\"@type\":\"BreadcrumbList\",\"@id\":\"https:\\\/\\\/infocul.pt\\\/arquivo\\\/actualidade\\\/pedro-crispim-critica-sexo-entre-zena-e-andre-abrantes-se-partilhamos-com-o-mundo-a-nossa-intimidade-o-que-resta\\\/#breadcrumb\",\"itemListElement\":[{\"@type\":\"ListItem\",\"position\":1,\"name\":\"Home\",\"item\":\"https:\\\/\\\/infocul.pt\\\/arquivo\\\/\"},{\"@type\":\"ListItem\",\"position\":2,\"name\":\"Pedro Crispim critica sexo entre Zena e Andr\u00e9 Abrantes: &#8220;Se partilhamos com o Mundo a nossa intimidade o que resta!?&#8221;\"}]},{\"@type\":\"WebSite\",\"@id\":\"https:\\\/\\\/infocul.pt\\\/arquivo\\\/#website\",\"url\":\"https:\\\/\\\/infocul.pt\\\/arquivo\\\/\",\"name\":\"Infocul.pt - Arquivo Digital\",\"description\":\"Arquivo digital da Infocul.pt\",\"publisher\":{\"@id\":\"https:\\\/\\\/infocul.pt\\\/arquivo\\\/#organization\"},\"potentialAction\":[{\"@type\":\"SearchAction\",\"target\":{\"@type\":\"EntryPoint\",\"urlTemplate\":\"https:\\\/\\\/infocul.pt\\\/arquivo\\\/?s={search_term_string}\"},\"query-input\":{\"@type\":\"PropertyValueSpecification\",\"valueRequired\":true,\"valueName\":\"search_term_string\"}}],\"inLanguage\":\"pt-PT\"},{\"@type\":\"Organization\",\"@id\":\"https:\\\/\\\/infocul.pt\\\/arquivo\\\/#organization\",\"name\":\"Infocul.pt\",\"url\":\"https:\\\/\\\/infocul.pt\\\/arquivo\\\/\",\"logo\":{\"@type\":\"ImageObject\",\"inLanguage\":\"pt-PT\",\"@id\":\"https:\\\/\\\/infocul.pt\\\/arquivo\\\/#\\\/schema\\\/logo\\\/image\\\/\",\"url\":\"https:\\\/\\\/infocul.pt\\\/arquivo\\\/wp-content\\\/uploads\\\/2018\\\/12\\\/Infocul_logo-1.png\",\"contentUrl\":\"https:\\\/\\\/infocul.pt\\\/arquivo\\\/wp-content\\\/uploads\\\/2018\\\/12\\\/Infocul_logo-1.png\",\"width\":800,\"height\":800,\"caption\":\"Infocul.pt\"},\"image\":{\"@id\":\"https:\\\/\\\/infocul.pt\\\/arquivo\\\/#\\\/schema\\\/logo\\\/image\\\/\"},\"sameAs\":[\"https:\\\/\\\/www.facebook.com\\\/Infocul-147816815585015\\\/\",\"https:\\\/\\\/x.com\\\/Infoculpt\",\"http:\\\/\\\/www.pictaram.com\\\/user\\\/infocul.pt\\\/2370423710\",\"https:\\\/\\\/www.youtube.com\\\/channel\\\/UCYEB91AGI9FL9ek2i_IaQAA\"]},{\"@type\":\"Person\",\"@id\":\"https:\\\/\\\/infocul.pt\\\/arquivo\\\/#\\\/schema\\\/person\\\/f243f45ae8d67639120a7586884f3abc\",\"name\":\"Redac\u00e7\u00e3o\",\"image\":{\"@type\":\"ImageObject\",\"inLanguage\":\"pt-PT\",\"@id\":\"https:\\\/\\\/secure.gravatar.com\\\/avatar\\\/151b1b76c598ab5e749407223bd6c1bad4e41c4e95de3c3df83540ebee2deaf8?s=96&d=mm&r=g\",\"url\":\"https:\\\/\\\/secure.gravatar.com\\\/avatar\\\/151b1b76c598ab5e749407223bd6c1bad4e41c4e95de3c3df83540ebee2deaf8?s=96&d=mm&r=g\",\"contentUrl\":\"https:\\\/\\\/secure.gravatar.com\\\/avatar\\\/151b1b76c598ab5e749407223bd6c1bad4e41c4e95de3c3df83540ebee2deaf8?s=96&d=mm&r=g\",\"caption\":\"Redac\u00e7\u00e3o\"}}]}<\/script>\n<!-- \/ Yoast SEO plugin. -->","yoast_head_json":{"title":"Pedro Crispim critica sexo entre Zena e Andr\u00e9 Abrantes: \"Se partilhamos com o Mundo a nossa intimidade o que resta!?\" | Infocul.pt - Arquivo Digital","description":"Pedro Crispim critica sexo entre Zena e Andr\u00e9 Abrantes: \"Se partilhamos com o Mundo a nossa intimidade o que resta!?\" | Infocul.pt - Arquivo Digital","robots":{"index":"noindex","follow":"follow","max-snippet":"max-snippet:-1","max-image-preview":"max-image-preview:large","max-video-preview":"max-video-preview:-1"},"og_locale":"pt_PT","og_type":"article","og_title":"Pedro Crispim critica sexo entre Zena e Andr\u00e9 Abrantes: \"Se partilhamos com o Mundo a nossa intimidade o que resta!?\" | Infocul.pt - Arquivo Digital","og_description":"Pedro Crispim critica sexo entre Zena e Andr\u00e9 Abrantes: \"Se partilhamos com o Mundo a nossa intimidade o que resta!?\" | Infocul.pt - Arquivo Digital","og_url":"https:\/\/infocul.pt\/arquivo\/actualidade\/pedro-crispim-critica-sexo-entre-zena-e-andre-abrantes-se-partilhamos-com-o-mundo-a-nossa-intimidade-o-que-resta\/","og_site_name":"Infocul.pt - Arquivo Digital","article_publisher":"https:\/\/www.facebook.com\/Infocul-147816815585015\/","article_published_time":"2020-12-21T09:22:03+00:00","og_image":[{"width":802,"height":960,"url":"https:\/\/infocul.pt\/arquivo\/wp-content\/uploads\/2020\/12\/pedro-crispim.jpg","type":"image\/jpeg"}],"author":"Redac\u00e7\u00e3o","twitter_card":"summary_large_image","twitter_creator":"@Infoculpt","twitter_site":"@Infoculpt","twitter_misc":{"Escrito por":"Redac\u00e7\u00e3o","Tempo estimado de leitura":"1 minuto"},"schema":{"@context":"https:\/\/schema.org","@graph":[{"@type":"Article","@id":"https:\/\/infocul.pt\/arquivo\/actualidade\/pedro-crispim-critica-sexo-entre-zena-e-andre-abrantes-se-partilhamos-com-o-mundo-a-nossa-intimidade-o-que-resta\/#article","isPartOf":{"@id":"https:\/\/infocul.pt\/arquivo\/actualidade\/pedro-crispim-critica-sexo-entre-zena-e-andre-abrantes-se-partilhamos-com-o-mundo-a-nossa-intimidade-o-que-resta\/"},"author":{"name":"Redac\u00e7\u00e3o","@id":"https:\/\/infocul.pt\/arquivo\/#\/schema\/person\/f243f45ae8d67639120a7586884f3abc"},"headline":"Pedro Crispim critica sexo entre Zena e Andr\u00e9 Abrantes: &#8220;Se partilhamos com o Mundo a nossa intimidade o que resta!?&#8221;","datePublished":"2020-12-21T09:22:03+00:00","mainEntityOfPage":{"@id":"https:\/\/infocul.pt\/arquivo\/actualidade\/pedro-crispim-critica-sexo-entre-zena-e-andre-abrantes-se-partilhamos-com-o-mundo-a-nossa-intimidade-o-que-resta\/"},"wordCount":167,"commentCount":0,"publisher":{"@id":"https:\/\/infocul.pt\/arquivo\/#organization"},"image":{"@id":"https:\/\/infocul.pt\/arquivo\/actualidade\/pedro-crispim-critica-sexo-entre-zena-e-andre-abrantes-se-partilhamos-com-o-mundo-a-nossa-intimidade-o-que-resta\/#primaryimage"},"thumbnailUrl":"https:\/\/infocul.pt\/arquivo\/wp-content\/uploads\/2020\/12\/pedro-crispim.jpg","keywords":["Big Brother- A Revolu\u00e7\u00e3o","TVI"],"articleSection":["Actualidade","Social &amp; LifeStyle","Televis\u00e3o"],"inLanguage":"pt-PT"},{"@type":"WebPage","@id":"https:\/\/infocul.pt\/arquivo\/actualidade\/pedro-crispim-critica-sexo-entre-zena-e-andre-abrantes-se-partilhamos-com-o-mundo-a-nossa-intimidade-o-que-resta\/","url":"https:\/\/infocul.pt\/arquivo\/actualidade\/pedro-crispim-critica-sexo-entre-zena-e-andre-abrantes-se-partilhamos-com-o-mundo-a-nossa-intimidade-o-que-resta\/","name":"Pedro Crispim critica sexo entre Zena e Andr\u00e9 Abrantes: \"Se partilhamos com o Mundo a nossa intimidade o que resta!?\" | Infocul.pt - Arquivo Digital","isPartOf":{"@id":"https:\/\/infocul.pt\/arquivo\/#website"},"primaryImageOfPage":{"@id":"https:\/\/infocul.pt\/arquivo\/actualidade\/pedro-crispim-critica-sexo-entre-zena-e-andre-abrantes-se-partilhamos-com-o-mundo-a-nossa-intimidade-o-que-resta\/#primaryimage"},"image":{"@id":"https:\/\/infocul.pt\/arquivo\/actualidade\/pedro-crispim-critica-sexo-entre-zena-e-andre-abrantes-se-partilhamos-com-o-mundo-a-nossa-intimidade-o-que-resta\/#primaryimage"},"thumbnailUrl":"https:\/\/infocul.pt\/arquivo\/wp-content\/uploads\/2020\/12\/pedro-crispim.jpg","datePublished":"2020-12-21T09:22:03+00:00","description":"Pedro Crispim critica sexo entre Zena e Andr\u00e9 Abrantes: \"Se partilhamos com o Mundo a nossa intimidade o que resta!?\" | Infocul.pt - Arquivo Digital","breadcrumb":{"@id":"https:\/\/infocul.pt\/arquivo\/actualidade\/pedro-crispim-critica-sexo-entre-zena-e-andre-abrantes-se-partilhamos-com-o-mundo-a-nossa-intimidade-o-que-resta\/#breadcrumb"},"inLanguage":"pt-PT","potentialAction":[{"@type":"ReadAction","target":["https:\/\/infocul.pt\/arquivo\/actualidade\/pedro-crispim-critica-sexo-entre-zena-e-andre-abrantes-se-partilhamos-com-o-mundo-a-nossa-intimidade-o-que-resta\/"]}]},{"@type":"ImageObject","inLanguage":"pt-PT","@id":"https:\/\/infocul.pt\/arquivo\/actualidade\/pedro-crispim-critica-sexo-entre-zena-e-andre-abrantes-se-partilhamos-com-o-mundo-a-nossa-intimidade-o-que-resta\/#primaryimage","url":"https:\/\/infocul.pt\/arquivo\/wp-content\/uploads\/2020\/12\/pedro-crispim.jpg","contentUrl":"https:\/\/infocul.pt\/arquivo\/wp-content\/uploads\/2020\/12\/pedro-crispim.jpg","width":802,"height":960},{"@type":"BreadcrumbList","@id":"https:\/\/infocul.pt\/arquivo\/actualidade\/pedro-crispim-critica-sexo-entre-zena-e-andre-abrantes-se-partilhamos-com-o-mundo-a-nossa-intimidade-o-que-resta\/#breadcrumb","itemListElement":[{"@type":"ListItem","position":1,"name":"Home","item":"https:\/\/infocul.pt\/arquivo\/"},{"@type":"ListItem","position":2,"name":"Pedro Crispim critica sexo entre Zena e Andr\u00e9 Abrantes: &#8220;Se partilhamos com o Mundo a nossa intimidade o que resta!?&#8221;"}]},{"@type":"WebSite","@id":"https:\/\/infocul.pt\/arquivo\/#website","url":"https:\/\/infocul.pt\/arquivo\/","name":"Infocul.pt - Arquivo Digital","description":"Arquivo digital da Infocul.pt","publisher":{"@id":"https:\/\/infocul.pt\/arquivo\/#organization"},"potentialAction":[{"@type":"SearchAction","target":{"@type":"EntryPoint","urlTemplate":"https:\/\/infocul.pt\/arquivo\/?s={search_term_string}"},"query-input":{"@type":"PropertyValueSpecification","valueRequired":true,"valueName":"search_term_string"}}],"inLanguage":"pt-PT"},{"@type":"Organization","@id":"https:\/\/infocul.pt\/arquivo\/#organization","name":"Infocul.pt","url":"https:\/\/infocul.pt\/arquivo\/","logo":{"@type":"ImageObject","inLanguage":"pt-PT","@id":"https:\/\/infocul.pt\/arquivo\/#\/schema\/logo\/image\/","url":"https:\/\/infocul.pt\/arquivo\/wp-content\/uploads\/2018\/12\/Infocul_logo-1.png","contentUrl":"https:\/\/infocul.pt\/arquivo\/wp-content\/uploads\/2018\/12\/Infocul_logo-1.png","width":800,"height":800,"caption":"Infocul.pt"},"image":{"@id":"https:\/\/infocul.pt\/arquivo\/#\/schema\/logo\/image\/"},"sameAs":["https:\/\/www.facebook.com\/Infocul-147816815585015\/","https:\/\/x.com\/Infoculpt","http:\/\/www.pictaram.com\/user\/infocul.pt\/2370423710","https:\/\/www.youtube.com\/channel\/UCYEB91AGI9FL9ek2i_IaQAA"]},{"@type":"Person","@id":"https:\/\/infocul.pt\/arquivo\/#\/schema\/person\/f243f45ae8d67639120a7586884f3abc","name":"Redac\u00e7\u00e3o","image":{"@type":"ImageObject","inLanguage":"pt-PT","@id":"https:\/\/secure.gravatar.com\/avatar\/151b1b76c598ab5e749407223bd6c1bad4e41c4e95de3c3df83540ebee2deaf8?s=96&d=mm&r=g","url":"https:\/\/secure.gravatar.com\/avatar\/151b1b76c598ab5e749407223bd6c1bad4e41c4e95de3c3df83540ebee2deaf8?s=96&d=mm&r=g","contentUrl":"https:\/\/secure.gravatar.com\/avatar\/151b1b76c598ab5e749407223bd6c1bad4e41c4e95de3c3df83540ebee2deaf8?s=96&d=mm&r=g","caption":"Redac\u00e7\u00e3o"}}]}},"_links":{"self":[{"href":"https:\/\/infocul.pt\/arquivo\/wp-json\/wp\/v2\/posts\/88277","targetHints":{"allow":["GET"]}}],"collection":[{"href":"https:\/\/infocul.pt\/arquivo\/wp-json\/wp\/v2\/posts"}],"about":[{"href":"https:\/\/infocul.pt\/arquivo\/wp-json\/wp\/v2\/types\/post"}],"author":[{"embeddable":true,"href":"https:\/\/infocul.pt\/arquivo\/wp-json\/wp\/v2\/users\/13"}],"replies":[{"embeddable":true,"href":"https:\/\/infocul.pt\/arquivo\/wp-json\/wp\/v2\/comments?post=88277"}],"version-history":[{"count":0,"href":"https:\/\/infocul.pt\/arquivo\/wp-json\/wp\/v2\/posts\/88277\/revisions"}],"wp:featuredmedia":[{"embeddable":true,"href":"https:\/\/infocul.pt\/arquivo\/wp-json\/wp\/v2\/media\/88278"}],"wp:attachment":[{"href":"https:\/\/infocul.pt\/arquivo\/wp-json\/wp\/v2\/media?parent=88277"}],"wp:term":[{"taxonomy":"category","embeddable":true,"href":"https:\/\/infocul.pt\/arquivo\/wp-json\/wp\/v2\/categories?post=88277"},{"taxonomy":"post_tag","embeddable":true,"href":"https:\/\/infocul.pt\/arquivo\/wp-json\/wp\/v2\/tags?post=88277"}],"curies":[{"name":"wp","href":"https:\/\/api.w.org\/{rel}","templated":true}]}}