{"id":88305,"date":"2020-12-21T14:48:22","date_gmt":"2020-12-21T14:48:22","guid":{"rendered":"https:\/\/infocul.pt\/?p=88305"},"modified":"2020-12-21T14:48:22","modified_gmt":"2020-12-21T14:48:22","slug":"andre-abrantes-e-sexo-com-zena-nao-vou-desmentir-que-nunca-usei-preservativos","status":"publish","type":"post","link":"https:\/\/infocul.pt\/arquivo\/actualidade\/andre-abrantes-e-sexo-com-zena-nao-vou-desmentir-que-nunca-usei-preservativos\/","title":{"rendered":"Andr\u00e9 Abrantes e sexo com Zena: &#8220;N\u00e3o vou desmentir que nunca usei&#8221; preservativos"},"content":{"rendered":"<p><img decoding=\"async\" class=\"aligncenter wp-image-88306 size-large lazyload\" data-src=\"https:\/\/infocul.pt\/arquivo\/wp-content\/uploads\/2020\/12\/andre-abrantes-1024x1024.jpg\" alt=\"\" width=\"800\" height=\"800\" data-srcset=\"https:\/\/infocul.pt\/arquivo\/wp-content\/uploads\/2020\/12\/andre-abrantes.jpg 1024w, https:\/\/infocul.pt\/arquivo\/wp-content\/uploads\/2020\/12\/andre-abrantes-300x300.jpg 300w, https:\/\/infocul.pt\/arquivo\/wp-content\/uploads\/2020\/12\/andre-abrantes-150x150.jpg 150w, https:\/\/infocul.pt\/arquivo\/wp-content\/uploads\/2020\/12\/andre-abrantes-768x768.jpg 768w\" data-sizes=\"(max-width: 800px) 100vw, 800px\" src=\"data:image\/svg+xml;base64,PHN2ZyB3aWR0aD0iMSIgaGVpZ2h0PSIxIiB4bWxucz0iaHR0cDovL3d3dy53My5vcmcvMjAwMC9zdmciPjwvc3ZnPg==\" style=\"--smush-placeholder-width: 800px; --smush-placeholder-aspect-ratio: 800\/800;\" \/><\/p>\n<p>Andr\u00e9 Abrantes foi o concorrente expulso ontem e hoje, no Voc\u00ea na TV, falou sobre os momentos de sexo com Zena.<!--more--><\/p>\n<p>\u201c<em><strong>N\u00f3s<\/strong><\/em> [Andr\u00e9 e Zena] f<em><strong>omos falar no confession\u00e1rio para perguntar se havia problema. Eles disseram que n\u00e3o, que n\u00e3o ia passar nada<\/strong><\/em>\u201d, come\u00e7ou por contar.<\/p>\n<p>\u201c<em><strong>Pedimos para n\u00e3o passar e confiamos neles. A partir da\u00ed, fomos fazendo o que fomos fazendo<\/strong><\/em>\u201d, disse, assumindo que pediram \u00e0 produ\u00e7\u00e3o para n\u00e3o passar imagens dos momentos de sexo.<\/p>\n<p>\u201c<em><strong>N\u00e3o podem passar coisas com bolinha, n\u00e3o \u00e9?<\/strong><\/em>\u201d, acrescentou.<\/p>\n<p>\u201c<em><strong>N\u00f3s fizemos o que fizemos, porque est\u00e1vamos apaixonados. Eu falei com ela<\/strong><\/em> [Zena]. <em><strong>Houve uma vez em que lhe disse \u2018se te sentires mal com isso, n\u00e3o fazemos, porque entendo perfeitamente\u2019. Ela disse \u2018n\u00e3o. Tenho a consci\u00eancia tranquila\u2019. Ela \u00e9 muito dona de si pr\u00f3pria&#8221;, <\/strong><\/em>disse ainda sobre o acordo entre ambos para fazerem sexo<em><strong>.<\/strong><\/em><\/p>\n<p>Sobre os preservativos usados encontrados na casa, disse que &#8220;<em><strong>o preservativo n\u00e3o era meu. Mais depressa seria do Renato e quem falou foi ele, n\u00e3o fui eu<\/strong><\/em>\u201d.<\/p>\n<p>\u201c<em><strong>Primeiro, houve um preservativo no quarto dos l\u00edderes e quem \u00e9 que estava l\u00e1? A J\u00e9ssica e o Renato. Ficaram l\u00e1 duas semanas e o preservativo estava l\u00e1. Agora, se era de facto deles? N\u00e3o sei. Meu n\u00e3o era de certeza\u201d<\/strong><\/em>, acrescentou.<\/p>\n<p>\u201c<em><strong>Outro preservativo que estava na casa de banho do quarto grande tamb\u00e9m n\u00e3o era nosso e esse era mesmo do Renato, que at\u00e9 eu pr\u00f3prio fui falar com ele. Mas o preservativo estava no lixo, o que n\u00e3o estava no lixo era a embalagem<\/strong><\/em>\u201d, explicou ainda.<\/p>\n<p>\u201c<em><strong>Nunca foi nosso, mas tamb\u00e9m n\u00e3o vou desmentir que nunca us<\/strong><strong>ei<\/strong><\/em>\u201d, rematou sobre os preservativos.<\/p>\n","protected":false},"excerpt":{"rendered":"<p>Andr\u00e9 Abrantes foi o concorrente expulso ontem e hoje, no Voc\u00ea na TV, falou sobre os momentos de sexo com Zena.<\/p>\n","protected":false},"author":13,"featured_media":88306,"comment_status":"open","ping_status":"closed","sticky":false,"template":"","format":"standard","meta":{"footnotes":""},"categories":[10,14],"tags":[9975,2288],"class_list":["post-88305","post","type-post","status-publish","format-standard","has-post-thumbnail","hentry","category-actualidade","category-televisao","tag-big-brother-a-revolucao","tag-tvi"],"yoast_head":"<!-- This site is optimized with the Yoast SEO plugin v27.4 - https:\/\/yoast.com\/product\/yoast-seo-wordpress\/ -->\n<title>Andr\u00e9 Abrantes e sexo com Zena: &quot;N\u00e3o vou desmentir que nunca usei&quot; preservativos | Infocul.pt - Arquivo Digital<\/title>\n<meta name=\"description\" content=\"Andr\u00e9 Abrantes e sexo com Zena: &quot;N\u00e3o vou desmentir que nunca usei&quot; preservativos | Infocul.pt - Arquivo Digital\" \/>\n<meta name=\"robots\" content=\"noindex, follow, max-snippet:-1, max-image-preview:large, max-video-preview:-1\" \/>\n<meta property=\"og:locale\" content=\"pt_PT\" \/>\n<meta property=\"og:type\" content=\"article\" \/>\n<meta property=\"og:title\" content=\"Andr\u00e9 Abrantes e sexo com Zena: &quot;N\u00e3o vou desmentir que nunca usei&quot; preservativos | Infocul.pt - Arquivo Digital\" \/>\n<meta property=\"og:description\" content=\"Andr\u00e9 Abrantes e sexo com Zena: &quot;N\u00e3o vou desmentir que nunca usei&quot; preservativos | Infocul.pt - Arquivo Digital\" \/>\n<meta property=\"og:url\" content=\"https:\/\/infocul.pt\/arquivo\/actualidade\/andre-abrantes-e-sexo-com-zena-nao-vou-desmentir-que-nunca-usei-preservativos\/\" \/>\n<meta property=\"og:site_name\" content=\"Infocul.pt - Arquivo Digital\" \/>\n<meta property=\"article:publisher\" content=\"https:\/\/www.facebook.com\/Infocul-147816815585015\/\" \/>\n<meta property=\"article:published_time\" content=\"2020-12-21T14:48:22+00:00\" \/>\n<meta property=\"og:image\" content=\"https:\/\/infocul.pt\/arquivo\/wp-content\/uploads\/2020\/12\/andre-abrantes.jpg\" \/>\n\t<meta property=\"og:image:width\" content=\"1024\" \/>\n\t<meta property=\"og:image:height\" content=\"1024\" \/>\n\t<meta property=\"og:image:type\" content=\"image\/jpeg\" \/>\n<meta name=\"author\" content=\"Redac\u00e7\u00e3o\" \/>\n<meta name=\"twitter:card\" content=\"summary_large_image\" \/>\n<meta name=\"twitter:creator\" content=\"@Infoculpt\" \/>\n<meta name=\"twitter:site\" content=\"@Infoculpt\" \/>\n<meta name=\"twitter:label1\" content=\"Escrito por\" \/>\n\t<meta name=\"twitter:data1\" content=\"Redac\u00e7\u00e3o\" \/>\n\t<meta name=\"twitter:label2\" content=\"Tempo estimado de leitura\" \/>\n\t<meta name=\"twitter:data2\" content=\"1 minuto\" \/>\n<script type=\"application\/ld+json\" class=\"yoast-schema-graph\">{\"@context\":\"https:\\\/\\\/schema.org\",\"@graph\":[{\"@type\":\"Article\",\"@id\":\"https:\\\/\\\/infocul.pt\\\/arquivo\\\/actualidade\\\/andre-abrantes-e-sexo-com-zena-nao-vou-desmentir-que-nunca-usei-preservativos\\\/#article\",\"isPartOf\":{\"@id\":\"https:\\\/\\\/infocul.pt\\\/arquivo\\\/actualidade\\\/andre-abrantes-e-sexo-com-zena-nao-vou-desmentir-que-nunca-usei-preservativos\\\/\"},\"author\":{\"name\":\"Redac\u00e7\u00e3o\",\"@id\":\"https:\\\/\\\/infocul.pt\\\/arquivo\\\/#\\\/schema\\\/person\\\/f243f45ae8d67639120a7586884f3abc\"},\"headline\":\"Andr\u00e9 Abrantes e sexo com Zena: &#8220;N\u00e3o vou desmentir que nunca usei&#8221; preservativos\",\"datePublished\":\"2020-12-21T14:48:22+00:00\",\"mainEntityOfPage\":{\"@id\":\"https:\\\/\\\/infocul.pt\\\/arquivo\\\/actualidade\\\/andre-abrantes-e-sexo-com-zena-nao-vou-desmentir-que-nunca-usei-preservativos\\\/\"},\"wordCount\":310,\"commentCount\":0,\"publisher\":{\"@id\":\"https:\\\/\\\/infocul.pt\\\/arquivo\\\/#organization\"},\"image\":{\"@id\":\"https:\\\/\\\/infocul.pt\\\/arquivo\\\/actualidade\\\/andre-abrantes-e-sexo-com-zena-nao-vou-desmentir-que-nunca-usei-preservativos\\\/#primaryimage\"},\"thumbnailUrl\":\"https:\\\/\\\/infocul.pt\\\/arquivo\\\/wp-content\\\/uploads\\\/2020\\\/12\\\/andre-abrantes.jpg\",\"keywords\":[\"Big Brother- A Revolu\u00e7\u00e3o\",\"TVI\"],\"articleSection\":[\"Actualidade\",\"Televis\u00e3o\"],\"inLanguage\":\"pt-PT\"},{\"@type\":\"WebPage\",\"@id\":\"https:\\\/\\\/infocul.pt\\\/arquivo\\\/actualidade\\\/andre-abrantes-e-sexo-com-zena-nao-vou-desmentir-que-nunca-usei-preservativos\\\/\",\"url\":\"https:\\\/\\\/infocul.pt\\\/arquivo\\\/actualidade\\\/andre-abrantes-e-sexo-com-zena-nao-vou-desmentir-que-nunca-usei-preservativos\\\/\",\"name\":\"Andr\u00e9 Abrantes e sexo com Zena: \\\"N\u00e3o vou desmentir que nunca usei\\\" preservativos | Infocul.pt - Arquivo Digital\",\"isPartOf\":{\"@id\":\"https:\\\/\\\/infocul.pt\\\/arquivo\\\/#website\"},\"primaryImageOfPage\":{\"@id\":\"https:\\\/\\\/infocul.pt\\\/arquivo\\\/actualidade\\\/andre-abrantes-e-sexo-com-zena-nao-vou-desmentir-que-nunca-usei-preservativos\\\/#primaryimage\"},\"image\":{\"@id\":\"https:\\\/\\\/infocul.pt\\\/arquivo\\\/actualidade\\\/andre-abrantes-e-sexo-com-zena-nao-vou-desmentir-que-nunca-usei-preservativos\\\/#primaryimage\"},\"thumbnailUrl\":\"https:\\\/\\\/infocul.pt\\\/arquivo\\\/wp-content\\\/uploads\\\/2020\\\/12\\\/andre-abrantes.jpg\",\"datePublished\":\"2020-12-21T14:48:22+00:00\",\"description\":\"Andr\u00e9 Abrantes e sexo com Zena: \\\"N\u00e3o vou desmentir que nunca usei\\\" preservativos | Infocul.pt - Arquivo Digital\",\"breadcrumb\":{\"@id\":\"https:\\\/\\\/infocul.pt\\\/arquivo\\\/actualidade\\\/andre-abrantes-e-sexo-com-zena-nao-vou-desmentir-que-nunca-usei-preservativos\\\/#breadcrumb\"},\"inLanguage\":\"pt-PT\",\"potentialAction\":[{\"@type\":\"ReadAction\",\"target\":[\"https:\\\/\\\/infocul.pt\\\/arquivo\\\/actualidade\\\/andre-abrantes-e-sexo-com-zena-nao-vou-desmentir-que-nunca-usei-preservativos\\\/\"]}]},{\"@type\":\"ImageObject\",\"inLanguage\":\"pt-PT\",\"@id\":\"https:\\\/\\\/infocul.pt\\\/arquivo\\\/actualidade\\\/andre-abrantes-e-sexo-com-zena-nao-vou-desmentir-que-nunca-usei-preservativos\\\/#primaryimage\",\"url\":\"https:\\\/\\\/infocul.pt\\\/arquivo\\\/wp-content\\\/uploads\\\/2020\\\/12\\\/andre-abrantes.jpg\",\"contentUrl\":\"https:\\\/\\\/infocul.pt\\\/arquivo\\\/wp-content\\\/uploads\\\/2020\\\/12\\\/andre-abrantes.jpg\",\"width\":1024,\"height\":1024},{\"@type\":\"BreadcrumbList\",\"@id\":\"https:\\\/\\\/infocul.pt\\\/arquivo\\\/actualidade\\\/andre-abrantes-e-sexo-com-zena-nao-vou-desmentir-que-nunca-usei-preservativos\\\/#breadcrumb\",\"itemListElement\":[{\"@type\":\"ListItem\",\"position\":1,\"name\":\"Home\",\"item\":\"https:\\\/\\\/infocul.pt\\\/arquivo\\\/\"},{\"@type\":\"ListItem\",\"position\":2,\"name\":\"Andr\u00e9 Abrantes e sexo com Zena: &#8220;N\u00e3o vou desmentir que nunca usei&#8221; preservativos\"}]},{\"@type\":\"WebSite\",\"@id\":\"https:\\\/\\\/infocul.pt\\\/arquivo\\\/#website\",\"url\":\"https:\\\/\\\/infocul.pt\\\/arquivo\\\/\",\"name\":\"Infocul.pt - Arquivo Digital\",\"description\":\"Arquivo digital da Infocul.pt\",\"publisher\":{\"@id\":\"https:\\\/\\\/infocul.pt\\\/arquivo\\\/#organization\"},\"potentialAction\":[{\"@type\":\"SearchAction\",\"target\":{\"@type\":\"EntryPoint\",\"urlTemplate\":\"https:\\\/\\\/infocul.pt\\\/arquivo\\\/?s={search_term_string}\"},\"query-input\":{\"@type\":\"PropertyValueSpecification\",\"valueRequired\":true,\"valueName\":\"search_term_string\"}}],\"inLanguage\":\"pt-PT\"},{\"@type\":\"Organization\",\"@id\":\"https:\\\/\\\/infocul.pt\\\/arquivo\\\/#organization\",\"name\":\"Infocul.pt\",\"url\":\"https:\\\/\\\/infocul.pt\\\/arquivo\\\/\",\"logo\":{\"@type\":\"ImageObject\",\"inLanguage\":\"pt-PT\",\"@id\":\"https:\\\/\\\/infocul.pt\\\/arquivo\\\/#\\\/schema\\\/logo\\\/image\\\/\",\"url\":\"https:\\\/\\\/infocul.pt\\\/arquivo\\\/wp-content\\\/uploads\\\/2018\\\/12\\\/Infocul_logo-1.png\",\"contentUrl\":\"https:\\\/\\\/infocul.pt\\\/arquivo\\\/wp-content\\\/uploads\\\/2018\\\/12\\\/Infocul_logo-1.png\",\"width\":800,\"height\":800,\"caption\":\"Infocul.pt\"},\"image\":{\"@id\":\"https:\\\/\\\/infocul.pt\\\/arquivo\\\/#\\\/schema\\\/logo\\\/image\\\/\"},\"sameAs\":[\"https:\\\/\\\/www.facebook.com\\\/Infocul-147816815585015\\\/\",\"https:\\\/\\\/x.com\\\/Infoculpt\",\"http:\\\/\\\/www.pictaram.com\\\/user\\\/infocul.pt\\\/2370423710\",\"https:\\\/\\\/www.youtube.com\\\/channel\\\/UCYEB91AGI9FL9ek2i_IaQAA\"]},{\"@type\":\"Person\",\"@id\":\"https:\\\/\\\/infocul.pt\\\/arquivo\\\/#\\\/schema\\\/person\\\/f243f45ae8d67639120a7586884f3abc\",\"name\":\"Redac\u00e7\u00e3o\",\"image\":{\"@type\":\"ImageObject\",\"inLanguage\":\"pt-PT\",\"@id\":\"https:\\\/\\\/secure.gravatar.com\\\/avatar\\\/151b1b76c598ab5e749407223bd6c1bad4e41c4e95de3c3df83540ebee2deaf8?s=96&d=mm&r=g\",\"url\":\"https:\\\/\\\/secure.gravatar.com\\\/avatar\\\/151b1b76c598ab5e749407223bd6c1bad4e41c4e95de3c3df83540ebee2deaf8?s=96&d=mm&r=g\",\"contentUrl\":\"https:\\\/\\\/secure.gravatar.com\\\/avatar\\\/151b1b76c598ab5e749407223bd6c1bad4e41c4e95de3c3df83540ebee2deaf8?s=96&d=mm&r=g\",\"caption\":\"Redac\u00e7\u00e3o\"}}]}<\/script>\n<!-- \/ Yoast SEO plugin. -->","yoast_head_json":{"title":"Andr\u00e9 Abrantes e sexo com Zena: \"N\u00e3o vou desmentir que nunca usei\" preservativos | Infocul.pt - Arquivo Digital","description":"Andr\u00e9 Abrantes e sexo com Zena: \"N\u00e3o vou desmentir que nunca usei\" preservativos | Infocul.pt - Arquivo Digital","robots":{"index":"noindex","follow":"follow","max-snippet":"max-snippet:-1","max-image-preview":"max-image-preview:large","max-video-preview":"max-video-preview:-1"},"og_locale":"pt_PT","og_type":"article","og_title":"Andr\u00e9 Abrantes e sexo com Zena: \"N\u00e3o vou desmentir que nunca usei\" preservativos | Infocul.pt - Arquivo Digital","og_description":"Andr\u00e9 Abrantes e sexo com Zena: \"N\u00e3o vou desmentir que nunca usei\" preservativos | Infocul.pt - Arquivo Digital","og_url":"https:\/\/infocul.pt\/arquivo\/actualidade\/andre-abrantes-e-sexo-com-zena-nao-vou-desmentir-que-nunca-usei-preservativos\/","og_site_name":"Infocul.pt - Arquivo Digital","article_publisher":"https:\/\/www.facebook.com\/Infocul-147816815585015\/","article_published_time":"2020-12-21T14:48:22+00:00","og_image":[{"width":1024,"height":1024,"url":"https:\/\/infocul.pt\/arquivo\/wp-content\/uploads\/2020\/12\/andre-abrantes.jpg","type":"image\/jpeg"}],"author":"Redac\u00e7\u00e3o","twitter_card":"summary_large_image","twitter_creator":"@Infoculpt","twitter_site":"@Infoculpt","twitter_misc":{"Escrito por":"Redac\u00e7\u00e3o","Tempo estimado de leitura":"1 minuto"},"schema":{"@context":"https:\/\/schema.org","@graph":[{"@type":"Article","@id":"https:\/\/infocul.pt\/arquivo\/actualidade\/andre-abrantes-e-sexo-com-zena-nao-vou-desmentir-que-nunca-usei-preservativos\/#article","isPartOf":{"@id":"https:\/\/infocul.pt\/arquivo\/actualidade\/andre-abrantes-e-sexo-com-zena-nao-vou-desmentir-que-nunca-usei-preservativos\/"},"author":{"name":"Redac\u00e7\u00e3o","@id":"https:\/\/infocul.pt\/arquivo\/#\/schema\/person\/f243f45ae8d67639120a7586884f3abc"},"headline":"Andr\u00e9 Abrantes e sexo com Zena: &#8220;N\u00e3o vou desmentir que nunca usei&#8221; preservativos","datePublished":"2020-12-21T14:48:22+00:00","mainEntityOfPage":{"@id":"https:\/\/infocul.pt\/arquivo\/actualidade\/andre-abrantes-e-sexo-com-zena-nao-vou-desmentir-que-nunca-usei-preservativos\/"},"wordCount":310,"commentCount":0,"publisher":{"@id":"https:\/\/infocul.pt\/arquivo\/#organization"},"image":{"@id":"https:\/\/infocul.pt\/arquivo\/actualidade\/andre-abrantes-e-sexo-com-zena-nao-vou-desmentir-que-nunca-usei-preservativos\/#primaryimage"},"thumbnailUrl":"https:\/\/infocul.pt\/arquivo\/wp-content\/uploads\/2020\/12\/andre-abrantes.jpg","keywords":["Big Brother- A Revolu\u00e7\u00e3o","TVI"],"articleSection":["Actualidade","Televis\u00e3o"],"inLanguage":"pt-PT"},{"@type":"WebPage","@id":"https:\/\/infocul.pt\/arquivo\/actualidade\/andre-abrantes-e-sexo-com-zena-nao-vou-desmentir-que-nunca-usei-preservativos\/","url":"https:\/\/infocul.pt\/arquivo\/actualidade\/andre-abrantes-e-sexo-com-zena-nao-vou-desmentir-que-nunca-usei-preservativos\/","name":"Andr\u00e9 Abrantes e sexo com Zena: \"N\u00e3o vou desmentir que nunca usei\" preservativos | Infocul.pt - Arquivo Digital","isPartOf":{"@id":"https:\/\/infocul.pt\/arquivo\/#website"},"primaryImageOfPage":{"@id":"https:\/\/infocul.pt\/arquivo\/actualidade\/andre-abrantes-e-sexo-com-zena-nao-vou-desmentir-que-nunca-usei-preservativos\/#primaryimage"},"image":{"@id":"https:\/\/infocul.pt\/arquivo\/actualidade\/andre-abrantes-e-sexo-com-zena-nao-vou-desmentir-que-nunca-usei-preservativos\/#primaryimage"},"thumbnailUrl":"https:\/\/infocul.pt\/arquivo\/wp-content\/uploads\/2020\/12\/andre-abrantes.jpg","datePublished":"2020-12-21T14:48:22+00:00","description":"Andr\u00e9 Abrantes e sexo com Zena: \"N\u00e3o vou desmentir que nunca usei\" preservativos | Infocul.pt - Arquivo Digital","breadcrumb":{"@id":"https:\/\/infocul.pt\/arquivo\/actualidade\/andre-abrantes-e-sexo-com-zena-nao-vou-desmentir-que-nunca-usei-preservativos\/#breadcrumb"},"inLanguage":"pt-PT","potentialAction":[{"@type":"ReadAction","target":["https:\/\/infocul.pt\/arquivo\/actualidade\/andre-abrantes-e-sexo-com-zena-nao-vou-desmentir-que-nunca-usei-preservativos\/"]}]},{"@type":"ImageObject","inLanguage":"pt-PT","@id":"https:\/\/infocul.pt\/arquivo\/actualidade\/andre-abrantes-e-sexo-com-zena-nao-vou-desmentir-que-nunca-usei-preservativos\/#primaryimage","url":"https:\/\/infocul.pt\/arquivo\/wp-content\/uploads\/2020\/12\/andre-abrantes.jpg","contentUrl":"https:\/\/infocul.pt\/arquivo\/wp-content\/uploads\/2020\/12\/andre-abrantes.jpg","width":1024,"height":1024},{"@type":"BreadcrumbList","@id":"https:\/\/infocul.pt\/arquivo\/actualidade\/andre-abrantes-e-sexo-com-zena-nao-vou-desmentir-que-nunca-usei-preservativos\/#breadcrumb","itemListElement":[{"@type":"ListItem","position":1,"name":"Home","item":"https:\/\/infocul.pt\/arquivo\/"},{"@type":"ListItem","position":2,"name":"Andr\u00e9 Abrantes e sexo com Zena: &#8220;N\u00e3o vou desmentir que nunca usei&#8221; preservativos"}]},{"@type":"WebSite","@id":"https:\/\/infocul.pt\/arquivo\/#website","url":"https:\/\/infocul.pt\/arquivo\/","name":"Infocul.pt - Arquivo Digital","description":"Arquivo digital da Infocul.pt","publisher":{"@id":"https:\/\/infocul.pt\/arquivo\/#organization"},"potentialAction":[{"@type":"SearchAction","target":{"@type":"EntryPoint","urlTemplate":"https:\/\/infocul.pt\/arquivo\/?s={search_term_string}"},"query-input":{"@type":"PropertyValueSpecification","valueRequired":true,"valueName":"search_term_string"}}],"inLanguage":"pt-PT"},{"@type":"Organization","@id":"https:\/\/infocul.pt\/arquivo\/#organization","name":"Infocul.pt","url":"https:\/\/infocul.pt\/arquivo\/","logo":{"@type":"ImageObject","inLanguage":"pt-PT","@id":"https:\/\/infocul.pt\/arquivo\/#\/schema\/logo\/image\/","url":"https:\/\/infocul.pt\/arquivo\/wp-content\/uploads\/2018\/12\/Infocul_logo-1.png","contentUrl":"https:\/\/infocul.pt\/arquivo\/wp-content\/uploads\/2018\/12\/Infocul_logo-1.png","width":800,"height":800,"caption":"Infocul.pt"},"image":{"@id":"https:\/\/infocul.pt\/arquivo\/#\/schema\/logo\/image\/"},"sameAs":["https:\/\/www.facebook.com\/Infocul-147816815585015\/","https:\/\/x.com\/Infoculpt","http:\/\/www.pictaram.com\/user\/infocul.pt\/2370423710","https:\/\/www.youtube.com\/channel\/UCYEB91AGI9FL9ek2i_IaQAA"]},{"@type":"Person","@id":"https:\/\/infocul.pt\/arquivo\/#\/schema\/person\/f243f45ae8d67639120a7586884f3abc","name":"Redac\u00e7\u00e3o","image":{"@type":"ImageObject","inLanguage":"pt-PT","@id":"https:\/\/secure.gravatar.com\/avatar\/151b1b76c598ab5e749407223bd6c1bad4e41c4e95de3c3df83540ebee2deaf8?s=96&d=mm&r=g","url":"https:\/\/secure.gravatar.com\/avatar\/151b1b76c598ab5e749407223bd6c1bad4e41c4e95de3c3df83540ebee2deaf8?s=96&d=mm&r=g","contentUrl":"https:\/\/secure.gravatar.com\/avatar\/151b1b76c598ab5e749407223bd6c1bad4e41c4e95de3c3df83540ebee2deaf8?s=96&d=mm&r=g","caption":"Redac\u00e7\u00e3o"}}]}},"_links":{"self":[{"href":"https:\/\/infocul.pt\/arquivo\/wp-json\/wp\/v2\/posts\/88305","targetHints":{"allow":["GET"]}}],"collection":[{"href":"https:\/\/infocul.pt\/arquivo\/wp-json\/wp\/v2\/posts"}],"about":[{"href":"https:\/\/infocul.pt\/arquivo\/wp-json\/wp\/v2\/types\/post"}],"author":[{"embeddable":true,"href":"https:\/\/infocul.pt\/arquivo\/wp-json\/wp\/v2\/users\/13"}],"replies":[{"embeddable":true,"href":"https:\/\/infocul.pt\/arquivo\/wp-json\/wp\/v2\/comments?post=88305"}],"version-history":[{"count":0,"href":"https:\/\/infocul.pt\/arquivo\/wp-json\/wp\/v2\/posts\/88305\/revisions"}],"wp:featuredmedia":[{"embeddable":true,"href":"https:\/\/infocul.pt\/arquivo\/wp-json\/wp\/v2\/media\/88306"}],"wp:attachment":[{"href":"https:\/\/infocul.pt\/arquivo\/wp-json\/wp\/v2\/media?parent=88305"}],"wp:term":[{"taxonomy":"category","embeddable":true,"href":"https:\/\/infocul.pt\/arquivo\/wp-json\/wp\/v2\/categories?post=88305"},{"taxonomy":"post_tag","embeddable":true,"href":"https:\/\/infocul.pt\/arquivo\/wp-json\/wp\/v2\/tags?post=88305"}],"curies":[{"name":"wp","href":"https:\/\/api.w.org\/{rel}","templated":true}]}}