{"id":88312,"date":"2020-12-21T17:00:41","date_gmt":"2020-12-21T17:00:41","guid":{"rendered":"https:\/\/infocul.pt\/?p=88312"},"modified":"2020-12-22T17:16:27","modified_gmt":"2020-12-22T17:16:27","slug":"os-melhores-concertos-de-2020-a-escolha-de-rui-lavrador","status":"publish","type":"post","link":"https:\/\/infocul.pt\/arquivo\/cultura\/os-melhores-concertos-de-2020-a-escolha-de-rui-lavrador\/","title":{"rendered":"Os Melhores Concertos em 2020: A escolha de Rui Lavrador."},"content":{"rendered":"<p><img decoding=\"async\" class=\"aligncenter wp-image-58993 size-full lazyload\" data-src=\"https:\/\/infocul.pt\/arquivo\/wp-content\/uploads\/2019\/08\/Infocul_logo.png\" alt=\"\" width=\"800\" height=\"800\" data-srcset=\"https:\/\/infocul.pt\/arquivo\/wp-content\/uploads\/2019\/08\/Infocul_logo.png 800w, https:\/\/infocul.pt\/arquivo\/wp-content\/uploads\/2019\/08\/Infocul_logo-150x150.png 150w, https:\/\/infocul.pt\/arquivo\/wp-content\/uploads\/2019\/08\/Infocul_logo-300x300.png 300w, https:\/\/infocul.pt\/arquivo\/wp-content\/uploads\/2019\/08\/Infocul_logo-768x768.png 768w\" data-sizes=\"(max-width: 800px) 100vw, 800px\" src=\"data:image\/svg+xml;base64,PHN2ZyB3aWR0aD0iMSIgaGVpZ2h0PSIxIiB4bWxucz0iaHR0cDovL3d3dy53My5vcmcvMjAwMC9zdmciPjwvc3ZnPg==\" style=\"--smush-placeholder-width: 800px; --smush-placeholder-aspect-ratio: 800\/800;\" \/><\/p>\n<p>2020 foi um ano em que a quantidade de espect\u00e1culos reduziu drasticamente, devido \u00e0 pandemia provocada pela COVID-19.<!--more--><\/p>\n<p>Contudo, h\u00e1 alguns que merecem destaque.<\/p>\n<p>A exemplo de anos anteriores, embora num n\u00famero mais reduzido, tamb\u00e9m este ano destaco os melhores:<\/p>\n<p>1\u00ba: Ana La\u00edns- Casino Estoril- Reportagem <a href=\"https:\/\/infocul.pt\/arquivo\/cultura\/ana-lains-20-anos-de-carreira-e-muitas-lagrimas-em-noite-de-emocoes-fortes-no-casino-estoril\/\">AQUI<\/a>.<\/p>\n<p>2\u00ba: Carminho- Pra\u00e7a de Touros do Campo Pequeno- Reportagem <a href=\"https:\/\/infocul.pt\/arquivo\/cultura\/reportagem-campo-pequeno-carminho-foi-esperanca-e-amor-em-tempos-de-incognita-e-medo\/\">AQUI<\/a>.<\/p>\n<p>3\u00ba: Miguel Moura- Festival Santa Casa Alfama- Reportagem <a href=\"https:\/\/infocul.pt\/arquivo\/cultura\/santa-casa-alfama-deu-a-conhecer-um-talento-sou-o-miguel-moura-tenho-19-anos-e-venho-do-alentejo\/\">AQUI<\/a>.<\/p>\n<p>4\u00ba: Os Quatro e Meia- Pra\u00e7a de Touros do Campo Pequeno- Reportagem <a href=\"https:\/\/infocul.pt\/arquivo\/cultura\/os-quatro-e-meia-fizeram-nos-voltar-a-reviver-os-concertos-a-antiga\/\">AQUI<\/a>.<\/p>\n<p>5\u00ba: Concerto \u2018Bem-Vinda Sejas Am\u00e1lia- Brej\u00e3o- Reportagem <a href=\"https:\/\/infocul.pt\/arquivo\/cultura\/amalia-rodrigues-foi-homenageada-no-brejao-com-espectaculo-de-qualidade-c-fotos\/\">AQUI<\/a>.<\/p>\n<p>6\u00ba: Roc\u00edo M\u00e1rquez- Centro Cultural de Bel\u00e9m- Reportagem <a href=\"https:\/\/infocul.pt\/arquivo\/cultura\/rocio-marquez-extraordinario-espectaculo-no-ccb\/\">AQUI<\/a>.<\/p>\n<p>7\u00ba: Alcione- Pra\u00e7a de Touros do Campo Pequeno- Reportagem <a href=\"https:\/\/infocul.pt\/arquivo\/cultura\/alcione-deu-concerto-extraordinario-no-campo-pequeno\/\">AQUI<\/a>.<\/p>\n<p>8\u00ba: Mano-a-Mano- Centro Cultural de Bel\u00e9m- Reportagem <a href=\"https:\/\/infocul.pt\/arquivo\/cultura\/mano-a-mano-em-noite-bonita-no-ccb\/\">AQUI<\/a>.<\/p>\n<p>&nbsp;<\/p>\n<p><strong>Nota:<\/strong> A escolha \u00e9 da inteira responsabilidade de Rui Lavrador e tem por base apenas espect\u00e1culos em que o Infocul.pt marcou presen\u00e7a.<\/p>\n","protected":false},"excerpt":{"rendered":"<p>2020 foi um ano em que a quantidade de espect\u00e1culos reduziu drasticamente, devido \u00e0 pandemia provocada pela COVID-19.<\/p>\n","protected":false},"author":2,"featured_media":50947,"comment_status":"open","ping_status":"closed","sticky":false,"template":"","format":"standard","meta":{"footnotes":""},"categories":[3,2,36,4121],"tags":[8505,249,311,698,4520,84,50,59,5791,4080,4710,3782,10353,8448,4167],"class_list":["post-88312","post","type-post","status-publish","format-standard","has-post-thumbnail","hentry","category-concertos","category-cultura","category-destaque","category-opiniao","tag-alcione","tag-alentejo","tag-amalia-rodrigues","tag-ana-lains","tag-brejao","tag-carminho","tag-casino-estoril","tag-ccb","tag-centro-cultural-de-belem","tag-mano-a-mano","tag-miguel-moura","tag-os-quatro-e-meia","tag-praca-de-touros-do-campo-pequeno","tag-rocio-marquez","tag-santa-casa-alfama"],"yoast_head":"<!-- This site is optimized with the Yoast SEO plugin v27.4 - https:\/\/yoast.com\/product\/yoast-seo-wordpress\/ -->\n<title>Os Melhores Concertos em 2020: A escolha de Rui Lavrador. | Infocul.pt - Arquivo Digital<\/title>\n<meta name=\"description\" content=\"Os Melhores Concertos em 2020: A escolha de Rui Lavrador. | Infocul.pt - Arquivo Digital\" \/>\n<meta name=\"robots\" content=\"noindex, follow, max-snippet:-1, max-image-preview:large, max-video-preview:-1\" \/>\n<meta property=\"og:locale\" content=\"pt_PT\" \/>\n<meta property=\"og:type\" content=\"article\" \/>\n<meta property=\"og:title\" content=\"Os Melhores Concertos em 2020: A escolha de Rui Lavrador. | Infocul.pt - Arquivo Digital\" \/>\n<meta property=\"og:description\" content=\"Os Melhores Concertos em 2020: A escolha de Rui Lavrador. | Infocul.pt - Arquivo Digital\" \/>\n<meta property=\"og:url\" content=\"https:\/\/infocul.pt\/arquivo\/cultura\/os-melhores-concertos-de-2020-a-escolha-de-rui-lavrador\/\" \/>\n<meta property=\"og:site_name\" content=\"Infocul.pt - Arquivo Digital\" \/>\n<meta property=\"article:publisher\" content=\"https:\/\/www.facebook.com\/Infocul-147816815585015\/\" \/>\n<meta property=\"article:published_time\" content=\"2020-12-21T17:00:41+00:00\" \/>\n<meta property=\"article:modified_time\" content=\"2020-12-22T17:16:27+00:00\" \/>\n<meta property=\"og:image\" content=\"https:\/\/infocul.pt\/arquivo\/wp-content\/uploads\/2018\/12\/Infocul_logo-1.png\" \/>\n\t<meta property=\"og:image:width\" content=\"800\" \/>\n\t<meta property=\"og:image:height\" content=\"800\" \/>\n\t<meta property=\"og:image:type\" content=\"image\/png\" \/>\n<meta name=\"author\" content=\"Rui Lavrador\" \/>\n<meta name=\"twitter:card\" content=\"summary_large_image\" \/>\n<meta name=\"twitter:creator\" content=\"@Infoculpt\" \/>\n<meta name=\"twitter:site\" content=\"@Infoculpt\" \/>\n<meta name=\"twitter:label1\" content=\"Escrito por\" \/>\n\t<meta name=\"twitter:data1\" content=\"Rui Lavrador\" \/>\n\t<meta name=\"twitter:label2\" content=\"Tempo estimado de leitura\" \/>\n\t<meta name=\"twitter:data2\" content=\"1 minuto\" \/>\n<script type=\"application\/ld+json\" class=\"yoast-schema-graph\">{\"@context\":\"https:\\\/\\\/schema.org\",\"@graph\":[{\"@type\":\"Article\",\"@id\":\"https:\\\/\\\/infocul.pt\\\/arquivo\\\/cultura\\\/os-melhores-concertos-de-2020-a-escolha-de-rui-lavrador\\\/#article\",\"isPartOf\":{\"@id\":\"https:\\\/\\\/infocul.pt\\\/arquivo\\\/cultura\\\/os-melhores-concertos-de-2020-a-escolha-de-rui-lavrador\\\/\"},\"author\":{\"name\":\"Rui Lavrador\",\"@id\":\"https:\\\/\\\/infocul.pt\\\/arquivo\\\/#\\\/schema\\\/person\\\/060a108d7f2d85fc6aae505119ee5234\"},\"headline\":\"Os Melhores Concertos em 2020: A escolha de Rui Lavrador.\",\"datePublished\":\"2020-12-21T17:00:41+00:00\",\"dateModified\":\"2020-12-22T17:16:27+00:00\",\"mainEntityOfPage\":{\"@id\":\"https:\\\/\\\/infocul.pt\\\/arquivo\\\/cultura\\\/os-melhores-concertos-de-2020-a-escolha-de-rui-lavrador\\\/\"},\"wordCount\":151,\"commentCount\":0,\"publisher\":{\"@id\":\"https:\\\/\\\/infocul.pt\\\/arquivo\\\/#organization\"},\"image\":{\"@id\":\"https:\\\/\\\/infocul.pt\\\/arquivo\\\/cultura\\\/os-melhores-concertos-de-2020-a-escolha-de-rui-lavrador\\\/#primaryimage\"},\"thumbnailUrl\":\"https:\\\/\\\/infocul.pt\\\/arquivo\\\/wp-content\\\/uploads\\\/2018\\\/12\\\/Infocul_logo-1.png\",\"keywords\":[\"Alcione\",\"Alentejo\",\"Am\u00e1lia Rodrigues\",\"Ana La\u00edns\",\"Brej\u00e3o\",\"Carminho\",\"Casino Estoril\",\"CCB\",\"Centro Cultural de Bel\u00e9m\",\"Mano a Mano\",\"Miguel Moura\",\"Os Quatro e Meia\",\"Pra\u00e7a de Touros do Campo Pequeno\",\"Roc\u00edo M\u00e1rquez\",\"Santa Casa Alfama\"],\"articleSection\":[\"Concertos\",\"Cultura\",\"Destaque\",\"Opini\u00e3o\"],\"inLanguage\":\"pt-PT\"},{\"@type\":\"WebPage\",\"@id\":\"https:\\\/\\\/infocul.pt\\\/arquivo\\\/cultura\\\/os-melhores-concertos-de-2020-a-escolha-de-rui-lavrador\\\/\",\"url\":\"https:\\\/\\\/infocul.pt\\\/arquivo\\\/cultura\\\/os-melhores-concertos-de-2020-a-escolha-de-rui-lavrador\\\/\",\"name\":\"Os Melhores Concertos em 2020: A escolha de Rui Lavrador. | Infocul.pt - Arquivo Digital\",\"isPartOf\":{\"@id\":\"https:\\\/\\\/infocul.pt\\\/arquivo\\\/#website\"},\"primaryImageOfPage\":{\"@id\":\"https:\\\/\\\/infocul.pt\\\/arquivo\\\/cultura\\\/os-melhores-concertos-de-2020-a-escolha-de-rui-lavrador\\\/#primaryimage\"},\"image\":{\"@id\":\"https:\\\/\\\/infocul.pt\\\/arquivo\\\/cultura\\\/os-melhores-concertos-de-2020-a-escolha-de-rui-lavrador\\\/#primaryimage\"},\"thumbnailUrl\":\"https:\\\/\\\/infocul.pt\\\/arquivo\\\/wp-content\\\/uploads\\\/2018\\\/12\\\/Infocul_logo-1.png\",\"datePublished\":\"2020-12-21T17:00:41+00:00\",\"dateModified\":\"2020-12-22T17:16:27+00:00\",\"description\":\"Os Melhores Concertos em 2020: A escolha de Rui Lavrador. | Infocul.pt - Arquivo Digital\",\"breadcrumb\":{\"@id\":\"https:\\\/\\\/infocul.pt\\\/arquivo\\\/cultura\\\/os-melhores-concertos-de-2020-a-escolha-de-rui-lavrador\\\/#breadcrumb\"},\"inLanguage\":\"pt-PT\",\"potentialAction\":[{\"@type\":\"ReadAction\",\"target\":[\"https:\\\/\\\/infocul.pt\\\/arquivo\\\/cultura\\\/os-melhores-concertos-de-2020-a-escolha-de-rui-lavrador\\\/\"]}]},{\"@type\":\"ImageObject\",\"inLanguage\":\"pt-PT\",\"@id\":\"https:\\\/\\\/infocul.pt\\\/arquivo\\\/cultura\\\/os-melhores-concertos-de-2020-a-escolha-de-rui-lavrador\\\/#primaryimage\",\"url\":\"https:\\\/\\\/infocul.pt\\\/arquivo\\\/wp-content\\\/uploads\\\/2018\\\/12\\\/Infocul_logo-1.png\",\"contentUrl\":\"https:\\\/\\\/infocul.pt\\\/arquivo\\\/wp-content\\\/uploads\\\/2018\\\/12\\\/Infocul_logo-1.png\",\"width\":800,\"height\":800},{\"@type\":\"BreadcrumbList\",\"@id\":\"https:\\\/\\\/infocul.pt\\\/arquivo\\\/cultura\\\/os-melhores-concertos-de-2020-a-escolha-de-rui-lavrador\\\/#breadcrumb\",\"itemListElement\":[{\"@type\":\"ListItem\",\"position\":1,\"name\":\"Home\",\"item\":\"https:\\\/\\\/infocul.pt\\\/arquivo\\\/\"},{\"@type\":\"ListItem\",\"position\":2,\"name\":\"Os Melhores Concertos em 2020: A escolha de Rui Lavrador.\"}]},{\"@type\":\"WebSite\",\"@id\":\"https:\\\/\\\/infocul.pt\\\/arquivo\\\/#website\",\"url\":\"https:\\\/\\\/infocul.pt\\\/arquivo\\\/\",\"name\":\"Infocul.pt - Arquivo Digital\",\"description\":\"Arquivo digital da Infocul.pt\",\"publisher\":{\"@id\":\"https:\\\/\\\/infocul.pt\\\/arquivo\\\/#organization\"},\"potentialAction\":[{\"@type\":\"SearchAction\",\"target\":{\"@type\":\"EntryPoint\",\"urlTemplate\":\"https:\\\/\\\/infocul.pt\\\/arquivo\\\/?s={search_term_string}\"},\"query-input\":{\"@type\":\"PropertyValueSpecification\",\"valueRequired\":true,\"valueName\":\"search_term_string\"}}],\"inLanguage\":\"pt-PT\"},{\"@type\":\"Organization\",\"@id\":\"https:\\\/\\\/infocul.pt\\\/arquivo\\\/#organization\",\"name\":\"Infocul.pt\",\"url\":\"https:\\\/\\\/infocul.pt\\\/arquivo\\\/\",\"logo\":{\"@type\":\"ImageObject\",\"inLanguage\":\"pt-PT\",\"@id\":\"https:\\\/\\\/infocul.pt\\\/arquivo\\\/#\\\/schema\\\/logo\\\/image\\\/\",\"url\":\"https:\\\/\\\/infocul.pt\\\/arquivo\\\/wp-content\\\/uploads\\\/2018\\\/12\\\/Infocul_logo-1.png\",\"contentUrl\":\"https:\\\/\\\/infocul.pt\\\/arquivo\\\/wp-content\\\/uploads\\\/2018\\\/12\\\/Infocul_logo-1.png\",\"width\":800,\"height\":800,\"caption\":\"Infocul.pt\"},\"image\":{\"@id\":\"https:\\\/\\\/infocul.pt\\\/arquivo\\\/#\\\/schema\\\/logo\\\/image\\\/\"},\"sameAs\":[\"https:\\\/\\\/www.facebook.com\\\/Infocul-147816815585015\\\/\",\"https:\\\/\\\/x.com\\\/Infoculpt\",\"http:\\\/\\\/www.pictaram.com\\\/user\\\/infocul.pt\\\/2370423710\",\"https:\\\/\\\/www.youtube.com\\\/channel\\\/UCYEB91AGI9FL9ek2i_IaQAA\"]},{\"@type\":\"Person\",\"@id\":\"https:\\\/\\\/infocul.pt\\\/arquivo\\\/#\\\/schema\\\/person\\\/060a108d7f2d85fc6aae505119ee5234\",\"name\":\"Rui Lavrador\",\"image\":{\"@type\":\"ImageObject\",\"inLanguage\":\"pt-PT\",\"@id\":\"https:\\\/\\\/secure.gravatar.com\\\/avatar\\\/93febd6873394aa8e975148548a0cb203acfdd42d2c85c5f1408e1a76678aece?s=96&d=mm&r=g\",\"url\":\"https:\\\/\\\/secure.gravatar.com\\\/avatar\\\/93febd6873394aa8e975148548a0cb203acfdd42d2c85c5f1408e1a76678aece?s=96&d=mm&r=g\",\"contentUrl\":\"https:\\\/\\\/secure.gravatar.com\\\/avatar\\\/93febd6873394aa8e975148548a0cb203acfdd42d2c85c5f1408e1a76678aece?s=96&d=mm&r=g\",\"caption\":\"Rui Lavrador\"},\"description\":\"Iniciou em 2011 o seu percurso em comunica\u00e7\u00e3o social, tendo integrado v\u00e1rios projectos editoriais. Durante o seu percurso integrou projectos como Jornal Hardm\u00fasica, LusoNot\u00edcias, Toureio.pt, ODigital.pt, entre outros \u00d3rg\u00e3os de Comunica\u00e7\u00e3o Social nacionais, na redac\u00e7\u00e3o de v\u00e1rios artigos. Entrevistou a grande maioria das personalidades mais importantes da vida social e cultural do pa\u00eds, destacando-se, tamb\u00e9m, na aprecia\u00e7\u00e3o de v\u00e1rios espect\u00e1culos. Durante o seu percurso, deu a conhecer v\u00e1rios artistas, at\u00e9 ent\u00e3o desconhecidos, ao grande p\u00fablico. Em 2015 criou e fundou o Infocul.pt, projecto no qual assume a direc\u00e7\u00e3o editorial.\",\"sameAs\":[\"http:\\\/\\\/www.infocul.pt\"]}]}<\/script>\n<!-- \/ Yoast SEO plugin. -->","yoast_head_json":{"title":"Os Melhores Concertos em 2020: A escolha de Rui Lavrador. | Infocul.pt - Arquivo Digital","description":"Os Melhores Concertos em 2020: A escolha de Rui Lavrador. | Infocul.pt - Arquivo Digital","robots":{"index":"noindex","follow":"follow","max-snippet":"max-snippet:-1","max-image-preview":"max-image-preview:large","max-video-preview":"max-video-preview:-1"},"og_locale":"pt_PT","og_type":"article","og_title":"Os Melhores Concertos em 2020: A escolha de Rui Lavrador. | Infocul.pt - Arquivo Digital","og_description":"Os Melhores Concertos em 2020: A escolha de Rui Lavrador. | Infocul.pt - Arquivo Digital","og_url":"https:\/\/infocul.pt\/arquivo\/cultura\/os-melhores-concertos-de-2020-a-escolha-de-rui-lavrador\/","og_site_name":"Infocul.pt - Arquivo Digital","article_publisher":"https:\/\/www.facebook.com\/Infocul-147816815585015\/","article_published_time":"2020-12-21T17:00:41+00:00","article_modified_time":"2020-12-22T17:16:27+00:00","og_image":[{"width":800,"height":800,"url":"https:\/\/infocul.pt\/arquivo\/wp-content\/uploads\/2018\/12\/Infocul_logo-1.png","type":"image\/png"}],"author":"Rui Lavrador","twitter_card":"summary_large_image","twitter_creator":"@Infoculpt","twitter_site":"@Infoculpt","twitter_misc":{"Escrito por":"Rui Lavrador","Tempo estimado de leitura":"1 minuto"},"schema":{"@context":"https:\/\/schema.org","@graph":[{"@type":"Article","@id":"https:\/\/infocul.pt\/arquivo\/cultura\/os-melhores-concertos-de-2020-a-escolha-de-rui-lavrador\/#article","isPartOf":{"@id":"https:\/\/infocul.pt\/arquivo\/cultura\/os-melhores-concertos-de-2020-a-escolha-de-rui-lavrador\/"},"author":{"name":"Rui Lavrador","@id":"https:\/\/infocul.pt\/arquivo\/#\/schema\/person\/060a108d7f2d85fc6aae505119ee5234"},"headline":"Os Melhores Concertos em 2020: A escolha de Rui Lavrador.","datePublished":"2020-12-21T17:00:41+00:00","dateModified":"2020-12-22T17:16:27+00:00","mainEntityOfPage":{"@id":"https:\/\/infocul.pt\/arquivo\/cultura\/os-melhores-concertos-de-2020-a-escolha-de-rui-lavrador\/"},"wordCount":151,"commentCount":0,"publisher":{"@id":"https:\/\/infocul.pt\/arquivo\/#organization"},"image":{"@id":"https:\/\/infocul.pt\/arquivo\/cultura\/os-melhores-concertos-de-2020-a-escolha-de-rui-lavrador\/#primaryimage"},"thumbnailUrl":"https:\/\/infocul.pt\/arquivo\/wp-content\/uploads\/2018\/12\/Infocul_logo-1.png","keywords":["Alcione","Alentejo","Am\u00e1lia Rodrigues","Ana La\u00edns","Brej\u00e3o","Carminho","Casino Estoril","CCB","Centro Cultural de Bel\u00e9m","Mano a Mano","Miguel Moura","Os Quatro e Meia","Pra\u00e7a de Touros do Campo Pequeno","Roc\u00edo M\u00e1rquez","Santa Casa Alfama"],"articleSection":["Concertos","Cultura","Destaque","Opini\u00e3o"],"inLanguage":"pt-PT"},{"@type":"WebPage","@id":"https:\/\/infocul.pt\/arquivo\/cultura\/os-melhores-concertos-de-2020-a-escolha-de-rui-lavrador\/","url":"https:\/\/infocul.pt\/arquivo\/cultura\/os-melhores-concertos-de-2020-a-escolha-de-rui-lavrador\/","name":"Os Melhores Concertos em 2020: A escolha de Rui Lavrador. | Infocul.pt - Arquivo Digital","isPartOf":{"@id":"https:\/\/infocul.pt\/arquivo\/#website"},"primaryImageOfPage":{"@id":"https:\/\/infocul.pt\/arquivo\/cultura\/os-melhores-concertos-de-2020-a-escolha-de-rui-lavrador\/#primaryimage"},"image":{"@id":"https:\/\/infocul.pt\/arquivo\/cultura\/os-melhores-concertos-de-2020-a-escolha-de-rui-lavrador\/#primaryimage"},"thumbnailUrl":"https:\/\/infocul.pt\/arquivo\/wp-content\/uploads\/2018\/12\/Infocul_logo-1.png","datePublished":"2020-12-21T17:00:41+00:00","dateModified":"2020-12-22T17:16:27+00:00","description":"Os Melhores Concertos em 2020: A escolha de Rui Lavrador. | Infocul.pt - Arquivo Digital","breadcrumb":{"@id":"https:\/\/infocul.pt\/arquivo\/cultura\/os-melhores-concertos-de-2020-a-escolha-de-rui-lavrador\/#breadcrumb"},"inLanguage":"pt-PT","potentialAction":[{"@type":"ReadAction","target":["https:\/\/infocul.pt\/arquivo\/cultura\/os-melhores-concertos-de-2020-a-escolha-de-rui-lavrador\/"]}]},{"@type":"ImageObject","inLanguage":"pt-PT","@id":"https:\/\/infocul.pt\/arquivo\/cultura\/os-melhores-concertos-de-2020-a-escolha-de-rui-lavrador\/#primaryimage","url":"https:\/\/infocul.pt\/arquivo\/wp-content\/uploads\/2018\/12\/Infocul_logo-1.png","contentUrl":"https:\/\/infocul.pt\/arquivo\/wp-content\/uploads\/2018\/12\/Infocul_logo-1.png","width":800,"height":800},{"@type":"BreadcrumbList","@id":"https:\/\/infocul.pt\/arquivo\/cultura\/os-melhores-concertos-de-2020-a-escolha-de-rui-lavrador\/#breadcrumb","itemListElement":[{"@type":"ListItem","position":1,"name":"Home","item":"https:\/\/infocul.pt\/arquivo\/"},{"@type":"ListItem","position":2,"name":"Os Melhores Concertos em 2020: A escolha de Rui Lavrador."}]},{"@type":"WebSite","@id":"https:\/\/infocul.pt\/arquivo\/#website","url":"https:\/\/infocul.pt\/arquivo\/","name":"Infocul.pt - Arquivo Digital","description":"Arquivo digital da Infocul.pt","publisher":{"@id":"https:\/\/infocul.pt\/arquivo\/#organization"},"potentialAction":[{"@type":"SearchAction","target":{"@type":"EntryPoint","urlTemplate":"https:\/\/infocul.pt\/arquivo\/?s={search_term_string}"},"query-input":{"@type":"PropertyValueSpecification","valueRequired":true,"valueName":"search_term_string"}}],"inLanguage":"pt-PT"},{"@type":"Organization","@id":"https:\/\/infocul.pt\/arquivo\/#organization","name":"Infocul.pt","url":"https:\/\/infocul.pt\/arquivo\/","logo":{"@type":"ImageObject","inLanguage":"pt-PT","@id":"https:\/\/infocul.pt\/arquivo\/#\/schema\/logo\/image\/","url":"https:\/\/infocul.pt\/arquivo\/wp-content\/uploads\/2018\/12\/Infocul_logo-1.png","contentUrl":"https:\/\/infocul.pt\/arquivo\/wp-content\/uploads\/2018\/12\/Infocul_logo-1.png","width":800,"height":800,"caption":"Infocul.pt"},"image":{"@id":"https:\/\/infocul.pt\/arquivo\/#\/schema\/logo\/image\/"},"sameAs":["https:\/\/www.facebook.com\/Infocul-147816815585015\/","https:\/\/x.com\/Infoculpt","http:\/\/www.pictaram.com\/user\/infocul.pt\/2370423710","https:\/\/www.youtube.com\/channel\/UCYEB91AGI9FL9ek2i_IaQAA"]},{"@type":"Person","@id":"https:\/\/infocul.pt\/arquivo\/#\/schema\/person\/060a108d7f2d85fc6aae505119ee5234","name":"Rui Lavrador","image":{"@type":"ImageObject","inLanguage":"pt-PT","@id":"https:\/\/secure.gravatar.com\/avatar\/93febd6873394aa8e975148548a0cb203acfdd42d2c85c5f1408e1a76678aece?s=96&d=mm&r=g","url":"https:\/\/secure.gravatar.com\/avatar\/93febd6873394aa8e975148548a0cb203acfdd42d2c85c5f1408e1a76678aece?s=96&d=mm&r=g","contentUrl":"https:\/\/secure.gravatar.com\/avatar\/93febd6873394aa8e975148548a0cb203acfdd42d2c85c5f1408e1a76678aece?s=96&d=mm&r=g","caption":"Rui Lavrador"},"description":"Iniciou em 2011 o seu percurso em comunica\u00e7\u00e3o social, tendo integrado v\u00e1rios projectos editoriais. Durante o seu percurso integrou projectos como Jornal Hardm\u00fasica, LusoNot\u00edcias, Toureio.pt, ODigital.pt, entre outros \u00d3rg\u00e3os de Comunica\u00e7\u00e3o Social nacionais, na redac\u00e7\u00e3o de v\u00e1rios artigos. Entrevistou a grande maioria das personalidades mais importantes da vida social e cultural do pa\u00eds, destacando-se, tamb\u00e9m, na aprecia\u00e7\u00e3o de v\u00e1rios espect\u00e1culos. Durante o seu percurso, deu a conhecer v\u00e1rios artistas, at\u00e9 ent\u00e3o desconhecidos, ao grande p\u00fablico. Em 2015 criou e fundou o Infocul.pt, projecto no qual assume a direc\u00e7\u00e3o editorial.","sameAs":["http:\/\/www.infocul.pt"]}]}},"_links":{"self":[{"href":"https:\/\/infocul.pt\/arquivo\/wp-json\/wp\/v2\/posts\/88312","targetHints":{"allow":["GET"]}}],"collection":[{"href":"https:\/\/infocul.pt\/arquivo\/wp-json\/wp\/v2\/posts"}],"about":[{"href":"https:\/\/infocul.pt\/arquivo\/wp-json\/wp\/v2\/types\/post"}],"author":[{"embeddable":true,"href":"https:\/\/infocul.pt\/arquivo\/wp-json\/wp\/v2\/users\/2"}],"replies":[{"embeddable":true,"href":"https:\/\/infocul.pt\/arquivo\/wp-json\/wp\/v2\/comments?post=88312"}],"version-history":[{"count":0,"href":"https:\/\/infocul.pt\/arquivo\/wp-json\/wp\/v2\/posts\/88312\/revisions"}],"wp:featuredmedia":[{"embeddable":true,"href":"https:\/\/infocul.pt\/arquivo\/wp-json\/wp\/v2\/media\/50947"}],"wp:attachment":[{"href":"https:\/\/infocul.pt\/arquivo\/wp-json\/wp\/v2\/media?parent=88312"}],"wp:term":[{"taxonomy":"category","embeddable":true,"href":"https:\/\/infocul.pt\/arquivo\/wp-json\/wp\/v2\/categories?post=88312"},{"taxonomy":"post_tag","embeddable":true,"href":"https:\/\/infocul.pt\/arquivo\/wp-json\/wp\/v2\/tags?post=88312"}],"curies":[{"name":"wp","href":"https:\/\/api.w.org\/{rel}","templated":true}]}}