{"id":88382,"date":"2020-12-24T17:55:11","date_gmt":"2020-12-24T17:55:11","guid":{"rendered":"https:\/\/infocul.pt\/?p=88382"},"modified":"2020-12-24T17:55:11","modified_gmt":"2020-12-24T17:55:11","slug":"bento-rodrigues-destaca-um-natal-em-que-a-mesa-nao-estao-todos-os-que-nos-habituamos-a-ter","status":"publish","type":"post","link":"https:\/\/infocul.pt\/arquivo\/actualidade\/bento-rodrigues-destaca-um-natal-em-que-a-mesa-nao-estao-todos-os-que-nos-habituamos-a-ter\/","title":{"rendered":"Bento Rodrigues destaca um Natal em que &#8220;\u00e0 mesa n\u00e3o est\u00e3o todos os que nos habitu\u00e1mos a ter&#8221;"},"content":{"rendered":"<p><img decoding=\"async\" class=\"aligncenter wp-image-88383 size-full lazyload\" data-src=\"https:\/\/infocul.pt\/arquivo\/wp-content\/uploads\/2020\/12\/bento-rodrigues.jpg\" alt=\"\" width=\"650\" height=\"640\" data-srcset=\"https:\/\/infocul.pt\/arquivo\/wp-content\/uploads\/2020\/12\/bento-rodrigues.jpg 650w, https:\/\/infocul.pt\/arquivo\/wp-content\/uploads\/2020\/12\/bento-rodrigues-300x295.jpg 300w\" data-sizes=\"(max-width: 650px) 100vw, 650px\" src=\"data:image\/svg+xml;base64,PHN2ZyB3aWR0aD0iMSIgaGVpZ2h0PSIxIiB4bWxucz0iaHR0cDovL3d3dy53My5vcmcvMjAwMC9zdmciPjwvc3ZnPg==\" style=\"--smush-placeholder-width: 650px; --smush-placeholder-aspect-ratio: 650\/640;\" \/><\/p>\n<p>O jornalista Bento Rodrigues surpreendeu, mais uma vez, os espectadores da SIC.<!--more--><\/p>\n<p>Hoje, no final do &#8216;Primeiro Jornal&#8217;, deixou uma mensagem emocionante.<\/p>\n<p>&#8220;<em><strong>E assim chegamos ao Natal, este ano muito diferente do que t\u00ednhamos planeado, \u00e0 mesa n\u00e3o est\u00e3o todos os que nos habitu\u00e1mos a ter, n\u00e3o h\u00e1 o toque e a troca que a \u00e9poca pede, \u00e9 o que tem de ser para garantir a prote\u00e7\u00e3o dos nossos, orgulhemo-nos disso portanto<\/strong><\/em>\u201d, disse.<\/p>\n<p>\u201c<em><strong>H\u00e1 muitos para quem este dia e esta noite de Consoada s\u00e3o ainda mais sens\u00edveis, permitam-me que a esses, em particular, deixe uma palavra especial, aos doentes que est\u00e3o nos hospitais num sofrimento agravado por estarem quase sem visitas<\/strong><\/em>\u201d, acrescentou.<\/p>\n<p>\u201c<em><strong>Aos idosos, nos lares, separados da fam\u00edlia, logo neste dia em que a fam\u00edlia devia ser ainda mais celebrada. Aos mais velhos que, para se protegerem do v\u00edrus, ou por falta de alternativa, ficam estas noites desacompanhados em casa. Especialmente para estes, for\u00e7a, esperan\u00e7a e sa\u00fade e para todos, bom Natal, at\u00e9 amanh\u00e3\u201d<\/strong><\/em>, rematou.<\/p>\n","protected":false},"excerpt":{"rendered":"<p>O jornalista Bento Rodrigues surpreendeu, mais uma vez, os espectadores da SIC.<\/p>\n","protected":false},"author":13,"featured_media":88383,"comment_status":"open","ping_status":"closed","sticky":false,"template":"","format":"standard","meta":{"footnotes":""},"categories":[10,14],"tags":[],"class_list":["post-88382","post","type-post","status-publish","format-standard","has-post-thumbnail","hentry","category-actualidade","category-televisao"],"yoast_head":"<!-- This site is optimized with the Yoast SEO plugin v27.4 - https:\/\/yoast.com\/product\/yoast-seo-wordpress\/ -->\n<title>Bento Rodrigues destaca um Natal em que &quot;\u00e0 mesa n\u00e3o est\u00e3o todos os que nos habitu\u00e1mos a ter&quot; | Infocul.pt - Arquivo Digital<\/title>\n<meta name=\"description\" content=\"Bento Rodrigues destaca um Natal em que &quot;\u00e0 mesa n\u00e3o est\u00e3o todos os que nos habitu\u00e1mos a ter&quot; | Infocul.pt - Arquivo Digital\" \/>\n<meta name=\"robots\" content=\"noindex, follow, max-snippet:-1, max-image-preview:large, max-video-preview:-1\" \/>\n<meta property=\"og:locale\" content=\"pt_PT\" \/>\n<meta property=\"og:type\" content=\"article\" \/>\n<meta property=\"og:title\" content=\"Bento Rodrigues destaca um Natal em que &quot;\u00e0 mesa n\u00e3o est\u00e3o todos os que nos habitu\u00e1mos a ter&quot; | Infocul.pt - Arquivo Digital\" \/>\n<meta property=\"og:description\" content=\"Bento Rodrigues destaca um Natal em que &quot;\u00e0 mesa n\u00e3o est\u00e3o todos os que nos habitu\u00e1mos a ter&quot; | Infocul.pt - Arquivo Digital\" \/>\n<meta property=\"og:url\" content=\"https:\/\/infocul.pt\/arquivo\/actualidade\/bento-rodrigues-destaca-um-natal-em-que-a-mesa-nao-estao-todos-os-que-nos-habituamos-a-ter\/\" \/>\n<meta property=\"og:site_name\" content=\"Infocul.pt - Arquivo Digital\" \/>\n<meta property=\"article:publisher\" content=\"https:\/\/www.facebook.com\/Infocul-147816815585015\/\" \/>\n<meta property=\"article:published_time\" content=\"2020-12-24T17:55:11+00:00\" \/>\n<meta property=\"og:image\" content=\"https:\/\/infocul.pt\/arquivo\/wp-content\/uploads\/2020\/12\/bento-rodrigues.jpg\" \/>\n\t<meta property=\"og:image:width\" content=\"650\" \/>\n\t<meta property=\"og:image:height\" content=\"640\" \/>\n\t<meta property=\"og:image:type\" content=\"image\/jpeg\" \/>\n<meta name=\"author\" content=\"Redac\u00e7\u00e3o\" \/>\n<meta name=\"twitter:card\" content=\"summary_large_image\" \/>\n<meta name=\"twitter:creator\" content=\"@Infoculpt\" \/>\n<meta name=\"twitter:site\" content=\"@Infoculpt\" \/>\n<meta name=\"twitter:label1\" content=\"Escrito por\" \/>\n\t<meta name=\"twitter:data1\" content=\"Redac\u00e7\u00e3o\" \/>\n\t<meta name=\"twitter:label2\" content=\"Tempo estimado de leitura\" \/>\n\t<meta name=\"twitter:data2\" content=\"1 minuto\" \/>\n<script type=\"application\/ld+json\" class=\"yoast-schema-graph\">{\"@context\":\"https:\\\/\\\/schema.org\",\"@graph\":[{\"@type\":\"Article\",\"@id\":\"https:\\\/\\\/infocul.pt\\\/arquivo\\\/actualidade\\\/bento-rodrigues-destaca-um-natal-em-que-a-mesa-nao-estao-todos-os-que-nos-habituamos-a-ter\\\/#article\",\"isPartOf\":{\"@id\":\"https:\\\/\\\/infocul.pt\\\/arquivo\\\/actualidade\\\/bento-rodrigues-destaca-um-natal-em-que-a-mesa-nao-estao-todos-os-que-nos-habituamos-a-ter\\\/\"},\"author\":{\"name\":\"Redac\u00e7\u00e3o\",\"@id\":\"https:\\\/\\\/infocul.pt\\\/arquivo\\\/#\\\/schema\\\/person\\\/f243f45ae8d67639120a7586884f3abc\"},\"headline\":\"Bento Rodrigues destaca um Natal em que &#8220;\u00e0 mesa n\u00e3o est\u00e3o todos os que nos habitu\u00e1mos a ter&#8221;\",\"datePublished\":\"2020-12-24T17:55:11+00:00\",\"mainEntityOfPage\":{\"@id\":\"https:\\\/\\\/infocul.pt\\\/arquivo\\\/actualidade\\\/bento-rodrigues-destaca-um-natal-em-que-a-mesa-nao-estao-todos-os-que-nos-habituamos-a-ter\\\/\"},\"wordCount\":200,\"commentCount\":0,\"publisher\":{\"@id\":\"https:\\\/\\\/infocul.pt\\\/arquivo\\\/#organization\"},\"image\":{\"@id\":\"https:\\\/\\\/infocul.pt\\\/arquivo\\\/actualidade\\\/bento-rodrigues-destaca-um-natal-em-que-a-mesa-nao-estao-todos-os-que-nos-habituamos-a-ter\\\/#primaryimage\"},\"thumbnailUrl\":\"https:\\\/\\\/infocul.pt\\\/arquivo\\\/wp-content\\\/uploads\\\/2020\\\/12\\\/bento-rodrigues.jpg\",\"articleSection\":[\"Actualidade\",\"Televis\u00e3o\"],\"inLanguage\":\"pt-PT\"},{\"@type\":\"WebPage\",\"@id\":\"https:\\\/\\\/infocul.pt\\\/arquivo\\\/actualidade\\\/bento-rodrigues-destaca-um-natal-em-que-a-mesa-nao-estao-todos-os-que-nos-habituamos-a-ter\\\/\",\"url\":\"https:\\\/\\\/infocul.pt\\\/arquivo\\\/actualidade\\\/bento-rodrigues-destaca-um-natal-em-que-a-mesa-nao-estao-todos-os-que-nos-habituamos-a-ter\\\/\",\"name\":\"Bento Rodrigues destaca um Natal em que \\\"\u00e0 mesa n\u00e3o est\u00e3o todos os que nos habitu\u00e1mos a ter\\\" | Infocul.pt - Arquivo Digital\",\"isPartOf\":{\"@id\":\"https:\\\/\\\/infocul.pt\\\/arquivo\\\/#website\"},\"primaryImageOfPage\":{\"@id\":\"https:\\\/\\\/infocul.pt\\\/arquivo\\\/actualidade\\\/bento-rodrigues-destaca-um-natal-em-que-a-mesa-nao-estao-todos-os-que-nos-habituamos-a-ter\\\/#primaryimage\"},\"image\":{\"@id\":\"https:\\\/\\\/infocul.pt\\\/arquivo\\\/actualidade\\\/bento-rodrigues-destaca-um-natal-em-que-a-mesa-nao-estao-todos-os-que-nos-habituamos-a-ter\\\/#primaryimage\"},\"thumbnailUrl\":\"https:\\\/\\\/infocul.pt\\\/arquivo\\\/wp-content\\\/uploads\\\/2020\\\/12\\\/bento-rodrigues.jpg\",\"datePublished\":\"2020-12-24T17:55:11+00:00\",\"description\":\"Bento Rodrigues destaca um Natal em que \\\"\u00e0 mesa n\u00e3o est\u00e3o todos os que nos habitu\u00e1mos a ter\\\" | Infocul.pt - Arquivo Digital\",\"breadcrumb\":{\"@id\":\"https:\\\/\\\/infocul.pt\\\/arquivo\\\/actualidade\\\/bento-rodrigues-destaca-um-natal-em-que-a-mesa-nao-estao-todos-os-que-nos-habituamos-a-ter\\\/#breadcrumb\"},\"inLanguage\":\"pt-PT\",\"potentialAction\":[{\"@type\":\"ReadAction\",\"target\":[\"https:\\\/\\\/infocul.pt\\\/arquivo\\\/actualidade\\\/bento-rodrigues-destaca-um-natal-em-que-a-mesa-nao-estao-todos-os-que-nos-habituamos-a-ter\\\/\"]}]},{\"@type\":\"ImageObject\",\"inLanguage\":\"pt-PT\",\"@id\":\"https:\\\/\\\/infocul.pt\\\/arquivo\\\/actualidade\\\/bento-rodrigues-destaca-um-natal-em-que-a-mesa-nao-estao-todos-os-que-nos-habituamos-a-ter\\\/#primaryimage\",\"url\":\"https:\\\/\\\/infocul.pt\\\/arquivo\\\/wp-content\\\/uploads\\\/2020\\\/12\\\/bento-rodrigues.jpg\",\"contentUrl\":\"https:\\\/\\\/infocul.pt\\\/arquivo\\\/wp-content\\\/uploads\\\/2020\\\/12\\\/bento-rodrigues.jpg\",\"width\":650,\"height\":640},{\"@type\":\"BreadcrumbList\",\"@id\":\"https:\\\/\\\/infocul.pt\\\/arquivo\\\/actualidade\\\/bento-rodrigues-destaca-um-natal-em-que-a-mesa-nao-estao-todos-os-que-nos-habituamos-a-ter\\\/#breadcrumb\",\"itemListElement\":[{\"@type\":\"ListItem\",\"position\":1,\"name\":\"Home\",\"item\":\"https:\\\/\\\/infocul.pt\\\/arquivo\\\/\"},{\"@type\":\"ListItem\",\"position\":2,\"name\":\"Bento Rodrigues destaca um Natal em que &#8220;\u00e0 mesa n\u00e3o est\u00e3o todos os que nos habitu\u00e1mos a ter&#8221;\"}]},{\"@type\":\"WebSite\",\"@id\":\"https:\\\/\\\/infocul.pt\\\/arquivo\\\/#website\",\"url\":\"https:\\\/\\\/infocul.pt\\\/arquivo\\\/\",\"name\":\"Infocul.pt - Arquivo Digital\",\"description\":\"Arquivo digital da Infocul.pt\",\"publisher\":{\"@id\":\"https:\\\/\\\/infocul.pt\\\/arquivo\\\/#organization\"},\"potentialAction\":[{\"@type\":\"SearchAction\",\"target\":{\"@type\":\"EntryPoint\",\"urlTemplate\":\"https:\\\/\\\/infocul.pt\\\/arquivo\\\/?s={search_term_string}\"},\"query-input\":{\"@type\":\"PropertyValueSpecification\",\"valueRequired\":true,\"valueName\":\"search_term_string\"}}],\"inLanguage\":\"pt-PT\"},{\"@type\":\"Organization\",\"@id\":\"https:\\\/\\\/infocul.pt\\\/arquivo\\\/#organization\",\"name\":\"Infocul.pt\",\"url\":\"https:\\\/\\\/infocul.pt\\\/arquivo\\\/\",\"logo\":{\"@type\":\"ImageObject\",\"inLanguage\":\"pt-PT\",\"@id\":\"https:\\\/\\\/infocul.pt\\\/arquivo\\\/#\\\/schema\\\/logo\\\/image\\\/\",\"url\":\"https:\\\/\\\/infocul.pt\\\/arquivo\\\/wp-content\\\/uploads\\\/2018\\\/12\\\/Infocul_logo-1.png\",\"contentUrl\":\"https:\\\/\\\/infocul.pt\\\/arquivo\\\/wp-content\\\/uploads\\\/2018\\\/12\\\/Infocul_logo-1.png\",\"width\":800,\"height\":800,\"caption\":\"Infocul.pt\"},\"image\":{\"@id\":\"https:\\\/\\\/infocul.pt\\\/arquivo\\\/#\\\/schema\\\/logo\\\/image\\\/\"},\"sameAs\":[\"https:\\\/\\\/www.facebook.com\\\/Infocul-147816815585015\\\/\",\"https:\\\/\\\/x.com\\\/Infoculpt\",\"http:\\\/\\\/www.pictaram.com\\\/user\\\/infocul.pt\\\/2370423710\",\"https:\\\/\\\/www.youtube.com\\\/channel\\\/UCYEB91AGI9FL9ek2i_IaQAA\"]},{\"@type\":\"Person\",\"@id\":\"https:\\\/\\\/infocul.pt\\\/arquivo\\\/#\\\/schema\\\/person\\\/f243f45ae8d67639120a7586884f3abc\",\"name\":\"Redac\u00e7\u00e3o\",\"image\":{\"@type\":\"ImageObject\",\"inLanguage\":\"pt-PT\",\"@id\":\"https:\\\/\\\/secure.gravatar.com\\\/avatar\\\/151b1b76c598ab5e749407223bd6c1bad4e41c4e95de3c3df83540ebee2deaf8?s=96&d=mm&r=g\",\"url\":\"https:\\\/\\\/secure.gravatar.com\\\/avatar\\\/151b1b76c598ab5e749407223bd6c1bad4e41c4e95de3c3df83540ebee2deaf8?s=96&d=mm&r=g\",\"contentUrl\":\"https:\\\/\\\/secure.gravatar.com\\\/avatar\\\/151b1b76c598ab5e749407223bd6c1bad4e41c4e95de3c3df83540ebee2deaf8?s=96&d=mm&r=g\",\"caption\":\"Redac\u00e7\u00e3o\"}}]}<\/script>\n<!-- \/ Yoast SEO plugin. -->","yoast_head_json":{"title":"Bento Rodrigues destaca um Natal em que \"\u00e0 mesa n\u00e3o est\u00e3o todos os que nos habitu\u00e1mos a ter\" | Infocul.pt - Arquivo Digital","description":"Bento Rodrigues destaca um Natal em que \"\u00e0 mesa n\u00e3o est\u00e3o todos os que nos habitu\u00e1mos a ter\" | Infocul.pt - Arquivo Digital","robots":{"index":"noindex","follow":"follow","max-snippet":"max-snippet:-1","max-image-preview":"max-image-preview:large","max-video-preview":"max-video-preview:-1"},"og_locale":"pt_PT","og_type":"article","og_title":"Bento Rodrigues destaca um Natal em que \"\u00e0 mesa n\u00e3o est\u00e3o todos os que nos habitu\u00e1mos a ter\" | Infocul.pt - Arquivo Digital","og_description":"Bento Rodrigues destaca um Natal em que \"\u00e0 mesa n\u00e3o est\u00e3o todos os que nos habitu\u00e1mos a ter\" | Infocul.pt - Arquivo Digital","og_url":"https:\/\/infocul.pt\/arquivo\/actualidade\/bento-rodrigues-destaca-um-natal-em-que-a-mesa-nao-estao-todos-os-que-nos-habituamos-a-ter\/","og_site_name":"Infocul.pt - Arquivo Digital","article_publisher":"https:\/\/www.facebook.com\/Infocul-147816815585015\/","article_published_time":"2020-12-24T17:55:11+00:00","og_image":[{"width":650,"height":640,"url":"https:\/\/infocul.pt\/arquivo\/wp-content\/uploads\/2020\/12\/bento-rodrigues.jpg","type":"image\/jpeg"}],"author":"Redac\u00e7\u00e3o","twitter_card":"summary_large_image","twitter_creator":"@Infoculpt","twitter_site":"@Infoculpt","twitter_misc":{"Escrito por":"Redac\u00e7\u00e3o","Tempo estimado de leitura":"1 minuto"},"schema":{"@context":"https:\/\/schema.org","@graph":[{"@type":"Article","@id":"https:\/\/infocul.pt\/arquivo\/actualidade\/bento-rodrigues-destaca-um-natal-em-que-a-mesa-nao-estao-todos-os-que-nos-habituamos-a-ter\/#article","isPartOf":{"@id":"https:\/\/infocul.pt\/arquivo\/actualidade\/bento-rodrigues-destaca-um-natal-em-que-a-mesa-nao-estao-todos-os-que-nos-habituamos-a-ter\/"},"author":{"name":"Redac\u00e7\u00e3o","@id":"https:\/\/infocul.pt\/arquivo\/#\/schema\/person\/f243f45ae8d67639120a7586884f3abc"},"headline":"Bento Rodrigues destaca um Natal em que &#8220;\u00e0 mesa n\u00e3o est\u00e3o todos os que nos habitu\u00e1mos a ter&#8221;","datePublished":"2020-12-24T17:55:11+00:00","mainEntityOfPage":{"@id":"https:\/\/infocul.pt\/arquivo\/actualidade\/bento-rodrigues-destaca-um-natal-em-que-a-mesa-nao-estao-todos-os-que-nos-habituamos-a-ter\/"},"wordCount":200,"commentCount":0,"publisher":{"@id":"https:\/\/infocul.pt\/arquivo\/#organization"},"image":{"@id":"https:\/\/infocul.pt\/arquivo\/actualidade\/bento-rodrigues-destaca-um-natal-em-que-a-mesa-nao-estao-todos-os-que-nos-habituamos-a-ter\/#primaryimage"},"thumbnailUrl":"https:\/\/infocul.pt\/arquivo\/wp-content\/uploads\/2020\/12\/bento-rodrigues.jpg","articleSection":["Actualidade","Televis\u00e3o"],"inLanguage":"pt-PT"},{"@type":"WebPage","@id":"https:\/\/infocul.pt\/arquivo\/actualidade\/bento-rodrigues-destaca-um-natal-em-que-a-mesa-nao-estao-todos-os-que-nos-habituamos-a-ter\/","url":"https:\/\/infocul.pt\/arquivo\/actualidade\/bento-rodrigues-destaca-um-natal-em-que-a-mesa-nao-estao-todos-os-que-nos-habituamos-a-ter\/","name":"Bento Rodrigues destaca um Natal em que \"\u00e0 mesa n\u00e3o est\u00e3o todos os que nos habitu\u00e1mos a ter\" | Infocul.pt - Arquivo Digital","isPartOf":{"@id":"https:\/\/infocul.pt\/arquivo\/#website"},"primaryImageOfPage":{"@id":"https:\/\/infocul.pt\/arquivo\/actualidade\/bento-rodrigues-destaca-um-natal-em-que-a-mesa-nao-estao-todos-os-que-nos-habituamos-a-ter\/#primaryimage"},"image":{"@id":"https:\/\/infocul.pt\/arquivo\/actualidade\/bento-rodrigues-destaca-um-natal-em-que-a-mesa-nao-estao-todos-os-que-nos-habituamos-a-ter\/#primaryimage"},"thumbnailUrl":"https:\/\/infocul.pt\/arquivo\/wp-content\/uploads\/2020\/12\/bento-rodrigues.jpg","datePublished":"2020-12-24T17:55:11+00:00","description":"Bento Rodrigues destaca um Natal em que \"\u00e0 mesa n\u00e3o est\u00e3o todos os que nos habitu\u00e1mos a ter\" | Infocul.pt - Arquivo Digital","breadcrumb":{"@id":"https:\/\/infocul.pt\/arquivo\/actualidade\/bento-rodrigues-destaca-um-natal-em-que-a-mesa-nao-estao-todos-os-que-nos-habituamos-a-ter\/#breadcrumb"},"inLanguage":"pt-PT","potentialAction":[{"@type":"ReadAction","target":["https:\/\/infocul.pt\/arquivo\/actualidade\/bento-rodrigues-destaca-um-natal-em-que-a-mesa-nao-estao-todos-os-que-nos-habituamos-a-ter\/"]}]},{"@type":"ImageObject","inLanguage":"pt-PT","@id":"https:\/\/infocul.pt\/arquivo\/actualidade\/bento-rodrigues-destaca-um-natal-em-que-a-mesa-nao-estao-todos-os-que-nos-habituamos-a-ter\/#primaryimage","url":"https:\/\/infocul.pt\/arquivo\/wp-content\/uploads\/2020\/12\/bento-rodrigues.jpg","contentUrl":"https:\/\/infocul.pt\/arquivo\/wp-content\/uploads\/2020\/12\/bento-rodrigues.jpg","width":650,"height":640},{"@type":"BreadcrumbList","@id":"https:\/\/infocul.pt\/arquivo\/actualidade\/bento-rodrigues-destaca-um-natal-em-que-a-mesa-nao-estao-todos-os-que-nos-habituamos-a-ter\/#breadcrumb","itemListElement":[{"@type":"ListItem","position":1,"name":"Home","item":"https:\/\/infocul.pt\/arquivo\/"},{"@type":"ListItem","position":2,"name":"Bento Rodrigues destaca um Natal em que &#8220;\u00e0 mesa n\u00e3o est\u00e3o todos os que nos habitu\u00e1mos a ter&#8221;"}]},{"@type":"WebSite","@id":"https:\/\/infocul.pt\/arquivo\/#website","url":"https:\/\/infocul.pt\/arquivo\/","name":"Infocul.pt - Arquivo Digital","description":"Arquivo digital da Infocul.pt","publisher":{"@id":"https:\/\/infocul.pt\/arquivo\/#organization"},"potentialAction":[{"@type":"SearchAction","target":{"@type":"EntryPoint","urlTemplate":"https:\/\/infocul.pt\/arquivo\/?s={search_term_string}"},"query-input":{"@type":"PropertyValueSpecification","valueRequired":true,"valueName":"search_term_string"}}],"inLanguage":"pt-PT"},{"@type":"Organization","@id":"https:\/\/infocul.pt\/arquivo\/#organization","name":"Infocul.pt","url":"https:\/\/infocul.pt\/arquivo\/","logo":{"@type":"ImageObject","inLanguage":"pt-PT","@id":"https:\/\/infocul.pt\/arquivo\/#\/schema\/logo\/image\/","url":"https:\/\/infocul.pt\/arquivo\/wp-content\/uploads\/2018\/12\/Infocul_logo-1.png","contentUrl":"https:\/\/infocul.pt\/arquivo\/wp-content\/uploads\/2018\/12\/Infocul_logo-1.png","width":800,"height":800,"caption":"Infocul.pt"},"image":{"@id":"https:\/\/infocul.pt\/arquivo\/#\/schema\/logo\/image\/"},"sameAs":["https:\/\/www.facebook.com\/Infocul-147816815585015\/","https:\/\/x.com\/Infoculpt","http:\/\/www.pictaram.com\/user\/infocul.pt\/2370423710","https:\/\/www.youtube.com\/channel\/UCYEB91AGI9FL9ek2i_IaQAA"]},{"@type":"Person","@id":"https:\/\/infocul.pt\/arquivo\/#\/schema\/person\/f243f45ae8d67639120a7586884f3abc","name":"Redac\u00e7\u00e3o","image":{"@type":"ImageObject","inLanguage":"pt-PT","@id":"https:\/\/secure.gravatar.com\/avatar\/151b1b76c598ab5e749407223bd6c1bad4e41c4e95de3c3df83540ebee2deaf8?s=96&d=mm&r=g","url":"https:\/\/secure.gravatar.com\/avatar\/151b1b76c598ab5e749407223bd6c1bad4e41c4e95de3c3df83540ebee2deaf8?s=96&d=mm&r=g","contentUrl":"https:\/\/secure.gravatar.com\/avatar\/151b1b76c598ab5e749407223bd6c1bad4e41c4e95de3c3df83540ebee2deaf8?s=96&d=mm&r=g","caption":"Redac\u00e7\u00e3o"}}]}},"_links":{"self":[{"href":"https:\/\/infocul.pt\/arquivo\/wp-json\/wp\/v2\/posts\/88382","targetHints":{"allow":["GET"]}}],"collection":[{"href":"https:\/\/infocul.pt\/arquivo\/wp-json\/wp\/v2\/posts"}],"about":[{"href":"https:\/\/infocul.pt\/arquivo\/wp-json\/wp\/v2\/types\/post"}],"author":[{"embeddable":true,"href":"https:\/\/infocul.pt\/arquivo\/wp-json\/wp\/v2\/users\/13"}],"replies":[{"embeddable":true,"href":"https:\/\/infocul.pt\/arquivo\/wp-json\/wp\/v2\/comments?post=88382"}],"version-history":[{"count":0,"href":"https:\/\/infocul.pt\/arquivo\/wp-json\/wp\/v2\/posts\/88382\/revisions"}],"wp:featuredmedia":[{"embeddable":true,"href":"https:\/\/infocul.pt\/arquivo\/wp-json\/wp\/v2\/media\/88383"}],"wp:attachment":[{"href":"https:\/\/infocul.pt\/arquivo\/wp-json\/wp\/v2\/media?parent=88382"}],"wp:term":[{"taxonomy":"category","embeddable":true,"href":"https:\/\/infocul.pt\/arquivo\/wp-json\/wp\/v2\/categories?post=88382"},{"taxonomy":"post_tag","embeddable":true,"href":"https:\/\/infocul.pt\/arquivo\/wp-json\/wp\/v2\/tags?post=88382"}],"curies":[{"name":"wp","href":"https:\/\/api.w.org\/{rel}","templated":true}]}}