{"id":88530,"date":"2020-12-28T20:32:42","date_gmt":"2020-12-28T20:32:42","guid":{"rendered":"https:\/\/infocul.pt\/?p=88530"},"modified":"2020-12-28T20:32:42","modified_gmt":"2020-12-28T20:32:42","slug":"previsao-de-mau-tempo-ate-dia-1-de-janeiro","status":"publish","type":"post","link":"https:\/\/infocul.pt\/arquivo\/actualidade\/previsao-de-mau-tempo-ate-dia-1-de-janeiro\/","title":{"rendered":"Previs\u00e3o de mau tempo at\u00e9 dia 1 de Janeiro"},"content":{"rendered":"<p><img decoding=\"async\" class=\"aligncenter wp-image-48755 size-full lazyload\" data-src=\"https:\/\/infocul.pt\/arquivo\/wp-content\/uploads\/2018\/11\/mau-tempo-e1548671055655.jpg\" alt=\"\" width=\"800\" height=\"480\" src=\"data:image\/svg+xml;base64,PHN2ZyB3aWR0aD0iMSIgaGVpZ2h0PSIxIiB4bWxucz0iaHR0cDovL3d3dy53My5vcmcvMjAwMC9zdmciPjwvc3ZnPg==\" style=\"--smush-placeholder-width: 800px; --smush-placeholder-aspect-ratio: 800\/480;\" \/><\/p>\n<p>A a\u00e7\u00e3o conjunta de um anticiclone localizado a noroeste do arquip\u00e9lago dos A\u00e7ores e a depress\u00e3o BELLA &#8211; nomeada no dia 27 pelo Met Office (Servi\u00e7o Meteorol\u00f3gico Brit\u00e2nico) que se ir\u00e1 deslocar para a regi\u00e3o da Escandin\u00e1via, passando pelo norte de Fran\u00e7a &#8211; originar\u00e1 um fluxo de norte, que transportar\u00e1 uma massa de ar frio sobre o territ\u00f3rio continental nos pr\u00f3ximos dias, esperando-se a continua\u00e7\u00e3o do tempo frio pelo menos at\u00e9 ao pr\u00f3ximo dia 1 de janeiro de 2021.<!--more--><\/p>\n<p>A temperatura m\u00e1xima n\u00e3o dever\u00e1 ultrapassar os 15\u00b0C em praticamente todo o territ\u00f3rio at\u00e9 ao final do ano. Na Beira Baixa, Beira Alta e Tr\u00e1s-os-Montes e Alto Douro a m\u00e1xima dever\u00e1 variar aproximadamente entre os 3 e os 10\u00b0C e a m\u00ednima entre os -4 e os -1\u00b0C.<\/p>\n<p>Nas regi\u00f5es mais pr\u00f3ximas do litoral, as temperaturas m\u00ednimas dever\u00e3o variar aproximadamente entre os 3 e os 9\u00b0C.Durante esta semana, de 28 a 31 de dezembro, prev\u00ea-se ainda precipita\u00e7\u00e3o em regime de aguaceiros, que ser\u00e3o de neve de um modo geral acima de 800\/1000 metros de altitude, variando a cota ao longo da semana nas serras do Norte e Centro, com a passagem de nova superf\u00edcie frontal fria no final de dia 30 e in\u00edcio de dia 31.<\/p>\n<p>Espera-se ainda forma\u00e7\u00e3o de gelo ou geada em especial nas regi\u00f5es do interior e neblina ou nevoeiro matinal.<\/p>\n<p>O vento soprar\u00e1 moderado do quadrante oeste, tornando-se do quadrante norte ao longo da semana, por vezes forte com rajadas at\u00e9 70km\/h, tal que a intensifica\u00e7\u00e3o do vento ir\u00e1 provocar um aumento do desconforto t\u00e9rmico.<\/p>\n<p>A agita\u00e7\u00e3o mar\u00edtima ir\u00e1 manter-se forte at\u00e9 ao dia 29 na costa ocidental, em particular a norte do cabo Raso, em que a altura significativa das ondas poder\u00e1 atingir os 7 metros.<\/p>\n<p>Fonte: IPMA<\/p>\n","protected":false},"excerpt":{"rendered":"<p>A a\u00e7\u00e3o conjunta de um anticiclone localizado a noroeste do arquip\u00e9lago dos A\u00e7ores e a depress\u00e3o BELLA &#8211; nomeada no dia 27 pelo Met Office (Servi\u00e7o Meteorol\u00f3gico Brit\u00e2nico) que se ir\u00e1 deslocar para a regi\u00e3o da Escandin\u00e1via, passando pelo norte de Fran\u00e7a &#8211; originar\u00e1 um fluxo de norte, que transportar\u00e1 uma massa de ar frio [&hellip;]<\/p>\n","protected":false},"author":13,"featured_media":48755,"comment_status":"open","ping_status":"closed","sticky":false,"template":"","format":"standard","meta":{"footnotes":""},"categories":[10,11],"tags":[4434],"class_list":["post-88530","post","type-post","status-publish","format-standard","has-post-thumbnail","hentry","category-actualidade","category-pais","tag-ipma"],"yoast_head":"<!-- This site is optimized with the Yoast SEO plugin v27.4 - https:\/\/yoast.com\/product\/yoast-seo-wordpress\/ -->\n<title>Previs\u00e3o de mau tempo at\u00e9 dia 1 de Janeiro | Infocul.pt - Arquivo Digital<\/title>\n<meta name=\"description\" content=\"Previs\u00e3o de mau tempo at\u00e9 dia 1 de Janeiro | Infocul.pt - Arquivo Digital\" \/>\n<meta name=\"robots\" content=\"noindex, follow, max-snippet:-1, max-image-preview:large, max-video-preview:-1\" \/>\n<meta property=\"og:locale\" content=\"pt_PT\" \/>\n<meta property=\"og:type\" content=\"article\" \/>\n<meta property=\"og:title\" content=\"Previs\u00e3o de mau tempo at\u00e9 dia 1 de Janeiro | Infocul.pt - Arquivo Digital\" \/>\n<meta property=\"og:description\" content=\"Previs\u00e3o de mau tempo at\u00e9 dia 1 de Janeiro | Infocul.pt - Arquivo Digital\" \/>\n<meta property=\"og:url\" content=\"https:\/\/infocul.pt\/arquivo\/actualidade\/previsao-de-mau-tempo-ate-dia-1-de-janeiro\/\" \/>\n<meta property=\"og:site_name\" content=\"Infocul.pt - Arquivo Digital\" \/>\n<meta property=\"article:publisher\" content=\"https:\/\/www.facebook.com\/Infocul-147816815585015\/\" \/>\n<meta property=\"article:published_time\" content=\"2020-12-28T20:32:42+00:00\" \/>\n<meta property=\"og:image\" content=\"https:\/\/infocul.pt\/arquivo\/wp-content\/uploads\/2018\/11\/mau-tempo-e1548671055655.jpg\" \/>\n\t<meta property=\"og:image:width\" content=\"800\" \/>\n\t<meta property=\"og:image:height\" content=\"480\" \/>\n\t<meta property=\"og:image:type\" content=\"image\/jpeg\" \/>\n<meta name=\"author\" content=\"Redac\u00e7\u00e3o\" \/>\n<meta name=\"twitter:card\" content=\"summary_large_image\" \/>\n<meta name=\"twitter:creator\" content=\"@Infoculpt\" \/>\n<meta name=\"twitter:site\" content=\"@Infoculpt\" \/>\n<meta name=\"twitter:label1\" content=\"Escrito por\" \/>\n\t<meta name=\"twitter:data1\" content=\"Redac\u00e7\u00e3o\" \/>\n\t<meta name=\"twitter:label2\" content=\"Tempo estimado de leitura\" \/>\n\t<meta name=\"twitter:data2\" content=\"2 minutos\" \/>\n<script type=\"application\/ld+json\" class=\"yoast-schema-graph\">{\"@context\":\"https:\\\/\\\/schema.org\",\"@graph\":[{\"@type\":\"Article\",\"@id\":\"https:\\\/\\\/infocul.pt\\\/arquivo\\\/actualidade\\\/previsao-de-mau-tempo-ate-dia-1-de-janeiro\\\/#article\",\"isPartOf\":{\"@id\":\"https:\\\/\\\/infocul.pt\\\/arquivo\\\/actualidade\\\/previsao-de-mau-tempo-ate-dia-1-de-janeiro\\\/\"},\"author\":{\"name\":\"Redac\u00e7\u00e3o\",\"@id\":\"https:\\\/\\\/infocul.pt\\\/arquivo\\\/#\\\/schema\\\/person\\\/f243f45ae8d67639120a7586884f3abc\"},\"headline\":\"Previs\u00e3o de mau tempo at\u00e9 dia 1 de Janeiro\",\"datePublished\":\"2020-12-28T20:32:42+00:00\",\"mainEntityOfPage\":{\"@id\":\"https:\\\/\\\/infocul.pt\\\/arquivo\\\/actualidade\\\/previsao-de-mau-tempo-ate-dia-1-de-janeiro\\\/\"},\"wordCount\":327,\"commentCount\":0,\"publisher\":{\"@id\":\"https:\\\/\\\/infocul.pt\\\/arquivo\\\/#organization\"},\"image\":{\"@id\":\"https:\\\/\\\/infocul.pt\\\/arquivo\\\/actualidade\\\/previsao-de-mau-tempo-ate-dia-1-de-janeiro\\\/#primaryimage\"},\"thumbnailUrl\":\"https:\\\/\\\/infocul.pt\\\/arquivo\\\/wp-content\\\/uploads\\\/2018\\\/11\\\/mau-tempo-e1548671055655.jpg\",\"keywords\":[\"IPMA\"],\"articleSection\":[\"Actualidade\",\"Pa\u00eds\"],\"inLanguage\":\"pt-PT\"},{\"@type\":\"WebPage\",\"@id\":\"https:\\\/\\\/infocul.pt\\\/arquivo\\\/actualidade\\\/previsao-de-mau-tempo-ate-dia-1-de-janeiro\\\/\",\"url\":\"https:\\\/\\\/infocul.pt\\\/arquivo\\\/actualidade\\\/previsao-de-mau-tempo-ate-dia-1-de-janeiro\\\/\",\"name\":\"Previs\u00e3o de mau tempo at\u00e9 dia 1 de Janeiro | Infocul.pt - Arquivo Digital\",\"isPartOf\":{\"@id\":\"https:\\\/\\\/infocul.pt\\\/arquivo\\\/#website\"},\"primaryImageOfPage\":{\"@id\":\"https:\\\/\\\/infocul.pt\\\/arquivo\\\/actualidade\\\/previsao-de-mau-tempo-ate-dia-1-de-janeiro\\\/#primaryimage\"},\"image\":{\"@id\":\"https:\\\/\\\/infocul.pt\\\/arquivo\\\/actualidade\\\/previsao-de-mau-tempo-ate-dia-1-de-janeiro\\\/#primaryimage\"},\"thumbnailUrl\":\"https:\\\/\\\/infocul.pt\\\/arquivo\\\/wp-content\\\/uploads\\\/2018\\\/11\\\/mau-tempo-e1548671055655.jpg\",\"datePublished\":\"2020-12-28T20:32:42+00:00\",\"description\":\"Previs\u00e3o de mau tempo at\u00e9 dia 1 de Janeiro | Infocul.pt - Arquivo Digital\",\"breadcrumb\":{\"@id\":\"https:\\\/\\\/infocul.pt\\\/arquivo\\\/actualidade\\\/previsao-de-mau-tempo-ate-dia-1-de-janeiro\\\/#breadcrumb\"},\"inLanguage\":\"pt-PT\",\"potentialAction\":[{\"@type\":\"ReadAction\",\"target\":[\"https:\\\/\\\/infocul.pt\\\/arquivo\\\/actualidade\\\/previsao-de-mau-tempo-ate-dia-1-de-janeiro\\\/\"]}]},{\"@type\":\"ImageObject\",\"inLanguage\":\"pt-PT\",\"@id\":\"https:\\\/\\\/infocul.pt\\\/arquivo\\\/actualidade\\\/previsao-de-mau-tempo-ate-dia-1-de-janeiro\\\/#primaryimage\",\"url\":\"https:\\\/\\\/infocul.pt\\\/arquivo\\\/wp-content\\\/uploads\\\/2018\\\/11\\\/mau-tempo-e1548671055655.jpg\",\"contentUrl\":\"https:\\\/\\\/infocul.pt\\\/arquivo\\\/wp-content\\\/uploads\\\/2018\\\/11\\\/mau-tempo-e1548671055655.jpg\",\"width\":800,\"height\":480},{\"@type\":\"BreadcrumbList\",\"@id\":\"https:\\\/\\\/infocul.pt\\\/arquivo\\\/actualidade\\\/previsao-de-mau-tempo-ate-dia-1-de-janeiro\\\/#breadcrumb\",\"itemListElement\":[{\"@type\":\"ListItem\",\"position\":1,\"name\":\"Home\",\"item\":\"https:\\\/\\\/infocul.pt\\\/arquivo\\\/\"},{\"@type\":\"ListItem\",\"position\":2,\"name\":\"Previs\u00e3o de mau tempo at\u00e9 dia 1 de Janeiro\"}]},{\"@type\":\"WebSite\",\"@id\":\"https:\\\/\\\/infocul.pt\\\/arquivo\\\/#website\",\"url\":\"https:\\\/\\\/infocul.pt\\\/arquivo\\\/\",\"name\":\"Infocul.pt - Arquivo Digital\",\"description\":\"Arquivo digital da Infocul.pt\",\"publisher\":{\"@id\":\"https:\\\/\\\/infocul.pt\\\/arquivo\\\/#organization\"},\"potentialAction\":[{\"@type\":\"SearchAction\",\"target\":{\"@type\":\"EntryPoint\",\"urlTemplate\":\"https:\\\/\\\/infocul.pt\\\/arquivo\\\/?s={search_term_string}\"},\"query-input\":{\"@type\":\"PropertyValueSpecification\",\"valueRequired\":true,\"valueName\":\"search_term_string\"}}],\"inLanguage\":\"pt-PT\"},{\"@type\":\"Organization\",\"@id\":\"https:\\\/\\\/infocul.pt\\\/arquivo\\\/#organization\",\"name\":\"Infocul.pt\",\"url\":\"https:\\\/\\\/infocul.pt\\\/arquivo\\\/\",\"logo\":{\"@type\":\"ImageObject\",\"inLanguage\":\"pt-PT\",\"@id\":\"https:\\\/\\\/infocul.pt\\\/arquivo\\\/#\\\/schema\\\/logo\\\/image\\\/\",\"url\":\"https:\\\/\\\/infocul.pt\\\/arquivo\\\/wp-content\\\/uploads\\\/2018\\\/12\\\/Infocul_logo-1.png\",\"contentUrl\":\"https:\\\/\\\/infocul.pt\\\/arquivo\\\/wp-content\\\/uploads\\\/2018\\\/12\\\/Infocul_logo-1.png\",\"width\":800,\"height\":800,\"caption\":\"Infocul.pt\"},\"image\":{\"@id\":\"https:\\\/\\\/infocul.pt\\\/arquivo\\\/#\\\/schema\\\/logo\\\/image\\\/\"},\"sameAs\":[\"https:\\\/\\\/www.facebook.com\\\/Infocul-147816815585015\\\/\",\"https:\\\/\\\/x.com\\\/Infoculpt\",\"http:\\\/\\\/www.pictaram.com\\\/user\\\/infocul.pt\\\/2370423710\",\"https:\\\/\\\/www.youtube.com\\\/channel\\\/UCYEB91AGI9FL9ek2i_IaQAA\"]},{\"@type\":\"Person\",\"@id\":\"https:\\\/\\\/infocul.pt\\\/arquivo\\\/#\\\/schema\\\/person\\\/f243f45ae8d67639120a7586884f3abc\",\"name\":\"Redac\u00e7\u00e3o\",\"image\":{\"@type\":\"ImageObject\",\"inLanguage\":\"pt-PT\",\"@id\":\"https:\\\/\\\/secure.gravatar.com\\\/avatar\\\/151b1b76c598ab5e749407223bd6c1bad4e41c4e95de3c3df83540ebee2deaf8?s=96&d=mm&r=g\",\"url\":\"https:\\\/\\\/secure.gravatar.com\\\/avatar\\\/151b1b76c598ab5e749407223bd6c1bad4e41c4e95de3c3df83540ebee2deaf8?s=96&d=mm&r=g\",\"contentUrl\":\"https:\\\/\\\/secure.gravatar.com\\\/avatar\\\/151b1b76c598ab5e749407223bd6c1bad4e41c4e95de3c3df83540ebee2deaf8?s=96&d=mm&r=g\",\"caption\":\"Redac\u00e7\u00e3o\"}}]}<\/script>\n<!-- \/ Yoast SEO plugin. -->","yoast_head_json":{"title":"Previs\u00e3o de mau tempo at\u00e9 dia 1 de Janeiro | Infocul.pt - Arquivo Digital","description":"Previs\u00e3o de mau tempo at\u00e9 dia 1 de Janeiro | Infocul.pt - Arquivo Digital","robots":{"index":"noindex","follow":"follow","max-snippet":"max-snippet:-1","max-image-preview":"max-image-preview:large","max-video-preview":"max-video-preview:-1"},"og_locale":"pt_PT","og_type":"article","og_title":"Previs\u00e3o de mau tempo at\u00e9 dia 1 de Janeiro | Infocul.pt - Arquivo Digital","og_description":"Previs\u00e3o de mau tempo at\u00e9 dia 1 de Janeiro | Infocul.pt - Arquivo Digital","og_url":"https:\/\/infocul.pt\/arquivo\/actualidade\/previsao-de-mau-tempo-ate-dia-1-de-janeiro\/","og_site_name":"Infocul.pt - Arquivo Digital","article_publisher":"https:\/\/www.facebook.com\/Infocul-147816815585015\/","article_published_time":"2020-12-28T20:32:42+00:00","og_image":[{"width":800,"height":480,"url":"https:\/\/infocul.pt\/arquivo\/wp-content\/uploads\/2018\/11\/mau-tempo-e1548671055655.jpg","type":"image\/jpeg"}],"author":"Redac\u00e7\u00e3o","twitter_card":"summary_large_image","twitter_creator":"@Infoculpt","twitter_site":"@Infoculpt","twitter_misc":{"Escrito por":"Redac\u00e7\u00e3o","Tempo estimado de leitura":"2 minutos"},"schema":{"@context":"https:\/\/schema.org","@graph":[{"@type":"Article","@id":"https:\/\/infocul.pt\/arquivo\/actualidade\/previsao-de-mau-tempo-ate-dia-1-de-janeiro\/#article","isPartOf":{"@id":"https:\/\/infocul.pt\/arquivo\/actualidade\/previsao-de-mau-tempo-ate-dia-1-de-janeiro\/"},"author":{"name":"Redac\u00e7\u00e3o","@id":"https:\/\/infocul.pt\/arquivo\/#\/schema\/person\/f243f45ae8d67639120a7586884f3abc"},"headline":"Previs\u00e3o de mau tempo at\u00e9 dia 1 de Janeiro","datePublished":"2020-12-28T20:32:42+00:00","mainEntityOfPage":{"@id":"https:\/\/infocul.pt\/arquivo\/actualidade\/previsao-de-mau-tempo-ate-dia-1-de-janeiro\/"},"wordCount":327,"commentCount":0,"publisher":{"@id":"https:\/\/infocul.pt\/arquivo\/#organization"},"image":{"@id":"https:\/\/infocul.pt\/arquivo\/actualidade\/previsao-de-mau-tempo-ate-dia-1-de-janeiro\/#primaryimage"},"thumbnailUrl":"https:\/\/infocul.pt\/arquivo\/wp-content\/uploads\/2018\/11\/mau-tempo-e1548671055655.jpg","keywords":["IPMA"],"articleSection":["Actualidade","Pa\u00eds"],"inLanguage":"pt-PT"},{"@type":"WebPage","@id":"https:\/\/infocul.pt\/arquivo\/actualidade\/previsao-de-mau-tempo-ate-dia-1-de-janeiro\/","url":"https:\/\/infocul.pt\/arquivo\/actualidade\/previsao-de-mau-tempo-ate-dia-1-de-janeiro\/","name":"Previs\u00e3o de mau tempo at\u00e9 dia 1 de Janeiro | Infocul.pt - Arquivo Digital","isPartOf":{"@id":"https:\/\/infocul.pt\/arquivo\/#website"},"primaryImageOfPage":{"@id":"https:\/\/infocul.pt\/arquivo\/actualidade\/previsao-de-mau-tempo-ate-dia-1-de-janeiro\/#primaryimage"},"image":{"@id":"https:\/\/infocul.pt\/arquivo\/actualidade\/previsao-de-mau-tempo-ate-dia-1-de-janeiro\/#primaryimage"},"thumbnailUrl":"https:\/\/infocul.pt\/arquivo\/wp-content\/uploads\/2018\/11\/mau-tempo-e1548671055655.jpg","datePublished":"2020-12-28T20:32:42+00:00","description":"Previs\u00e3o de mau tempo at\u00e9 dia 1 de Janeiro | Infocul.pt - Arquivo Digital","breadcrumb":{"@id":"https:\/\/infocul.pt\/arquivo\/actualidade\/previsao-de-mau-tempo-ate-dia-1-de-janeiro\/#breadcrumb"},"inLanguage":"pt-PT","potentialAction":[{"@type":"ReadAction","target":["https:\/\/infocul.pt\/arquivo\/actualidade\/previsao-de-mau-tempo-ate-dia-1-de-janeiro\/"]}]},{"@type":"ImageObject","inLanguage":"pt-PT","@id":"https:\/\/infocul.pt\/arquivo\/actualidade\/previsao-de-mau-tempo-ate-dia-1-de-janeiro\/#primaryimage","url":"https:\/\/infocul.pt\/arquivo\/wp-content\/uploads\/2018\/11\/mau-tempo-e1548671055655.jpg","contentUrl":"https:\/\/infocul.pt\/arquivo\/wp-content\/uploads\/2018\/11\/mau-tempo-e1548671055655.jpg","width":800,"height":480},{"@type":"BreadcrumbList","@id":"https:\/\/infocul.pt\/arquivo\/actualidade\/previsao-de-mau-tempo-ate-dia-1-de-janeiro\/#breadcrumb","itemListElement":[{"@type":"ListItem","position":1,"name":"Home","item":"https:\/\/infocul.pt\/arquivo\/"},{"@type":"ListItem","position":2,"name":"Previs\u00e3o de mau tempo at\u00e9 dia 1 de Janeiro"}]},{"@type":"WebSite","@id":"https:\/\/infocul.pt\/arquivo\/#website","url":"https:\/\/infocul.pt\/arquivo\/","name":"Infocul.pt - Arquivo Digital","description":"Arquivo digital da Infocul.pt","publisher":{"@id":"https:\/\/infocul.pt\/arquivo\/#organization"},"potentialAction":[{"@type":"SearchAction","target":{"@type":"EntryPoint","urlTemplate":"https:\/\/infocul.pt\/arquivo\/?s={search_term_string}"},"query-input":{"@type":"PropertyValueSpecification","valueRequired":true,"valueName":"search_term_string"}}],"inLanguage":"pt-PT"},{"@type":"Organization","@id":"https:\/\/infocul.pt\/arquivo\/#organization","name":"Infocul.pt","url":"https:\/\/infocul.pt\/arquivo\/","logo":{"@type":"ImageObject","inLanguage":"pt-PT","@id":"https:\/\/infocul.pt\/arquivo\/#\/schema\/logo\/image\/","url":"https:\/\/infocul.pt\/arquivo\/wp-content\/uploads\/2018\/12\/Infocul_logo-1.png","contentUrl":"https:\/\/infocul.pt\/arquivo\/wp-content\/uploads\/2018\/12\/Infocul_logo-1.png","width":800,"height":800,"caption":"Infocul.pt"},"image":{"@id":"https:\/\/infocul.pt\/arquivo\/#\/schema\/logo\/image\/"},"sameAs":["https:\/\/www.facebook.com\/Infocul-147816815585015\/","https:\/\/x.com\/Infoculpt","http:\/\/www.pictaram.com\/user\/infocul.pt\/2370423710","https:\/\/www.youtube.com\/channel\/UCYEB91AGI9FL9ek2i_IaQAA"]},{"@type":"Person","@id":"https:\/\/infocul.pt\/arquivo\/#\/schema\/person\/f243f45ae8d67639120a7586884f3abc","name":"Redac\u00e7\u00e3o","image":{"@type":"ImageObject","inLanguage":"pt-PT","@id":"https:\/\/secure.gravatar.com\/avatar\/151b1b76c598ab5e749407223bd6c1bad4e41c4e95de3c3df83540ebee2deaf8?s=96&d=mm&r=g","url":"https:\/\/secure.gravatar.com\/avatar\/151b1b76c598ab5e749407223bd6c1bad4e41c4e95de3c3df83540ebee2deaf8?s=96&d=mm&r=g","contentUrl":"https:\/\/secure.gravatar.com\/avatar\/151b1b76c598ab5e749407223bd6c1bad4e41c4e95de3c3df83540ebee2deaf8?s=96&d=mm&r=g","caption":"Redac\u00e7\u00e3o"}}]}},"_links":{"self":[{"href":"https:\/\/infocul.pt\/arquivo\/wp-json\/wp\/v2\/posts\/88530","targetHints":{"allow":["GET"]}}],"collection":[{"href":"https:\/\/infocul.pt\/arquivo\/wp-json\/wp\/v2\/posts"}],"about":[{"href":"https:\/\/infocul.pt\/arquivo\/wp-json\/wp\/v2\/types\/post"}],"author":[{"embeddable":true,"href":"https:\/\/infocul.pt\/arquivo\/wp-json\/wp\/v2\/users\/13"}],"replies":[{"embeddable":true,"href":"https:\/\/infocul.pt\/arquivo\/wp-json\/wp\/v2\/comments?post=88530"}],"version-history":[{"count":0,"href":"https:\/\/infocul.pt\/arquivo\/wp-json\/wp\/v2\/posts\/88530\/revisions"}],"wp:featuredmedia":[{"embeddable":true,"href":"https:\/\/infocul.pt\/arquivo\/wp-json\/wp\/v2\/media\/48755"}],"wp:attachment":[{"href":"https:\/\/infocul.pt\/arquivo\/wp-json\/wp\/v2\/media?parent=88530"}],"wp:term":[{"taxonomy":"category","embeddable":true,"href":"https:\/\/infocul.pt\/arquivo\/wp-json\/wp\/v2\/categories?post=88530"},{"taxonomy":"post_tag","embeddable":true,"href":"https:\/\/infocul.pt\/arquivo\/wp-json\/wp\/v2\/tags?post=88530"}],"curies":[{"name":"wp","href":"https:\/\/api.w.org\/{rel}","templated":true}]}}