{"id":88883,"date":"2021-01-07T11:00:41","date_gmt":"2021-01-07T11:00:41","guid":{"rendered":"https:\/\/infocul.pt\/?p=88883"},"modified":"2021-01-07T11:00:41","modified_gmt":"2021-01-07T11:00:41","slug":"velhos-populismos","status":"publish","type":"post","link":"https:\/\/infocul.pt\/arquivo\/actualidade\/politica\/velhos-populismos\/","title":{"rendered":"Velhos populismos"},"content":{"rendered":"<p><img decoding=\"async\" class=\"aligncenter wp-image-87004 size-full lazyload\" data-src=\"https:\/\/infocul.pt\/arquivo\/wp-content\/uploads\/2020\/11\/IMG-20201124-WA0001.jpg\" alt=\"\" width=\"719\" height=\"720\" data-srcset=\"https:\/\/infocul.pt\/arquivo\/wp-content\/uploads\/2020\/11\/IMG-20201124-WA0001.jpg 719w, https:\/\/infocul.pt\/arquivo\/wp-content\/uploads\/2020\/11\/IMG-20201124-WA0001-300x300.jpg 300w, https:\/\/infocul.pt\/arquivo\/wp-content\/uploads\/2020\/11\/IMG-20201124-WA0001-150x150.jpg 150w\" data-sizes=\"(max-width: 719px) 100vw, 719px\" src=\"data:image\/svg+xml;base64,PHN2ZyB3aWR0aD0iMSIgaGVpZ2h0PSIxIiB4bWxucz0iaHR0cDovL3d3dy53My5vcmcvMjAwMC9zdmciPjwvc3ZnPg==\" style=\"--smush-placeholder-width: 719px; --smush-placeholder-aspect-ratio: 719\/720;\" \/><\/p>\n<p>&nbsp;<\/p>\n<p><span style=\"font-weight: 400;\">As elei\u00e7\u00f5es presidenciais t\u00eam dado espa\u00e7o a que ideias que t\u00eam como objetivo desacreditar os partidos e instaurar a desconfian\u00e7a nestes tenham um eco especial.\u00a0<\/span><!--more--><\/p>\n<p>&nbsp;<\/p>\n<p><span style=\"font-weight: 400;\">H\u00e1 uma certa grupeta, que observou que isto do populismo at\u00e9 \u00e9 popular e assinalou os pol\u00edticos e at\u00e9 as juventudes partid\u00e1rias como uns dos alvos da sua campanha. Estes dizem que se fazem acompanhar dos puros da pol\u00edtica, dos salvadores ou redentores que nunca entraram no \u201csistema\u201d, os bem-intencionados, aqueles que nunca pisaram uma sede partid\u00e1ria nem trocaram ideias nem militaram numa juventude partid\u00e1ria.\u00a0<\/span><\/p>\n<p>&nbsp;<\/p>\n<p><span style=\"font-weight: 400;\">Acredito que em democracia este tipo de argument\u00e1rio n\u00e3o \u00e9 fora da caixa, nem positivamente diferenciador. Mas antes fora da no\u00e7\u00e3o democr\u00e1tica que tenho constru\u00eddo. Esta ret\u00f3rica \u00e9 antes destruidora da institui\u00e7\u00e3o a que se candidatam porque toda esta \u00e9 pol\u00edtica, toda esta requer algu\u00e9m com capacidades pol\u00edticas para a fun\u00e7\u00e3o, requer algu\u00e9m que conhe\u00e7a o sistema e o seu modo de funcionamento.<\/span><\/p>\n<p><span style=\"font-weight: 400;\">Quero para Presidente da Rep\u00fablica algu\u00e9m que conhe\u00e7a as suas fragilidades e se comprometa a resolv\u00ea-las por dentro, n\u00e3o desejo um presidente revolucion\u00e1rio, quero algu\u00e9m com experi\u00eancia c\u00edvica e\/ou pol\u00edtica, ainda que esta n\u00e3o seja partid\u00e1ria.\u00a0<\/span><\/p>\n<p>&nbsp;<\/p>\n<p><span style=\"font-weight: 400;\">Elejo a ret\u00f3rica como uma das mais prejudiciais \u00e0 nossa democracia e comete uma s\u00e9rie de erros desde a sua concep\u00e7\u00e3o. Ora vejamos: Portugal \u00e9 uma democracia e vigora um regime semi-presidencialista, que directamente pressup\u00f5e uma representatividade na assembleia da rep\u00fablica dos cidad\u00e3os pelos deputados de partidos pol\u00edticos por estes eleitos.\u00a0<\/span><\/p>\n<p>&nbsp;<\/p>\n<p><span style=\"font-weight: 400;\">Por n\u00e3o pertencerem a uma classe superior, os pol\u00edticos, n\u00e3o s\u00e3o mais que cidad\u00e3os e desta feita \u00e9 natural que os cidad\u00e3os, na sua liberdade se envolvam e participem nos partidos e militem de acordo com aquilo que consideram, por excel\u00eancia, a sua vis\u00e3o de sociedade. Assim, percorrendo as faixas que comp\u00f5em a pir\u00e2mide et\u00e1ria portuguesa \u00e9 tamb\u00e9m natural que aos jovens, tamb\u00e9m estes com vis\u00f5es de sociedade, se queiram envolver em associa\u00e7\u00f5es, agremia\u00e7\u00f5es e tamb\u00e9m em juventudes partid\u00e1rias. Estes jovens, que s\u00e3o o futuro da pol\u00edtica portuguesa, n\u00e3o s\u00e3o menos capazes nem menos v\u00e1lidos por se envolverem ativamente em \u201cjotas\u201d.\u00a0<\/span><\/p>\n<p>&nbsp;<\/p>\n<p><span style=\"font-weight: 400;\">Entrar neste jogo dos \u201cpuros\u201d contra os \u201cimpuros\u201d traz problemas. Problemas que percorrem a latitude desde o fomento da desconfian\u00e7a da popula\u00e7\u00e3o nos jovens pol\u00edticos at\u00e9 ao afastamento de jovens da pol\u00edtica comprometida.<\/span><\/p>\n<p>&nbsp;<\/p>\n<p><span style=\"font-weight: 400;\">Investir nesta ret\u00f3rica pode at\u00e9 ser considerado um ato de desconhecimento.\u00a0<\/span><\/p>\n<p><span style=\"font-weight: 400;\">Porventura faltar\u00e1 a este candidato, experi\u00eancia partid\u00e1ria, conhecimento do que de bom se faz nos partidos. Faltar\u00e1 conhecimento das boas pessoas que militam nos partidos e juventudes partid\u00e1rias. Falta-lhe conhecimento da mais valia que \u00e9 a milit\u00e2ncia desinteressada numa \u201cjota\u201d.\u00a0<\/span><\/p>\n<p>&nbsp;<\/p>\n<p><span style=\"font-weight: 400;\">Um discurso presidencial desempoeirado n\u00e3o carece de discursos baratos de fomento da desconfian\u00e7a nos partidos pol\u00edticos, muito menos quando feito por Tiago Mayan Gon\u00e7alves, um fundador de um partido e cujo mandat\u00e1rio para as elei\u00e7\u00f5es presidenciais, Michael Seufert, foi presidente de uma juventude partid\u00e1ria. Ter um discurso disruptivo e com novidade \u00e9 apelar \u00e0 reinven\u00e7\u00e3o do sistema, \u00e9 reinventar os partidos e as suas juventudes partid\u00e1rias, \u00e9 aproximar os cidad\u00e3os da pol\u00edtica participativa.\u00a0<\/span><\/p>\n<p>&nbsp;<\/p>\n<p><span style=\"font-weight: 400;\">Estar na pol\u00edtica com sentido empreendedor \u00e9 n\u00e3o recorrer a bafientas pr\u00e1ticas para cativar eleitores, estar na pol\u00edtica com verdade e representando confian\u00e7a \u00e9 ser coerente com o discurso e pr\u00e1tica, a novidade na pol\u00edtica \u00e9 sempre bem-vinda, os velhos populismos n\u00e3o.<\/span><\/p>\n<p><span style=\"font-weight: 400;\"><br \/>\n<\/span><b>Jos\u00e9 Coutinho<\/b><b><br \/>\n<\/b><b>Presidente da Juventude Popular Distrital de Set\u00fabal<\/b><\/p>\n","protected":false},"excerpt":{"rendered":"<p>&nbsp; As elei\u00e7\u00f5es presidenciais t\u00eam dado espa\u00e7o a que ideias que t\u00eam como objetivo desacreditar os partidos e instaurar a desconfian\u00e7a nestes tenham um eco especial.\u00a0<\/p>\n","protected":false},"author":25,"featured_media":87004,"comment_status":"closed","ping_status":"closed","sticky":false,"template":"","format":"standard","meta":{"footnotes":""},"categories":[36,4121,16],"tags":[],"class_list":["post-88883","post","type-post","status-publish","format-standard","has-post-thumbnail","hentry","category-destaque","category-opiniao","category-politica"],"yoast_head":"<!-- This site is optimized with the Yoast SEO plugin v27.4 - https:\/\/yoast.com\/product\/yoast-seo-wordpress\/ -->\n<title>Velhos populismos | Infocul.pt - Arquivo Digital<\/title>\n<meta name=\"description\" content=\"Velhos populismos | Infocul.pt - Arquivo Digital\" \/>\n<meta name=\"robots\" content=\"noindex, follow, max-snippet:-1, max-image-preview:large, max-video-preview:-1\" \/>\n<meta property=\"og:locale\" content=\"pt_PT\" \/>\n<meta property=\"og:type\" content=\"article\" \/>\n<meta property=\"og:title\" content=\"Velhos populismos | Infocul.pt - Arquivo Digital\" \/>\n<meta property=\"og:description\" content=\"Velhos populismos | Infocul.pt - Arquivo Digital\" \/>\n<meta property=\"og:url\" content=\"https:\/\/infocul.pt\/arquivo\/actualidade\/politica\/velhos-populismos\/\" \/>\n<meta property=\"og:site_name\" content=\"Infocul.pt - Arquivo Digital\" \/>\n<meta property=\"article:publisher\" content=\"https:\/\/www.facebook.com\/Infocul-147816815585015\/\" \/>\n<meta property=\"article:published_time\" content=\"2021-01-07T11:00:41+00:00\" \/>\n<meta property=\"og:image\" content=\"https:\/\/infocul.pt\/arquivo\/wp-content\/uploads\/2020\/11\/IMG-20201124-WA0001.jpg\" \/>\n\t<meta property=\"og:image:width\" content=\"719\" \/>\n\t<meta property=\"og:image:height\" content=\"720\" \/>\n\t<meta property=\"og:image:type\" content=\"image\/jpeg\" \/>\n<meta name=\"author\" content=\"Jos\u00e9 Coutinho\" \/>\n<meta name=\"twitter:card\" content=\"summary_large_image\" \/>\n<meta name=\"twitter:creator\" content=\"@Infoculpt\" \/>\n<meta name=\"twitter:site\" content=\"@Infoculpt\" \/>\n<meta name=\"twitter:label1\" content=\"Escrito por\" \/>\n\t<meta name=\"twitter:data1\" content=\"Jos\u00e9 Coutinho\" \/>\n\t<meta name=\"twitter:label2\" content=\"Tempo estimado de leitura\" \/>\n\t<meta name=\"twitter:data2\" content=\"3 minutos\" \/>\n<script type=\"application\/ld+json\" class=\"yoast-schema-graph\">{\"@context\":\"https:\\\/\\\/schema.org\",\"@graph\":[{\"@type\":\"Article\",\"@id\":\"https:\\\/\\\/infocul.pt\\\/arquivo\\\/actualidade\\\/politica\\\/velhos-populismos\\\/#article\",\"isPartOf\":{\"@id\":\"https:\\\/\\\/infocul.pt\\\/arquivo\\\/actualidade\\\/politica\\\/velhos-populismos\\\/\"},\"author\":{\"name\":\"Jos\u00e9 Coutinho\",\"@id\":\"https:\\\/\\\/infocul.pt\\\/arquivo\\\/#\\\/schema\\\/person\\\/4beade26016b65b819446bf9c8a785f4\"},\"headline\":\"Velhos populismos\",\"datePublished\":\"2021-01-07T11:00:41+00:00\",\"mainEntityOfPage\":{\"@id\":\"https:\\\/\\\/infocul.pt\\\/arquivo\\\/actualidade\\\/politica\\\/velhos-populismos\\\/\"},\"wordCount\":639,\"publisher\":{\"@id\":\"https:\\\/\\\/infocul.pt\\\/arquivo\\\/#organization\"},\"image\":{\"@id\":\"https:\\\/\\\/infocul.pt\\\/arquivo\\\/actualidade\\\/politica\\\/velhos-populismos\\\/#primaryimage\"},\"thumbnailUrl\":\"https:\\\/\\\/infocul.pt\\\/arquivo\\\/wp-content\\\/uploads\\\/2020\\\/11\\\/IMG-20201124-WA0001.jpg\",\"articleSection\":[\"Destaque\",\"Opini\u00e3o\",\"Politica\"],\"inLanguage\":\"pt-PT\"},{\"@type\":\"WebPage\",\"@id\":\"https:\\\/\\\/infocul.pt\\\/arquivo\\\/actualidade\\\/politica\\\/velhos-populismos\\\/\",\"url\":\"https:\\\/\\\/infocul.pt\\\/arquivo\\\/actualidade\\\/politica\\\/velhos-populismos\\\/\",\"name\":\"Velhos populismos | Infocul.pt - Arquivo Digital\",\"isPartOf\":{\"@id\":\"https:\\\/\\\/infocul.pt\\\/arquivo\\\/#website\"},\"primaryImageOfPage\":{\"@id\":\"https:\\\/\\\/infocul.pt\\\/arquivo\\\/actualidade\\\/politica\\\/velhos-populismos\\\/#primaryimage\"},\"image\":{\"@id\":\"https:\\\/\\\/infocul.pt\\\/arquivo\\\/actualidade\\\/politica\\\/velhos-populismos\\\/#primaryimage\"},\"thumbnailUrl\":\"https:\\\/\\\/infocul.pt\\\/arquivo\\\/wp-content\\\/uploads\\\/2020\\\/11\\\/IMG-20201124-WA0001.jpg\",\"datePublished\":\"2021-01-07T11:00:41+00:00\",\"description\":\"Velhos populismos | Infocul.pt - Arquivo Digital\",\"breadcrumb\":{\"@id\":\"https:\\\/\\\/infocul.pt\\\/arquivo\\\/actualidade\\\/politica\\\/velhos-populismos\\\/#breadcrumb\"},\"inLanguage\":\"pt-PT\",\"potentialAction\":[{\"@type\":\"ReadAction\",\"target\":[\"https:\\\/\\\/infocul.pt\\\/arquivo\\\/actualidade\\\/politica\\\/velhos-populismos\\\/\"]}]},{\"@type\":\"ImageObject\",\"inLanguage\":\"pt-PT\",\"@id\":\"https:\\\/\\\/infocul.pt\\\/arquivo\\\/actualidade\\\/politica\\\/velhos-populismos\\\/#primaryimage\",\"url\":\"https:\\\/\\\/infocul.pt\\\/arquivo\\\/wp-content\\\/uploads\\\/2020\\\/11\\\/IMG-20201124-WA0001.jpg\",\"contentUrl\":\"https:\\\/\\\/infocul.pt\\\/arquivo\\\/wp-content\\\/uploads\\\/2020\\\/11\\\/IMG-20201124-WA0001.jpg\",\"width\":719,\"height\":720},{\"@type\":\"BreadcrumbList\",\"@id\":\"https:\\\/\\\/infocul.pt\\\/arquivo\\\/actualidade\\\/politica\\\/velhos-populismos\\\/#breadcrumb\",\"itemListElement\":[{\"@type\":\"ListItem\",\"position\":1,\"name\":\"Home\",\"item\":\"https:\\\/\\\/infocul.pt\\\/arquivo\\\/\"},{\"@type\":\"ListItem\",\"position\":2,\"name\":\"Velhos populismos\"}]},{\"@type\":\"WebSite\",\"@id\":\"https:\\\/\\\/infocul.pt\\\/arquivo\\\/#website\",\"url\":\"https:\\\/\\\/infocul.pt\\\/arquivo\\\/\",\"name\":\"Infocul.pt - Arquivo Digital\",\"description\":\"Arquivo digital da Infocul.pt\",\"publisher\":{\"@id\":\"https:\\\/\\\/infocul.pt\\\/arquivo\\\/#organization\"},\"potentialAction\":[{\"@type\":\"SearchAction\",\"target\":{\"@type\":\"EntryPoint\",\"urlTemplate\":\"https:\\\/\\\/infocul.pt\\\/arquivo\\\/?s={search_term_string}\"},\"query-input\":{\"@type\":\"PropertyValueSpecification\",\"valueRequired\":true,\"valueName\":\"search_term_string\"}}],\"inLanguage\":\"pt-PT\"},{\"@type\":\"Organization\",\"@id\":\"https:\\\/\\\/infocul.pt\\\/arquivo\\\/#organization\",\"name\":\"Infocul.pt\",\"url\":\"https:\\\/\\\/infocul.pt\\\/arquivo\\\/\",\"logo\":{\"@type\":\"ImageObject\",\"inLanguage\":\"pt-PT\",\"@id\":\"https:\\\/\\\/infocul.pt\\\/arquivo\\\/#\\\/schema\\\/logo\\\/image\\\/\",\"url\":\"https:\\\/\\\/infocul.pt\\\/arquivo\\\/wp-content\\\/uploads\\\/2018\\\/12\\\/Infocul_logo-1.png\",\"contentUrl\":\"https:\\\/\\\/infocul.pt\\\/arquivo\\\/wp-content\\\/uploads\\\/2018\\\/12\\\/Infocul_logo-1.png\",\"width\":800,\"height\":800,\"caption\":\"Infocul.pt\"},\"image\":{\"@id\":\"https:\\\/\\\/infocul.pt\\\/arquivo\\\/#\\\/schema\\\/logo\\\/image\\\/\"},\"sameAs\":[\"https:\\\/\\\/www.facebook.com\\\/Infocul-147816815585015\\\/\",\"https:\\\/\\\/x.com\\\/Infoculpt\",\"http:\\\/\\\/www.pictaram.com\\\/user\\\/infocul.pt\\\/2370423710\",\"https:\\\/\\\/www.youtube.com\\\/channel\\\/UCYEB91AGI9FL9ek2i_IaQAA\"]},{\"@type\":\"Person\",\"@id\":\"https:\\\/\\\/infocul.pt\\\/arquivo\\\/#\\\/schema\\\/person\\\/4beade26016b65b819446bf9c8a785f4\",\"name\":\"Jos\u00e9 Coutinho\",\"image\":{\"@type\":\"ImageObject\",\"inLanguage\":\"pt-PT\",\"@id\":\"https:\\\/\\\/secure.gravatar.com\\\/avatar\\\/46b2b09719b6e06fed15ca43e94f91c66553a7160ef56290f6e2aa7c93b1d9d4?s=96&d=mm&r=g\",\"url\":\"https:\\\/\\\/secure.gravatar.com\\\/avatar\\\/46b2b09719b6e06fed15ca43e94f91c66553a7160ef56290f6e2aa7c93b1d9d4?s=96&d=mm&r=g\",\"contentUrl\":\"https:\\\/\\\/secure.gravatar.com\\\/avatar\\\/46b2b09719b6e06fed15ca43e94f91c66553a7160ef56290f6e2aa7c93b1d9d4?s=96&d=mm&r=g\",\"caption\":\"Jos\u00e9 Coutinho\"}}]}<\/script>\n<!-- \/ Yoast SEO plugin. -->","yoast_head_json":{"title":"Velhos populismos | Infocul.pt - Arquivo Digital","description":"Velhos populismos | Infocul.pt - Arquivo Digital","robots":{"index":"noindex","follow":"follow","max-snippet":"max-snippet:-1","max-image-preview":"max-image-preview:large","max-video-preview":"max-video-preview:-1"},"og_locale":"pt_PT","og_type":"article","og_title":"Velhos populismos | Infocul.pt - Arquivo Digital","og_description":"Velhos populismos | Infocul.pt - Arquivo Digital","og_url":"https:\/\/infocul.pt\/arquivo\/actualidade\/politica\/velhos-populismos\/","og_site_name":"Infocul.pt - Arquivo Digital","article_publisher":"https:\/\/www.facebook.com\/Infocul-147816815585015\/","article_published_time":"2021-01-07T11:00:41+00:00","og_image":[{"width":719,"height":720,"url":"https:\/\/infocul.pt\/arquivo\/wp-content\/uploads\/2020\/11\/IMG-20201124-WA0001.jpg","type":"image\/jpeg"}],"author":"Jos\u00e9 Coutinho","twitter_card":"summary_large_image","twitter_creator":"@Infoculpt","twitter_site":"@Infoculpt","twitter_misc":{"Escrito por":"Jos\u00e9 Coutinho","Tempo estimado de leitura":"3 minutos"},"schema":{"@context":"https:\/\/schema.org","@graph":[{"@type":"Article","@id":"https:\/\/infocul.pt\/arquivo\/actualidade\/politica\/velhos-populismos\/#article","isPartOf":{"@id":"https:\/\/infocul.pt\/arquivo\/actualidade\/politica\/velhos-populismos\/"},"author":{"name":"Jos\u00e9 Coutinho","@id":"https:\/\/infocul.pt\/arquivo\/#\/schema\/person\/4beade26016b65b819446bf9c8a785f4"},"headline":"Velhos populismos","datePublished":"2021-01-07T11:00:41+00:00","mainEntityOfPage":{"@id":"https:\/\/infocul.pt\/arquivo\/actualidade\/politica\/velhos-populismos\/"},"wordCount":639,"publisher":{"@id":"https:\/\/infocul.pt\/arquivo\/#organization"},"image":{"@id":"https:\/\/infocul.pt\/arquivo\/actualidade\/politica\/velhos-populismos\/#primaryimage"},"thumbnailUrl":"https:\/\/infocul.pt\/arquivo\/wp-content\/uploads\/2020\/11\/IMG-20201124-WA0001.jpg","articleSection":["Destaque","Opini\u00e3o","Politica"],"inLanguage":"pt-PT"},{"@type":"WebPage","@id":"https:\/\/infocul.pt\/arquivo\/actualidade\/politica\/velhos-populismos\/","url":"https:\/\/infocul.pt\/arquivo\/actualidade\/politica\/velhos-populismos\/","name":"Velhos populismos | Infocul.pt - Arquivo Digital","isPartOf":{"@id":"https:\/\/infocul.pt\/arquivo\/#website"},"primaryImageOfPage":{"@id":"https:\/\/infocul.pt\/arquivo\/actualidade\/politica\/velhos-populismos\/#primaryimage"},"image":{"@id":"https:\/\/infocul.pt\/arquivo\/actualidade\/politica\/velhos-populismos\/#primaryimage"},"thumbnailUrl":"https:\/\/infocul.pt\/arquivo\/wp-content\/uploads\/2020\/11\/IMG-20201124-WA0001.jpg","datePublished":"2021-01-07T11:00:41+00:00","description":"Velhos populismos | Infocul.pt - Arquivo Digital","breadcrumb":{"@id":"https:\/\/infocul.pt\/arquivo\/actualidade\/politica\/velhos-populismos\/#breadcrumb"},"inLanguage":"pt-PT","potentialAction":[{"@type":"ReadAction","target":["https:\/\/infocul.pt\/arquivo\/actualidade\/politica\/velhos-populismos\/"]}]},{"@type":"ImageObject","inLanguage":"pt-PT","@id":"https:\/\/infocul.pt\/arquivo\/actualidade\/politica\/velhos-populismos\/#primaryimage","url":"https:\/\/infocul.pt\/arquivo\/wp-content\/uploads\/2020\/11\/IMG-20201124-WA0001.jpg","contentUrl":"https:\/\/infocul.pt\/arquivo\/wp-content\/uploads\/2020\/11\/IMG-20201124-WA0001.jpg","width":719,"height":720},{"@type":"BreadcrumbList","@id":"https:\/\/infocul.pt\/arquivo\/actualidade\/politica\/velhos-populismos\/#breadcrumb","itemListElement":[{"@type":"ListItem","position":1,"name":"Home","item":"https:\/\/infocul.pt\/arquivo\/"},{"@type":"ListItem","position":2,"name":"Velhos populismos"}]},{"@type":"WebSite","@id":"https:\/\/infocul.pt\/arquivo\/#website","url":"https:\/\/infocul.pt\/arquivo\/","name":"Infocul.pt - Arquivo Digital","description":"Arquivo digital da Infocul.pt","publisher":{"@id":"https:\/\/infocul.pt\/arquivo\/#organization"},"potentialAction":[{"@type":"SearchAction","target":{"@type":"EntryPoint","urlTemplate":"https:\/\/infocul.pt\/arquivo\/?s={search_term_string}"},"query-input":{"@type":"PropertyValueSpecification","valueRequired":true,"valueName":"search_term_string"}}],"inLanguage":"pt-PT"},{"@type":"Organization","@id":"https:\/\/infocul.pt\/arquivo\/#organization","name":"Infocul.pt","url":"https:\/\/infocul.pt\/arquivo\/","logo":{"@type":"ImageObject","inLanguage":"pt-PT","@id":"https:\/\/infocul.pt\/arquivo\/#\/schema\/logo\/image\/","url":"https:\/\/infocul.pt\/arquivo\/wp-content\/uploads\/2018\/12\/Infocul_logo-1.png","contentUrl":"https:\/\/infocul.pt\/arquivo\/wp-content\/uploads\/2018\/12\/Infocul_logo-1.png","width":800,"height":800,"caption":"Infocul.pt"},"image":{"@id":"https:\/\/infocul.pt\/arquivo\/#\/schema\/logo\/image\/"},"sameAs":["https:\/\/www.facebook.com\/Infocul-147816815585015\/","https:\/\/x.com\/Infoculpt","http:\/\/www.pictaram.com\/user\/infocul.pt\/2370423710","https:\/\/www.youtube.com\/channel\/UCYEB91AGI9FL9ek2i_IaQAA"]},{"@type":"Person","@id":"https:\/\/infocul.pt\/arquivo\/#\/schema\/person\/4beade26016b65b819446bf9c8a785f4","name":"Jos\u00e9 Coutinho","image":{"@type":"ImageObject","inLanguage":"pt-PT","@id":"https:\/\/secure.gravatar.com\/avatar\/46b2b09719b6e06fed15ca43e94f91c66553a7160ef56290f6e2aa7c93b1d9d4?s=96&d=mm&r=g","url":"https:\/\/secure.gravatar.com\/avatar\/46b2b09719b6e06fed15ca43e94f91c66553a7160ef56290f6e2aa7c93b1d9d4?s=96&d=mm&r=g","contentUrl":"https:\/\/secure.gravatar.com\/avatar\/46b2b09719b6e06fed15ca43e94f91c66553a7160ef56290f6e2aa7c93b1d9d4?s=96&d=mm&r=g","caption":"Jos\u00e9 Coutinho"}}]}},"_links":{"self":[{"href":"https:\/\/infocul.pt\/arquivo\/wp-json\/wp\/v2\/posts\/88883","targetHints":{"allow":["GET"]}}],"collection":[{"href":"https:\/\/infocul.pt\/arquivo\/wp-json\/wp\/v2\/posts"}],"about":[{"href":"https:\/\/infocul.pt\/arquivo\/wp-json\/wp\/v2\/types\/post"}],"author":[{"embeddable":true,"href":"https:\/\/infocul.pt\/arquivo\/wp-json\/wp\/v2\/users\/25"}],"replies":[{"embeddable":true,"href":"https:\/\/infocul.pt\/arquivo\/wp-json\/wp\/v2\/comments?post=88883"}],"version-history":[{"count":0,"href":"https:\/\/infocul.pt\/arquivo\/wp-json\/wp\/v2\/posts\/88883\/revisions"}],"wp:featuredmedia":[{"embeddable":true,"href":"https:\/\/infocul.pt\/arquivo\/wp-json\/wp\/v2\/media\/87004"}],"wp:attachment":[{"href":"https:\/\/infocul.pt\/arquivo\/wp-json\/wp\/v2\/media?parent=88883"}],"wp:term":[{"taxonomy":"category","embeddable":true,"href":"https:\/\/infocul.pt\/arquivo\/wp-json\/wp\/v2\/categories?post=88883"},{"taxonomy":"post_tag","embeddable":true,"href":"https:\/\/infocul.pt\/arquivo\/wp-json\/wp\/v2\/tags?post=88883"}],"curies":[{"name":"wp","href":"https:\/\/api.w.org\/{rel}","templated":true}]}}