{"id":88983,"date":"2021-01-09T13:07:17","date_gmt":"2021-01-09T13:07:17","guid":{"rendered":"https:\/\/infocul.pt\/?p=88983"},"modified":"2021-01-09T13:07:17","modified_gmt":"2021-01-09T13:07:17","slug":"barbara-guimaraes-relembra-luta-contra-o-cancro-e-agradece-ao-medico-que-a-acompanhou","status":"publish","type":"post","link":"https:\/\/infocul.pt\/arquivo\/actualidade\/barbara-guimaraes-relembra-luta-contra-o-cancro-e-agradece-ao-medico-que-a-acompanhou\/","title":{"rendered":"B\u00e1rbara Guimar\u00e3es relembra luta contra o cancro e agradece ao m\u00e9dico que a acompanhou"},"content":{"rendered":"<p><img decoding=\"async\" class=\"aligncenter wp-image-88984 size-large lazyload\" data-src=\"https:\/\/infocul.pt\/arquivo\/wp-content\/uploads\/2021\/01\/barabra-1024x767.jpg\" alt=\"\" width=\"800\" height=\"599\" data-srcset=\"https:\/\/infocul.pt\/arquivo\/wp-content\/uploads\/2021\/01\/barabra-1024x767.jpg 1024w, https:\/\/infocul.pt\/arquivo\/wp-content\/uploads\/2021\/01\/barabra-300x225.jpg 300w, https:\/\/infocul.pt\/arquivo\/wp-content\/uploads\/2021\/01\/barabra-768x575.jpg 768w, https:\/\/infocul.pt\/arquivo\/wp-content\/uploads\/2021\/01\/barabra.jpg 1440w\" data-sizes=\"(max-width: 800px) 100vw, 800px\" src=\"data:image\/svg+xml;base64,PHN2ZyB3aWR0aD0iMSIgaGVpZ2h0PSIxIiB4bWxucz0iaHR0cDovL3d3dy53My5vcmcvMjAwMC9zdmciPjwvc3ZnPg==\" style=\"--smush-placeholder-width: 800px; --smush-placeholder-aspect-ratio: 800\/599;\" \/><\/p>\n<p>B\u00e1rbara Guimar\u00e3es regressou hoje \u00e0 antena da SIC.<!--more--><\/p>\n<p>&#8220;Estamos em Casa&#8221; \u00e9 o novo programa da esta\u00e7\u00e3o e B\u00e1rbara entrevistou o m\u00e9dico que a acompanhou, ap\u00f3s receber diagn\u00f3stico de cancro da mama.<\/p>\n<p>Sobre o m\u00e9dico, Emanuel Gouveia, referiu que &#8220;<em><strong>disse-me que iria ser uma maratona. Perguntei-lhe se ia ser duro. Disse-me que ia. Perguntei se a quimioterapia ia ser muito tempo e agressiva e, com um sorrisinho sempre no l\u00e1bio, disse-me que ia. Nunca me escondeu nada<\/strong><\/em>&#8220;.<\/p>\n<p>\u201c<em><strong>Perguntei: \u2018O que \u00e9 que vai acontecer?\u2019, e com muito humor meteu a m\u00e3o na testa e disse-me: \u2018Vai ficar igualzinha a mim, careca<\/strong><\/em>\u2019\u201d, acrescentou.<\/p>\n<p>&#8220;<em><strong>Gosto muito de si<\/strong><\/em>&#8220;, disse ao m\u00e9dico.<\/p>\n<p>Pode ver o momento <a href=\"https:\/\/www.sic.pt\/instant-articles\/2021-01-09-Barbara-Guimaraes-recorda-a-luta-contra-o-cancro-O-que-e-que-me-vai-acontecer--1\" target=\"_blank\" rel=\"noopener\">AQUI<\/a>.<\/p>\n","protected":false},"excerpt":{"rendered":"<p>B\u00e1rbara Guimar\u00e3es regressou hoje \u00e0 antena da SIC.<\/p>\n","protected":false},"author":13,"featured_media":88984,"comment_status":"closed","ping_status":"closed","sticky":false,"template":"","format":"standard","meta":{"footnotes":""},"categories":[10,14],"tags":[9914,10400,534],"class_list":["post-88983","post","type-post","status-publish","format-standard","has-post-thumbnail","hentry","category-actualidade","category-televisao","tag-barbara-guimaraes","tag-estamos-em-casa","tag-sic"],"yoast_head":"<!-- This site is optimized with the Yoast SEO plugin v27.4 - https:\/\/yoast.com\/product\/yoast-seo-wordpress\/ -->\n<title>B\u00e1rbara Guimar\u00e3es relembra luta contra o cancro e agradece ao m\u00e9dico que a acompanhou | Infocul.pt - Arquivo Digital<\/title>\n<meta name=\"description\" content=\"B\u00e1rbara Guimar\u00e3es relembra luta contra o cancro e agradece ao m\u00e9dico que a acompanhou | Infocul.pt - Arquivo Digital\" \/>\n<meta name=\"robots\" content=\"noindex, follow, max-snippet:-1, max-image-preview:large, max-video-preview:-1\" \/>\n<meta property=\"og:locale\" content=\"pt_PT\" \/>\n<meta property=\"og:type\" content=\"article\" \/>\n<meta property=\"og:title\" content=\"B\u00e1rbara Guimar\u00e3es relembra luta contra o cancro e agradece ao m\u00e9dico que a acompanhou | Infocul.pt - Arquivo Digital\" \/>\n<meta property=\"og:description\" content=\"B\u00e1rbara Guimar\u00e3es relembra luta contra o cancro e agradece ao m\u00e9dico que a acompanhou | Infocul.pt - Arquivo Digital\" \/>\n<meta property=\"og:url\" content=\"https:\/\/infocul.pt\/arquivo\/actualidade\/barbara-guimaraes-relembra-luta-contra-o-cancro-e-agradece-ao-medico-que-a-acompanhou\/\" \/>\n<meta property=\"og:site_name\" content=\"Infocul.pt - Arquivo Digital\" \/>\n<meta property=\"article:publisher\" content=\"https:\/\/www.facebook.com\/Infocul-147816815585015\/\" \/>\n<meta property=\"article:published_time\" content=\"2021-01-09T13:07:17+00:00\" \/>\n<meta property=\"og:image\" content=\"https:\/\/infocul.pt\/arquivo\/wp-content\/uploads\/2021\/01\/barabra.jpg\" \/>\n\t<meta property=\"og:image:width\" content=\"1440\" \/>\n\t<meta property=\"og:image:height\" content=\"1078\" \/>\n\t<meta property=\"og:image:type\" content=\"image\/jpeg\" \/>\n<meta name=\"author\" content=\"Redac\u00e7\u00e3o\" \/>\n<meta name=\"twitter:card\" content=\"summary_large_image\" \/>\n<meta name=\"twitter:creator\" content=\"@Infoculpt\" \/>\n<meta name=\"twitter:site\" content=\"@Infoculpt\" \/>\n<meta name=\"twitter:label1\" content=\"Escrito por\" \/>\n\t<meta name=\"twitter:data1\" content=\"Redac\u00e7\u00e3o\" \/>\n\t<meta name=\"twitter:label2\" content=\"Tempo estimado de leitura\" \/>\n\t<meta name=\"twitter:data2\" content=\"1 minuto\" \/>\n<script type=\"application\/ld+json\" class=\"yoast-schema-graph\">{\"@context\":\"https:\\\/\\\/schema.org\",\"@graph\":[{\"@type\":\"Article\",\"@id\":\"https:\\\/\\\/infocul.pt\\\/arquivo\\\/actualidade\\\/barbara-guimaraes-relembra-luta-contra-o-cancro-e-agradece-ao-medico-que-a-acompanhou\\\/#article\",\"isPartOf\":{\"@id\":\"https:\\\/\\\/infocul.pt\\\/arquivo\\\/actualidade\\\/barbara-guimaraes-relembra-luta-contra-o-cancro-e-agradece-ao-medico-que-a-acompanhou\\\/\"},\"author\":{\"name\":\"Redac\u00e7\u00e3o\",\"@id\":\"https:\\\/\\\/infocul.pt\\\/arquivo\\\/#\\\/schema\\\/person\\\/f243f45ae8d67639120a7586884f3abc\"},\"headline\":\"B\u00e1rbara Guimar\u00e3es relembra luta contra o cancro e agradece ao m\u00e9dico que a acompanhou\",\"datePublished\":\"2021-01-09T13:07:17+00:00\",\"mainEntityOfPage\":{\"@id\":\"https:\\\/\\\/infocul.pt\\\/arquivo\\\/actualidade\\\/barbara-guimaraes-relembra-luta-contra-o-cancro-e-agradece-ao-medico-que-a-acompanhou\\\/\"},\"wordCount\":139,\"publisher\":{\"@id\":\"https:\\\/\\\/infocul.pt\\\/arquivo\\\/#organization\"},\"image\":{\"@id\":\"https:\\\/\\\/infocul.pt\\\/arquivo\\\/actualidade\\\/barbara-guimaraes-relembra-luta-contra-o-cancro-e-agradece-ao-medico-que-a-acompanhou\\\/#primaryimage\"},\"thumbnailUrl\":\"https:\\\/\\\/infocul.pt\\\/arquivo\\\/wp-content\\\/uploads\\\/2021\\\/01\\\/barabra.jpg\",\"keywords\":[\"B\u00e1rbara Guimar\u00e3es\",\"Estamos em Casa\",\"SIC\"],\"articleSection\":[\"Actualidade\",\"Televis\u00e3o\"],\"inLanguage\":\"pt-PT\"},{\"@type\":\"WebPage\",\"@id\":\"https:\\\/\\\/infocul.pt\\\/arquivo\\\/actualidade\\\/barbara-guimaraes-relembra-luta-contra-o-cancro-e-agradece-ao-medico-que-a-acompanhou\\\/\",\"url\":\"https:\\\/\\\/infocul.pt\\\/arquivo\\\/actualidade\\\/barbara-guimaraes-relembra-luta-contra-o-cancro-e-agradece-ao-medico-que-a-acompanhou\\\/\",\"name\":\"B\u00e1rbara Guimar\u00e3es relembra luta contra o cancro e agradece ao m\u00e9dico que a acompanhou | Infocul.pt - Arquivo Digital\",\"isPartOf\":{\"@id\":\"https:\\\/\\\/infocul.pt\\\/arquivo\\\/#website\"},\"primaryImageOfPage\":{\"@id\":\"https:\\\/\\\/infocul.pt\\\/arquivo\\\/actualidade\\\/barbara-guimaraes-relembra-luta-contra-o-cancro-e-agradece-ao-medico-que-a-acompanhou\\\/#primaryimage\"},\"image\":{\"@id\":\"https:\\\/\\\/infocul.pt\\\/arquivo\\\/actualidade\\\/barbara-guimaraes-relembra-luta-contra-o-cancro-e-agradece-ao-medico-que-a-acompanhou\\\/#primaryimage\"},\"thumbnailUrl\":\"https:\\\/\\\/infocul.pt\\\/arquivo\\\/wp-content\\\/uploads\\\/2021\\\/01\\\/barabra.jpg\",\"datePublished\":\"2021-01-09T13:07:17+00:00\",\"description\":\"B\u00e1rbara Guimar\u00e3es relembra luta contra o cancro e agradece ao m\u00e9dico que a acompanhou | Infocul.pt - Arquivo Digital\",\"breadcrumb\":{\"@id\":\"https:\\\/\\\/infocul.pt\\\/arquivo\\\/actualidade\\\/barbara-guimaraes-relembra-luta-contra-o-cancro-e-agradece-ao-medico-que-a-acompanhou\\\/#breadcrumb\"},\"inLanguage\":\"pt-PT\",\"potentialAction\":[{\"@type\":\"ReadAction\",\"target\":[\"https:\\\/\\\/infocul.pt\\\/arquivo\\\/actualidade\\\/barbara-guimaraes-relembra-luta-contra-o-cancro-e-agradece-ao-medico-que-a-acompanhou\\\/\"]}]},{\"@type\":\"ImageObject\",\"inLanguage\":\"pt-PT\",\"@id\":\"https:\\\/\\\/infocul.pt\\\/arquivo\\\/actualidade\\\/barbara-guimaraes-relembra-luta-contra-o-cancro-e-agradece-ao-medico-que-a-acompanhou\\\/#primaryimage\",\"url\":\"https:\\\/\\\/infocul.pt\\\/arquivo\\\/wp-content\\\/uploads\\\/2021\\\/01\\\/barabra.jpg\",\"contentUrl\":\"https:\\\/\\\/infocul.pt\\\/arquivo\\\/wp-content\\\/uploads\\\/2021\\\/01\\\/barabra.jpg\",\"width\":1440,\"height\":1078},{\"@type\":\"BreadcrumbList\",\"@id\":\"https:\\\/\\\/infocul.pt\\\/arquivo\\\/actualidade\\\/barbara-guimaraes-relembra-luta-contra-o-cancro-e-agradece-ao-medico-que-a-acompanhou\\\/#breadcrumb\",\"itemListElement\":[{\"@type\":\"ListItem\",\"position\":1,\"name\":\"Home\",\"item\":\"https:\\\/\\\/infocul.pt\\\/arquivo\\\/\"},{\"@type\":\"ListItem\",\"position\":2,\"name\":\"B\u00e1rbara Guimar\u00e3es relembra luta contra o cancro e agradece ao m\u00e9dico que a acompanhou\"}]},{\"@type\":\"WebSite\",\"@id\":\"https:\\\/\\\/infocul.pt\\\/arquivo\\\/#website\",\"url\":\"https:\\\/\\\/infocul.pt\\\/arquivo\\\/\",\"name\":\"Infocul.pt - Arquivo Digital\",\"description\":\"Arquivo digital da Infocul.pt\",\"publisher\":{\"@id\":\"https:\\\/\\\/infocul.pt\\\/arquivo\\\/#organization\"},\"potentialAction\":[{\"@type\":\"SearchAction\",\"target\":{\"@type\":\"EntryPoint\",\"urlTemplate\":\"https:\\\/\\\/infocul.pt\\\/arquivo\\\/?s={search_term_string}\"},\"query-input\":{\"@type\":\"PropertyValueSpecification\",\"valueRequired\":true,\"valueName\":\"search_term_string\"}}],\"inLanguage\":\"pt-PT\"},{\"@type\":\"Organization\",\"@id\":\"https:\\\/\\\/infocul.pt\\\/arquivo\\\/#organization\",\"name\":\"Infocul.pt\",\"url\":\"https:\\\/\\\/infocul.pt\\\/arquivo\\\/\",\"logo\":{\"@type\":\"ImageObject\",\"inLanguage\":\"pt-PT\",\"@id\":\"https:\\\/\\\/infocul.pt\\\/arquivo\\\/#\\\/schema\\\/logo\\\/image\\\/\",\"url\":\"https:\\\/\\\/infocul.pt\\\/arquivo\\\/wp-content\\\/uploads\\\/2018\\\/12\\\/Infocul_logo-1.png\",\"contentUrl\":\"https:\\\/\\\/infocul.pt\\\/arquivo\\\/wp-content\\\/uploads\\\/2018\\\/12\\\/Infocul_logo-1.png\",\"width\":800,\"height\":800,\"caption\":\"Infocul.pt\"},\"image\":{\"@id\":\"https:\\\/\\\/infocul.pt\\\/arquivo\\\/#\\\/schema\\\/logo\\\/image\\\/\"},\"sameAs\":[\"https:\\\/\\\/www.facebook.com\\\/Infocul-147816815585015\\\/\",\"https:\\\/\\\/x.com\\\/Infoculpt\",\"http:\\\/\\\/www.pictaram.com\\\/user\\\/infocul.pt\\\/2370423710\",\"https:\\\/\\\/www.youtube.com\\\/channel\\\/UCYEB91AGI9FL9ek2i_IaQAA\"]},{\"@type\":\"Person\",\"@id\":\"https:\\\/\\\/infocul.pt\\\/arquivo\\\/#\\\/schema\\\/person\\\/f243f45ae8d67639120a7586884f3abc\",\"name\":\"Redac\u00e7\u00e3o\",\"image\":{\"@type\":\"ImageObject\",\"inLanguage\":\"pt-PT\",\"@id\":\"https:\\\/\\\/secure.gravatar.com\\\/avatar\\\/151b1b76c598ab5e749407223bd6c1bad4e41c4e95de3c3df83540ebee2deaf8?s=96&d=mm&r=g\",\"url\":\"https:\\\/\\\/secure.gravatar.com\\\/avatar\\\/151b1b76c598ab5e749407223bd6c1bad4e41c4e95de3c3df83540ebee2deaf8?s=96&d=mm&r=g\",\"contentUrl\":\"https:\\\/\\\/secure.gravatar.com\\\/avatar\\\/151b1b76c598ab5e749407223bd6c1bad4e41c4e95de3c3df83540ebee2deaf8?s=96&d=mm&r=g\",\"caption\":\"Redac\u00e7\u00e3o\"}}]}<\/script>\n<!-- \/ Yoast SEO plugin. -->","yoast_head_json":{"title":"B\u00e1rbara Guimar\u00e3es relembra luta contra o cancro e agradece ao m\u00e9dico que a acompanhou | Infocul.pt - Arquivo Digital","description":"B\u00e1rbara Guimar\u00e3es relembra luta contra o cancro e agradece ao m\u00e9dico que a acompanhou | Infocul.pt - Arquivo Digital","robots":{"index":"noindex","follow":"follow","max-snippet":"max-snippet:-1","max-image-preview":"max-image-preview:large","max-video-preview":"max-video-preview:-1"},"og_locale":"pt_PT","og_type":"article","og_title":"B\u00e1rbara Guimar\u00e3es relembra luta contra o cancro e agradece ao m\u00e9dico que a acompanhou | Infocul.pt - Arquivo Digital","og_description":"B\u00e1rbara Guimar\u00e3es relembra luta contra o cancro e agradece ao m\u00e9dico que a acompanhou | Infocul.pt - Arquivo Digital","og_url":"https:\/\/infocul.pt\/arquivo\/actualidade\/barbara-guimaraes-relembra-luta-contra-o-cancro-e-agradece-ao-medico-que-a-acompanhou\/","og_site_name":"Infocul.pt - Arquivo Digital","article_publisher":"https:\/\/www.facebook.com\/Infocul-147816815585015\/","article_published_time":"2021-01-09T13:07:17+00:00","og_image":[{"width":1440,"height":1078,"url":"https:\/\/infocul.pt\/arquivo\/wp-content\/uploads\/2021\/01\/barabra.jpg","type":"image\/jpeg"}],"author":"Redac\u00e7\u00e3o","twitter_card":"summary_large_image","twitter_creator":"@Infoculpt","twitter_site":"@Infoculpt","twitter_misc":{"Escrito por":"Redac\u00e7\u00e3o","Tempo estimado de leitura":"1 minuto"},"schema":{"@context":"https:\/\/schema.org","@graph":[{"@type":"Article","@id":"https:\/\/infocul.pt\/arquivo\/actualidade\/barbara-guimaraes-relembra-luta-contra-o-cancro-e-agradece-ao-medico-que-a-acompanhou\/#article","isPartOf":{"@id":"https:\/\/infocul.pt\/arquivo\/actualidade\/barbara-guimaraes-relembra-luta-contra-o-cancro-e-agradece-ao-medico-que-a-acompanhou\/"},"author":{"name":"Redac\u00e7\u00e3o","@id":"https:\/\/infocul.pt\/arquivo\/#\/schema\/person\/f243f45ae8d67639120a7586884f3abc"},"headline":"B\u00e1rbara Guimar\u00e3es relembra luta contra o cancro e agradece ao m\u00e9dico que a acompanhou","datePublished":"2021-01-09T13:07:17+00:00","mainEntityOfPage":{"@id":"https:\/\/infocul.pt\/arquivo\/actualidade\/barbara-guimaraes-relembra-luta-contra-o-cancro-e-agradece-ao-medico-que-a-acompanhou\/"},"wordCount":139,"publisher":{"@id":"https:\/\/infocul.pt\/arquivo\/#organization"},"image":{"@id":"https:\/\/infocul.pt\/arquivo\/actualidade\/barbara-guimaraes-relembra-luta-contra-o-cancro-e-agradece-ao-medico-que-a-acompanhou\/#primaryimage"},"thumbnailUrl":"https:\/\/infocul.pt\/arquivo\/wp-content\/uploads\/2021\/01\/barabra.jpg","keywords":["B\u00e1rbara Guimar\u00e3es","Estamos em Casa","SIC"],"articleSection":["Actualidade","Televis\u00e3o"],"inLanguage":"pt-PT"},{"@type":"WebPage","@id":"https:\/\/infocul.pt\/arquivo\/actualidade\/barbara-guimaraes-relembra-luta-contra-o-cancro-e-agradece-ao-medico-que-a-acompanhou\/","url":"https:\/\/infocul.pt\/arquivo\/actualidade\/barbara-guimaraes-relembra-luta-contra-o-cancro-e-agradece-ao-medico-que-a-acompanhou\/","name":"B\u00e1rbara Guimar\u00e3es relembra luta contra o cancro e agradece ao m\u00e9dico que a acompanhou | Infocul.pt - Arquivo Digital","isPartOf":{"@id":"https:\/\/infocul.pt\/arquivo\/#website"},"primaryImageOfPage":{"@id":"https:\/\/infocul.pt\/arquivo\/actualidade\/barbara-guimaraes-relembra-luta-contra-o-cancro-e-agradece-ao-medico-que-a-acompanhou\/#primaryimage"},"image":{"@id":"https:\/\/infocul.pt\/arquivo\/actualidade\/barbara-guimaraes-relembra-luta-contra-o-cancro-e-agradece-ao-medico-que-a-acompanhou\/#primaryimage"},"thumbnailUrl":"https:\/\/infocul.pt\/arquivo\/wp-content\/uploads\/2021\/01\/barabra.jpg","datePublished":"2021-01-09T13:07:17+00:00","description":"B\u00e1rbara Guimar\u00e3es relembra luta contra o cancro e agradece ao m\u00e9dico que a acompanhou | Infocul.pt - Arquivo Digital","breadcrumb":{"@id":"https:\/\/infocul.pt\/arquivo\/actualidade\/barbara-guimaraes-relembra-luta-contra-o-cancro-e-agradece-ao-medico-que-a-acompanhou\/#breadcrumb"},"inLanguage":"pt-PT","potentialAction":[{"@type":"ReadAction","target":["https:\/\/infocul.pt\/arquivo\/actualidade\/barbara-guimaraes-relembra-luta-contra-o-cancro-e-agradece-ao-medico-que-a-acompanhou\/"]}]},{"@type":"ImageObject","inLanguage":"pt-PT","@id":"https:\/\/infocul.pt\/arquivo\/actualidade\/barbara-guimaraes-relembra-luta-contra-o-cancro-e-agradece-ao-medico-que-a-acompanhou\/#primaryimage","url":"https:\/\/infocul.pt\/arquivo\/wp-content\/uploads\/2021\/01\/barabra.jpg","contentUrl":"https:\/\/infocul.pt\/arquivo\/wp-content\/uploads\/2021\/01\/barabra.jpg","width":1440,"height":1078},{"@type":"BreadcrumbList","@id":"https:\/\/infocul.pt\/arquivo\/actualidade\/barbara-guimaraes-relembra-luta-contra-o-cancro-e-agradece-ao-medico-que-a-acompanhou\/#breadcrumb","itemListElement":[{"@type":"ListItem","position":1,"name":"Home","item":"https:\/\/infocul.pt\/arquivo\/"},{"@type":"ListItem","position":2,"name":"B\u00e1rbara Guimar\u00e3es relembra luta contra o cancro e agradece ao m\u00e9dico que a acompanhou"}]},{"@type":"WebSite","@id":"https:\/\/infocul.pt\/arquivo\/#website","url":"https:\/\/infocul.pt\/arquivo\/","name":"Infocul.pt - Arquivo Digital","description":"Arquivo digital da Infocul.pt","publisher":{"@id":"https:\/\/infocul.pt\/arquivo\/#organization"},"potentialAction":[{"@type":"SearchAction","target":{"@type":"EntryPoint","urlTemplate":"https:\/\/infocul.pt\/arquivo\/?s={search_term_string}"},"query-input":{"@type":"PropertyValueSpecification","valueRequired":true,"valueName":"search_term_string"}}],"inLanguage":"pt-PT"},{"@type":"Organization","@id":"https:\/\/infocul.pt\/arquivo\/#organization","name":"Infocul.pt","url":"https:\/\/infocul.pt\/arquivo\/","logo":{"@type":"ImageObject","inLanguage":"pt-PT","@id":"https:\/\/infocul.pt\/arquivo\/#\/schema\/logo\/image\/","url":"https:\/\/infocul.pt\/arquivo\/wp-content\/uploads\/2018\/12\/Infocul_logo-1.png","contentUrl":"https:\/\/infocul.pt\/arquivo\/wp-content\/uploads\/2018\/12\/Infocul_logo-1.png","width":800,"height":800,"caption":"Infocul.pt"},"image":{"@id":"https:\/\/infocul.pt\/arquivo\/#\/schema\/logo\/image\/"},"sameAs":["https:\/\/www.facebook.com\/Infocul-147816815585015\/","https:\/\/x.com\/Infoculpt","http:\/\/www.pictaram.com\/user\/infocul.pt\/2370423710","https:\/\/www.youtube.com\/channel\/UCYEB91AGI9FL9ek2i_IaQAA"]},{"@type":"Person","@id":"https:\/\/infocul.pt\/arquivo\/#\/schema\/person\/f243f45ae8d67639120a7586884f3abc","name":"Redac\u00e7\u00e3o","image":{"@type":"ImageObject","inLanguage":"pt-PT","@id":"https:\/\/secure.gravatar.com\/avatar\/151b1b76c598ab5e749407223bd6c1bad4e41c4e95de3c3df83540ebee2deaf8?s=96&d=mm&r=g","url":"https:\/\/secure.gravatar.com\/avatar\/151b1b76c598ab5e749407223bd6c1bad4e41c4e95de3c3df83540ebee2deaf8?s=96&d=mm&r=g","contentUrl":"https:\/\/secure.gravatar.com\/avatar\/151b1b76c598ab5e749407223bd6c1bad4e41c4e95de3c3df83540ebee2deaf8?s=96&d=mm&r=g","caption":"Redac\u00e7\u00e3o"}}]}},"_links":{"self":[{"href":"https:\/\/infocul.pt\/arquivo\/wp-json\/wp\/v2\/posts\/88983","targetHints":{"allow":["GET"]}}],"collection":[{"href":"https:\/\/infocul.pt\/arquivo\/wp-json\/wp\/v2\/posts"}],"about":[{"href":"https:\/\/infocul.pt\/arquivo\/wp-json\/wp\/v2\/types\/post"}],"author":[{"embeddable":true,"href":"https:\/\/infocul.pt\/arquivo\/wp-json\/wp\/v2\/users\/13"}],"replies":[{"embeddable":true,"href":"https:\/\/infocul.pt\/arquivo\/wp-json\/wp\/v2\/comments?post=88983"}],"version-history":[{"count":0,"href":"https:\/\/infocul.pt\/arquivo\/wp-json\/wp\/v2\/posts\/88983\/revisions"}],"wp:featuredmedia":[{"embeddable":true,"href":"https:\/\/infocul.pt\/arquivo\/wp-json\/wp\/v2\/media\/88984"}],"wp:attachment":[{"href":"https:\/\/infocul.pt\/arquivo\/wp-json\/wp\/v2\/media?parent=88983"}],"wp:term":[{"taxonomy":"category","embeddable":true,"href":"https:\/\/infocul.pt\/arquivo\/wp-json\/wp\/v2\/categories?post=88983"},{"taxonomy":"post_tag","embeddable":true,"href":"https:\/\/infocul.pt\/arquivo\/wp-json\/wp\/v2\/tags?post=88983"}],"curies":[{"name":"wp","href":"https:\/\/api.w.org\/{rel}","templated":true}]}}