{"id":89007,"date":"2021-01-09T17:09:15","date_gmt":"2021-01-09T17:09:15","guid":{"rendered":"https:\/\/infocul.pt\/?p=89007"},"modified":"2021-01-09T17:11:16","modified_gmt":"2021-01-09T17:11:16","slug":"terra-brava-eduarda-finge-estar-paraplegica-e-continua-a-mostrar-todo-o-seu-veneno","status":"publish","type":"post","link":"https:\/\/infocul.pt\/arquivo\/actualidade\/terra-brava-eduarda-finge-estar-paraplegica-e-continua-a-mostrar-todo-o-seu-veneno\/","title":{"rendered":"Terra Brava: Eduarda finge estar parapl\u00e9gica e continua a mostrar todo o seu veneno"},"content":{"rendered":"<p><img decoding=\"async\" class=\"aligncenter wp-image-89008 size-full lazyload\" data-src=\"https:\/\/infocul.pt\/arquivo\/wp-content\/uploads\/2021\/01\/eduarda.png\" alt=\"\" width=\"1019\" height=\"663\" data-srcset=\"https:\/\/infocul.pt\/arquivo\/wp-content\/uploads\/2021\/01\/eduarda.png 1019w, https:\/\/infocul.pt\/arquivo\/wp-content\/uploads\/2021\/01\/eduarda-300x195.png 300w, https:\/\/infocul.pt\/arquivo\/wp-content\/uploads\/2021\/01\/eduarda-768x500.png 768w\" data-sizes=\"(max-width: 1019px) 100vw, 1019px\" src=\"data:image\/svg+xml;base64,PHN2ZyB3aWR0aD0iMSIgaGVpZ2h0PSIxIiB4bWxucz0iaHR0cDovL3d3dy53My5vcmcvMjAwMC9zdmciPjwvc3ZnPg==\" style=\"--smush-placeholder-width: 1019px; --smush-placeholder-aspect-ratio: 1019\/663;\" \/><\/p>\n<p>Esta noite em \u201cTerra Brava\u201d, Tom\u00e1s tamb\u00e9m est\u00e1 de sa\u00edda para o vel\u00f3rio de Mercedes. Tiago diz que n\u00e3o quer ir, inventa uma desculpa porque sente-se culpado. Tom\u00e1s fica contente ao saber que ele falou na reuni\u00e3o dos AA e j\u00e1 tem consulta marcada.<!--more--><\/p>\n<p>Arminda acha estranha a postura de Norberto que fica nervoso com as perguntas dela. Arminda conta ao marido que Eduarda caiu no celeiro.<\/p>\n<p>Filipe tem muita pena de Julieta, diz a Tina que a mi\u00fada est\u00e1 a sofrer e a culpa \u00e9 dele. Tina diz para ele se focar no dinheiro que v\u00e3o ganhar, diz que Julieta est\u00e1 melhor sem Fl\u00e1vio porque ele n\u00e3o presta.<\/p>\n<p>Diana diz a Rosete que est\u00e1 tudo controlado no bar. Pergunta como est\u00e1 Eduarda. Rosete acha que a irm\u00e3 est\u00e1 a fazer fita. S\u00edlvia discute com Miguel. Xana quer fazer um show com S\u00edlvia e pede uma oportunidade a Rosete.<\/p>\n<div class=\"teads-adCall\"><\/div>\n<p>A fam\u00edlia de Mercedes recebe as condol\u00eancias. Prazeres critica todos junto do Padre, que n\u00e3o tem paci\u00eancia. Beatriz continua preocupada com a m\u00e3e. Tom\u00e1s diz para ela ligar a Tiago, ele pode conseguir informa\u00e7\u00f5es.<\/p>\n<p>Tiago recebe uma chamada de Beatriz que pede ajuda para saber o estado de Eduarda. Ele diz que vai tentar saber o que se passa. Candy fica com ci\u00fames de Iva, Tiago diz que n\u00e3o \u00e9 importante para ele. Candy diz a Tiago que fica feliz de ver o empenho dele em se tratar. Joana apanha Sandra a guardar uma gorjeta.<\/p>\n<p>Henrique convida Diana para jantar fora. Ela recusa, diz que n\u00e3o consegue fazer de conta que est\u00e1 tudo bem quando n\u00e3o est\u00e1. Ele sai chateado. Tina diz a Diana que est\u00e1 nervosa com a hist\u00f3ria de Julieta. Ela n\u00e3o desiste\u2026<\/p>\n<p>Eduarda diz a Vladimir que teve um acidente e est\u00e1 no hospital. Ele acredita e ela ganha mais tempo. Entra Tiago, diz que Beatriz est\u00e1 preocupada. Eduarda, enraivecida, diz que foi Beatriz quem a deixou assim.<\/p>\n<p>Decorre o funeral de Mercedes. Casimiro preside a cerim\u00f3nia. Todos se despedem de Mercedes. Prazeres faz uma cena de pranto, acha que devem mostrar o pesar pela perda de Mercedes. Afonso Maria pega num dos lados do caix\u00e3o, Xana e Catarina disputam quem pega no caix\u00e3o para mostrar posi\u00e7\u00e3o, acabam por deitar o caix\u00e3o ao ch\u00e3o, deixando Afonso furioso com a falta de respeito delas.<\/p>\n<p>Elsa entra cheia de sacos, diz que conseguiu o dinheiro e j\u00e1 recebeu a sua parte com o novo neg\u00f3cio. T\u00e2nia quer investir. Tina avisa que Elsa \u00e9 mentirosa. T\u00e2nia decide dar o dinheiro a Elsa, que mente mais uma vez.<\/p>\n<p>Marco e Mafalda falam do futuro. Precisam de definir onde v\u00e3o viver. Prazeres entra furiosa com Catarina, conta que ela a fez passar a maior vergonha da sua vida. Catarina culpa Xana pelo caix\u00e3o ter ca\u00eddo.<\/p>\n<p>Xana reza e pede perd\u00e3o a Mercedes, diz que a culpa foi toda de Catarina. Casimiro e S\u00edlvia entram. Xana quer levar \u00e1gua benta para casa.<\/p>\n<p>Carlos prepara o biber\u00e3o. Diogo diz ao pai que Lemos vai mandar uma foto do suposto c\u00famplice de Jorge. Carlos e Diogo ficam entusiasmados ao reconhecerem Oct\u00e1vio.<\/p>\n<p>Afonso est\u00e1 chateado com Xana e Catarina por terem estragado o funeral da av\u00f3. Beatriz acha que a av\u00f3 at\u00e9 ia achar piada ao que aconteceu. V\u00e3o ver a m\u00e3e. Afonso tem a certeza que Eduarda est\u00e1 bem.<\/p>\n<p>Eduarda finge que est\u00e1 a dormir. Tiago recebe Beatriz e Afonso, hesita, sente-se culpado por estar a mentir, mas vai em frente. Diz que Eduarda fraturou as v\u00e9rtebras e est\u00e1 parapl\u00e9gica. Beatriz e Afonso ficam chocados.<\/p>\n<p>Francisco segue pelo corredor, vai ao encontro dos filhos. Ouve a voz de Eduarda aos gritos e apressa o passo. Eduarda faz o papel de v\u00edtima lamentando o seu estado. Acusa Beatriz de a ter empurrado de prop\u00f3sito. Tiago mente e confirma o diagn\u00f3stico. Eduarda est\u00e1 parapl\u00e9gica! Beatriz sente-se tremendamente culpada.<\/p>\n<p>Elsa entra cheia de sacos. Diz que finalmente recebeu o dinheiro, garante que n\u00e3o anda metida em esquema nenhum. Vasco n\u00e3o quer saber, est\u00e1 \u00e0 procura de emprego. N\u00e3o pensa entrar no jogo de Elsa.<\/p>\n<p>Xana entra furiosa e vai logo atacar Catarina, que se defende. Tom\u00e1s farto, despede as duas. Elas ficam aflitas e prometem que se v\u00e3o controlar.<\/p>\n<p>Tiago mente a Beatriz sobre o diagn\u00f3stico de Eduarda. Diz que est\u00e1 a tratar-se e quer ver Martim. Beatriz n\u00e3o confia em Tiago mas acaba por ceder quando Tiago lhe pede para n\u00e3o o afastar do filho.<\/p>\n<p>Carlos fica perplexo ao saber que Eduarda est\u00e1 parapl\u00e9gica. Diogo s\u00f3 est\u00e1 preocupado com Beatriz, diz ao pai que vai a Lisboa falar com o Lemos. Se encontram Oct\u00e1vio, podem provar que ele n\u00e3o matou Jorge.<\/p>\n<p>Prazeres quer que o Padre perdoe Catarina. Casimiro j\u00e1 est\u00e1 farto de ouvir Prazeres e cede. Ela diz que levou Mafalda para se confessar. Vai busc\u00e1-la, mas n\u00e3o a encontra.<\/p>\n<p>Diana decide n\u00e3o tomar a p\u00edlula. Vasco entra, tem saudades de trabalhar e dos pais. Arminda ouve e embora morra de saudades do filho, trata-o de forma dura. Vasco sai triste.<\/p>\n<p>Beatriz sente-se culpada. Lembra-se do acidente de Martim, sente que est\u00e1 a reviver tudo outra vez. Afonso diz que ela n\u00e3o teve culpa de nada. Falam do testamento de Mercedes.<\/p>\n<p>Eduarda \u00e9 desagrad\u00e1vel com a enfermeira que acaba de sair. Tiago diz a Eduarda que est\u00e1 tudo tratado, no sistema deu entrada do estado dela como parapl\u00e9gica. Eduarda fica satisfeita e continua a chantagear Tiago, que faz o que ela quer embora contrariado.<\/p>\n<p>Mafalda conta os elogios que Joana fez a Norberto. Ele fica nervoso, conta que Eduarda est\u00e1 parapl\u00e9gica. Prazeres mete veneno. Ningu\u00e9m acredita que Beatriz tenha feito de prop\u00f3sito. Mafalda conta porque saiu da Igreja.<\/p>\n<p>Texto e Foto: SIC<\/p>\n","protected":false},"excerpt":{"rendered":"<p>Esta noite em \u201cTerra Brava\u201d, Tom\u00e1s tamb\u00e9m est\u00e1 de sa\u00edda para o vel\u00f3rio de Mercedes. Tiago diz que n\u00e3o quer ir, inventa uma desculpa porque sente-se culpado. Tom\u00e1s fica contente ao saber que ele falou na reuni\u00e3o dos AA e j\u00e1 tem consulta marcada.<\/p>\n","protected":false},"author":13,"featured_media":89008,"comment_status":"closed","ping_status":"closed","sticky":false,"template":"","format":"standard","meta":{"footnotes":""},"categories":[10,14],"tags":[534,9638],"class_list":["post-89007","post","type-post","status-publish","format-standard","has-post-thumbnail","hentry","category-actualidade","category-televisao","tag-sic","tag-terra-brava"],"yoast_head":"<!-- This site is optimized with the Yoast SEO plugin v27.4 - https:\/\/yoast.com\/product\/yoast-seo-wordpress\/ -->\n<title>Terra Brava: Eduarda finge estar parapl\u00e9gica e continua a mostrar todo o seu veneno | Infocul.pt - Arquivo Digital<\/title>\n<meta name=\"description\" content=\"Terra Brava: Eduarda finge estar parapl\u00e9gica e continua a mostrar todo o seu veneno | Infocul.pt - Arquivo Digital\" \/>\n<meta name=\"robots\" content=\"noindex, follow, max-snippet:-1, max-image-preview:large, max-video-preview:-1\" \/>\n<meta property=\"og:locale\" content=\"pt_PT\" \/>\n<meta property=\"og:type\" content=\"article\" \/>\n<meta property=\"og:title\" content=\"Terra Brava: Eduarda finge estar parapl\u00e9gica e continua a mostrar todo o seu veneno | Infocul.pt - Arquivo Digital\" \/>\n<meta property=\"og:description\" content=\"Terra Brava: Eduarda finge estar parapl\u00e9gica e continua a mostrar todo o seu veneno | Infocul.pt - Arquivo Digital\" \/>\n<meta property=\"og:url\" content=\"https:\/\/infocul.pt\/arquivo\/actualidade\/terra-brava-eduarda-finge-estar-paraplegica-e-continua-a-mostrar-todo-o-seu-veneno\/\" \/>\n<meta property=\"og:site_name\" content=\"Infocul.pt - Arquivo Digital\" \/>\n<meta property=\"article:publisher\" content=\"https:\/\/www.facebook.com\/Infocul-147816815585015\/\" \/>\n<meta property=\"article:published_time\" content=\"2021-01-09T17:09:15+00:00\" \/>\n<meta property=\"article:modified_time\" content=\"2021-01-09T17:11:16+00:00\" \/>\n<meta property=\"og:image\" content=\"https:\/\/infocul.pt\/arquivo\/wp-content\/uploads\/2021\/01\/eduarda.png\" \/>\n\t<meta property=\"og:image:width\" content=\"1019\" \/>\n\t<meta property=\"og:image:height\" content=\"663\" \/>\n\t<meta property=\"og:image:type\" content=\"image\/png\" \/>\n<meta name=\"author\" content=\"Redac\u00e7\u00e3o\" \/>\n<meta name=\"twitter:card\" content=\"summary_large_image\" \/>\n<meta name=\"twitter:creator\" content=\"@Infoculpt\" \/>\n<meta name=\"twitter:site\" content=\"@Infoculpt\" \/>\n<meta name=\"twitter:label1\" content=\"Escrito por\" \/>\n\t<meta name=\"twitter:data1\" content=\"Redac\u00e7\u00e3o\" \/>\n\t<meta name=\"twitter:label2\" content=\"Tempo estimado de leitura\" \/>\n\t<meta name=\"twitter:data2\" content=\"5 minutos\" \/>\n<script type=\"application\/ld+json\" class=\"yoast-schema-graph\">{\"@context\":\"https:\\\/\\\/schema.org\",\"@graph\":[{\"@type\":\"Article\",\"@id\":\"https:\\\/\\\/infocul.pt\\\/arquivo\\\/actualidade\\\/terra-brava-eduarda-finge-estar-paraplegica-e-continua-a-mostrar-todo-o-seu-veneno\\\/#article\",\"isPartOf\":{\"@id\":\"https:\\\/\\\/infocul.pt\\\/arquivo\\\/actualidade\\\/terra-brava-eduarda-finge-estar-paraplegica-e-continua-a-mostrar-todo-o-seu-veneno\\\/\"},\"author\":{\"name\":\"Redac\u00e7\u00e3o\",\"@id\":\"https:\\\/\\\/infocul.pt\\\/arquivo\\\/#\\\/schema\\\/person\\\/f243f45ae8d67639120a7586884f3abc\"},\"headline\":\"Terra Brava: Eduarda finge estar parapl\u00e9gica e continua a mostrar todo o seu veneno\",\"datePublished\":\"2021-01-09T17:09:15+00:00\",\"dateModified\":\"2021-01-09T17:11:16+00:00\",\"mainEntityOfPage\":{\"@id\":\"https:\\\/\\\/infocul.pt\\\/arquivo\\\/actualidade\\\/terra-brava-eduarda-finge-estar-paraplegica-e-continua-a-mostrar-todo-o-seu-veneno\\\/\"},\"wordCount\":1027,\"publisher\":{\"@id\":\"https:\\\/\\\/infocul.pt\\\/arquivo\\\/#organization\"},\"image\":{\"@id\":\"https:\\\/\\\/infocul.pt\\\/arquivo\\\/actualidade\\\/terra-brava-eduarda-finge-estar-paraplegica-e-continua-a-mostrar-todo-o-seu-veneno\\\/#primaryimage\"},\"thumbnailUrl\":\"https:\\\/\\\/infocul.pt\\\/arquivo\\\/wp-content\\\/uploads\\\/2021\\\/01\\\/eduarda.png\",\"keywords\":[\"SIC\",\"Terra Brava\"],\"articleSection\":[\"Actualidade\",\"Televis\u00e3o\"],\"inLanguage\":\"pt-PT\"},{\"@type\":\"WebPage\",\"@id\":\"https:\\\/\\\/infocul.pt\\\/arquivo\\\/actualidade\\\/terra-brava-eduarda-finge-estar-paraplegica-e-continua-a-mostrar-todo-o-seu-veneno\\\/\",\"url\":\"https:\\\/\\\/infocul.pt\\\/arquivo\\\/actualidade\\\/terra-brava-eduarda-finge-estar-paraplegica-e-continua-a-mostrar-todo-o-seu-veneno\\\/\",\"name\":\"Terra Brava: Eduarda finge estar parapl\u00e9gica e continua a mostrar todo o seu veneno | Infocul.pt - Arquivo Digital\",\"isPartOf\":{\"@id\":\"https:\\\/\\\/infocul.pt\\\/arquivo\\\/#website\"},\"primaryImageOfPage\":{\"@id\":\"https:\\\/\\\/infocul.pt\\\/arquivo\\\/actualidade\\\/terra-brava-eduarda-finge-estar-paraplegica-e-continua-a-mostrar-todo-o-seu-veneno\\\/#primaryimage\"},\"image\":{\"@id\":\"https:\\\/\\\/infocul.pt\\\/arquivo\\\/actualidade\\\/terra-brava-eduarda-finge-estar-paraplegica-e-continua-a-mostrar-todo-o-seu-veneno\\\/#primaryimage\"},\"thumbnailUrl\":\"https:\\\/\\\/infocul.pt\\\/arquivo\\\/wp-content\\\/uploads\\\/2021\\\/01\\\/eduarda.png\",\"datePublished\":\"2021-01-09T17:09:15+00:00\",\"dateModified\":\"2021-01-09T17:11:16+00:00\",\"description\":\"Terra Brava: Eduarda finge estar parapl\u00e9gica e continua a mostrar todo o seu veneno | Infocul.pt - Arquivo Digital\",\"breadcrumb\":{\"@id\":\"https:\\\/\\\/infocul.pt\\\/arquivo\\\/actualidade\\\/terra-brava-eduarda-finge-estar-paraplegica-e-continua-a-mostrar-todo-o-seu-veneno\\\/#breadcrumb\"},\"inLanguage\":\"pt-PT\",\"potentialAction\":[{\"@type\":\"ReadAction\",\"target\":[\"https:\\\/\\\/infocul.pt\\\/arquivo\\\/actualidade\\\/terra-brava-eduarda-finge-estar-paraplegica-e-continua-a-mostrar-todo-o-seu-veneno\\\/\"]}]},{\"@type\":\"ImageObject\",\"inLanguage\":\"pt-PT\",\"@id\":\"https:\\\/\\\/infocul.pt\\\/arquivo\\\/actualidade\\\/terra-brava-eduarda-finge-estar-paraplegica-e-continua-a-mostrar-todo-o-seu-veneno\\\/#primaryimage\",\"url\":\"https:\\\/\\\/infocul.pt\\\/arquivo\\\/wp-content\\\/uploads\\\/2021\\\/01\\\/eduarda.png\",\"contentUrl\":\"https:\\\/\\\/infocul.pt\\\/arquivo\\\/wp-content\\\/uploads\\\/2021\\\/01\\\/eduarda.png\",\"width\":1019,\"height\":663},{\"@type\":\"BreadcrumbList\",\"@id\":\"https:\\\/\\\/infocul.pt\\\/arquivo\\\/actualidade\\\/terra-brava-eduarda-finge-estar-paraplegica-e-continua-a-mostrar-todo-o-seu-veneno\\\/#breadcrumb\",\"itemListElement\":[{\"@type\":\"ListItem\",\"position\":1,\"name\":\"Home\",\"item\":\"https:\\\/\\\/infocul.pt\\\/arquivo\\\/\"},{\"@type\":\"ListItem\",\"position\":2,\"name\":\"Terra Brava: Eduarda finge estar parapl\u00e9gica e continua a mostrar todo o seu veneno\"}]},{\"@type\":\"WebSite\",\"@id\":\"https:\\\/\\\/infocul.pt\\\/arquivo\\\/#website\",\"url\":\"https:\\\/\\\/infocul.pt\\\/arquivo\\\/\",\"name\":\"Infocul.pt - Arquivo Digital\",\"description\":\"Arquivo digital da Infocul.pt\",\"publisher\":{\"@id\":\"https:\\\/\\\/infocul.pt\\\/arquivo\\\/#organization\"},\"potentialAction\":[{\"@type\":\"SearchAction\",\"target\":{\"@type\":\"EntryPoint\",\"urlTemplate\":\"https:\\\/\\\/infocul.pt\\\/arquivo\\\/?s={search_term_string}\"},\"query-input\":{\"@type\":\"PropertyValueSpecification\",\"valueRequired\":true,\"valueName\":\"search_term_string\"}}],\"inLanguage\":\"pt-PT\"},{\"@type\":\"Organization\",\"@id\":\"https:\\\/\\\/infocul.pt\\\/arquivo\\\/#organization\",\"name\":\"Infocul.pt\",\"url\":\"https:\\\/\\\/infocul.pt\\\/arquivo\\\/\",\"logo\":{\"@type\":\"ImageObject\",\"inLanguage\":\"pt-PT\",\"@id\":\"https:\\\/\\\/infocul.pt\\\/arquivo\\\/#\\\/schema\\\/logo\\\/image\\\/\",\"url\":\"https:\\\/\\\/infocul.pt\\\/arquivo\\\/wp-content\\\/uploads\\\/2018\\\/12\\\/Infocul_logo-1.png\",\"contentUrl\":\"https:\\\/\\\/infocul.pt\\\/arquivo\\\/wp-content\\\/uploads\\\/2018\\\/12\\\/Infocul_logo-1.png\",\"width\":800,\"height\":800,\"caption\":\"Infocul.pt\"},\"image\":{\"@id\":\"https:\\\/\\\/infocul.pt\\\/arquivo\\\/#\\\/schema\\\/logo\\\/image\\\/\"},\"sameAs\":[\"https:\\\/\\\/www.facebook.com\\\/Infocul-147816815585015\\\/\",\"https:\\\/\\\/x.com\\\/Infoculpt\",\"http:\\\/\\\/www.pictaram.com\\\/user\\\/infocul.pt\\\/2370423710\",\"https:\\\/\\\/www.youtube.com\\\/channel\\\/UCYEB91AGI9FL9ek2i_IaQAA\"]},{\"@type\":\"Person\",\"@id\":\"https:\\\/\\\/infocul.pt\\\/arquivo\\\/#\\\/schema\\\/person\\\/f243f45ae8d67639120a7586884f3abc\",\"name\":\"Redac\u00e7\u00e3o\",\"image\":{\"@type\":\"ImageObject\",\"inLanguage\":\"pt-PT\",\"@id\":\"https:\\\/\\\/secure.gravatar.com\\\/avatar\\\/151b1b76c598ab5e749407223bd6c1bad4e41c4e95de3c3df83540ebee2deaf8?s=96&d=mm&r=g\",\"url\":\"https:\\\/\\\/secure.gravatar.com\\\/avatar\\\/151b1b76c598ab5e749407223bd6c1bad4e41c4e95de3c3df83540ebee2deaf8?s=96&d=mm&r=g\",\"contentUrl\":\"https:\\\/\\\/secure.gravatar.com\\\/avatar\\\/151b1b76c598ab5e749407223bd6c1bad4e41c4e95de3c3df83540ebee2deaf8?s=96&d=mm&r=g\",\"caption\":\"Redac\u00e7\u00e3o\"}}]}<\/script>\n<!-- \/ Yoast SEO plugin. -->","yoast_head_json":{"title":"Terra Brava: Eduarda finge estar parapl\u00e9gica e continua a mostrar todo o seu veneno | Infocul.pt - Arquivo Digital","description":"Terra Brava: Eduarda finge estar parapl\u00e9gica e continua a mostrar todo o seu veneno | Infocul.pt - Arquivo Digital","robots":{"index":"noindex","follow":"follow","max-snippet":"max-snippet:-1","max-image-preview":"max-image-preview:large","max-video-preview":"max-video-preview:-1"},"og_locale":"pt_PT","og_type":"article","og_title":"Terra Brava: Eduarda finge estar parapl\u00e9gica e continua a mostrar todo o seu veneno | Infocul.pt - Arquivo Digital","og_description":"Terra Brava: Eduarda finge estar parapl\u00e9gica e continua a mostrar todo o seu veneno | Infocul.pt - Arquivo Digital","og_url":"https:\/\/infocul.pt\/arquivo\/actualidade\/terra-brava-eduarda-finge-estar-paraplegica-e-continua-a-mostrar-todo-o-seu-veneno\/","og_site_name":"Infocul.pt - Arquivo Digital","article_publisher":"https:\/\/www.facebook.com\/Infocul-147816815585015\/","article_published_time":"2021-01-09T17:09:15+00:00","article_modified_time":"2021-01-09T17:11:16+00:00","og_image":[{"width":1019,"height":663,"url":"https:\/\/infocul.pt\/arquivo\/wp-content\/uploads\/2021\/01\/eduarda.png","type":"image\/png"}],"author":"Redac\u00e7\u00e3o","twitter_card":"summary_large_image","twitter_creator":"@Infoculpt","twitter_site":"@Infoculpt","twitter_misc":{"Escrito por":"Redac\u00e7\u00e3o","Tempo estimado de leitura":"5 minutos"},"schema":{"@context":"https:\/\/schema.org","@graph":[{"@type":"Article","@id":"https:\/\/infocul.pt\/arquivo\/actualidade\/terra-brava-eduarda-finge-estar-paraplegica-e-continua-a-mostrar-todo-o-seu-veneno\/#article","isPartOf":{"@id":"https:\/\/infocul.pt\/arquivo\/actualidade\/terra-brava-eduarda-finge-estar-paraplegica-e-continua-a-mostrar-todo-o-seu-veneno\/"},"author":{"name":"Redac\u00e7\u00e3o","@id":"https:\/\/infocul.pt\/arquivo\/#\/schema\/person\/f243f45ae8d67639120a7586884f3abc"},"headline":"Terra Brava: Eduarda finge estar parapl\u00e9gica e continua a mostrar todo o seu veneno","datePublished":"2021-01-09T17:09:15+00:00","dateModified":"2021-01-09T17:11:16+00:00","mainEntityOfPage":{"@id":"https:\/\/infocul.pt\/arquivo\/actualidade\/terra-brava-eduarda-finge-estar-paraplegica-e-continua-a-mostrar-todo-o-seu-veneno\/"},"wordCount":1027,"publisher":{"@id":"https:\/\/infocul.pt\/arquivo\/#organization"},"image":{"@id":"https:\/\/infocul.pt\/arquivo\/actualidade\/terra-brava-eduarda-finge-estar-paraplegica-e-continua-a-mostrar-todo-o-seu-veneno\/#primaryimage"},"thumbnailUrl":"https:\/\/infocul.pt\/arquivo\/wp-content\/uploads\/2021\/01\/eduarda.png","keywords":["SIC","Terra Brava"],"articleSection":["Actualidade","Televis\u00e3o"],"inLanguage":"pt-PT"},{"@type":"WebPage","@id":"https:\/\/infocul.pt\/arquivo\/actualidade\/terra-brava-eduarda-finge-estar-paraplegica-e-continua-a-mostrar-todo-o-seu-veneno\/","url":"https:\/\/infocul.pt\/arquivo\/actualidade\/terra-brava-eduarda-finge-estar-paraplegica-e-continua-a-mostrar-todo-o-seu-veneno\/","name":"Terra Brava: Eduarda finge estar parapl\u00e9gica e continua a mostrar todo o seu veneno | Infocul.pt - Arquivo Digital","isPartOf":{"@id":"https:\/\/infocul.pt\/arquivo\/#website"},"primaryImageOfPage":{"@id":"https:\/\/infocul.pt\/arquivo\/actualidade\/terra-brava-eduarda-finge-estar-paraplegica-e-continua-a-mostrar-todo-o-seu-veneno\/#primaryimage"},"image":{"@id":"https:\/\/infocul.pt\/arquivo\/actualidade\/terra-brava-eduarda-finge-estar-paraplegica-e-continua-a-mostrar-todo-o-seu-veneno\/#primaryimage"},"thumbnailUrl":"https:\/\/infocul.pt\/arquivo\/wp-content\/uploads\/2021\/01\/eduarda.png","datePublished":"2021-01-09T17:09:15+00:00","dateModified":"2021-01-09T17:11:16+00:00","description":"Terra Brava: Eduarda finge estar parapl\u00e9gica e continua a mostrar todo o seu veneno | Infocul.pt - Arquivo Digital","breadcrumb":{"@id":"https:\/\/infocul.pt\/arquivo\/actualidade\/terra-brava-eduarda-finge-estar-paraplegica-e-continua-a-mostrar-todo-o-seu-veneno\/#breadcrumb"},"inLanguage":"pt-PT","potentialAction":[{"@type":"ReadAction","target":["https:\/\/infocul.pt\/arquivo\/actualidade\/terra-brava-eduarda-finge-estar-paraplegica-e-continua-a-mostrar-todo-o-seu-veneno\/"]}]},{"@type":"ImageObject","inLanguage":"pt-PT","@id":"https:\/\/infocul.pt\/arquivo\/actualidade\/terra-brava-eduarda-finge-estar-paraplegica-e-continua-a-mostrar-todo-o-seu-veneno\/#primaryimage","url":"https:\/\/infocul.pt\/arquivo\/wp-content\/uploads\/2021\/01\/eduarda.png","contentUrl":"https:\/\/infocul.pt\/arquivo\/wp-content\/uploads\/2021\/01\/eduarda.png","width":1019,"height":663},{"@type":"BreadcrumbList","@id":"https:\/\/infocul.pt\/arquivo\/actualidade\/terra-brava-eduarda-finge-estar-paraplegica-e-continua-a-mostrar-todo-o-seu-veneno\/#breadcrumb","itemListElement":[{"@type":"ListItem","position":1,"name":"Home","item":"https:\/\/infocul.pt\/arquivo\/"},{"@type":"ListItem","position":2,"name":"Terra Brava: Eduarda finge estar parapl\u00e9gica e continua a mostrar todo o seu veneno"}]},{"@type":"WebSite","@id":"https:\/\/infocul.pt\/arquivo\/#website","url":"https:\/\/infocul.pt\/arquivo\/","name":"Infocul.pt - Arquivo Digital","description":"Arquivo digital da Infocul.pt","publisher":{"@id":"https:\/\/infocul.pt\/arquivo\/#organization"},"potentialAction":[{"@type":"SearchAction","target":{"@type":"EntryPoint","urlTemplate":"https:\/\/infocul.pt\/arquivo\/?s={search_term_string}"},"query-input":{"@type":"PropertyValueSpecification","valueRequired":true,"valueName":"search_term_string"}}],"inLanguage":"pt-PT"},{"@type":"Organization","@id":"https:\/\/infocul.pt\/arquivo\/#organization","name":"Infocul.pt","url":"https:\/\/infocul.pt\/arquivo\/","logo":{"@type":"ImageObject","inLanguage":"pt-PT","@id":"https:\/\/infocul.pt\/arquivo\/#\/schema\/logo\/image\/","url":"https:\/\/infocul.pt\/arquivo\/wp-content\/uploads\/2018\/12\/Infocul_logo-1.png","contentUrl":"https:\/\/infocul.pt\/arquivo\/wp-content\/uploads\/2018\/12\/Infocul_logo-1.png","width":800,"height":800,"caption":"Infocul.pt"},"image":{"@id":"https:\/\/infocul.pt\/arquivo\/#\/schema\/logo\/image\/"},"sameAs":["https:\/\/www.facebook.com\/Infocul-147816815585015\/","https:\/\/x.com\/Infoculpt","http:\/\/www.pictaram.com\/user\/infocul.pt\/2370423710","https:\/\/www.youtube.com\/channel\/UCYEB91AGI9FL9ek2i_IaQAA"]},{"@type":"Person","@id":"https:\/\/infocul.pt\/arquivo\/#\/schema\/person\/f243f45ae8d67639120a7586884f3abc","name":"Redac\u00e7\u00e3o","image":{"@type":"ImageObject","inLanguage":"pt-PT","@id":"https:\/\/secure.gravatar.com\/avatar\/151b1b76c598ab5e749407223bd6c1bad4e41c4e95de3c3df83540ebee2deaf8?s=96&d=mm&r=g","url":"https:\/\/secure.gravatar.com\/avatar\/151b1b76c598ab5e749407223bd6c1bad4e41c4e95de3c3df83540ebee2deaf8?s=96&d=mm&r=g","contentUrl":"https:\/\/secure.gravatar.com\/avatar\/151b1b76c598ab5e749407223bd6c1bad4e41c4e95de3c3df83540ebee2deaf8?s=96&d=mm&r=g","caption":"Redac\u00e7\u00e3o"}}]}},"_links":{"self":[{"href":"https:\/\/infocul.pt\/arquivo\/wp-json\/wp\/v2\/posts\/89007","targetHints":{"allow":["GET"]}}],"collection":[{"href":"https:\/\/infocul.pt\/arquivo\/wp-json\/wp\/v2\/posts"}],"about":[{"href":"https:\/\/infocul.pt\/arquivo\/wp-json\/wp\/v2\/types\/post"}],"author":[{"embeddable":true,"href":"https:\/\/infocul.pt\/arquivo\/wp-json\/wp\/v2\/users\/13"}],"replies":[{"embeddable":true,"href":"https:\/\/infocul.pt\/arquivo\/wp-json\/wp\/v2\/comments?post=89007"}],"version-history":[{"count":0,"href":"https:\/\/infocul.pt\/arquivo\/wp-json\/wp\/v2\/posts\/89007\/revisions"}],"wp:featuredmedia":[{"embeddable":true,"href":"https:\/\/infocul.pt\/arquivo\/wp-json\/wp\/v2\/media\/89008"}],"wp:attachment":[{"href":"https:\/\/infocul.pt\/arquivo\/wp-json\/wp\/v2\/media?parent=89007"}],"wp:term":[{"taxonomy":"category","embeddable":true,"href":"https:\/\/infocul.pt\/arquivo\/wp-json\/wp\/v2\/categories?post=89007"},{"taxonomy":"post_tag","embeddable":true,"href":"https:\/\/infocul.pt\/arquivo\/wp-json\/wp\/v2\/tags?post=89007"}],"curies":[{"name":"wp","href":"https:\/\/api.w.org\/{rel}","templated":true}]}}