{"id":89035,"date":"2021-01-10T12:31:33","date_gmt":"2021-01-10T12:31:33","guid":{"rendered":"https:\/\/infocul.pt\/?p=89035"},"modified":"2021-01-10T12:31:33","modified_gmt":"2021-01-10T12:31:33","slug":"fernando-correia-critica-nova-direccao-de-informacao-da-tvi-pela-forma-como-o-contrato-foi-rescindido","status":"publish","type":"post","link":"https:\/\/infocul.pt\/arquivo\/actualidade\/fernando-correia-critica-nova-direccao-de-informacao-da-tvi-pela-forma-como-o-contrato-foi-rescindido\/","title":{"rendered":"Fernando Correia critica nova direc\u00e7\u00e3o de informa\u00e7\u00e3o da TVI &#8220;pela forma como o contrato foi rescindido&#8221;"},"content":{"rendered":"<p><img decoding=\"async\" class=\"aligncenter wp-image-89036 size-full lazyload\" data-src=\"https:\/\/infocul.pt\/arquivo\/wp-content\/uploads\/2021\/01\/fernando-correia.jpg\" alt=\"\" width=\"640\" height=\"427\" data-srcset=\"https:\/\/infocul.pt\/arquivo\/wp-content\/uploads\/2021\/01\/fernando-correia.jpg 640w, https:\/\/infocul.pt\/arquivo\/wp-content\/uploads\/2021\/01\/fernando-correia-300x200.jpg 300w\" data-sizes=\"(max-width: 640px) 100vw, 640px\" src=\"data:image\/svg+xml;base64,PHN2ZyB3aWR0aD0iMSIgaGVpZ2h0PSIxIiB4bWxucz0iaHR0cDovL3d3dy53My5vcmcvMjAwMC9zdmciPjwvc3ZnPg==\" style=\"--smush-placeholder-width: 640px; --smush-placeholder-aspect-ratio: 640\/427;\" \/><\/p>\n<p>Fernando Correia trabalhou na TVI durante 16 anos e, agora, em entrevista ao jornal SOL critica a forma como a rela\u00e7\u00e3o profissional terminou.<!--more--><\/p>\n<p>\u201c<em><strong>Apanhou-me completamente de surpresa. Foi em agosto, num per\u00edodo em que estava de f\u00e9rias<\/strong><\/em>\u201c, disse.<\/p>\n<p>Fernando Correio revelou que come\u00e7ou por haver um constrangimento por causa da pandemia, depois seguiram-se as f\u00e9rias e nessa altura o futebol esteve parado, o que, na opini\u00e3o do jornalista, deu \u00e0 TVI um \u201c<strong>argumento v\u00e1lido<\/strong>\u201d para n\u00e3o haver coment\u00e1rios.<\/p>\n<p>Explicou ainda que S\u00e9rgio Figueiredo disse-lhe depois para voltar, mas com um novo acerto de vencimento ou um novo contrato.<\/p>\n<p>O acordo foi f\u00e1cil, mas Fernando Correio sofreu uma trombose ocular no dia em que regressava \u00e0 TVI para a nova temporada.<\/p>\n<p>Tr\u00eas semanas depois estava pronto a regressar, mas\u00a0 o ambiente estava confuso, devido \u00e0 sa\u00edda de S\u00e9rgio Figueiredo e a entrada de Anselmo Crespo, e era melhor esperar. T<\/p>\n<p>\u00c9 nesta altura que lhe ligam a dizer que o contrato ia ser rescendido porque havia uma nova pol\u00edtica de comentadores.<\/p>\n<p>Sugeriram ent\u00e3o que seria pago \u00e0 pe\u00e7a, 200 euros cada vez que l\u00e1 fosse.<\/p>\n<p>O jornalista fez depender o acordo do n\u00famero de vezes que l\u00e1 fosse.<\/p>\n<p>\u00c9 ent\u00e3o que &#8220;<em><strong>recebi uma carta registada a dizer que o contrato tinha sido rescindido<\/strong><\/em>&#8220;.<\/p>\n<p>\u201c<em><strong>Entrei para a TVI em 2004. Foram 16 anos de trabalho continuo, quase di\u00e1rio. N\u00e3o esperava um final destes. Mas a surpresa maior foi pela forma como o contrato foi rescindido (\u2026) Acho que n\u00e3o merecia isto<\/strong><\/em>\u201c, disse, criticando a nova dire\u00e7\u00e3o de informa\u00e7\u00e3o.<\/p>\n","protected":false},"excerpt":{"rendered":"<p>Fernando Correia trabalhou na TVI durante 16 anos e, agora, em entrevista ao jornal SOL critica a forma como a rela\u00e7\u00e3o profissional terminou.<\/p>\n","protected":false},"author":13,"featured_media":89036,"comment_status":"closed","ping_status":"closed","sticky":false,"template":"","format":"standard","meta":{"footnotes":""},"categories":[10,14],"tags":[10403,2288],"class_list":["post-89035","post","type-post","status-publish","format-standard","has-post-thumbnail","hentry","category-actualidade","category-televisao","tag-fernando-correia","tag-tvi"],"yoast_head":"<!-- This site is optimized with the Yoast SEO plugin v27.4 - https:\/\/yoast.com\/product\/yoast-seo-wordpress\/ -->\n<title>Fernando Correia critica nova direc\u00e7\u00e3o de informa\u00e7\u00e3o da TVI &quot;pela forma como o contrato foi rescindido&quot; | Infocul.pt - Arquivo Digital<\/title>\n<meta name=\"description\" content=\"Fernando Correia critica nova direc\u00e7\u00e3o de informa\u00e7\u00e3o da TVI &quot;pela forma como o contrato foi rescindido&quot; | Infocul.pt - Arquivo Digital\" \/>\n<meta name=\"robots\" content=\"noindex, follow, max-snippet:-1, max-image-preview:large, max-video-preview:-1\" \/>\n<meta property=\"og:locale\" content=\"pt_PT\" \/>\n<meta property=\"og:type\" content=\"article\" \/>\n<meta property=\"og:title\" content=\"Fernando Correia critica nova direc\u00e7\u00e3o de informa\u00e7\u00e3o da TVI &quot;pela forma como o contrato foi rescindido&quot; | Infocul.pt - Arquivo Digital\" \/>\n<meta property=\"og:description\" content=\"Fernando Correia critica nova direc\u00e7\u00e3o de informa\u00e7\u00e3o da TVI &quot;pela forma como o contrato foi rescindido&quot; | Infocul.pt - Arquivo Digital\" \/>\n<meta property=\"og:url\" content=\"https:\/\/infocul.pt\/arquivo\/actualidade\/fernando-correia-critica-nova-direccao-de-informacao-da-tvi-pela-forma-como-o-contrato-foi-rescindido\/\" \/>\n<meta property=\"og:site_name\" content=\"Infocul.pt - Arquivo Digital\" \/>\n<meta property=\"article:publisher\" content=\"https:\/\/www.facebook.com\/Infocul-147816815585015\/\" \/>\n<meta property=\"article:published_time\" content=\"2021-01-10T12:31:33+00:00\" \/>\n<meta property=\"og:image\" content=\"https:\/\/infocul.pt\/arquivo\/wp-content\/uploads\/2021\/01\/fernando-correia.jpg\" \/>\n\t<meta property=\"og:image:width\" content=\"640\" \/>\n\t<meta property=\"og:image:height\" content=\"427\" \/>\n\t<meta property=\"og:image:type\" content=\"image\/jpeg\" \/>\n<meta name=\"author\" content=\"Redac\u00e7\u00e3o\" \/>\n<meta name=\"twitter:card\" content=\"summary_large_image\" \/>\n<meta name=\"twitter:creator\" content=\"@Infoculpt\" \/>\n<meta name=\"twitter:site\" content=\"@Infoculpt\" \/>\n<meta name=\"twitter:label1\" content=\"Escrito por\" \/>\n\t<meta name=\"twitter:data1\" content=\"Redac\u00e7\u00e3o\" \/>\n\t<meta name=\"twitter:label2\" content=\"Tempo estimado de leitura\" \/>\n\t<meta name=\"twitter:data2\" content=\"1 minuto\" \/>\n<script type=\"application\/ld+json\" class=\"yoast-schema-graph\">{\"@context\":\"https:\\\/\\\/schema.org\",\"@graph\":[{\"@type\":\"Article\",\"@id\":\"https:\\\/\\\/infocul.pt\\\/arquivo\\\/actualidade\\\/fernando-correia-critica-nova-direccao-de-informacao-da-tvi-pela-forma-como-o-contrato-foi-rescindido\\\/#article\",\"isPartOf\":{\"@id\":\"https:\\\/\\\/infocul.pt\\\/arquivo\\\/actualidade\\\/fernando-correia-critica-nova-direccao-de-informacao-da-tvi-pela-forma-como-o-contrato-foi-rescindido\\\/\"},\"author\":{\"name\":\"Redac\u00e7\u00e3o\",\"@id\":\"https:\\\/\\\/infocul.pt\\\/arquivo\\\/#\\\/schema\\\/person\\\/f243f45ae8d67639120a7586884f3abc\"},\"headline\":\"Fernando Correia critica nova direc\u00e7\u00e3o de informa\u00e7\u00e3o da TVI &#8220;pela forma como o contrato foi rescindido&#8221;\",\"datePublished\":\"2021-01-10T12:31:33+00:00\",\"mainEntityOfPage\":{\"@id\":\"https:\\\/\\\/infocul.pt\\\/arquivo\\\/actualidade\\\/fernando-correia-critica-nova-direccao-de-informacao-da-tvi-pela-forma-como-o-contrato-foi-rescindido\\\/\"},\"wordCount\":287,\"publisher\":{\"@id\":\"https:\\\/\\\/infocul.pt\\\/arquivo\\\/#organization\"},\"image\":{\"@id\":\"https:\\\/\\\/infocul.pt\\\/arquivo\\\/actualidade\\\/fernando-correia-critica-nova-direccao-de-informacao-da-tvi-pela-forma-como-o-contrato-foi-rescindido\\\/#primaryimage\"},\"thumbnailUrl\":\"https:\\\/\\\/infocul.pt\\\/arquivo\\\/wp-content\\\/uploads\\\/2021\\\/01\\\/fernando-correia.jpg\",\"keywords\":[\"Fernando Correia\",\"TVI\"],\"articleSection\":[\"Actualidade\",\"Televis\u00e3o\"],\"inLanguage\":\"pt-PT\"},{\"@type\":\"WebPage\",\"@id\":\"https:\\\/\\\/infocul.pt\\\/arquivo\\\/actualidade\\\/fernando-correia-critica-nova-direccao-de-informacao-da-tvi-pela-forma-como-o-contrato-foi-rescindido\\\/\",\"url\":\"https:\\\/\\\/infocul.pt\\\/arquivo\\\/actualidade\\\/fernando-correia-critica-nova-direccao-de-informacao-da-tvi-pela-forma-como-o-contrato-foi-rescindido\\\/\",\"name\":\"Fernando Correia critica nova direc\u00e7\u00e3o de informa\u00e7\u00e3o da TVI \\\"pela forma como o contrato foi rescindido\\\" | Infocul.pt - Arquivo Digital\",\"isPartOf\":{\"@id\":\"https:\\\/\\\/infocul.pt\\\/arquivo\\\/#website\"},\"primaryImageOfPage\":{\"@id\":\"https:\\\/\\\/infocul.pt\\\/arquivo\\\/actualidade\\\/fernando-correia-critica-nova-direccao-de-informacao-da-tvi-pela-forma-como-o-contrato-foi-rescindido\\\/#primaryimage\"},\"image\":{\"@id\":\"https:\\\/\\\/infocul.pt\\\/arquivo\\\/actualidade\\\/fernando-correia-critica-nova-direccao-de-informacao-da-tvi-pela-forma-como-o-contrato-foi-rescindido\\\/#primaryimage\"},\"thumbnailUrl\":\"https:\\\/\\\/infocul.pt\\\/arquivo\\\/wp-content\\\/uploads\\\/2021\\\/01\\\/fernando-correia.jpg\",\"datePublished\":\"2021-01-10T12:31:33+00:00\",\"description\":\"Fernando Correia critica nova direc\u00e7\u00e3o de informa\u00e7\u00e3o da TVI \\\"pela forma como o contrato foi rescindido\\\" | Infocul.pt - Arquivo Digital\",\"breadcrumb\":{\"@id\":\"https:\\\/\\\/infocul.pt\\\/arquivo\\\/actualidade\\\/fernando-correia-critica-nova-direccao-de-informacao-da-tvi-pela-forma-como-o-contrato-foi-rescindido\\\/#breadcrumb\"},\"inLanguage\":\"pt-PT\",\"potentialAction\":[{\"@type\":\"ReadAction\",\"target\":[\"https:\\\/\\\/infocul.pt\\\/arquivo\\\/actualidade\\\/fernando-correia-critica-nova-direccao-de-informacao-da-tvi-pela-forma-como-o-contrato-foi-rescindido\\\/\"]}]},{\"@type\":\"ImageObject\",\"inLanguage\":\"pt-PT\",\"@id\":\"https:\\\/\\\/infocul.pt\\\/arquivo\\\/actualidade\\\/fernando-correia-critica-nova-direccao-de-informacao-da-tvi-pela-forma-como-o-contrato-foi-rescindido\\\/#primaryimage\",\"url\":\"https:\\\/\\\/infocul.pt\\\/arquivo\\\/wp-content\\\/uploads\\\/2021\\\/01\\\/fernando-correia.jpg\",\"contentUrl\":\"https:\\\/\\\/infocul.pt\\\/arquivo\\\/wp-content\\\/uploads\\\/2021\\\/01\\\/fernando-correia.jpg\",\"width\":640,\"height\":427},{\"@type\":\"BreadcrumbList\",\"@id\":\"https:\\\/\\\/infocul.pt\\\/arquivo\\\/actualidade\\\/fernando-correia-critica-nova-direccao-de-informacao-da-tvi-pela-forma-como-o-contrato-foi-rescindido\\\/#breadcrumb\",\"itemListElement\":[{\"@type\":\"ListItem\",\"position\":1,\"name\":\"Home\",\"item\":\"https:\\\/\\\/infocul.pt\\\/arquivo\\\/\"},{\"@type\":\"ListItem\",\"position\":2,\"name\":\"Fernando Correia critica nova direc\u00e7\u00e3o de informa\u00e7\u00e3o da TVI &#8220;pela forma como o contrato foi rescindido&#8221;\"}]},{\"@type\":\"WebSite\",\"@id\":\"https:\\\/\\\/infocul.pt\\\/arquivo\\\/#website\",\"url\":\"https:\\\/\\\/infocul.pt\\\/arquivo\\\/\",\"name\":\"Infocul.pt - Arquivo Digital\",\"description\":\"Arquivo digital da Infocul.pt\",\"publisher\":{\"@id\":\"https:\\\/\\\/infocul.pt\\\/arquivo\\\/#organization\"},\"potentialAction\":[{\"@type\":\"SearchAction\",\"target\":{\"@type\":\"EntryPoint\",\"urlTemplate\":\"https:\\\/\\\/infocul.pt\\\/arquivo\\\/?s={search_term_string}\"},\"query-input\":{\"@type\":\"PropertyValueSpecification\",\"valueRequired\":true,\"valueName\":\"search_term_string\"}}],\"inLanguage\":\"pt-PT\"},{\"@type\":\"Organization\",\"@id\":\"https:\\\/\\\/infocul.pt\\\/arquivo\\\/#organization\",\"name\":\"Infocul.pt\",\"url\":\"https:\\\/\\\/infocul.pt\\\/arquivo\\\/\",\"logo\":{\"@type\":\"ImageObject\",\"inLanguage\":\"pt-PT\",\"@id\":\"https:\\\/\\\/infocul.pt\\\/arquivo\\\/#\\\/schema\\\/logo\\\/image\\\/\",\"url\":\"https:\\\/\\\/infocul.pt\\\/arquivo\\\/wp-content\\\/uploads\\\/2018\\\/12\\\/Infocul_logo-1.png\",\"contentUrl\":\"https:\\\/\\\/infocul.pt\\\/arquivo\\\/wp-content\\\/uploads\\\/2018\\\/12\\\/Infocul_logo-1.png\",\"width\":800,\"height\":800,\"caption\":\"Infocul.pt\"},\"image\":{\"@id\":\"https:\\\/\\\/infocul.pt\\\/arquivo\\\/#\\\/schema\\\/logo\\\/image\\\/\"},\"sameAs\":[\"https:\\\/\\\/www.facebook.com\\\/Infocul-147816815585015\\\/\",\"https:\\\/\\\/x.com\\\/Infoculpt\",\"http:\\\/\\\/www.pictaram.com\\\/user\\\/infocul.pt\\\/2370423710\",\"https:\\\/\\\/www.youtube.com\\\/channel\\\/UCYEB91AGI9FL9ek2i_IaQAA\"]},{\"@type\":\"Person\",\"@id\":\"https:\\\/\\\/infocul.pt\\\/arquivo\\\/#\\\/schema\\\/person\\\/f243f45ae8d67639120a7586884f3abc\",\"name\":\"Redac\u00e7\u00e3o\",\"image\":{\"@type\":\"ImageObject\",\"inLanguage\":\"pt-PT\",\"@id\":\"https:\\\/\\\/secure.gravatar.com\\\/avatar\\\/151b1b76c598ab5e749407223bd6c1bad4e41c4e95de3c3df83540ebee2deaf8?s=96&d=mm&r=g\",\"url\":\"https:\\\/\\\/secure.gravatar.com\\\/avatar\\\/151b1b76c598ab5e749407223bd6c1bad4e41c4e95de3c3df83540ebee2deaf8?s=96&d=mm&r=g\",\"contentUrl\":\"https:\\\/\\\/secure.gravatar.com\\\/avatar\\\/151b1b76c598ab5e749407223bd6c1bad4e41c4e95de3c3df83540ebee2deaf8?s=96&d=mm&r=g\",\"caption\":\"Redac\u00e7\u00e3o\"}}]}<\/script>\n<!-- \/ Yoast SEO plugin. -->","yoast_head_json":{"title":"Fernando Correia critica nova direc\u00e7\u00e3o de informa\u00e7\u00e3o da TVI \"pela forma como o contrato foi rescindido\" | Infocul.pt - Arquivo Digital","description":"Fernando Correia critica nova direc\u00e7\u00e3o de informa\u00e7\u00e3o da TVI \"pela forma como o contrato foi rescindido\" | Infocul.pt - Arquivo Digital","robots":{"index":"noindex","follow":"follow","max-snippet":"max-snippet:-1","max-image-preview":"max-image-preview:large","max-video-preview":"max-video-preview:-1"},"og_locale":"pt_PT","og_type":"article","og_title":"Fernando Correia critica nova direc\u00e7\u00e3o de informa\u00e7\u00e3o da TVI \"pela forma como o contrato foi rescindido\" | Infocul.pt - Arquivo Digital","og_description":"Fernando Correia critica nova direc\u00e7\u00e3o de informa\u00e7\u00e3o da TVI \"pela forma como o contrato foi rescindido\" | Infocul.pt - Arquivo Digital","og_url":"https:\/\/infocul.pt\/arquivo\/actualidade\/fernando-correia-critica-nova-direccao-de-informacao-da-tvi-pela-forma-como-o-contrato-foi-rescindido\/","og_site_name":"Infocul.pt - Arquivo Digital","article_publisher":"https:\/\/www.facebook.com\/Infocul-147816815585015\/","article_published_time":"2021-01-10T12:31:33+00:00","og_image":[{"width":640,"height":427,"url":"https:\/\/infocul.pt\/arquivo\/wp-content\/uploads\/2021\/01\/fernando-correia.jpg","type":"image\/jpeg"}],"author":"Redac\u00e7\u00e3o","twitter_card":"summary_large_image","twitter_creator":"@Infoculpt","twitter_site":"@Infoculpt","twitter_misc":{"Escrito por":"Redac\u00e7\u00e3o","Tempo estimado de leitura":"1 minuto"},"schema":{"@context":"https:\/\/schema.org","@graph":[{"@type":"Article","@id":"https:\/\/infocul.pt\/arquivo\/actualidade\/fernando-correia-critica-nova-direccao-de-informacao-da-tvi-pela-forma-como-o-contrato-foi-rescindido\/#article","isPartOf":{"@id":"https:\/\/infocul.pt\/arquivo\/actualidade\/fernando-correia-critica-nova-direccao-de-informacao-da-tvi-pela-forma-como-o-contrato-foi-rescindido\/"},"author":{"name":"Redac\u00e7\u00e3o","@id":"https:\/\/infocul.pt\/arquivo\/#\/schema\/person\/f243f45ae8d67639120a7586884f3abc"},"headline":"Fernando Correia critica nova direc\u00e7\u00e3o de informa\u00e7\u00e3o da TVI &#8220;pela forma como o contrato foi rescindido&#8221;","datePublished":"2021-01-10T12:31:33+00:00","mainEntityOfPage":{"@id":"https:\/\/infocul.pt\/arquivo\/actualidade\/fernando-correia-critica-nova-direccao-de-informacao-da-tvi-pela-forma-como-o-contrato-foi-rescindido\/"},"wordCount":287,"publisher":{"@id":"https:\/\/infocul.pt\/arquivo\/#organization"},"image":{"@id":"https:\/\/infocul.pt\/arquivo\/actualidade\/fernando-correia-critica-nova-direccao-de-informacao-da-tvi-pela-forma-como-o-contrato-foi-rescindido\/#primaryimage"},"thumbnailUrl":"https:\/\/infocul.pt\/arquivo\/wp-content\/uploads\/2021\/01\/fernando-correia.jpg","keywords":["Fernando Correia","TVI"],"articleSection":["Actualidade","Televis\u00e3o"],"inLanguage":"pt-PT"},{"@type":"WebPage","@id":"https:\/\/infocul.pt\/arquivo\/actualidade\/fernando-correia-critica-nova-direccao-de-informacao-da-tvi-pela-forma-como-o-contrato-foi-rescindido\/","url":"https:\/\/infocul.pt\/arquivo\/actualidade\/fernando-correia-critica-nova-direccao-de-informacao-da-tvi-pela-forma-como-o-contrato-foi-rescindido\/","name":"Fernando Correia critica nova direc\u00e7\u00e3o de informa\u00e7\u00e3o da TVI \"pela forma como o contrato foi rescindido\" | Infocul.pt - Arquivo Digital","isPartOf":{"@id":"https:\/\/infocul.pt\/arquivo\/#website"},"primaryImageOfPage":{"@id":"https:\/\/infocul.pt\/arquivo\/actualidade\/fernando-correia-critica-nova-direccao-de-informacao-da-tvi-pela-forma-como-o-contrato-foi-rescindido\/#primaryimage"},"image":{"@id":"https:\/\/infocul.pt\/arquivo\/actualidade\/fernando-correia-critica-nova-direccao-de-informacao-da-tvi-pela-forma-como-o-contrato-foi-rescindido\/#primaryimage"},"thumbnailUrl":"https:\/\/infocul.pt\/arquivo\/wp-content\/uploads\/2021\/01\/fernando-correia.jpg","datePublished":"2021-01-10T12:31:33+00:00","description":"Fernando Correia critica nova direc\u00e7\u00e3o de informa\u00e7\u00e3o da TVI \"pela forma como o contrato foi rescindido\" | Infocul.pt - Arquivo Digital","breadcrumb":{"@id":"https:\/\/infocul.pt\/arquivo\/actualidade\/fernando-correia-critica-nova-direccao-de-informacao-da-tvi-pela-forma-como-o-contrato-foi-rescindido\/#breadcrumb"},"inLanguage":"pt-PT","potentialAction":[{"@type":"ReadAction","target":["https:\/\/infocul.pt\/arquivo\/actualidade\/fernando-correia-critica-nova-direccao-de-informacao-da-tvi-pela-forma-como-o-contrato-foi-rescindido\/"]}]},{"@type":"ImageObject","inLanguage":"pt-PT","@id":"https:\/\/infocul.pt\/arquivo\/actualidade\/fernando-correia-critica-nova-direccao-de-informacao-da-tvi-pela-forma-como-o-contrato-foi-rescindido\/#primaryimage","url":"https:\/\/infocul.pt\/arquivo\/wp-content\/uploads\/2021\/01\/fernando-correia.jpg","contentUrl":"https:\/\/infocul.pt\/arquivo\/wp-content\/uploads\/2021\/01\/fernando-correia.jpg","width":640,"height":427},{"@type":"BreadcrumbList","@id":"https:\/\/infocul.pt\/arquivo\/actualidade\/fernando-correia-critica-nova-direccao-de-informacao-da-tvi-pela-forma-como-o-contrato-foi-rescindido\/#breadcrumb","itemListElement":[{"@type":"ListItem","position":1,"name":"Home","item":"https:\/\/infocul.pt\/arquivo\/"},{"@type":"ListItem","position":2,"name":"Fernando Correia critica nova direc\u00e7\u00e3o de informa\u00e7\u00e3o da TVI &#8220;pela forma como o contrato foi rescindido&#8221;"}]},{"@type":"WebSite","@id":"https:\/\/infocul.pt\/arquivo\/#website","url":"https:\/\/infocul.pt\/arquivo\/","name":"Infocul.pt - Arquivo Digital","description":"Arquivo digital da Infocul.pt","publisher":{"@id":"https:\/\/infocul.pt\/arquivo\/#organization"},"potentialAction":[{"@type":"SearchAction","target":{"@type":"EntryPoint","urlTemplate":"https:\/\/infocul.pt\/arquivo\/?s={search_term_string}"},"query-input":{"@type":"PropertyValueSpecification","valueRequired":true,"valueName":"search_term_string"}}],"inLanguage":"pt-PT"},{"@type":"Organization","@id":"https:\/\/infocul.pt\/arquivo\/#organization","name":"Infocul.pt","url":"https:\/\/infocul.pt\/arquivo\/","logo":{"@type":"ImageObject","inLanguage":"pt-PT","@id":"https:\/\/infocul.pt\/arquivo\/#\/schema\/logo\/image\/","url":"https:\/\/infocul.pt\/arquivo\/wp-content\/uploads\/2018\/12\/Infocul_logo-1.png","contentUrl":"https:\/\/infocul.pt\/arquivo\/wp-content\/uploads\/2018\/12\/Infocul_logo-1.png","width":800,"height":800,"caption":"Infocul.pt"},"image":{"@id":"https:\/\/infocul.pt\/arquivo\/#\/schema\/logo\/image\/"},"sameAs":["https:\/\/www.facebook.com\/Infocul-147816815585015\/","https:\/\/x.com\/Infoculpt","http:\/\/www.pictaram.com\/user\/infocul.pt\/2370423710","https:\/\/www.youtube.com\/channel\/UCYEB91AGI9FL9ek2i_IaQAA"]},{"@type":"Person","@id":"https:\/\/infocul.pt\/arquivo\/#\/schema\/person\/f243f45ae8d67639120a7586884f3abc","name":"Redac\u00e7\u00e3o","image":{"@type":"ImageObject","inLanguage":"pt-PT","@id":"https:\/\/secure.gravatar.com\/avatar\/151b1b76c598ab5e749407223bd6c1bad4e41c4e95de3c3df83540ebee2deaf8?s=96&d=mm&r=g","url":"https:\/\/secure.gravatar.com\/avatar\/151b1b76c598ab5e749407223bd6c1bad4e41c4e95de3c3df83540ebee2deaf8?s=96&d=mm&r=g","contentUrl":"https:\/\/secure.gravatar.com\/avatar\/151b1b76c598ab5e749407223bd6c1bad4e41c4e95de3c3df83540ebee2deaf8?s=96&d=mm&r=g","caption":"Redac\u00e7\u00e3o"}}]}},"_links":{"self":[{"href":"https:\/\/infocul.pt\/arquivo\/wp-json\/wp\/v2\/posts\/89035","targetHints":{"allow":["GET"]}}],"collection":[{"href":"https:\/\/infocul.pt\/arquivo\/wp-json\/wp\/v2\/posts"}],"about":[{"href":"https:\/\/infocul.pt\/arquivo\/wp-json\/wp\/v2\/types\/post"}],"author":[{"embeddable":true,"href":"https:\/\/infocul.pt\/arquivo\/wp-json\/wp\/v2\/users\/13"}],"replies":[{"embeddable":true,"href":"https:\/\/infocul.pt\/arquivo\/wp-json\/wp\/v2\/comments?post=89035"}],"version-history":[{"count":0,"href":"https:\/\/infocul.pt\/arquivo\/wp-json\/wp\/v2\/posts\/89035\/revisions"}],"wp:featuredmedia":[{"embeddable":true,"href":"https:\/\/infocul.pt\/arquivo\/wp-json\/wp\/v2\/media\/89036"}],"wp:attachment":[{"href":"https:\/\/infocul.pt\/arquivo\/wp-json\/wp\/v2\/media?parent=89035"}],"wp:term":[{"taxonomy":"category","embeddable":true,"href":"https:\/\/infocul.pt\/arquivo\/wp-json\/wp\/v2\/categories?post=89035"},{"taxonomy":"post_tag","embeddable":true,"href":"https:\/\/infocul.pt\/arquivo\/wp-json\/wp\/v2\/tags?post=89035"}],"curies":[{"name":"wp","href":"https:\/\/api.w.org\/{rel}","templated":true}]}}