{"id":89053,"date":"2021-01-10T21:01:30","date_gmt":"2021-01-10T21:01:30","guid":{"rendered":"https:\/\/infocul.pt\/?p=89053"},"modified":"2021-01-10T21:09:44","modified_gmt":"2021-01-10T21:09:44","slug":"eleicoes-presidenciais-saiba-como-votar-antecipadamente","status":"publish","type":"post","link":"https:\/\/infocul.pt\/arquivo\/actualidade\/eleicoes-presidenciais-saiba-como-votar-antecipadamente\/","title":{"rendered":"Elei\u00e7\u00f5es Presidenciais: Saiba como votar antecipadamente"},"content":{"rendered":"<p><img decoding=\"async\" class=\"aligncenter wp-image-68166 size-full lazyload\" data-src=\"https:\/\/infocul.pt\/arquivo\/wp-content\/uploads\/2020\/03\/Retrato_oficial_Eduardo_Cabrita.jpg\" alt=\"\" width=\"374\" height=\"500\" data-srcset=\"https:\/\/infocul.pt\/arquivo\/wp-content\/uploads\/2020\/03\/Retrato_oficial_Eduardo_Cabrita.jpg 374w, https:\/\/infocul.pt\/arquivo\/wp-content\/uploads\/2020\/03\/Retrato_oficial_Eduardo_Cabrita-224x300.jpg 224w\" data-sizes=\"(max-width: 374px) 100vw, 374px\" src=\"data:image\/svg+xml;base64,PHN2ZyB3aWR0aD0iMSIgaGVpZ2h0PSIxIiB4bWxucz0iaHR0cDovL3d3dy53My5vcmcvMjAwMC9zdmciPjwvc3ZnPg==\" style=\"--smush-placeholder-width: 374px; --smush-placeholder-aspect-ratio: 374\/500;\" \/><\/p>\n<p>Mais de 20.000 eleitores requereram at\u00e9 \u00e0s 18:00 de hoje o voto antecipado em mobilidade para as elei\u00e7\u00f5es presidenciais, pedido que pode ser feito at\u00e9 quinta-feira, anunciou o ministro da Administra\u00e7\u00e3o Interna.<!--more--><\/p>\n<p class=\"text-paragraph\">\u201cAt\u00e9 \u00e0s 18:00, portanto, ao fim de poucas horas do primeiro dia, t\u00ednhamos j\u00e1 20.248 inscri\u00e7\u00f5es para voto antecipado, isto \u00e9, mais do que houve em 2019 nas elei\u00e7\u00f5es europeias\u201d, disse Eduardo Cabrita, em confer\u00eancia de imprensa, nas instala\u00e7\u00f5es do Minist\u00e9rio da Administra\u00e7\u00e3o Interna (MAI), em Lisboa.<\/p>\n<p class=\"text-paragraph\">O governante falava aos jornalistas durante a apresenta\u00e7\u00e3o das medidas da Administra\u00e7\u00e3o Eleitoral para as elei\u00e7\u00f5es presidenciais, que este ano decorrem em plena pandemia de covid-19.<\/p>\n<p class=\"text-paragraph\">Os portugueses que n\u00e3o puderem votar nas presidenciais em 24 de janeiro podem pedir, a partir de hoje, para exercer o seu direito de voto uma semana antes, numa mesa de voto \u00e0 sua escolha.<\/p>\n<p class=\"text-paragraph\">O voto antecipado em mobilidade foi alargado por lei aprovada no parlamento e pode ser feito na sede de cada um dos 308 concelhos do pa\u00eds, em vez da sede do distrito, como aconteceu nas elei\u00e7\u00f5es legislativas de 2019.<\/p>\n<p class=\"text-paragraph\">Assim, quem quiser antecipar o seu voto para 17 de janeiro, numa qualquer c\u00e2mara municipal, em vez do dia 24 na mesa de voto onde est\u00e1 inscrito, tem de o fazer entre domingo e quinta-feira.<\/p>\n<p class=\"text-paragraph\">O pedido pode ser feito por via eletr\u00f3nica junto do Minist\u00e9rio da Administra\u00e7\u00e3o Interna no \u201csite\u201d <a href=\"http:\/\/www.votoantecipado.mai.gov.pt\" target=\"_blank\" rel=\"noopener\">www.votoantecipado.mai.gov.pt<\/a> ou atrav\u00e9s de correio normal.<\/p>\n<p class=\"text-paragraph\">O eleitor deve mencionar o nome completo, data de nascimento, n\u00famero de identifica\u00e7\u00e3o civil, morada, mesa de voto antecipado em mobilidade onde pretende exercer o direito de voto, endere\u00e7o de correio eletr\u00f3nico e\/ou contacto telef\u00f3nico, havendo uma minuta na p\u00e1gina da Internet do Minist\u00e9rio da Administra\u00e7\u00e3o Interna.<\/p>\n<p class=\"text-paragraph\">No dia 17 de janeiro, o eleitor vota na mesa do local escolhido, de acordo com a altera\u00e7\u00e3o \u00e0 lei, aprovada em outubro pela Assembleia da Rep\u00fablica.<\/p>\n<p class=\"text-paragraph\">Nas \u00faltimas legislativas, em 2019, mais de 50.000 eleitores votaram antecipadamente, uma semana antes das elei\u00e7\u00f5es.<\/p>\n<p class=\"text-paragraph\">Eduardo Cabrita anunciou tamb\u00e9m que houve uma redu\u00e7\u00e3o do n\u00famero de eleitores por mesa de voto, ou seja, que os habituais 1.500 cidad\u00e3os por mesa de voto foram reduzidos para 1.000.<\/p>\n<p class=\"text-paragraph\">Com esta altera\u00e7\u00e3o houve a cria\u00e7\u00e3o de \u201c2.800 sec\u00e7\u00f5es de voto a mais\u201d.<\/p>\n<p class=\"text-paragraph\">\u201cVamos passar de pouco mais de 10.000 [sec\u00e7\u00f5es de voto] para cerca de 13.000 sec\u00e7\u00f5es de voto e este \u00e9 tamb\u00e9m um contributo para a redu\u00e7\u00e3o dos ajuntamentos, das filas no memento de exerc\u00edcio de direito de voto\u201d, completou o ministro.<\/p>\n<p class=\"text-paragraph\">O governante tamb\u00e9m recordou que, ao contr\u00e1rio do que era habitual em todos os atos eleitorais at\u00e9 hoje, por causa da pandemia, os cidad\u00e3os devem fazer-se acompanhar por uma caneta quando forem votar, para evitar que os eleitores utilizem as mesmas canetas, aumentando o risco de cont\u00e1gio pelo SARS-CoV-2.<\/p>\n<p>Texto: Lusa<\/p>\n","protected":false},"excerpt":{"rendered":"<p>Mais de 20.000 eleitores requereram at\u00e9 \u00e0s 18:00 de hoje o voto antecipado em mobilidade para as elei\u00e7\u00f5es presidenciais, pedido que pode ser feito at\u00e9 quinta-feira, anunciou o ministro da Administra\u00e7\u00e3o Interna.<\/p>\n","protected":false},"author":13,"featured_media":68166,"comment_status":"closed","ping_status":"closed","sticky":false,"template":"","format":"standard","meta":{"footnotes":""},"categories":[10,11,16],"tags":[8965,8966,9029,9752,108],"class_list":["post-89053","post","type-post","status-publish","format-standard","has-post-thumbnail","hentry","category-actualidade","category-pais","category-politica","tag-coronavirus","tag-covid-19","tag-dgs","tag-eduardo-cabrita","tag-eleicoes-presidenciais"],"yoast_head":"<!-- This site is optimized with the Yoast SEO plugin v27.4 - https:\/\/yoast.com\/product\/yoast-seo-wordpress\/ -->\n<title>Elei\u00e7\u00f5es Presidenciais: Saiba como votar antecipadamente | Infocul.pt - Arquivo Digital<\/title>\n<meta name=\"description\" content=\"Elei\u00e7\u00f5es Presidenciais: Saiba como votar antecipadamente | Infocul.pt - Arquivo Digital\" \/>\n<meta name=\"robots\" content=\"noindex, follow, max-snippet:-1, max-image-preview:large, max-video-preview:-1\" \/>\n<meta property=\"og:locale\" content=\"pt_PT\" \/>\n<meta property=\"og:type\" content=\"article\" \/>\n<meta property=\"og:title\" content=\"Elei\u00e7\u00f5es Presidenciais: Saiba como votar antecipadamente | Infocul.pt - Arquivo Digital\" \/>\n<meta property=\"og:description\" content=\"Elei\u00e7\u00f5es Presidenciais: Saiba como votar antecipadamente | Infocul.pt - Arquivo Digital\" \/>\n<meta property=\"og:url\" content=\"https:\/\/infocul.pt\/arquivo\/actualidade\/eleicoes-presidenciais-saiba-como-votar-antecipadamente\/\" \/>\n<meta property=\"og:site_name\" content=\"Infocul.pt - Arquivo Digital\" \/>\n<meta property=\"article:publisher\" content=\"https:\/\/www.facebook.com\/Infocul-147816815585015\/\" \/>\n<meta property=\"article:published_time\" content=\"2021-01-10T21:01:30+00:00\" \/>\n<meta property=\"article:modified_time\" content=\"2021-01-10T21:09:44+00:00\" \/>\n<meta property=\"og:image\" content=\"https:\/\/infocul.pt\/arquivo\/wp-content\/uploads\/2020\/03\/Retrato_oficial_Eduardo_Cabrita.jpg\" \/>\n\t<meta property=\"og:image:width\" content=\"374\" \/>\n\t<meta property=\"og:image:height\" content=\"500\" \/>\n\t<meta property=\"og:image:type\" content=\"image\/jpeg\" \/>\n<meta name=\"author\" content=\"Redac\u00e7\u00e3o\" \/>\n<meta name=\"twitter:card\" content=\"summary_large_image\" \/>\n<meta name=\"twitter:creator\" content=\"@Infoculpt\" \/>\n<meta name=\"twitter:site\" content=\"@Infoculpt\" \/>\n<meta name=\"twitter:label1\" content=\"Escrito por\" \/>\n\t<meta name=\"twitter:data1\" content=\"Redac\u00e7\u00e3o\" \/>\n\t<meta name=\"twitter:label2\" content=\"Tempo estimado de leitura\" \/>\n\t<meta name=\"twitter:data2\" content=\"2 minutos\" \/>\n<script type=\"application\/ld+json\" class=\"yoast-schema-graph\">{\"@context\":\"https:\\\/\\\/schema.org\",\"@graph\":[{\"@type\":\"Article\",\"@id\":\"https:\\\/\\\/infocul.pt\\\/arquivo\\\/actualidade\\\/eleicoes-presidenciais-saiba-como-votar-antecipadamente\\\/#article\",\"isPartOf\":{\"@id\":\"https:\\\/\\\/infocul.pt\\\/arquivo\\\/actualidade\\\/eleicoes-presidenciais-saiba-como-votar-antecipadamente\\\/\"},\"author\":{\"name\":\"Redac\u00e7\u00e3o\",\"@id\":\"https:\\\/\\\/infocul.pt\\\/arquivo\\\/#\\\/schema\\\/person\\\/f243f45ae8d67639120a7586884f3abc\"},\"headline\":\"Elei\u00e7\u00f5es Presidenciais: Saiba como votar antecipadamente\",\"datePublished\":\"2021-01-10T21:01:30+00:00\",\"dateModified\":\"2021-01-10T21:09:44+00:00\",\"mainEntityOfPage\":{\"@id\":\"https:\\\/\\\/infocul.pt\\\/arquivo\\\/actualidade\\\/eleicoes-presidenciais-saiba-como-votar-antecipadamente\\\/\"},\"wordCount\":499,\"publisher\":{\"@id\":\"https:\\\/\\\/infocul.pt\\\/arquivo\\\/#organization\"},\"image\":{\"@id\":\"https:\\\/\\\/infocul.pt\\\/arquivo\\\/actualidade\\\/eleicoes-presidenciais-saiba-como-votar-antecipadamente\\\/#primaryimage\"},\"thumbnailUrl\":\"https:\\\/\\\/infocul.pt\\\/arquivo\\\/wp-content\\\/uploads\\\/2020\\\/03\\\/Retrato_oficial_Eduardo_Cabrita.jpg\",\"keywords\":[\"Coronav\u00edrus\",\"Covid-19\",\"DGS\",\"Eduardo Cabrita\",\"Elei\u00e7\u00f5es Presidenciais\"],\"articleSection\":[\"Actualidade\",\"Pa\u00eds\",\"Politica\"],\"inLanguage\":\"pt-PT\"},{\"@type\":\"WebPage\",\"@id\":\"https:\\\/\\\/infocul.pt\\\/arquivo\\\/actualidade\\\/eleicoes-presidenciais-saiba-como-votar-antecipadamente\\\/\",\"url\":\"https:\\\/\\\/infocul.pt\\\/arquivo\\\/actualidade\\\/eleicoes-presidenciais-saiba-como-votar-antecipadamente\\\/\",\"name\":\"Elei\u00e7\u00f5es Presidenciais: Saiba como votar antecipadamente | Infocul.pt - Arquivo Digital\",\"isPartOf\":{\"@id\":\"https:\\\/\\\/infocul.pt\\\/arquivo\\\/#website\"},\"primaryImageOfPage\":{\"@id\":\"https:\\\/\\\/infocul.pt\\\/arquivo\\\/actualidade\\\/eleicoes-presidenciais-saiba-como-votar-antecipadamente\\\/#primaryimage\"},\"image\":{\"@id\":\"https:\\\/\\\/infocul.pt\\\/arquivo\\\/actualidade\\\/eleicoes-presidenciais-saiba-como-votar-antecipadamente\\\/#primaryimage\"},\"thumbnailUrl\":\"https:\\\/\\\/infocul.pt\\\/arquivo\\\/wp-content\\\/uploads\\\/2020\\\/03\\\/Retrato_oficial_Eduardo_Cabrita.jpg\",\"datePublished\":\"2021-01-10T21:01:30+00:00\",\"dateModified\":\"2021-01-10T21:09:44+00:00\",\"description\":\"Elei\u00e7\u00f5es Presidenciais: Saiba como votar antecipadamente | Infocul.pt - Arquivo Digital\",\"breadcrumb\":{\"@id\":\"https:\\\/\\\/infocul.pt\\\/arquivo\\\/actualidade\\\/eleicoes-presidenciais-saiba-como-votar-antecipadamente\\\/#breadcrumb\"},\"inLanguage\":\"pt-PT\",\"potentialAction\":[{\"@type\":\"ReadAction\",\"target\":[\"https:\\\/\\\/infocul.pt\\\/arquivo\\\/actualidade\\\/eleicoes-presidenciais-saiba-como-votar-antecipadamente\\\/\"]}]},{\"@type\":\"ImageObject\",\"inLanguage\":\"pt-PT\",\"@id\":\"https:\\\/\\\/infocul.pt\\\/arquivo\\\/actualidade\\\/eleicoes-presidenciais-saiba-como-votar-antecipadamente\\\/#primaryimage\",\"url\":\"https:\\\/\\\/infocul.pt\\\/arquivo\\\/wp-content\\\/uploads\\\/2020\\\/03\\\/Retrato_oficial_Eduardo_Cabrita.jpg\",\"contentUrl\":\"https:\\\/\\\/infocul.pt\\\/arquivo\\\/wp-content\\\/uploads\\\/2020\\\/03\\\/Retrato_oficial_Eduardo_Cabrita.jpg\",\"width\":374,\"height\":500},{\"@type\":\"BreadcrumbList\",\"@id\":\"https:\\\/\\\/infocul.pt\\\/arquivo\\\/actualidade\\\/eleicoes-presidenciais-saiba-como-votar-antecipadamente\\\/#breadcrumb\",\"itemListElement\":[{\"@type\":\"ListItem\",\"position\":1,\"name\":\"Home\",\"item\":\"https:\\\/\\\/infocul.pt\\\/arquivo\\\/\"},{\"@type\":\"ListItem\",\"position\":2,\"name\":\"Elei\u00e7\u00f5es Presidenciais: Saiba como votar antecipadamente\"}]},{\"@type\":\"WebSite\",\"@id\":\"https:\\\/\\\/infocul.pt\\\/arquivo\\\/#website\",\"url\":\"https:\\\/\\\/infocul.pt\\\/arquivo\\\/\",\"name\":\"Infocul.pt - Arquivo Digital\",\"description\":\"Arquivo digital da Infocul.pt\",\"publisher\":{\"@id\":\"https:\\\/\\\/infocul.pt\\\/arquivo\\\/#organization\"},\"potentialAction\":[{\"@type\":\"SearchAction\",\"target\":{\"@type\":\"EntryPoint\",\"urlTemplate\":\"https:\\\/\\\/infocul.pt\\\/arquivo\\\/?s={search_term_string}\"},\"query-input\":{\"@type\":\"PropertyValueSpecification\",\"valueRequired\":true,\"valueName\":\"search_term_string\"}}],\"inLanguage\":\"pt-PT\"},{\"@type\":\"Organization\",\"@id\":\"https:\\\/\\\/infocul.pt\\\/arquivo\\\/#organization\",\"name\":\"Infocul.pt\",\"url\":\"https:\\\/\\\/infocul.pt\\\/arquivo\\\/\",\"logo\":{\"@type\":\"ImageObject\",\"inLanguage\":\"pt-PT\",\"@id\":\"https:\\\/\\\/infocul.pt\\\/arquivo\\\/#\\\/schema\\\/logo\\\/image\\\/\",\"url\":\"https:\\\/\\\/infocul.pt\\\/arquivo\\\/wp-content\\\/uploads\\\/2018\\\/12\\\/Infocul_logo-1.png\",\"contentUrl\":\"https:\\\/\\\/infocul.pt\\\/arquivo\\\/wp-content\\\/uploads\\\/2018\\\/12\\\/Infocul_logo-1.png\",\"width\":800,\"height\":800,\"caption\":\"Infocul.pt\"},\"image\":{\"@id\":\"https:\\\/\\\/infocul.pt\\\/arquivo\\\/#\\\/schema\\\/logo\\\/image\\\/\"},\"sameAs\":[\"https:\\\/\\\/www.facebook.com\\\/Infocul-147816815585015\\\/\",\"https:\\\/\\\/x.com\\\/Infoculpt\",\"http:\\\/\\\/www.pictaram.com\\\/user\\\/infocul.pt\\\/2370423710\",\"https:\\\/\\\/www.youtube.com\\\/channel\\\/UCYEB91AGI9FL9ek2i_IaQAA\"]},{\"@type\":\"Person\",\"@id\":\"https:\\\/\\\/infocul.pt\\\/arquivo\\\/#\\\/schema\\\/person\\\/f243f45ae8d67639120a7586884f3abc\",\"name\":\"Redac\u00e7\u00e3o\",\"image\":{\"@type\":\"ImageObject\",\"inLanguage\":\"pt-PT\",\"@id\":\"https:\\\/\\\/secure.gravatar.com\\\/avatar\\\/151b1b76c598ab5e749407223bd6c1bad4e41c4e95de3c3df83540ebee2deaf8?s=96&d=mm&r=g\",\"url\":\"https:\\\/\\\/secure.gravatar.com\\\/avatar\\\/151b1b76c598ab5e749407223bd6c1bad4e41c4e95de3c3df83540ebee2deaf8?s=96&d=mm&r=g\",\"contentUrl\":\"https:\\\/\\\/secure.gravatar.com\\\/avatar\\\/151b1b76c598ab5e749407223bd6c1bad4e41c4e95de3c3df83540ebee2deaf8?s=96&d=mm&r=g\",\"caption\":\"Redac\u00e7\u00e3o\"}}]}<\/script>\n<!-- \/ Yoast SEO plugin. -->","yoast_head_json":{"title":"Elei\u00e7\u00f5es Presidenciais: Saiba como votar antecipadamente | Infocul.pt - Arquivo Digital","description":"Elei\u00e7\u00f5es Presidenciais: Saiba como votar antecipadamente | Infocul.pt - Arquivo Digital","robots":{"index":"noindex","follow":"follow","max-snippet":"max-snippet:-1","max-image-preview":"max-image-preview:large","max-video-preview":"max-video-preview:-1"},"og_locale":"pt_PT","og_type":"article","og_title":"Elei\u00e7\u00f5es Presidenciais: Saiba como votar antecipadamente | Infocul.pt - Arquivo Digital","og_description":"Elei\u00e7\u00f5es Presidenciais: Saiba como votar antecipadamente | Infocul.pt - Arquivo Digital","og_url":"https:\/\/infocul.pt\/arquivo\/actualidade\/eleicoes-presidenciais-saiba-como-votar-antecipadamente\/","og_site_name":"Infocul.pt - Arquivo Digital","article_publisher":"https:\/\/www.facebook.com\/Infocul-147816815585015\/","article_published_time":"2021-01-10T21:01:30+00:00","article_modified_time":"2021-01-10T21:09:44+00:00","og_image":[{"width":374,"height":500,"url":"https:\/\/infocul.pt\/arquivo\/wp-content\/uploads\/2020\/03\/Retrato_oficial_Eduardo_Cabrita.jpg","type":"image\/jpeg"}],"author":"Redac\u00e7\u00e3o","twitter_card":"summary_large_image","twitter_creator":"@Infoculpt","twitter_site":"@Infoculpt","twitter_misc":{"Escrito por":"Redac\u00e7\u00e3o","Tempo estimado de leitura":"2 minutos"},"schema":{"@context":"https:\/\/schema.org","@graph":[{"@type":"Article","@id":"https:\/\/infocul.pt\/arquivo\/actualidade\/eleicoes-presidenciais-saiba-como-votar-antecipadamente\/#article","isPartOf":{"@id":"https:\/\/infocul.pt\/arquivo\/actualidade\/eleicoes-presidenciais-saiba-como-votar-antecipadamente\/"},"author":{"name":"Redac\u00e7\u00e3o","@id":"https:\/\/infocul.pt\/arquivo\/#\/schema\/person\/f243f45ae8d67639120a7586884f3abc"},"headline":"Elei\u00e7\u00f5es Presidenciais: Saiba como votar antecipadamente","datePublished":"2021-01-10T21:01:30+00:00","dateModified":"2021-01-10T21:09:44+00:00","mainEntityOfPage":{"@id":"https:\/\/infocul.pt\/arquivo\/actualidade\/eleicoes-presidenciais-saiba-como-votar-antecipadamente\/"},"wordCount":499,"publisher":{"@id":"https:\/\/infocul.pt\/arquivo\/#organization"},"image":{"@id":"https:\/\/infocul.pt\/arquivo\/actualidade\/eleicoes-presidenciais-saiba-como-votar-antecipadamente\/#primaryimage"},"thumbnailUrl":"https:\/\/infocul.pt\/arquivo\/wp-content\/uploads\/2020\/03\/Retrato_oficial_Eduardo_Cabrita.jpg","keywords":["Coronav\u00edrus","Covid-19","DGS","Eduardo Cabrita","Elei\u00e7\u00f5es Presidenciais"],"articleSection":["Actualidade","Pa\u00eds","Politica"],"inLanguage":"pt-PT"},{"@type":"WebPage","@id":"https:\/\/infocul.pt\/arquivo\/actualidade\/eleicoes-presidenciais-saiba-como-votar-antecipadamente\/","url":"https:\/\/infocul.pt\/arquivo\/actualidade\/eleicoes-presidenciais-saiba-como-votar-antecipadamente\/","name":"Elei\u00e7\u00f5es Presidenciais: Saiba como votar antecipadamente | Infocul.pt - Arquivo Digital","isPartOf":{"@id":"https:\/\/infocul.pt\/arquivo\/#website"},"primaryImageOfPage":{"@id":"https:\/\/infocul.pt\/arquivo\/actualidade\/eleicoes-presidenciais-saiba-como-votar-antecipadamente\/#primaryimage"},"image":{"@id":"https:\/\/infocul.pt\/arquivo\/actualidade\/eleicoes-presidenciais-saiba-como-votar-antecipadamente\/#primaryimage"},"thumbnailUrl":"https:\/\/infocul.pt\/arquivo\/wp-content\/uploads\/2020\/03\/Retrato_oficial_Eduardo_Cabrita.jpg","datePublished":"2021-01-10T21:01:30+00:00","dateModified":"2021-01-10T21:09:44+00:00","description":"Elei\u00e7\u00f5es Presidenciais: Saiba como votar antecipadamente | Infocul.pt - Arquivo Digital","breadcrumb":{"@id":"https:\/\/infocul.pt\/arquivo\/actualidade\/eleicoes-presidenciais-saiba-como-votar-antecipadamente\/#breadcrumb"},"inLanguage":"pt-PT","potentialAction":[{"@type":"ReadAction","target":["https:\/\/infocul.pt\/arquivo\/actualidade\/eleicoes-presidenciais-saiba-como-votar-antecipadamente\/"]}]},{"@type":"ImageObject","inLanguage":"pt-PT","@id":"https:\/\/infocul.pt\/arquivo\/actualidade\/eleicoes-presidenciais-saiba-como-votar-antecipadamente\/#primaryimage","url":"https:\/\/infocul.pt\/arquivo\/wp-content\/uploads\/2020\/03\/Retrato_oficial_Eduardo_Cabrita.jpg","contentUrl":"https:\/\/infocul.pt\/arquivo\/wp-content\/uploads\/2020\/03\/Retrato_oficial_Eduardo_Cabrita.jpg","width":374,"height":500},{"@type":"BreadcrumbList","@id":"https:\/\/infocul.pt\/arquivo\/actualidade\/eleicoes-presidenciais-saiba-como-votar-antecipadamente\/#breadcrumb","itemListElement":[{"@type":"ListItem","position":1,"name":"Home","item":"https:\/\/infocul.pt\/arquivo\/"},{"@type":"ListItem","position":2,"name":"Elei\u00e7\u00f5es Presidenciais: Saiba como votar antecipadamente"}]},{"@type":"WebSite","@id":"https:\/\/infocul.pt\/arquivo\/#website","url":"https:\/\/infocul.pt\/arquivo\/","name":"Infocul.pt - Arquivo Digital","description":"Arquivo digital da Infocul.pt","publisher":{"@id":"https:\/\/infocul.pt\/arquivo\/#organization"},"potentialAction":[{"@type":"SearchAction","target":{"@type":"EntryPoint","urlTemplate":"https:\/\/infocul.pt\/arquivo\/?s={search_term_string}"},"query-input":{"@type":"PropertyValueSpecification","valueRequired":true,"valueName":"search_term_string"}}],"inLanguage":"pt-PT"},{"@type":"Organization","@id":"https:\/\/infocul.pt\/arquivo\/#organization","name":"Infocul.pt","url":"https:\/\/infocul.pt\/arquivo\/","logo":{"@type":"ImageObject","inLanguage":"pt-PT","@id":"https:\/\/infocul.pt\/arquivo\/#\/schema\/logo\/image\/","url":"https:\/\/infocul.pt\/arquivo\/wp-content\/uploads\/2018\/12\/Infocul_logo-1.png","contentUrl":"https:\/\/infocul.pt\/arquivo\/wp-content\/uploads\/2018\/12\/Infocul_logo-1.png","width":800,"height":800,"caption":"Infocul.pt"},"image":{"@id":"https:\/\/infocul.pt\/arquivo\/#\/schema\/logo\/image\/"},"sameAs":["https:\/\/www.facebook.com\/Infocul-147816815585015\/","https:\/\/x.com\/Infoculpt","http:\/\/www.pictaram.com\/user\/infocul.pt\/2370423710","https:\/\/www.youtube.com\/channel\/UCYEB91AGI9FL9ek2i_IaQAA"]},{"@type":"Person","@id":"https:\/\/infocul.pt\/arquivo\/#\/schema\/person\/f243f45ae8d67639120a7586884f3abc","name":"Redac\u00e7\u00e3o","image":{"@type":"ImageObject","inLanguage":"pt-PT","@id":"https:\/\/secure.gravatar.com\/avatar\/151b1b76c598ab5e749407223bd6c1bad4e41c4e95de3c3df83540ebee2deaf8?s=96&d=mm&r=g","url":"https:\/\/secure.gravatar.com\/avatar\/151b1b76c598ab5e749407223bd6c1bad4e41c4e95de3c3df83540ebee2deaf8?s=96&d=mm&r=g","contentUrl":"https:\/\/secure.gravatar.com\/avatar\/151b1b76c598ab5e749407223bd6c1bad4e41c4e95de3c3df83540ebee2deaf8?s=96&d=mm&r=g","caption":"Redac\u00e7\u00e3o"}}]}},"_links":{"self":[{"href":"https:\/\/infocul.pt\/arquivo\/wp-json\/wp\/v2\/posts\/89053","targetHints":{"allow":["GET"]}}],"collection":[{"href":"https:\/\/infocul.pt\/arquivo\/wp-json\/wp\/v2\/posts"}],"about":[{"href":"https:\/\/infocul.pt\/arquivo\/wp-json\/wp\/v2\/types\/post"}],"author":[{"embeddable":true,"href":"https:\/\/infocul.pt\/arquivo\/wp-json\/wp\/v2\/users\/13"}],"replies":[{"embeddable":true,"href":"https:\/\/infocul.pt\/arquivo\/wp-json\/wp\/v2\/comments?post=89053"}],"version-history":[{"count":0,"href":"https:\/\/infocul.pt\/arquivo\/wp-json\/wp\/v2\/posts\/89053\/revisions"}],"wp:featuredmedia":[{"embeddable":true,"href":"https:\/\/infocul.pt\/arquivo\/wp-json\/wp\/v2\/media\/68166"}],"wp:attachment":[{"href":"https:\/\/infocul.pt\/arquivo\/wp-json\/wp\/v2\/media?parent=89053"}],"wp:term":[{"taxonomy":"category","embeddable":true,"href":"https:\/\/infocul.pt\/arquivo\/wp-json\/wp\/v2\/categories?post=89053"},{"taxonomy":"post_tag","embeddable":true,"href":"https:\/\/infocul.pt\/arquivo\/wp-json\/wp\/v2\/tags?post=89053"}],"curies":[{"name":"wp","href":"https:\/\/api.w.org\/{rel}","templated":true}]}}