{"id":89159,"date":"2021-01-12T17:48:47","date_gmt":"2021-01-12T17:48:47","guid":{"rendered":"https:\/\/infocul.pt\/?p=89159"},"modified":"2021-01-12T18:53:18","modified_gmt":"2021-01-12T18:53:18","slug":"presidenciais-tino-de-rans-esteve-na-associacao-do-rancho-folclorico-dancar-e-viver-na-encosta-do-sol-amadora","status":"publish","type":"post","link":"https:\/\/infocul.pt\/arquivo\/actualidade\/presidenciais-tino-de-rans-esteve-na-associacao-do-rancho-folclorico-dancar-e-viver-na-encosta-do-sol-amadora\/","title":{"rendered":"Presidenciais: Tino de Rans esteve na Associa\u00e7\u00e3o do Rancho Folcl\u00f3rico &#8220;Dan\u00e7ar \u00e9 Viver&#8221; na Encosta do Sol &#8211; Amadora"},"content":{"rendered":"<p><img decoding=\"async\" class=\"aligncenter wp-image-89161 size-large lazyload\" data-src=\"https:\/\/infocul.pt\/arquivo\/wp-content\/uploads\/2021\/01\/tino-rans-1024x647.png\" alt=\"\" width=\"800\" height=\"505\" data-srcset=\"https:\/\/infocul.pt\/arquivo\/wp-content\/uploads\/2021\/01\/tino-rans-1024x647.png 1024w, https:\/\/infocul.pt\/arquivo\/wp-content\/uploads\/2021\/01\/tino-rans-300x189.png 300w, https:\/\/infocul.pt\/arquivo\/wp-content\/uploads\/2021\/01\/tino-rans-768x485.png 768w, https:\/\/infocul.pt\/arquivo\/wp-content\/uploads\/2021\/01\/tino-rans.png 1153w\" data-sizes=\"(max-width: 800px) 100vw, 800px\" src=\"data:image\/svg+xml;base64,PHN2ZyB3aWR0aD0iMSIgaGVpZ2h0PSIxIiB4bWxucz0iaHR0cDovL3d3dy53My5vcmcvMjAwMC9zdmciPjwvc3ZnPg==\" style=\"--smush-placeholder-width: 800px; --smush-placeholder-aspect-ratio: 800\/505;\" \/><\/p>\n<p>O candidato presidencial Tino de Rans esteve, hoje, em campanha na Amadora.<!--more--><\/p>\n<p>Tino de Rans esteve <span class=\"css-901oao css-16my406 r-poiln3 r-bcqeeo r-qvutc0\">na Associa\u00e7\u00e3o do Rancho Folcl\u00f3rico &#8220;Dan\u00e7ar \u00e9 Viver&#8221; na Encosta do Sol &#8211; Amadora.<\/span><\/p>\n<div class=\"css-1dbjc4n r-xoduu5 r-1mlwlqe r-1d2f490 r-1udh08x r-u8s1d r-h9hxbl r-417010\" title=\"M\u00e3o fazendo gesto de &quot;Ok&quot;\" aria-label=\"M\u00e3o fazendo gesto de &quot;Ok&quot;\"><\/div>\n<blockquote class=\"twitter-tweet\" data-width=\"500\" data-dnt=\"true\">\n<p lang=\"pt\" dir=\"ltr\">Hoje na Associa\u00e7\u00e3o do Rancho Folcl\u00f3rico &quot;Dan\u00e7ar \u00e9 Viver&quot; na Encosta do Sol &#8211; Amadora \ud83d\udc4c<a href=\"https:\/\/twitter.com\/hashtag\/Presidenciais2021?src=hash&amp;ref_src=twsrc%5Etfw\">#Presidenciais2021<\/a> <a href=\"https:\/\/twitter.com\/hashtag\/portugalcomtino?src=hash&amp;ref_src=twsrc%5Etfw\">#portugalcomtino<\/a> <a href=\"https:\/\/t.co\/2Ff0cd90lB\">pic.twitter.com\/2Ff0cd90lB<\/a><\/p>\n<p>&mdash; Tino de Rans (@_tinoderans_) <a href=\"https:\/\/twitter.com\/_tinoderans_\/status\/1349027741216235523?ref_src=twsrc%5Etfw\">January 12, 2021<\/a><\/p><\/blockquote>\n<p><script async src=\"https:\/\/platform.twitter.com\/widgets.js\" charset=\"utf-8\"><\/script><\/p>\n","protected":false},"excerpt":{"rendered":"<p>O candidato presidencial Tino de Rans esteve, hoje, em campanha na Amadora.<\/p>\n","protected":false},"author":13,"featured_media":89161,"comment_status":"closed","ping_status":"closed","sticky":false,"template":"","format":"standard","meta":{"footnotes":""},"categories":[10,11,16],"tags":[10183],"class_list":["post-89159","post","type-post","status-publish","format-standard","has-post-thumbnail","hentry","category-actualidade","category-pais","category-politica","tag-tino-de-rans"],"yoast_head":"<!-- This site is optimized with the Yoast SEO plugin v27.4 - https:\/\/yoast.com\/product\/yoast-seo-wordpress\/ -->\n<title>Presidenciais: Tino de Rans esteve na Associa\u00e7\u00e3o do Rancho Folcl\u00f3rico &quot;Dan\u00e7ar \u00e9 Viver&quot; na Encosta do Sol - Amadora | Infocul.pt - Arquivo Digital<\/title>\n<meta name=\"description\" content=\"Presidenciais: Tino de Rans esteve na Associa\u00e7\u00e3o do Rancho Folcl\u00f3rico &quot;Dan\u00e7ar \u00e9 Viver&quot; na Encosta do Sol - Amadora | Infocul.pt - Arquivo Digital\" \/>\n<meta name=\"robots\" content=\"noindex, follow, max-snippet:-1, max-image-preview:large, max-video-preview:-1\" \/>\n<meta property=\"og:locale\" content=\"pt_PT\" \/>\n<meta property=\"og:type\" content=\"article\" \/>\n<meta property=\"og:title\" content=\"Presidenciais: Tino de Rans esteve na Associa\u00e7\u00e3o do Rancho Folcl\u00f3rico &quot;Dan\u00e7ar \u00e9 Viver&quot; na Encosta do Sol - Amadora | Infocul.pt - Arquivo Digital\" \/>\n<meta property=\"og:description\" content=\"Presidenciais: Tino de Rans esteve na Associa\u00e7\u00e3o do Rancho Folcl\u00f3rico &quot;Dan\u00e7ar \u00e9 Viver&quot; na Encosta do Sol - Amadora | Infocul.pt - Arquivo Digital\" \/>\n<meta property=\"og:url\" content=\"https:\/\/infocul.pt\/arquivo\/actualidade\/presidenciais-tino-de-rans-esteve-na-associacao-do-rancho-folclorico-dancar-e-viver-na-encosta-do-sol-amadora\/\" \/>\n<meta property=\"og:site_name\" content=\"Infocul.pt - Arquivo Digital\" \/>\n<meta property=\"article:publisher\" content=\"https:\/\/www.facebook.com\/Infocul-147816815585015\/\" \/>\n<meta property=\"article:published_time\" content=\"2021-01-12T17:48:47+00:00\" \/>\n<meta property=\"article:modified_time\" content=\"2021-01-12T18:53:18+00:00\" \/>\n<meta property=\"og:image\" content=\"https:\/\/infocul.pt\/arquivo\/wp-content\/uploads\/2021\/01\/tino-rans.png\" \/>\n\t<meta property=\"og:image:width\" content=\"1153\" \/>\n\t<meta property=\"og:image:height\" content=\"728\" \/>\n\t<meta property=\"og:image:type\" content=\"image\/png\" \/>\n<meta name=\"author\" content=\"Redac\u00e7\u00e3o\" \/>\n<meta name=\"twitter:card\" content=\"summary_large_image\" \/>\n<meta name=\"twitter:creator\" content=\"@Infoculpt\" \/>\n<meta name=\"twitter:site\" content=\"@Infoculpt\" \/>\n<meta name=\"twitter:label1\" content=\"Escrito por\" \/>\n\t<meta name=\"twitter:data1\" content=\"Redac\u00e7\u00e3o\" \/>\n<script type=\"application\/ld+json\" class=\"yoast-schema-graph\">{\"@context\":\"https:\\\/\\\/schema.org\",\"@graph\":[{\"@type\":\"Article\",\"@id\":\"https:\\\/\\\/infocul.pt\\\/arquivo\\\/actualidade\\\/presidenciais-tino-de-rans-esteve-na-associacao-do-rancho-folclorico-dancar-e-viver-na-encosta-do-sol-amadora\\\/#article\",\"isPartOf\":{\"@id\":\"https:\\\/\\\/infocul.pt\\\/arquivo\\\/actualidade\\\/presidenciais-tino-de-rans-esteve-na-associacao-do-rancho-folclorico-dancar-e-viver-na-encosta-do-sol-amadora\\\/\"},\"author\":{\"name\":\"Redac\u00e7\u00e3o\",\"@id\":\"https:\\\/\\\/infocul.pt\\\/arquivo\\\/#\\\/schema\\\/person\\\/f243f45ae8d67639120a7586884f3abc\"},\"headline\":\"Presidenciais: Tino de Rans esteve na Associa\u00e7\u00e3o do Rancho Folcl\u00f3rico &#8220;Dan\u00e7ar \u00e9 Viver&#8221; na Encosta do Sol &#8211; Amadora\",\"datePublished\":\"2021-01-12T17:48:47+00:00\",\"dateModified\":\"2021-01-12T18:53:18+00:00\",\"mainEntityOfPage\":{\"@id\":\"https:\\\/\\\/infocul.pt\\\/arquivo\\\/actualidade\\\/presidenciais-tino-de-rans-esteve-na-associacao-do-rancho-folclorico-dancar-e-viver-na-encosta-do-sol-amadora\\\/\"},\"wordCount\":58,\"publisher\":{\"@id\":\"https:\\\/\\\/infocul.pt\\\/arquivo\\\/#organization\"},\"image\":{\"@id\":\"https:\\\/\\\/infocul.pt\\\/arquivo\\\/actualidade\\\/presidenciais-tino-de-rans-esteve-na-associacao-do-rancho-folclorico-dancar-e-viver-na-encosta-do-sol-amadora\\\/#primaryimage\"},\"thumbnailUrl\":\"https:\\\/\\\/infocul.pt\\\/arquivo\\\/wp-content\\\/uploads\\\/2021\\\/01\\\/tino-rans.png\",\"keywords\":[\"Tino de Rans\"],\"articleSection\":[\"Actualidade\",\"Pa\u00eds\",\"Politica\"],\"inLanguage\":\"pt-PT\"},{\"@type\":\"WebPage\",\"@id\":\"https:\\\/\\\/infocul.pt\\\/arquivo\\\/actualidade\\\/presidenciais-tino-de-rans-esteve-na-associacao-do-rancho-folclorico-dancar-e-viver-na-encosta-do-sol-amadora\\\/\",\"url\":\"https:\\\/\\\/infocul.pt\\\/arquivo\\\/actualidade\\\/presidenciais-tino-de-rans-esteve-na-associacao-do-rancho-folclorico-dancar-e-viver-na-encosta-do-sol-amadora\\\/\",\"name\":\"Presidenciais: Tino de Rans esteve na Associa\u00e7\u00e3o do Rancho Folcl\u00f3rico \\\"Dan\u00e7ar \u00e9 Viver\\\" na Encosta do Sol - Amadora | Infocul.pt - Arquivo Digital\",\"isPartOf\":{\"@id\":\"https:\\\/\\\/infocul.pt\\\/arquivo\\\/#website\"},\"primaryImageOfPage\":{\"@id\":\"https:\\\/\\\/infocul.pt\\\/arquivo\\\/actualidade\\\/presidenciais-tino-de-rans-esteve-na-associacao-do-rancho-folclorico-dancar-e-viver-na-encosta-do-sol-amadora\\\/#primaryimage\"},\"image\":{\"@id\":\"https:\\\/\\\/infocul.pt\\\/arquivo\\\/actualidade\\\/presidenciais-tino-de-rans-esteve-na-associacao-do-rancho-folclorico-dancar-e-viver-na-encosta-do-sol-amadora\\\/#primaryimage\"},\"thumbnailUrl\":\"https:\\\/\\\/infocul.pt\\\/arquivo\\\/wp-content\\\/uploads\\\/2021\\\/01\\\/tino-rans.png\",\"datePublished\":\"2021-01-12T17:48:47+00:00\",\"dateModified\":\"2021-01-12T18:53:18+00:00\",\"description\":\"Presidenciais: Tino de Rans esteve na Associa\u00e7\u00e3o do Rancho Folcl\u00f3rico \\\"Dan\u00e7ar \u00e9 Viver\\\" na Encosta do Sol - Amadora | Infocul.pt - Arquivo Digital\",\"breadcrumb\":{\"@id\":\"https:\\\/\\\/infocul.pt\\\/arquivo\\\/actualidade\\\/presidenciais-tino-de-rans-esteve-na-associacao-do-rancho-folclorico-dancar-e-viver-na-encosta-do-sol-amadora\\\/#breadcrumb\"},\"inLanguage\":\"pt-PT\",\"potentialAction\":[{\"@type\":\"ReadAction\",\"target\":[\"https:\\\/\\\/infocul.pt\\\/arquivo\\\/actualidade\\\/presidenciais-tino-de-rans-esteve-na-associacao-do-rancho-folclorico-dancar-e-viver-na-encosta-do-sol-amadora\\\/\"]}]},{\"@type\":\"ImageObject\",\"inLanguage\":\"pt-PT\",\"@id\":\"https:\\\/\\\/infocul.pt\\\/arquivo\\\/actualidade\\\/presidenciais-tino-de-rans-esteve-na-associacao-do-rancho-folclorico-dancar-e-viver-na-encosta-do-sol-amadora\\\/#primaryimage\",\"url\":\"https:\\\/\\\/infocul.pt\\\/arquivo\\\/wp-content\\\/uploads\\\/2021\\\/01\\\/tino-rans.png\",\"contentUrl\":\"https:\\\/\\\/infocul.pt\\\/arquivo\\\/wp-content\\\/uploads\\\/2021\\\/01\\\/tino-rans.png\",\"width\":1153,\"height\":728},{\"@type\":\"BreadcrumbList\",\"@id\":\"https:\\\/\\\/infocul.pt\\\/arquivo\\\/actualidade\\\/presidenciais-tino-de-rans-esteve-na-associacao-do-rancho-folclorico-dancar-e-viver-na-encosta-do-sol-amadora\\\/#breadcrumb\",\"itemListElement\":[{\"@type\":\"ListItem\",\"position\":1,\"name\":\"Home\",\"item\":\"https:\\\/\\\/infocul.pt\\\/arquivo\\\/\"},{\"@type\":\"ListItem\",\"position\":2,\"name\":\"Presidenciais: Tino de Rans esteve na Associa\u00e7\u00e3o do Rancho Folcl\u00f3rico &#8220;Dan\u00e7ar \u00e9 Viver&#8221; na Encosta do Sol &#8211; Amadora\"}]},{\"@type\":\"WebSite\",\"@id\":\"https:\\\/\\\/infocul.pt\\\/arquivo\\\/#website\",\"url\":\"https:\\\/\\\/infocul.pt\\\/arquivo\\\/\",\"name\":\"Infocul.pt - Arquivo Digital\",\"description\":\"Arquivo digital da Infocul.pt\",\"publisher\":{\"@id\":\"https:\\\/\\\/infocul.pt\\\/arquivo\\\/#organization\"},\"potentialAction\":[{\"@type\":\"SearchAction\",\"target\":{\"@type\":\"EntryPoint\",\"urlTemplate\":\"https:\\\/\\\/infocul.pt\\\/arquivo\\\/?s={search_term_string}\"},\"query-input\":{\"@type\":\"PropertyValueSpecification\",\"valueRequired\":true,\"valueName\":\"search_term_string\"}}],\"inLanguage\":\"pt-PT\"},{\"@type\":\"Organization\",\"@id\":\"https:\\\/\\\/infocul.pt\\\/arquivo\\\/#organization\",\"name\":\"Infocul.pt\",\"url\":\"https:\\\/\\\/infocul.pt\\\/arquivo\\\/\",\"logo\":{\"@type\":\"ImageObject\",\"inLanguage\":\"pt-PT\",\"@id\":\"https:\\\/\\\/infocul.pt\\\/arquivo\\\/#\\\/schema\\\/logo\\\/image\\\/\",\"url\":\"https:\\\/\\\/infocul.pt\\\/arquivo\\\/wp-content\\\/uploads\\\/2018\\\/12\\\/Infocul_logo-1.png\",\"contentUrl\":\"https:\\\/\\\/infocul.pt\\\/arquivo\\\/wp-content\\\/uploads\\\/2018\\\/12\\\/Infocul_logo-1.png\",\"width\":800,\"height\":800,\"caption\":\"Infocul.pt\"},\"image\":{\"@id\":\"https:\\\/\\\/infocul.pt\\\/arquivo\\\/#\\\/schema\\\/logo\\\/image\\\/\"},\"sameAs\":[\"https:\\\/\\\/www.facebook.com\\\/Infocul-147816815585015\\\/\",\"https:\\\/\\\/x.com\\\/Infoculpt\",\"http:\\\/\\\/www.pictaram.com\\\/user\\\/infocul.pt\\\/2370423710\",\"https:\\\/\\\/www.youtube.com\\\/channel\\\/UCYEB91AGI9FL9ek2i_IaQAA\"]},{\"@type\":\"Person\",\"@id\":\"https:\\\/\\\/infocul.pt\\\/arquivo\\\/#\\\/schema\\\/person\\\/f243f45ae8d67639120a7586884f3abc\",\"name\":\"Redac\u00e7\u00e3o\",\"image\":{\"@type\":\"ImageObject\",\"inLanguage\":\"pt-PT\",\"@id\":\"https:\\\/\\\/secure.gravatar.com\\\/avatar\\\/151b1b76c598ab5e749407223bd6c1bad4e41c4e95de3c3df83540ebee2deaf8?s=96&d=mm&r=g\",\"url\":\"https:\\\/\\\/secure.gravatar.com\\\/avatar\\\/151b1b76c598ab5e749407223bd6c1bad4e41c4e95de3c3df83540ebee2deaf8?s=96&d=mm&r=g\",\"contentUrl\":\"https:\\\/\\\/secure.gravatar.com\\\/avatar\\\/151b1b76c598ab5e749407223bd6c1bad4e41c4e95de3c3df83540ebee2deaf8?s=96&d=mm&r=g\",\"caption\":\"Redac\u00e7\u00e3o\"}}]}<\/script>\n<!-- \/ Yoast SEO plugin. -->","yoast_head_json":{"title":"Presidenciais: Tino de Rans esteve na Associa\u00e7\u00e3o do Rancho Folcl\u00f3rico \"Dan\u00e7ar \u00e9 Viver\" na Encosta do Sol - Amadora | Infocul.pt - Arquivo Digital","description":"Presidenciais: Tino de Rans esteve na Associa\u00e7\u00e3o do Rancho Folcl\u00f3rico \"Dan\u00e7ar \u00e9 Viver\" na Encosta do Sol - Amadora | Infocul.pt - Arquivo Digital","robots":{"index":"noindex","follow":"follow","max-snippet":"max-snippet:-1","max-image-preview":"max-image-preview:large","max-video-preview":"max-video-preview:-1"},"og_locale":"pt_PT","og_type":"article","og_title":"Presidenciais: Tino de Rans esteve na Associa\u00e7\u00e3o do Rancho Folcl\u00f3rico \"Dan\u00e7ar \u00e9 Viver\" na Encosta do Sol - Amadora | Infocul.pt - Arquivo Digital","og_description":"Presidenciais: Tino de Rans esteve na Associa\u00e7\u00e3o do Rancho Folcl\u00f3rico \"Dan\u00e7ar \u00e9 Viver\" na Encosta do Sol - Amadora | Infocul.pt - Arquivo Digital","og_url":"https:\/\/infocul.pt\/arquivo\/actualidade\/presidenciais-tino-de-rans-esteve-na-associacao-do-rancho-folclorico-dancar-e-viver-na-encosta-do-sol-amadora\/","og_site_name":"Infocul.pt - Arquivo Digital","article_publisher":"https:\/\/www.facebook.com\/Infocul-147816815585015\/","article_published_time":"2021-01-12T17:48:47+00:00","article_modified_time":"2021-01-12T18:53:18+00:00","og_image":[{"width":1153,"height":728,"url":"https:\/\/infocul.pt\/arquivo\/wp-content\/uploads\/2021\/01\/tino-rans.png","type":"image\/png"}],"author":"Redac\u00e7\u00e3o","twitter_card":"summary_large_image","twitter_creator":"@Infoculpt","twitter_site":"@Infoculpt","twitter_misc":{"Escrito por":"Redac\u00e7\u00e3o"},"schema":{"@context":"https:\/\/schema.org","@graph":[{"@type":"Article","@id":"https:\/\/infocul.pt\/arquivo\/actualidade\/presidenciais-tino-de-rans-esteve-na-associacao-do-rancho-folclorico-dancar-e-viver-na-encosta-do-sol-amadora\/#article","isPartOf":{"@id":"https:\/\/infocul.pt\/arquivo\/actualidade\/presidenciais-tino-de-rans-esteve-na-associacao-do-rancho-folclorico-dancar-e-viver-na-encosta-do-sol-amadora\/"},"author":{"name":"Redac\u00e7\u00e3o","@id":"https:\/\/infocul.pt\/arquivo\/#\/schema\/person\/f243f45ae8d67639120a7586884f3abc"},"headline":"Presidenciais: Tino de Rans esteve na Associa\u00e7\u00e3o do Rancho Folcl\u00f3rico &#8220;Dan\u00e7ar \u00e9 Viver&#8221; na Encosta do Sol &#8211; Amadora","datePublished":"2021-01-12T17:48:47+00:00","dateModified":"2021-01-12T18:53:18+00:00","mainEntityOfPage":{"@id":"https:\/\/infocul.pt\/arquivo\/actualidade\/presidenciais-tino-de-rans-esteve-na-associacao-do-rancho-folclorico-dancar-e-viver-na-encosta-do-sol-amadora\/"},"wordCount":58,"publisher":{"@id":"https:\/\/infocul.pt\/arquivo\/#organization"},"image":{"@id":"https:\/\/infocul.pt\/arquivo\/actualidade\/presidenciais-tino-de-rans-esteve-na-associacao-do-rancho-folclorico-dancar-e-viver-na-encosta-do-sol-amadora\/#primaryimage"},"thumbnailUrl":"https:\/\/infocul.pt\/arquivo\/wp-content\/uploads\/2021\/01\/tino-rans.png","keywords":["Tino de Rans"],"articleSection":["Actualidade","Pa\u00eds","Politica"],"inLanguage":"pt-PT"},{"@type":"WebPage","@id":"https:\/\/infocul.pt\/arquivo\/actualidade\/presidenciais-tino-de-rans-esteve-na-associacao-do-rancho-folclorico-dancar-e-viver-na-encosta-do-sol-amadora\/","url":"https:\/\/infocul.pt\/arquivo\/actualidade\/presidenciais-tino-de-rans-esteve-na-associacao-do-rancho-folclorico-dancar-e-viver-na-encosta-do-sol-amadora\/","name":"Presidenciais: Tino de Rans esteve na Associa\u00e7\u00e3o do Rancho Folcl\u00f3rico \"Dan\u00e7ar \u00e9 Viver\" na Encosta do Sol - Amadora | Infocul.pt - Arquivo Digital","isPartOf":{"@id":"https:\/\/infocul.pt\/arquivo\/#website"},"primaryImageOfPage":{"@id":"https:\/\/infocul.pt\/arquivo\/actualidade\/presidenciais-tino-de-rans-esteve-na-associacao-do-rancho-folclorico-dancar-e-viver-na-encosta-do-sol-amadora\/#primaryimage"},"image":{"@id":"https:\/\/infocul.pt\/arquivo\/actualidade\/presidenciais-tino-de-rans-esteve-na-associacao-do-rancho-folclorico-dancar-e-viver-na-encosta-do-sol-amadora\/#primaryimage"},"thumbnailUrl":"https:\/\/infocul.pt\/arquivo\/wp-content\/uploads\/2021\/01\/tino-rans.png","datePublished":"2021-01-12T17:48:47+00:00","dateModified":"2021-01-12T18:53:18+00:00","description":"Presidenciais: Tino de Rans esteve na Associa\u00e7\u00e3o do Rancho Folcl\u00f3rico \"Dan\u00e7ar \u00e9 Viver\" na Encosta do Sol - Amadora | Infocul.pt - Arquivo Digital","breadcrumb":{"@id":"https:\/\/infocul.pt\/arquivo\/actualidade\/presidenciais-tino-de-rans-esteve-na-associacao-do-rancho-folclorico-dancar-e-viver-na-encosta-do-sol-amadora\/#breadcrumb"},"inLanguage":"pt-PT","potentialAction":[{"@type":"ReadAction","target":["https:\/\/infocul.pt\/arquivo\/actualidade\/presidenciais-tino-de-rans-esteve-na-associacao-do-rancho-folclorico-dancar-e-viver-na-encosta-do-sol-amadora\/"]}]},{"@type":"ImageObject","inLanguage":"pt-PT","@id":"https:\/\/infocul.pt\/arquivo\/actualidade\/presidenciais-tino-de-rans-esteve-na-associacao-do-rancho-folclorico-dancar-e-viver-na-encosta-do-sol-amadora\/#primaryimage","url":"https:\/\/infocul.pt\/arquivo\/wp-content\/uploads\/2021\/01\/tino-rans.png","contentUrl":"https:\/\/infocul.pt\/arquivo\/wp-content\/uploads\/2021\/01\/tino-rans.png","width":1153,"height":728},{"@type":"BreadcrumbList","@id":"https:\/\/infocul.pt\/arquivo\/actualidade\/presidenciais-tino-de-rans-esteve-na-associacao-do-rancho-folclorico-dancar-e-viver-na-encosta-do-sol-amadora\/#breadcrumb","itemListElement":[{"@type":"ListItem","position":1,"name":"Home","item":"https:\/\/infocul.pt\/arquivo\/"},{"@type":"ListItem","position":2,"name":"Presidenciais: Tino de Rans esteve na Associa\u00e7\u00e3o do Rancho Folcl\u00f3rico &#8220;Dan\u00e7ar \u00e9 Viver&#8221; na Encosta do Sol &#8211; Amadora"}]},{"@type":"WebSite","@id":"https:\/\/infocul.pt\/arquivo\/#website","url":"https:\/\/infocul.pt\/arquivo\/","name":"Infocul.pt - Arquivo Digital","description":"Arquivo digital da Infocul.pt","publisher":{"@id":"https:\/\/infocul.pt\/arquivo\/#organization"},"potentialAction":[{"@type":"SearchAction","target":{"@type":"EntryPoint","urlTemplate":"https:\/\/infocul.pt\/arquivo\/?s={search_term_string}"},"query-input":{"@type":"PropertyValueSpecification","valueRequired":true,"valueName":"search_term_string"}}],"inLanguage":"pt-PT"},{"@type":"Organization","@id":"https:\/\/infocul.pt\/arquivo\/#organization","name":"Infocul.pt","url":"https:\/\/infocul.pt\/arquivo\/","logo":{"@type":"ImageObject","inLanguage":"pt-PT","@id":"https:\/\/infocul.pt\/arquivo\/#\/schema\/logo\/image\/","url":"https:\/\/infocul.pt\/arquivo\/wp-content\/uploads\/2018\/12\/Infocul_logo-1.png","contentUrl":"https:\/\/infocul.pt\/arquivo\/wp-content\/uploads\/2018\/12\/Infocul_logo-1.png","width":800,"height":800,"caption":"Infocul.pt"},"image":{"@id":"https:\/\/infocul.pt\/arquivo\/#\/schema\/logo\/image\/"},"sameAs":["https:\/\/www.facebook.com\/Infocul-147816815585015\/","https:\/\/x.com\/Infoculpt","http:\/\/www.pictaram.com\/user\/infocul.pt\/2370423710","https:\/\/www.youtube.com\/channel\/UCYEB91AGI9FL9ek2i_IaQAA"]},{"@type":"Person","@id":"https:\/\/infocul.pt\/arquivo\/#\/schema\/person\/f243f45ae8d67639120a7586884f3abc","name":"Redac\u00e7\u00e3o","image":{"@type":"ImageObject","inLanguage":"pt-PT","@id":"https:\/\/secure.gravatar.com\/avatar\/151b1b76c598ab5e749407223bd6c1bad4e41c4e95de3c3df83540ebee2deaf8?s=96&d=mm&r=g","url":"https:\/\/secure.gravatar.com\/avatar\/151b1b76c598ab5e749407223bd6c1bad4e41c4e95de3c3df83540ebee2deaf8?s=96&d=mm&r=g","contentUrl":"https:\/\/secure.gravatar.com\/avatar\/151b1b76c598ab5e749407223bd6c1bad4e41c4e95de3c3df83540ebee2deaf8?s=96&d=mm&r=g","caption":"Redac\u00e7\u00e3o"}}]}},"_links":{"self":[{"href":"https:\/\/infocul.pt\/arquivo\/wp-json\/wp\/v2\/posts\/89159","targetHints":{"allow":["GET"]}}],"collection":[{"href":"https:\/\/infocul.pt\/arquivo\/wp-json\/wp\/v2\/posts"}],"about":[{"href":"https:\/\/infocul.pt\/arquivo\/wp-json\/wp\/v2\/types\/post"}],"author":[{"embeddable":true,"href":"https:\/\/infocul.pt\/arquivo\/wp-json\/wp\/v2\/users\/13"}],"replies":[{"embeddable":true,"href":"https:\/\/infocul.pt\/arquivo\/wp-json\/wp\/v2\/comments?post=89159"}],"version-history":[{"count":0,"href":"https:\/\/infocul.pt\/arquivo\/wp-json\/wp\/v2\/posts\/89159\/revisions"}],"wp:featuredmedia":[{"embeddable":true,"href":"https:\/\/infocul.pt\/arquivo\/wp-json\/wp\/v2\/media\/89161"}],"wp:attachment":[{"href":"https:\/\/infocul.pt\/arquivo\/wp-json\/wp\/v2\/media?parent=89159"}],"wp:term":[{"taxonomy":"category","embeddable":true,"href":"https:\/\/infocul.pt\/arquivo\/wp-json\/wp\/v2\/categories?post=89159"},{"taxonomy":"post_tag","embeddable":true,"href":"https:\/\/infocul.pt\/arquivo\/wp-json\/wp\/v2\/tags?post=89159"}],"curies":[{"name":"wp","href":"https:\/\/api.w.org\/{rel}","templated":true}]}}