{"id":89311,"date":"2021-01-17T14:23:28","date_gmt":"2021-01-17T14:23:28","guid":{"rendered":"http:\/\/infocul.pt\/?p=89311"},"modified":"2021-01-17T14:57:42","modified_gmt":"2021-01-17T14:57:42","slug":"a-vaca-da-cristina-cesar-mourao-explicou-a-piada-e-revelou-excelente-relacao-com-cristina-ferreira","status":"publish","type":"post","link":"https:\/\/infocul.pt\/arquivo\/actualidade\/a-vaca-da-cristina-cesar-mourao-explicou-a-piada-e-revelou-excelente-relacao-com-cristina-ferreira\/","title":{"rendered":"&#8220;A vaca da Cristina&#8221;: C\u00e9sar Mour\u00e3o explicou a piada e revelou excelente rela\u00e7\u00e3o com Cristina Ferreira"},"content":{"rendered":"<div class=\"code-block code-block-2\">\n<div id=\"lx_639646\" class=\"__lxG__multi __lxG__multi_lx_639646 __lxG__not_empty_block\" data-cnt=\"1\" data-width=\"728\" data-height=\"90\">\n<div id=\"div-gpt-ad-21827562039-1\" data-google-query-id=\"CMLNzuWFo-4CFcgW0wodktAGFw\">\n<div><\/div>\n<div><img decoding=\"async\" class=\"aligncenter wp-image-88087 size-full lazyload\" data-src=\"http:\/\/infocul.pt\/wp-content\/uploads\/2020\/12\/cristina23.jpg\" alt=\"\" width=\"683\" height=\"853\" data-srcset=\"https:\/\/infocul.pt\/arquivo\/wp-content\/uploads\/2020\/12\/cristina23.jpg 683w, https:\/\/infocul.pt\/arquivo\/wp-content\/uploads\/2020\/12\/cristina23-240x300.jpg 240w\" data-sizes=\"(max-width: 683px) 100vw, 683px\" src=\"data:image\/svg+xml;base64,PHN2ZyB3aWR0aD0iMSIgaGVpZ2h0PSIxIiB4bWxucz0iaHR0cDovL3d3dy53My5vcmcvMjAwMC9zdmciPjwvc3ZnPg==\" style=\"--smush-placeholder-width: 683px; --smush-placeholder-aspect-ratio: 683\/853;\" \/><\/div>\n<div id=\"google_ads_iframe_\/45470634\/clickio_area_639646_970x250_0__container__\">Correu muita tinta sobre a piada de C\u00e9sar Mour\u00e3o sobre &#8220;a vaca da Cristina&#8221;, referente ao momento em que Cristina Ferreira levou uma vaca para est\u00fadio num programa de natal na TVI.<\/div>\n<\/div>\n<\/div>\n<div id=\"lx_639641\" class=\"__lxG__multi __lxG__multi_lx_639641\" data-cnt=\"1\"><\/div>\n<\/div>\n<p><!--more--><\/p>\n<p>\u201c<em><strong>\u00c9 humor<\/strong><\/em>\u201c, disse agora em entrevista a Pedro Ribeiro e Rita Rugeroni.<\/p>\n<p>\u201c<strong>S<em>e formos esmiu\u00e7ar, eu n\u00e3o disse absolutamente nada da Cristina. \u00c9 a vaca que a Cristina usou no programa. Obviamente que o Portugu\u00eas tem dessas lacunas e dessas falhas, e a frase dita seguida fica \u2018a vaca da Cristina<\/em>\u2019<\/strong>\u201c, acrescentou.<\/p>\n<p>\u201c<strong><em>Dou-me muit\u00edssimo bem, falamos muitissimo bem. Hoje em dia, somos concorrentes, mas j\u00e1 fomos da mesma casa\u00a0e, fazendo humor sobre a casa que era a SIC, \u00e9 obvio que \u00e9 como fazer um Benfica\/Sporting. Se eu fizer um espet\u00e1culo para o Sporting, se eu fizer uma farpazinha ao Benfica, toda a gente vai achar piada e vice-vers<\/em><\/strong>a\u201d, disse sobre a boa rela\u00e7\u00e3o que tem com Cristina Ferreira.<\/p>\n<p>\u201c<em><strong>E ali foi uma brincadeira, porque realmente o animal era uma vaca e a frase cabia bem. E \u00e9 sempre dif\u00edcil lutar nas audi\u00eancias com a Cristina Ferreira, porque ganha semrpe e n\u00f3s sabemos o valor que ela tem. Naquele dia, ganhei eu por alguma sorte e disse que era dif\u00edcil contra o animal que a Cristina l\u00e1 p\u00f4s<\/strong><\/em>\u201c, rematou, encerrando assim qualquer pol\u00e9mica.<\/p>\n","protected":false},"excerpt":{"rendered":"<p>Correu muita tinta sobre a piada de C\u00e9sar Mour\u00e3o sobre &#8220;a vaca da Cristina&#8221;, referente ao momento em que Cristina Ferreira levou uma vaca para est\u00fadio num programa de natal na TVI.<\/p>\n","protected":false},"author":13,"featured_media":88087,"comment_status":"closed","ping_status":"closed","sticky":false,"template":"","format":"standard","meta":{"footnotes":""},"categories":[10,14],"tags":[],"class_list":["post-89311","post","type-post","status-publish","format-standard","has-post-thumbnail","hentry","category-actualidade","category-televisao"],"yoast_head":"<!-- This site is optimized with the Yoast SEO plugin v27.4 - https:\/\/yoast.com\/product\/yoast-seo-wordpress\/ -->\n<title>&quot;A vaca da Cristina&quot;: C\u00e9sar Mour\u00e3o explicou a piada e revelou excelente rela\u00e7\u00e3o com Cristina Ferreira | Infocul.pt - Arquivo Digital<\/title>\n<meta name=\"description\" content=\"&quot;A vaca da Cristina&quot;: C\u00e9sar Mour\u00e3o explicou a piada e revelou excelente rela\u00e7\u00e3o com Cristina Ferreira | Infocul.pt - Arquivo Digital\" \/>\n<meta name=\"robots\" content=\"noindex, follow, max-snippet:-1, max-image-preview:large, max-video-preview:-1\" \/>\n<meta property=\"og:locale\" content=\"pt_PT\" \/>\n<meta property=\"og:type\" content=\"article\" \/>\n<meta property=\"og:title\" content=\"&quot;A vaca da Cristina&quot;: C\u00e9sar Mour\u00e3o explicou a piada e revelou excelente rela\u00e7\u00e3o com Cristina Ferreira | Infocul.pt - Arquivo Digital\" \/>\n<meta property=\"og:description\" content=\"&quot;A vaca da Cristina&quot;: C\u00e9sar Mour\u00e3o explicou a piada e revelou excelente rela\u00e7\u00e3o com Cristina Ferreira | Infocul.pt - Arquivo Digital\" \/>\n<meta property=\"og:url\" content=\"https:\/\/infocul.pt\/arquivo\/actualidade\/a-vaca-da-cristina-cesar-mourao-explicou-a-piada-e-revelou-excelente-relacao-com-cristina-ferreira\/\" \/>\n<meta property=\"og:site_name\" content=\"Infocul.pt - Arquivo Digital\" \/>\n<meta property=\"article:publisher\" content=\"https:\/\/www.facebook.com\/Infocul-147816815585015\/\" \/>\n<meta property=\"article:published_time\" content=\"2021-01-17T14:23:28+00:00\" \/>\n<meta property=\"article:modified_time\" content=\"2021-01-17T14:57:42+00:00\" \/>\n<meta property=\"og:image\" content=\"https:\/\/infocul.pt\/arquivo\/wp-content\/uploads\/2020\/12\/cristina23.jpg\" \/>\n\t<meta property=\"og:image:width\" content=\"683\" \/>\n\t<meta property=\"og:image:height\" content=\"853\" \/>\n\t<meta property=\"og:image:type\" content=\"image\/jpeg\" \/>\n<meta name=\"author\" content=\"Redac\u00e7\u00e3o\" \/>\n<meta name=\"twitter:card\" content=\"summary_large_image\" \/>\n<meta name=\"twitter:creator\" content=\"@Infoculpt\" \/>\n<meta name=\"twitter:site\" content=\"@Infoculpt\" \/>\n<meta name=\"twitter:label1\" content=\"Escrito por\" \/>\n\t<meta name=\"twitter:data1\" content=\"Redac\u00e7\u00e3o\" \/>\n\t<meta name=\"twitter:label2\" content=\"Tempo estimado de leitura\" \/>\n\t<meta name=\"twitter:data2\" content=\"1 minuto\" \/>\n<script type=\"application\/ld+json\" class=\"yoast-schema-graph\">{\"@context\":\"https:\\\/\\\/schema.org\",\"@graph\":[{\"@type\":\"Article\",\"@id\":\"https:\\\/\\\/infocul.pt\\\/arquivo\\\/actualidade\\\/a-vaca-da-cristina-cesar-mourao-explicou-a-piada-e-revelou-excelente-relacao-com-cristina-ferreira\\\/#article\",\"isPartOf\":{\"@id\":\"https:\\\/\\\/infocul.pt\\\/arquivo\\\/actualidade\\\/a-vaca-da-cristina-cesar-mourao-explicou-a-piada-e-revelou-excelente-relacao-com-cristina-ferreira\\\/\"},\"author\":{\"name\":\"Redac\u00e7\u00e3o\",\"@id\":\"https:\\\/\\\/infocul.pt\\\/arquivo\\\/#\\\/schema\\\/person\\\/f243f45ae8d67639120a7586884f3abc\"},\"headline\":\"&#8220;A vaca da Cristina&#8221;: C\u00e9sar Mour\u00e3o explicou a piada e revelou excelente rela\u00e7\u00e3o com Cristina Ferreira\",\"datePublished\":\"2021-01-17T14:23:28+00:00\",\"dateModified\":\"2021-01-17T14:57:42+00:00\",\"mainEntityOfPage\":{\"@id\":\"https:\\\/\\\/infocul.pt\\\/arquivo\\\/actualidade\\\/a-vaca-da-cristina-cesar-mourao-explicou-a-piada-e-revelou-excelente-relacao-com-cristina-ferreira\\\/\"},\"wordCount\":247,\"publisher\":{\"@id\":\"https:\\\/\\\/infocul.pt\\\/arquivo\\\/#organization\"},\"image\":{\"@id\":\"https:\\\/\\\/infocul.pt\\\/arquivo\\\/actualidade\\\/a-vaca-da-cristina-cesar-mourao-explicou-a-piada-e-revelou-excelente-relacao-com-cristina-ferreira\\\/#primaryimage\"},\"thumbnailUrl\":\"https:\\\/\\\/infocul.pt\\\/arquivo\\\/wp-content\\\/uploads\\\/2020\\\/12\\\/cristina23.jpg\",\"articleSection\":[\"Actualidade\",\"Televis\u00e3o\"],\"inLanguage\":\"pt-PT\"},{\"@type\":\"WebPage\",\"@id\":\"https:\\\/\\\/infocul.pt\\\/arquivo\\\/actualidade\\\/a-vaca-da-cristina-cesar-mourao-explicou-a-piada-e-revelou-excelente-relacao-com-cristina-ferreira\\\/\",\"url\":\"https:\\\/\\\/infocul.pt\\\/arquivo\\\/actualidade\\\/a-vaca-da-cristina-cesar-mourao-explicou-a-piada-e-revelou-excelente-relacao-com-cristina-ferreira\\\/\",\"name\":\"\\\"A vaca da Cristina\\\": C\u00e9sar Mour\u00e3o explicou a piada e revelou excelente rela\u00e7\u00e3o com Cristina Ferreira | Infocul.pt - Arquivo Digital\",\"isPartOf\":{\"@id\":\"https:\\\/\\\/infocul.pt\\\/arquivo\\\/#website\"},\"primaryImageOfPage\":{\"@id\":\"https:\\\/\\\/infocul.pt\\\/arquivo\\\/actualidade\\\/a-vaca-da-cristina-cesar-mourao-explicou-a-piada-e-revelou-excelente-relacao-com-cristina-ferreira\\\/#primaryimage\"},\"image\":{\"@id\":\"https:\\\/\\\/infocul.pt\\\/arquivo\\\/actualidade\\\/a-vaca-da-cristina-cesar-mourao-explicou-a-piada-e-revelou-excelente-relacao-com-cristina-ferreira\\\/#primaryimage\"},\"thumbnailUrl\":\"https:\\\/\\\/infocul.pt\\\/arquivo\\\/wp-content\\\/uploads\\\/2020\\\/12\\\/cristina23.jpg\",\"datePublished\":\"2021-01-17T14:23:28+00:00\",\"dateModified\":\"2021-01-17T14:57:42+00:00\",\"description\":\"\\\"A vaca da Cristina\\\": C\u00e9sar Mour\u00e3o explicou a piada e revelou excelente rela\u00e7\u00e3o com Cristina Ferreira | Infocul.pt - Arquivo Digital\",\"breadcrumb\":{\"@id\":\"https:\\\/\\\/infocul.pt\\\/arquivo\\\/actualidade\\\/a-vaca-da-cristina-cesar-mourao-explicou-a-piada-e-revelou-excelente-relacao-com-cristina-ferreira\\\/#breadcrumb\"},\"inLanguage\":\"pt-PT\",\"potentialAction\":[{\"@type\":\"ReadAction\",\"target\":[\"https:\\\/\\\/infocul.pt\\\/arquivo\\\/actualidade\\\/a-vaca-da-cristina-cesar-mourao-explicou-a-piada-e-revelou-excelente-relacao-com-cristina-ferreira\\\/\"]}]},{\"@type\":\"ImageObject\",\"inLanguage\":\"pt-PT\",\"@id\":\"https:\\\/\\\/infocul.pt\\\/arquivo\\\/actualidade\\\/a-vaca-da-cristina-cesar-mourao-explicou-a-piada-e-revelou-excelente-relacao-com-cristina-ferreira\\\/#primaryimage\",\"url\":\"https:\\\/\\\/infocul.pt\\\/arquivo\\\/wp-content\\\/uploads\\\/2020\\\/12\\\/cristina23.jpg\",\"contentUrl\":\"https:\\\/\\\/infocul.pt\\\/arquivo\\\/wp-content\\\/uploads\\\/2020\\\/12\\\/cristina23.jpg\",\"width\":683,\"height\":853},{\"@type\":\"BreadcrumbList\",\"@id\":\"https:\\\/\\\/infocul.pt\\\/arquivo\\\/actualidade\\\/a-vaca-da-cristina-cesar-mourao-explicou-a-piada-e-revelou-excelente-relacao-com-cristina-ferreira\\\/#breadcrumb\",\"itemListElement\":[{\"@type\":\"ListItem\",\"position\":1,\"name\":\"Home\",\"item\":\"https:\\\/\\\/infocul.pt\\\/arquivo\\\/\"},{\"@type\":\"ListItem\",\"position\":2,\"name\":\"&#8220;A vaca da Cristina&#8221;: C\u00e9sar Mour\u00e3o explicou a piada e revelou excelente rela\u00e7\u00e3o com Cristina Ferreira\"}]},{\"@type\":\"WebSite\",\"@id\":\"https:\\\/\\\/infocul.pt\\\/arquivo\\\/#website\",\"url\":\"https:\\\/\\\/infocul.pt\\\/arquivo\\\/\",\"name\":\"Infocul.pt - Arquivo Digital\",\"description\":\"Arquivo digital da Infocul.pt\",\"publisher\":{\"@id\":\"https:\\\/\\\/infocul.pt\\\/arquivo\\\/#organization\"},\"potentialAction\":[{\"@type\":\"SearchAction\",\"target\":{\"@type\":\"EntryPoint\",\"urlTemplate\":\"https:\\\/\\\/infocul.pt\\\/arquivo\\\/?s={search_term_string}\"},\"query-input\":{\"@type\":\"PropertyValueSpecification\",\"valueRequired\":true,\"valueName\":\"search_term_string\"}}],\"inLanguage\":\"pt-PT\"},{\"@type\":\"Organization\",\"@id\":\"https:\\\/\\\/infocul.pt\\\/arquivo\\\/#organization\",\"name\":\"Infocul.pt\",\"url\":\"https:\\\/\\\/infocul.pt\\\/arquivo\\\/\",\"logo\":{\"@type\":\"ImageObject\",\"inLanguage\":\"pt-PT\",\"@id\":\"https:\\\/\\\/infocul.pt\\\/arquivo\\\/#\\\/schema\\\/logo\\\/image\\\/\",\"url\":\"https:\\\/\\\/infocul.pt\\\/arquivo\\\/wp-content\\\/uploads\\\/2018\\\/12\\\/Infocul_logo-1.png\",\"contentUrl\":\"https:\\\/\\\/infocul.pt\\\/arquivo\\\/wp-content\\\/uploads\\\/2018\\\/12\\\/Infocul_logo-1.png\",\"width\":800,\"height\":800,\"caption\":\"Infocul.pt\"},\"image\":{\"@id\":\"https:\\\/\\\/infocul.pt\\\/arquivo\\\/#\\\/schema\\\/logo\\\/image\\\/\"},\"sameAs\":[\"https:\\\/\\\/www.facebook.com\\\/Infocul-147816815585015\\\/\",\"https:\\\/\\\/x.com\\\/Infoculpt\",\"http:\\\/\\\/www.pictaram.com\\\/user\\\/infocul.pt\\\/2370423710\",\"https:\\\/\\\/www.youtube.com\\\/channel\\\/UCYEB91AGI9FL9ek2i_IaQAA\"]},{\"@type\":\"Person\",\"@id\":\"https:\\\/\\\/infocul.pt\\\/arquivo\\\/#\\\/schema\\\/person\\\/f243f45ae8d67639120a7586884f3abc\",\"name\":\"Redac\u00e7\u00e3o\",\"image\":{\"@type\":\"ImageObject\",\"inLanguage\":\"pt-PT\",\"@id\":\"https:\\\/\\\/secure.gravatar.com\\\/avatar\\\/151b1b76c598ab5e749407223bd6c1bad4e41c4e95de3c3df83540ebee2deaf8?s=96&d=mm&r=g\",\"url\":\"https:\\\/\\\/secure.gravatar.com\\\/avatar\\\/151b1b76c598ab5e749407223bd6c1bad4e41c4e95de3c3df83540ebee2deaf8?s=96&d=mm&r=g\",\"contentUrl\":\"https:\\\/\\\/secure.gravatar.com\\\/avatar\\\/151b1b76c598ab5e749407223bd6c1bad4e41c4e95de3c3df83540ebee2deaf8?s=96&d=mm&r=g\",\"caption\":\"Redac\u00e7\u00e3o\"}}]}<\/script>\n<!-- \/ Yoast SEO plugin. -->","yoast_head_json":{"title":"\"A vaca da Cristina\": C\u00e9sar Mour\u00e3o explicou a piada e revelou excelente rela\u00e7\u00e3o com Cristina Ferreira | Infocul.pt - Arquivo Digital","description":"\"A vaca da Cristina\": C\u00e9sar Mour\u00e3o explicou a piada e revelou excelente rela\u00e7\u00e3o com Cristina Ferreira | Infocul.pt - Arquivo Digital","robots":{"index":"noindex","follow":"follow","max-snippet":"max-snippet:-1","max-image-preview":"max-image-preview:large","max-video-preview":"max-video-preview:-1"},"og_locale":"pt_PT","og_type":"article","og_title":"\"A vaca da Cristina\": C\u00e9sar Mour\u00e3o explicou a piada e revelou excelente rela\u00e7\u00e3o com Cristina Ferreira | Infocul.pt - Arquivo Digital","og_description":"\"A vaca da Cristina\": C\u00e9sar Mour\u00e3o explicou a piada e revelou excelente rela\u00e7\u00e3o com Cristina Ferreira | Infocul.pt - Arquivo Digital","og_url":"https:\/\/infocul.pt\/arquivo\/actualidade\/a-vaca-da-cristina-cesar-mourao-explicou-a-piada-e-revelou-excelente-relacao-com-cristina-ferreira\/","og_site_name":"Infocul.pt - Arquivo Digital","article_publisher":"https:\/\/www.facebook.com\/Infocul-147816815585015\/","article_published_time":"2021-01-17T14:23:28+00:00","article_modified_time":"2021-01-17T14:57:42+00:00","og_image":[{"width":683,"height":853,"url":"https:\/\/infocul.pt\/arquivo\/wp-content\/uploads\/2020\/12\/cristina23.jpg","type":"image\/jpeg"}],"author":"Redac\u00e7\u00e3o","twitter_card":"summary_large_image","twitter_creator":"@Infoculpt","twitter_site":"@Infoculpt","twitter_misc":{"Escrito por":"Redac\u00e7\u00e3o","Tempo estimado de leitura":"1 minuto"},"schema":{"@context":"https:\/\/schema.org","@graph":[{"@type":"Article","@id":"https:\/\/infocul.pt\/arquivo\/actualidade\/a-vaca-da-cristina-cesar-mourao-explicou-a-piada-e-revelou-excelente-relacao-com-cristina-ferreira\/#article","isPartOf":{"@id":"https:\/\/infocul.pt\/arquivo\/actualidade\/a-vaca-da-cristina-cesar-mourao-explicou-a-piada-e-revelou-excelente-relacao-com-cristina-ferreira\/"},"author":{"name":"Redac\u00e7\u00e3o","@id":"https:\/\/infocul.pt\/arquivo\/#\/schema\/person\/f243f45ae8d67639120a7586884f3abc"},"headline":"&#8220;A vaca da Cristina&#8221;: C\u00e9sar Mour\u00e3o explicou a piada e revelou excelente rela\u00e7\u00e3o com Cristina Ferreira","datePublished":"2021-01-17T14:23:28+00:00","dateModified":"2021-01-17T14:57:42+00:00","mainEntityOfPage":{"@id":"https:\/\/infocul.pt\/arquivo\/actualidade\/a-vaca-da-cristina-cesar-mourao-explicou-a-piada-e-revelou-excelente-relacao-com-cristina-ferreira\/"},"wordCount":247,"publisher":{"@id":"https:\/\/infocul.pt\/arquivo\/#organization"},"image":{"@id":"https:\/\/infocul.pt\/arquivo\/actualidade\/a-vaca-da-cristina-cesar-mourao-explicou-a-piada-e-revelou-excelente-relacao-com-cristina-ferreira\/#primaryimage"},"thumbnailUrl":"https:\/\/infocul.pt\/arquivo\/wp-content\/uploads\/2020\/12\/cristina23.jpg","articleSection":["Actualidade","Televis\u00e3o"],"inLanguage":"pt-PT"},{"@type":"WebPage","@id":"https:\/\/infocul.pt\/arquivo\/actualidade\/a-vaca-da-cristina-cesar-mourao-explicou-a-piada-e-revelou-excelente-relacao-com-cristina-ferreira\/","url":"https:\/\/infocul.pt\/arquivo\/actualidade\/a-vaca-da-cristina-cesar-mourao-explicou-a-piada-e-revelou-excelente-relacao-com-cristina-ferreira\/","name":"\"A vaca da Cristina\": C\u00e9sar Mour\u00e3o explicou a piada e revelou excelente rela\u00e7\u00e3o com Cristina Ferreira | Infocul.pt - Arquivo Digital","isPartOf":{"@id":"https:\/\/infocul.pt\/arquivo\/#website"},"primaryImageOfPage":{"@id":"https:\/\/infocul.pt\/arquivo\/actualidade\/a-vaca-da-cristina-cesar-mourao-explicou-a-piada-e-revelou-excelente-relacao-com-cristina-ferreira\/#primaryimage"},"image":{"@id":"https:\/\/infocul.pt\/arquivo\/actualidade\/a-vaca-da-cristina-cesar-mourao-explicou-a-piada-e-revelou-excelente-relacao-com-cristina-ferreira\/#primaryimage"},"thumbnailUrl":"https:\/\/infocul.pt\/arquivo\/wp-content\/uploads\/2020\/12\/cristina23.jpg","datePublished":"2021-01-17T14:23:28+00:00","dateModified":"2021-01-17T14:57:42+00:00","description":"\"A vaca da Cristina\": C\u00e9sar Mour\u00e3o explicou a piada e revelou excelente rela\u00e7\u00e3o com Cristina Ferreira | Infocul.pt - Arquivo Digital","breadcrumb":{"@id":"https:\/\/infocul.pt\/arquivo\/actualidade\/a-vaca-da-cristina-cesar-mourao-explicou-a-piada-e-revelou-excelente-relacao-com-cristina-ferreira\/#breadcrumb"},"inLanguage":"pt-PT","potentialAction":[{"@type":"ReadAction","target":["https:\/\/infocul.pt\/arquivo\/actualidade\/a-vaca-da-cristina-cesar-mourao-explicou-a-piada-e-revelou-excelente-relacao-com-cristina-ferreira\/"]}]},{"@type":"ImageObject","inLanguage":"pt-PT","@id":"https:\/\/infocul.pt\/arquivo\/actualidade\/a-vaca-da-cristina-cesar-mourao-explicou-a-piada-e-revelou-excelente-relacao-com-cristina-ferreira\/#primaryimage","url":"https:\/\/infocul.pt\/arquivo\/wp-content\/uploads\/2020\/12\/cristina23.jpg","contentUrl":"https:\/\/infocul.pt\/arquivo\/wp-content\/uploads\/2020\/12\/cristina23.jpg","width":683,"height":853},{"@type":"BreadcrumbList","@id":"https:\/\/infocul.pt\/arquivo\/actualidade\/a-vaca-da-cristina-cesar-mourao-explicou-a-piada-e-revelou-excelente-relacao-com-cristina-ferreira\/#breadcrumb","itemListElement":[{"@type":"ListItem","position":1,"name":"Home","item":"https:\/\/infocul.pt\/arquivo\/"},{"@type":"ListItem","position":2,"name":"&#8220;A vaca da Cristina&#8221;: C\u00e9sar Mour\u00e3o explicou a piada e revelou excelente rela\u00e7\u00e3o com Cristina Ferreira"}]},{"@type":"WebSite","@id":"https:\/\/infocul.pt\/arquivo\/#website","url":"https:\/\/infocul.pt\/arquivo\/","name":"Infocul.pt - Arquivo Digital","description":"Arquivo digital da Infocul.pt","publisher":{"@id":"https:\/\/infocul.pt\/arquivo\/#organization"},"potentialAction":[{"@type":"SearchAction","target":{"@type":"EntryPoint","urlTemplate":"https:\/\/infocul.pt\/arquivo\/?s={search_term_string}"},"query-input":{"@type":"PropertyValueSpecification","valueRequired":true,"valueName":"search_term_string"}}],"inLanguage":"pt-PT"},{"@type":"Organization","@id":"https:\/\/infocul.pt\/arquivo\/#organization","name":"Infocul.pt","url":"https:\/\/infocul.pt\/arquivo\/","logo":{"@type":"ImageObject","inLanguage":"pt-PT","@id":"https:\/\/infocul.pt\/arquivo\/#\/schema\/logo\/image\/","url":"https:\/\/infocul.pt\/arquivo\/wp-content\/uploads\/2018\/12\/Infocul_logo-1.png","contentUrl":"https:\/\/infocul.pt\/arquivo\/wp-content\/uploads\/2018\/12\/Infocul_logo-1.png","width":800,"height":800,"caption":"Infocul.pt"},"image":{"@id":"https:\/\/infocul.pt\/arquivo\/#\/schema\/logo\/image\/"},"sameAs":["https:\/\/www.facebook.com\/Infocul-147816815585015\/","https:\/\/x.com\/Infoculpt","http:\/\/www.pictaram.com\/user\/infocul.pt\/2370423710","https:\/\/www.youtube.com\/channel\/UCYEB91AGI9FL9ek2i_IaQAA"]},{"@type":"Person","@id":"https:\/\/infocul.pt\/arquivo\/#\/schema\/person\/f243f45ae8d67639120a7586884f3abc","name":"Redac\u00e7\u00e3o","image":{"@type":"ImageObject","inLanguage":"pt-PT","@id":"https:\/\/secure.gravatar.com\/avatar\/151b1b76c598ab5e749407223bd6c1bad4e41c4e95de3c3df83540ebee2deaf8?s=96&d=mm&r=g","url":"https:\/\/secure.gravatar.com\/avatar\/151b1b76c598ab5e749407223bd6c1bad4e41c4e95de3c3df83540ebee2deaf8?s=96&d=mm&r=g","contentUrl":"https:\/\/secure.gravatar.com\/avatar\/151b1b76c598ab5e749407223bd6c1bad4e41c4e95de3c3df83540ebee2deaf8?s=96&d=mm&r=g","caption":"Redac\u00e7\u00e3o"}}]}},"_links":{"self":[{"href":"https:\/\/infocul.pt\/arquivo\/wp-json\/wp\/v2\/posts\/89311","targetHints":{"allow":["GET"]}}],"collection":[{"href":"https:\/\/infocul.pt\/arquivo\/wp-json\/wp\/v2\/posts"}],"about":[{"href":"https:\/\/infocul.pt\/arquivo\/wp-json\/wp\/v2\/types\/post"}],"author":[{"embeddable":true,"href":"https:\/\/infocul.pt\/arquivo\/wp-json\/wp\/v2\/users\/13"}],"replies":[{"embeddable":true,"href":"https:\/\/infocul.pt\/arquivo\/wp-json\/wp\/v2\/comments?post=89311"}],"version-history":[{"count":0,"href":"https:\/\/infocul.pt\/arquivo\/wp-json\/wp\/v2\/posts\/89311\/revisions"}],"wp:featuredmedia":[{"embeddable":true,"href":"https:\/\/infocul.pt\/arquivo\/wp-json\/wp\/v2\/media\/88087"}],"wp:attachment":[{"href":"https:\/\/infocul.pt\/arquivo\/wp-json\/wp\/v2\/media?parent=89311"}],"wp:term":[{"taxonomy":"category","embeddable":true,"href":"https:\/\/infocul.pt\/arquivo\/wp-json\/wp\/v2\/categories?post=89311"},{"taxonomy":"post_tag","embeddable":true,"href":"https:\/\/infocul.pt\/arquivo\/wp-json\/wp\/v2\/tags?post=89311"}],"curies":[{"name":"wp","href":"https:\/\/api.w.org\/{rel}","templated":true}]}}