{"id":89388,"date":"2021-01-18T17:14:56","date_gmt":"2021-01-18T17:14:56","guid":{"rendered":"https:\/\/infocul.pt\/?p=89388"},"modified":"2021-01-18T17:14:56","modified_gmt":"2021-01-18T17:14:56","slug":"covid-19-ricardo-baptista-leite-emociona-claudio-ramos-apos-dar-conta-de-drama-no-hospital","status":"publish","type":"post","link":"https:\/\/infocul.pt\/arquivo\/actualidade\/covid-19-ricardo-baptista-leite-emociona-claudio-ramos-apos-dar-conta-de-drama-no-hospital\/","title":{"rendered":"COVID-19: Ricardo Baptista Leite emociona Cl\u00e1udio Ramos ap\u00f3s dar conta de drama no hospital"},"content":{"rendered":"<p><img decoding=\"async\" class=\"aligncenter wp-image-89366 size-full lazyload\" data-src=\"https:\/\/infocul.pt\/arquivo\/wp-content\/uploads\/2021\/01\/112701197_2661981624066336_2166102856480028187_n.jpg\" alt=\"\" width=\"959\" height=\"960\" data-srcset=\"https:\/\/infocul.pt\/arquivo\/wp-content\/uploads\/2021\/01\/112701197_2661981624066336_2166102856480028187_n.jpg 959w, https:\/\/infocul.pt\/arquivo\/wp-content\/uploads\/2021\/01\/112701197_2661981624066336_2166102856480028187_n-300x300.jpg 300w, https:\/\/infocul.pt\/arquivo\/wp-content\/uploads\/2021\/01\/112701197_2661981624066336_2166102856480028187_n-150x150.jpg 150w, https:\/\/infocul.pt\/arquivo\/wp-content\/uploads\/2021\/01\/112701197_2661981624066336_2166102856480028187_n-768x769.jpg 768w\" data-sizes=\"(max-width: 959px) 100vw, 959px\" src=\"data:image\/svg+xml;base64,PHN2ZyB3aWR0aD0iMSIgaGVpZ2h0PSIxIiB4bWxucz0iaHR0cDovL3d3dy53My5vcmcvMjAwMC9zdmciPjwvc3ZnPg==\" style=\"--smush-placeholder-width: 959px; --smush-placeholder-aspect-ratio: 959\/960;\" \/><\/p>\n<p>Ricardo Batista Leite esteve, hoje, no \u2018Dois \u00e0s 10\u2019, para falar sobre o drama da pandemia da Covid-19.<!--more--><br \/>\nDepois do v\u00eddeo publicado ontem, com um discurso sobre o dramatismo vivido no Hospital de Cascais, Ricardo Baptista Leite explicou no programa que &#8220;<em><strong>no s\u00e1bado estava um m\u00e9dico, a liderar a equipa com uma frieza extraordin\u00e1ria, era um general no campo, e olh\u00e1vamos caso a caso, as dezenas de casos que nos estavam a ser passados, e a determinar um plano para cada um deles. A dizer: estes s\u00e3o priorit\u00e1rios, estes v\u00e3o a seguir. N\u00e3o podemos fazer mais do que um de cada vez<\/strong><\/em>\u201d.<\/p>\n<p>\u201c<em><strong>Esta objetividade, esta racionalidade que ele tem ali, traduz-se depois na parte emocional quando chega a casa. Cada um de n\u00f3s sabe como \u00e9 que chega a casa, como \u00e9 que chegamos \u00e0s vezes ao carro, quando fechamos a porta e desligamos o momento<\/strong><\/em>\u201d, acrescentou.<\/p>\n<p><em><strong>\u201cAt\u00e9 ao final do m\u00eas n\u00e3o h\u00e1 grandes hip\u00f3teses. O mal est\u00e1 feito. Por mais que fa\u00e7amos a partir do dia de hoje, o v\u00edrus est\u00e1 disseminado. Este \u00e9 o drama da Covid-19. Quando implementamos uma medida, demoramos duas semanas a ver o seu efeito. Mas, se n\u00e3o vamos a tempo de salvarmos mais vidas em janeiro, vamos faz\u00ea-lo para fevereiro, come\u00e7ando j\u00e1. H\u00e1 o dia a seguir, as coisas v\u00e3o melhorar se todos fizermos a nossa parte<\/strong><\/em>\u201d, disse ainda.<\/p>\n<p>Cl\u00e1udio Ramos ficou em l\u00e1grimas e afirmou que &#8220;<em><strong>ouvi-lo deixa-me emocionado. Emociona-me ver aquelas pessoas que est\u00e3o a trabalhar para n\u00f3s, e que n\u00e3o valorizamos, que nos esquecemos. E disse a\u00ed uma coisa muito importante, eles n\u00e3o podem estar sozinhos no campo de batalha. N\u00f3s temos que fazer a nossa parte. Porque se n\u00e3o eles est\u00e3o a fazer um trabalho ingl\u00f3rio, e s\u00e3o pessoas como n\u00f3s. Tem um filho de quatro anos em casa, que fica em casa quando vai trabalhar. Obrigado<\/strong><\/em>\u201d.<\/p>\n","protected":false},"excerpt":{"rendered":"<p>Ricardo Batista Leite esteve, hoje, no \u2018Dois \u00e0s 10\u2019, para falar sobre o drama da pandemia da Covid-19.<\/p>\n","protected":false},"author":13,"featured_media":89366,"comment_status":"closed","ping_status":"closed","sticky":false,"template":"","format":"standard","meta":{"footnotes":""},"categories":[10,14],"tags":[],"class_list":["post-89388","post","type-post","status-publish","format-standard","has-post-thumbnail","hentry","category-actualidade","category-televisao"],"yoast_head":"<!-- This site is optimized with the Yoast SEO plugin v27.4 - https:\/\/yoast.com\/product\/yoast-seo-wordpress\/ -->\n<title>COVID-19: Ricardo Baptista Leite emociona Cl\u00e1udio Ramos ap\u00f3s dar conta de drama no hospital | Infocul.pt - Arquivo Digital<\/title>\n<meta name=\"description\" content=\"COVID-19: Ricardo Baptista Leite emociona Cl\u00e1udio Ramos ap\u00f3s dar conta de drama no hospital | Infocul.pt - Arquivo Digital\" \/>\n<meta name=\"robots\" content=\"noindex, follow, max-snippet:-1, max-image-preview:large, max-video-preview:-1\" \/>\n<meta property=\"og:locale\" content=\"pt_PT\" \/>\n<meta property=\"og:type\" content=\"article\" \/>\n<meta property=\"og:title\" content=\"COVID-19: Ricardo Baptista Leite emociona Cl\u00e1udio Ramos ap\u00f3s dar conta de drama no hospital | Infocul.pt - Arquivo Digital\" \/>\n<meta property=\"og:description\" content=\"COVID-19: Ricardo Baptista Leite emociona Cl\u00e1udio Ramos ap\u00f3s dar conta de drama no hospital | Infocul.pt - Arquivo Digital\" \/>\n<meta property=\"og:url\" content=\"https:\/\/infocul.pt\/arquivo\/actualidade\/covid-19-ricardo-baptista-leite-emociona-claudio-ramos-apos-dar-conta-de-drama-no-hospital\/\" \/>\n<meta property=\"og:site_name\" content=\"Infocul.pt - Arquivo Digital\" \/>\n<meta property=\"article:publisher\" content=\"https:\/\/www.facebook.com\/Infocul-147816815585015\/\" \/>\n<meta property=\"article:published_time\" content=\"2021-01-18T17:14:56+00:00\" \/>\n<meta property=\"og:image\" content=\"https:\/\/infocul.pt\/arquivo\/wp-content\/uploads\/2021\/01\/112701197_2661981624066336_2166102856480028187_n.jpg\" \/>\n\t<meta property=\"og:image:width\" content=\"959\" \/>\n\t<meta property=\"og:image:height\" content=\"960\" \/>\n\t<meta property=\"og:image:type\" content=\"image\/jpeg\" \/>\n<meta name=\"author\" content=\"Redac\u00e7\u00e3o\" \/>\n<meta name=\"twitter:card\" content=\"summary_large_image\" \/>\n<meta name=\"twitter:creator\" content=\"@Infoculpt\" \/>\n<meta name=\"twitter:site\" content=\"@Infoculpt\" \/>\n<meta name=\"twitter:label1\" content=\"Escrito por\" \/>\n\t<meta name=\"twitter:data1\" content=\"Redac\u00e7\u00e3o\" \/>\n\t<meta name=\"twitter:label2\" content=\"Tempo estimado de leitura\" \/>\n\t<meta name=\"twitter:data2\" content=\"2 minutos\" \/>\n<script type=\"application\/ld+json\" class=\"yoast-schema-graph\">{\"@context\":\"https:\\\/\\\/schema.org\",\"@graph\":[{\"@type\":\"Article\",\"@id\":\"https:\\\/\\\/infocul.pt\\\/arquivo\\\/actualidade\\\/covid-19-ricardo-baptista-leite-emociona-claudio-ramos-apos-dar-conta-de-drama-no-hospital\\\/#article\",\"isPartOf\":{\"@id\":\"https:\\\/\\\/infocul.pt\\\/arquivo\\\/actualidade\\\/covid-19-ricardo-baptista-leite-emociona-claudio-ramos-apos-dar-conta-de-drama-no-hospital\\\/\"},\"author\":{\"name\":\"Redac\u00e7\u00e3o\",\"@id\":\"https:\\\/\\\/infocul.pt\\\/arquivo\\\/#\\\/schema\\\/person\\\/f243f45ae8d67639120a7586884f3abc\"},\"headline\":\"COVID-19: Ricardo Baptista Leite emociona Cl\u00e1udio Ramos ap\u00f3s dar conta de drama no hospital\",\"datePublished\":\"2021-01-18T17:14:56+00:00\",\"mainEntityOfPage\":{\"@id\":\"https:\\\/\\\/infocul.pt\\\/arquivo\\\/actualidade\\\/covid-19-ricardo-baptista-leite-emociona-claudio-ramos-apos-dar-conta-de-drama-no-hospital\\\/\"},\"wordCount\":352,\"publisher\":{\"@id\":\"https:\\\/\\\/infocul.pt\\\/arquivo\\\/#organization\"},\"image\":{\"@id\":\"https:\\\/\\\/infocul.pt\\\/arquivo\\\/actualidade\\\/covid-19-ricardo-baptista-leite-emociona-claudio-ramos-apos-dar-conta-de-drama-no-hospital\\\/#primaryimage\"},\"thumbnailUrl\":\"https:\\\/\\\/infocul.pt\\\/arquivo\\\/wp-content\\\/uploads\\\/2021\\\/01\\\/112701197_2661981624066336_2166102856480028187_n.jpg\",\"articleSection\":[\"Actualidade\",\"Televis\u00e3o\"],\"inLanguage\":\"pt-PT\"},{\"@type\":\"WebPage\",\"@id\":\"https:\\\/\\\/infocul.pt\\\/arquivo\\\/actualidade\\\/covid-19-ricardo-baptista-leite-emociona-claudio-ramos-apos-dar-conta-de-drama-no-hospital\\\/\",\"url\":\"https:\\\/\\\/infocul.pt\\\/arquivo\\\/actualidade\\\/covid-19-ricardo-baptista-leite-emociona-claudio-ramos-apos-dar-conta-de-drama-no-hospital\\\/\",\"name\":\"COVID-19: Ricardo Baptista Leite emociona Cl\u00e1udio Ramos ap\u00f3s dar conta de drama no hospital | Infocul.pt - Arquivo Digital\",\"isPartOf\":{\"@id\":\"https:\\\/\\\/infocul.pt\\\/arquivo\\\/#website\"},\"primaryImageOfPage\":{\"@id\":\"https:\\\/\\\/infocul.pt\\\/arquivo\\\/actualidade\\\/covid-19-ricardo-baptista-leite-emociona-claudio-ramos-apos-dar-conta-de-drama-no-hospital\\\/#primaryimage\"},\"image\":{\"@id\":\"https:\\\/\\\/infocul.pt\\\/arquivo\\\/actualidade\\\/covid-19-ricardo-baptista-leite-emociona-claudio-ramos-apos-dar-conta-de-drama-no-hospital\\\/#primaryimage\"},\"thumbnailUrl\":\"https:\\\/\\\/infocul.pt\\\/arquivo\\\/wp-content\\\/uploads\\\/2021\\\/01\\\/112701197_2661981624066336_2166102856480028187_n.jpg\",\"datePublished\":\"2021-01-18T17:14:56+00:00\",\"description\":\"COVID-19: Ricardo Baptista Leite emociona Cl\u00e1udio Ramos ap\u00f3s dar conta de drama no hospital | Infocul.pt - Arquivo Digital\",\"breadcrumb\":{\"@id\":\"https:\\\/\\\/infocul.pt\\\/arquivo\\\/actualidade\\\/covid-19-ricardo-baptista-leite-emociona-claudio-ramos-apos-dar-conta-de-drama-no-hospital\\\/#breadcrumb\"},\"inLanguage\":\"pt-PT\",\"potentialAction\":[{\"@type\":\"ReadAction\",\"target\":[\"https:\\\/\\\/infocul.pt\\\/arquivo\\\/actualidade\\\/covid-19-ricardo-baptista-leite-emociona-claudio-ramos-apos-dar-conta-de-drama-no-hospital\\\/\"]}]},{\"@type\":\"ImageObject\",\"inLanguage\":\"pt-PT\",\"@id\":\"https:\\\/\\\/infocul.pt\\\/arquivo\\\/actualidade\\\/covid-19-ricardo-baptista-leite-emociona-claudio-ramos-apos-dar-conta-de-drama-no-hospital\\\/#primaryimage\",\"url\":\"https:\\\/\\\/infocul.pt\\\/arquivo\\\/wp-content\\\/uploads\\\/2021\\\/01\\\/112701197_2661981624066336_2166102856480028187_n.jpg\",\"contentUrl\":\"https:\\\/\\\/infocul.pt\\\/arquivo\\\/wp-content\\\/uploads\\\/2021\\\/01\\\/112701197_2661981624066336_2166102856480028187_n.jpg\",\"width\":959,\"height\":960},{\"@type\":\"BreadcrumbList\",\"@id\":\"https:\\\/\\\/infocul.pt\\\/arquivo\\\/actualidade\\\/covid-19-ricardo-baptista-leite-emociona-claudio-ramos-apos-dar-conta-de-drama-no-hospital\\\/#breadcrumb\",\"itemListElement\":[{\"@type\":\"ListItem\",\"position\":1,\"name\":\"Home\",\"item\":\"https:\\\/\\\/infocul.pt\\\/arquivo\\\/\"},{\"@type\":\"ListItem\",\"position\":2,\"name\":\"COVID-19: Ricardo Baptista Leite emociona Cl\u00e1udio Ramos ap\u00f3s dar conta de drama no hospital\"}]},{\"@type\":\"WebSite\",\"@id\":\"https:\\\/\\\/infocul.pt\\\/arquivo\\\/#website\",\"url\":\"https:\\\/\\\/infocul.pt\\\/arquivo\\\/\",\"name\":\"Infocul.pt - Arquivo Digital\",\"description\":\"Arquivo digital da Infocul.pt\",\"publisher\":{\"@id\":\"https:\\\/\\\/infocul.pt\\\/arquivo\\\/#organization\"},\"potentialAction\":[{\"@type\":\"SearchAction\",\"target\":{\"@type\":\"EntryPoint\",\"urlTemplate\":\"https:\\\/\\\/infocul.pt\\\/arquivo\\\/?s={search_term_string}\"},\"query-input\":{\"@type\":\"PropertyValueSpecification\",\"valueRequired\":true,\"valueName\":\"search_term_string\"}}],\"inLanguage\":\"pt-PT\"},{\"@type\":\"Organization\",\"@id\":\"https:\\\/\\\/infocul.pt\\\/arquivo\\\/#organization\",\"name\":\"Infocul.pt\",\"url\":\"https:\\\/\\\/infocul.pt\\\/arquivo\\\/\",\"logo\":{\"@type\":\"ImageObject\",\"inLanguage\":\"pt-PT\",\"@id\":\"https:\\\/\\\/infocul.pt\\\/arquivo\\\/#\\\/schema\\\/logo\\\/image\\\/\",\"url\":\"https:\\\/\\\/infocul.pt\\\/arquivo\\\/wp-content\\\/uploads\\\/2018\\\/12\\\/Infocul_logo-1.png\",\"contentUrl\":\"https:\\\/\\\/infocul.pt\\\/arquivo\\\/wp-content\\\/uploads\\\/2018\\\/12\\\/Infocul_logo-1.png\",\"width\":800,\"height\":800,\"caption\":\"Infocul.pt\"},\"image\":{\"@id\":\"https:\\\/\\\/infocul.pt\\\/arquivo\\\/#\\\/schema\\\/logo\\\/image\\\/\"},\"sameAs\":[\"https:\\\/\\\/www.facebook.com\\\/Infocul-147816815585015\\\/\",\"https:\\\/\\\/x.com\\\/Infoculpt\",\"http:\\\/\\\/www.pictaram.com\\\/user\\\/infocul.pt\\\/2370423710\",\"https:\\\/\\\/www.youtube.com\\\/channel\\\/UCYEB91AGI9FL9ek2i_IaQAA\"]},{\"@type\":\"Person\",\"@id\":\"https:\\\/\\\/infocul.pt\\\/arquivo\\\/#\\\/schema\\\/person\\\/f243f45ae8d67639120a7586884f3abc\",\"name\":\"Redac\u00e7\u00e3o\",\"image\":{\"@type\":\"ImageObject\",\"inLanguage\":\"pt-PT\",\"@id\":\"https:\\\/\\\/secure.gravatar.com\\\/avatar\\\/151b1b76c598ab5e749407223bd6c1bad4e41c4e95de3c3df83540ebee2deaf8?s=96&d=mm&r=g\",\"url\":\"https:\\\/\\\/secure.gravatar.com\\\/avatar\\\/151b1b76c598ab5e749407223bd6c1bad4e41c4e95de3c3df83540ebee2deaf8?s=96&d=mm&r=g\",\"contentUrl\":\"https:\\\/\\\/secure.gravatar.com\\\/avatar\\\/151b1b76c598ab5e749407223bd6c1bad4e41c4e95de3c3df83540ebee2deaf8?s=96&d=mm&r=g\",\"caption\":\"Redac\u00e7\u00e3o\"}}]}<\/script>\n<!-- \/ Yoast SEO plugin. -->","yoast_head_json":{"title":"COVID-19: Ricardo Baptista Leite emociona Cl\u00e1udio Ramos ap\u00f3s dar conta de drama no hospital | Infocul.pt - Arquivo Digital","description":"COVID-19: Ricardo Baptista Leite emociona Cl\u00e1udio Ramos ap\u00f3s dar conta de drama no hospital | Infocul.pt - Arquivo Digital","robots":{"index":"noindex","follow":"follow","max-snippet":"max-snippet:-1","max-image-preview":"max-image-preview:large","max-video-preview":"max-video-preview:-1"},"og_locale":"pt_PT","og_type":"article","og_title":"COVID-19: Ricardo Baptista Leite emociona Cl\u00e1udio Ramos ap\u00f3s dar conta de drama no hospital | Infocul.pt - Arquivo Digital","og_description":"COVID-19: Ricardo Baptista Leite emociona Cl\u00e1udio Ramos ap\u00f3s dar conta de drama no hospital | Infocul.pt - Arquivo Digital","og_url":"https:\/\/infocul.pt\/arquivo\/actualidade\/covid-19-ricardo-baptista-leite-emociona-claudio-ramos-apos-dar-conta-de-drama-no-hospital\/","og_site_name":"Infocul.pt - Arquivo Digital","article_publisher":"https:\/\/www.facebook.com\/Infocul-147816815585015\/","article_published_time":"2021-01-18T17:14:56+00:00","og_image":[{"width":959,"height":960,"url":"https:\/\/infocul.pt\/arquivo\/wp-content\/uploads\/2021\/01\/112701197_2661981624066336_2166102856480028187_n.jpg","type":"image\/jpeg"}],"author":"Redac\u00e7\u00e3o","twitter_card":"summary_large_image","twitter_creator":"@Infoculpt","twitter_site":"@Infoculpt","twitter_misc":{"Escrito por":"Redac\u00e7\u00e3o","Tempo estimado de leitura":"2 minutos"},"schema":{"@context":"https:\/\/schema.org","@graph":[{"@type":"Article","@id":"https:\/\/infocul.pt\/arquivo\/actualidade\/covid-19-ricardo-baptista-leite-emociona-claudio-ramos-apos-dar-conta-de-drama-no-hospital\/#article","isPartOf":{"@id":"https:\/\/infocul.pt\/arquivo\/actualidade\/covid-19-ricardo-baptista-leite-emociona-claudio-ramos-apos-dar-conta-de-drama-no-hospital\/"},"author":{"name":"Redac\u00e7\u00e3o","@id":"https:\/\/infocul.pt\/arquivo\/#\/schema\/person\/f243f45ae8d67639120a7586884f3abc"},"headline":"COVID-19: Ricardo Baptista Leite emociona Cl\u00e1udio Ramos ap\u00f3s dar conta de drama no hospital","datePublished":"2021-01-18T17:14:56+00:00","mainEntityOfPage":{"@id":"https:\/\/infocul.pt\/arquivo\/actualidade\/covid-19-ricardo-baptista-leite-emociona-claudio-ramos-apos-dar-conta-de-drama-no-hospital\/"},"wordCount":352,"publisher":{"@id":"https:\/\/infocul.pt\/arquivo\/#organization"},"image":{"@id":"https:\/\/infocul.pt\/arquivo\/actualidade\/covid-19-ricardo-baptista-leite-emociona-claudio-ramos-apos-dar-conta-de-drama-no-hospital\/#primaryimage"},"thumbnailUrl":"https:\/\/infocul.pt\/arquivo\/wp-content\/uploads\/2021\/01\/112701197_2661981624066336_2166102856480028187_n.jpg","articleSection":["Actualidade","Televis\u00e3o"],"inLanguage":"pt-PT"},{"@type":"WebPage","@id":"https:\/\/infocul.pt\/arquivo\/actualidade\/covid-19-ricardo-baptista-leite-emociona-claudio-ramos-apos-dar-conta-de-drama-no-hospital\/","url":"https:\/\/infocul.pt\/arquivo\/actualidade\/covid-19-ricardo-baptista-leite-emociona-claudio-ramos-apos-dar-conta-de-drama-no-hospital\/","name":"COVID-19: Ricardo Baptista Leite emociona Cl\u00e1udio Ramos ap\u00f3s dar conta de drama no hospital | Infocul.pt - Arquivo Digital","isPartOf":{"@id":"https:\/\/infocul.pt\/arquivo\/#website"},"primaryImageOfPage":{"@id":"https:\/\/infocul.pt\/arquivo\/actualidade\/covid-19-ricardo-baptista-leite-emociona-claudio-ramos-apos-dar-conta-de-drama-no-hospital\/#primaryimage"},"image":{"@id":"https:\/\/infocul.pt\/arquivo\/actualidade\/covid-19-ricardo-baptista-leite-emociona-claudio-ramos-apos-dar-conta-de-drama-no-hospital\/#primaryimage"},"thumbnailUrl":"https:\/\/infocul.pt\/arquivo\/wp-content\/uploads\/2021\/01\/112701197_2661981624066336_2166102856480028187_n.jpg","datePublished":"2021-01-18T17:14:56+00:00","description":"COVID-19: Ricardo Baptista Leite emociona Cl\u00e1udio Ramos ap\u00f3s dar conta de drama no hospital | Infocul.pt - Arquivo Digital","breadcrumb":{"@id":"https:\/\/infocul.pt\/arquivo\/actualidade\/covid-19-ricardo-baptista-leite-emociona-claudio-ramos-apos-dar-conta-de-drama-no-hospital\/#breadcrumb"},"inLanguage":"pt-PT","potentialAction":[{"@type":"ReadAction","target":["https:\/\/infocul.pt\/arquivo\/actualidade\/covid-19-ricardo-baptista-leite-emociona-claudio-ramos-apos-dar-conta-de-drama-no-hospital\/"]}]},{"@type":"ImageObject","inLanguage":"pt-PT","@id":"https:\/\/infocul.pt\/arquivo\/actualidade\/covid-19-ricardo-baptista-leite-emociona-claudio-ramos-apos-dar-conta-de-drama-no-hospital\/#primaryimage","url":"https:\/\/infocul.pt\/arquivo\/wp-content\/uploads\/2021\/01\/112701197_2661981624066336_2166102856480028187_n.jpg","contentUrl":"https:\/\/infocul.pt\/arquivo\/wp-content\/uploads\/2021\/01\/112701197_2661981624066336_2166102856480028187_n.jpg","width":959,"height":960},{"@type":"BreadcrumbList","@id":"https:\/\/infocul.pt\/arquivo\/actualidade\/covid-19-ricardo-baptista-leite-emociona-claudio-ramos-apos-dar-conta-de-drama-no-hospital\/#breadcrumb","itemListElement":[{"@type":"ListItem","position":1,"name":"Home","item":"https:\/\/infocul.pt\/arquivo\/"},{"@type":"ListItem","position":2,"name":"COVID-19: Ricardo Baptista Leite emociona Cl\u00e1udio Ramos ap\u00f3s dar conta de drama no hospital"}]},{"@type":"WebSite","@id":"https:\/\/infocul.pt\/arquivo\/#website","url":"https:\/\/infocul.pt\/arquivo\/","name":"Infocul.pt - Arquivo Digital","description":"Arquivo digital da Infocul.pt","publisher":{"@id":"https:\/\/infocul.pt\/arquivo\/#organization"},"potentialAction":[{"@type":"SearchAction","target":{"@type":"EntryPoint","urlTemplate":"https:\/\/infocul.pt\/arquivo\/?s={search_term_string}"},"query-input":{"@type":"PropertyValueSpecification","valueRequired":true,"valueName":"search_term_string"}}],"inLanguage":"pt-PT"},{"@type":"Organization","@id":"https:\/\/infocul.pt\/arquivo\/#organization","name":"Infocul.pt","url":"https:\/\/infocul.pt\/arquivo\/","logo":{"@type":"ImageObject","inLanguage":"pt-PT","@id":"https:\/\/infocul.pt\/arquivo\/#\/schema\/logo\/image\/","url":"https:\/\/infocul.pt\/arquivo\/wp-content\/uploads\/2018\/12\/Infocul_logo-1.png","contentUrl":"https:\/\/infocul.pt\/arquivo\/wp-content\/uploads\/2018\/12\/Infocul_logo-1.png","width":800,"height":800,"caption":"Infocul.pt"},"image":{"@id":"https:\/\/infocul.pt\/arquivo\/#\/schema\/logo\/image\/"},"sameAs":["https:\/\/www.facebook.com\/Infocul-147816815585015\/","https:\/\/x.com\/Infoculpt","http:\/\/www.pictaram.com\/user\/infocul.pt\/2370423710","https:\/\/www.youtube.com\/channel\/UCYEB91AGI9FL9ek2i_IaQAA"]},{"@type":"Person","@id":"https:\/\/infocul.pt\/arquivo\/#\/schema\/person\/f243f45ae8d67639120a7586884f3abc","name":"Redac\u00e7\u00e3o","image":{"@type":"ImageObject","inLanguage":"pt-PT","@id":"https:\/\/secure.gravatar.com\/avatar\/151b1b76c598ab5e749407223bd6c1bad4e41c4e95de3c3df83540ebee2deaf8?s=96&d=mm&r=g","url":"https:\/\/secure.gravatar.com\/avatar\/151b1b76c598ab5e749407223bd6c1bad4e41c4e95de3c3df83540ebee2deaf8?s=96&d=mm&r=g","contentUrl":"https:\/\/secure.gravatar.com\/avatar\/151b1b76c598ab5e749407223bd6c1bad4e41c4e95de3c3df83540ebee2deaf8?s=96&d=mm&r=g","caption":"Redac\u00e7\u00e3o"}}]}},"_links":{"self":[{"href":"https:\/\/infocul.pt\/arquivo\/wp-json\/wp\/v2\/posts\/89388","targetHints":{"allow":["GET"]}}],"collection":[{"href":"https:\/\/infocul.pt\/arquivo\/wp-json\/wp\/v2\/posts"}],"about":[{"href":"https:\/\/infocul.pt\/arquivo\/wp-json\/wp\/v2\/types\/post"}],"author":[{"embeddable":true,"href":"https:\/\/infocul.pt\/arquivo\/wp-json\/wp\/v2\/users\/13"}],"replies":[{"embeddable":true,"href":"https:\/\/infocul.pt\/arquivo\/wp-json\/wp\/v2\/comments?post=89388"}],"version-history":[{"count":0,"href":"https:\/\/infocul.pt\/arquivo\/wp-json\/wp\/v2\/posts\/89388\/revisions"}],"wp:featuredmedia":[{"embeddable":true,"href":"https:\/\/infocul.pt\/arquivo\/wp-json\/wp\/v2\/media\/89366"}],"wp:attachment":[{"href":"https:\/\/infocul.pt\/arquivo\/wp-json\/wp\/v2\/media?parent=89388"}],"wp:term":[{"taxonomy":"category","embeddable":true,"href":"https:\/\/infocul.pt\/arquivo\/wp-json\/wp\/v2\/categories?post=89388"},{"taxonomy":"post_tag","embeddable":true,"href":"https:\/\/infocul.pt\/arquivo\/wp-json\/wp\/v2\/tags?post=89388"}],"curies":[{"name":"wp","href":"https:\/\/api.w.org\/{rel}","templated":true}]}}