{"id":89414,"date":"2021-01-19T16:16:15","date_gmt":"2021-01-19T16:16:15","guid":{"rendered":"https:\/\/infocul.pt\/?p=89414"},"modified":"2021-01-19T16:16:15","modified_gmt":"2021-01-19T16:16:15","slug":"big-brother-acusado-de-colocar-saude-dos-concorrentes-em-risco-apos-pedro-soa-sentir-se-mal","status":"publish","type":"post","link":"https:\/\/infocul.pt\/arquivo\/actualidade\/big-brother-acusado-de-colocar-saude-dos-concorrentes-em-risco-apos-pedro-soa-sentir-se-mal\/","title":{"rendered":"Big Brother acusado de colocar sa\u00fade dos concorrentes em risco ap\u00f3s Pedro So\u00e1 sentir-se mal"},"content":{"rendered":"<p><img decoding=\"async\" class=\"aligncenter wp-image-72515 size-full lazyload\" data-src=\"https:\/\/infocul.pt\/arquivo\/wp-content\/uploads\/2020\/05\/vip-pt-47883-noticia-bb2020-pedro-soa-expulso-em-pleno-aniversario.jpg\" alt=\"\" width=\"855\" height=\"534\" data-srcset=\"https:\/\/infocul.pt\/arquivo\/wp-content\/uploads\/2020\/05\/vip-pt-47883-noticia-bb2020-pedro-soa-expulso-em-pleno-aniversario.jpg 855w, https:\/\/infocul.pt\/arquivo\/wp-content\/uploads\/2020\/05\/vip-pt-47883-noticia-bb2020-pedro-soa-expulso-em-pleno-aniversario-300x187.jpg 300w, https:\/\/infocul.pt\/arquivo\/wp-content\/uploads\/2020\/05\/vip-pt-47883-noticia-bb2020-pedro-soa-expulso-em-pleno-aniversario-768x480.jpg 768w\" data-sizes=\"(max-width: 855px) 100vw, 855px\" src=\"data:image\/svg+xml;base64,PHN2ZyB3aWR0aD0iMSIgaGVpZ2h0PSIxIiB4bWxucz0iaHR0cDovL3d3dy53My5vcmcvMjAwMC9zdmciPjwvc3ZnPg==\" style=\"--smush-placeholder-width: 855px; --smush-placeholder-aspect-ratio: 855\/534;\" \/><\/p>\n<p>Momento de susto no Big Brother, esta manh\u00e3.<!--more--><\/p>\n<p>Pedro So\u00e1 e Bruno Savate foram selecionados pelo Big Brother para fazer uma prova na piscina.<\/p>\n<p>So\u00e1 sentiu-se mal, ap\u00f3s enfrentar o frio e mergulhar na piscina para cumprir a prova, sendo ajudado pelos outros concorrentes que o conduziram at\u00e9 ao interior da casa para tomar um banho de \u00e1gua quente.<\/p>\n<p>Joana Diniz revoltou-se e disse mesmo <strong>\u201c<\/strong>Isto \u00e9 brincar com a sa\u00fade das pessoas! Imagina que isto corria mal?\u201d.<\/p>\n<p>Pode ver o momento <a href=\"https:\/\/tvi.iol.pt\/bigbrother\/videos\/savate-e-pedro-soa-enfrentam-o-frio-da-piscina\/6006e4d50cf2951d9a056c88\" target=\"_blank\" rel=\"noopener\">AQUI<\/a> e <a href=\"https:\/\/tvi.iol.pt\/bigbrother\/videos\/joana-diniz-indignada-isto-e-brincar-com-a-saude-das-pessoas\/6006e5b30cf245b9a974afa9\" target=\"_blank\" rel=\"noopener\">AQUI<\/a>.<\/p>\n","protected":false},"excerpt":{"rendered":"<p>Momento de susto no Big Brother, esta manh\u00e3.<\/p>\n","protected":false},"author":13,"featured_media":72515,"comment_status":"closed","ping_status":"closed","sticky":false,"template":"","format":"standard","meta":{"footnotes":""},"categories":[10,14],"tags":[],"class_list":["post-89414","post","type-post","status-publish","format-standard","has-post-thumbnail","hentry","category-actualidade","category-televisao"],"yoast_head":"<!-- This site is optimized with the Yoast SEO plugin v27.4 - https:\/\/yoast.com\/product\/yoast-seo-wordpress\/ -->\n<title>Big Brother acusado de colocar sa\u00fade dos concorrentes em risco ap\u00f3s Pedro So\u00e1 sentir-se mal | Infocul.pt - Arquivo Digital<\/title>\n<meta name=\"description\" content=\"Big Brother acusado de colocar sa\u00fade dos concorrentes em risco ap\u00f3s Pedro So\u00e1 sentir-se mal | Infocul.pt - Arquivo Digital\" \/>\n<meta name=\"robots\" content=\"noindex, follow, max-snippet:-1, max-image-preview:large, max-video-preview:-1\" \/>\n<meta property=\"og:locale\" content=\"pt_PT\" \/>\n<meta property=\"og:type\" content=\"article\" \/>\n<meta property=\"og:title\" content=\"Big Brother acusado de colocar sa\u00fade dos concorrentes em risco ap\u00f3s Pedro So\u00e1 sentir-se mal | Infocul.pt - Arquivo Digital\" \/>\n<meta property=\"og:description\" content=\"Big Brother acusado de colocar sa\u00fade dos concorrentes em risco ap\u00f3s Pedro So\u00e1 sentir-se mal | Infocul.pt - Arquivo Digital\" \/>\n<meta property=\"og:url\" content=\"https:\/\/infocul.pt\/arquivo\/actualidade\/big-brother-acusado-de-colocar-saude-dos-concorrentes-em-risco-apos-pedro-soa-sentir-se-mal\/\" \/>\n<meta property=\"og:site_name\" content=\"Infocul.pt - Arquivo Digital\" \/>\n<meta property=\"article:publisher\" content=\"https:\/\/www.facebook.com\/Infocul-147816815585015\/\" \/>\n<meta property=\"article:published_time\" content=\"2021-01-19T16:16:15+00:00\" \/>\n<meta property=\"og:image\" content=\"https:\/\/infocul.pt\/arquivo\/wp-content\/uploads\/2020\/05\/vip-pt-47883-noticia-bb2020-pedro-soa-expulso-em-pleno-aniversario.jpg\" \/>\n\t<meta property=\"og:image:width\" content=\"855\" \/>\n\t<meta property=\"og:image:height\" content=\"534\" \/>\n\t<meta property=\"og:image:type\" content=\"image\/jpeg\" \/>\n<meta name=\"author\" content=\"Redac\u00e7\u00e3o\" \/>\n<meta name=\"twitter:card\" content=\"summary_large_image\" \/>\n<meta name=\"twitter:creator\" content=\"@Infoculpt\" \/>\n<meta name=\"twitter:site\" content=\"@Infoculpt\" \/>\n<meta name=\"twitter:label1\" content=\"Escrito por\" \/>\n\t<meta name=\"twitter:data1\" content=\"Redac\u00e7\u00e3o\" \/>\n\t<meta name=\"twitter:label2\" content=\"Tempo estimado de leitura\" \/>\n\t<meta name=\"twitter:data2\" content=\"1 minuto\" \/>\n<script type=\"application\/ld+json\" class=\"yoast-schema-graph\">{\"@context\":\"https:\\\/\\\/schema.org\",\"@graph\":[{\"@type\":\"Article\",\"@id\":\"https:\\\/\\\/infocul.pt\\\/arquivo\\\/actualidade\\\/big-brother-acusado-de-colocar-saude-dos-concorrentes-em-risco-apos-pedro-soa-sentir-se-mal\\\/#article\",\"isPartOf\":{\"@id\":\"https:\\\/\\\/infocul.pt\\\/arquivo\\\/actualidade\\\/big-brother-acusado-de-colocar-saude-dos-concorrentes-em-risco-apos-pedro-soa-sentir-se-mal\\\/\"},\"author\":{\"name\":\"Redac\u00e7\u00e3o\",\"@id\":\"https:\\\/\\\/infocul.pt\\\/arquivo\\\/#\\\/schema\\\/person\\\/f243f45ae8d67639120a7586884f3abc\"},\"headline\":\"Big Brother acusado de colocar sa\u00fade dos concorrentes em risco ap\u00f3s Pedro So\u00e1 sentir-se mal\",\"datePublished\":\"2021-01-19T16:16:15+00:00\",\"mainEntityOfPage\":{\"@id\":\"https:\\\/\\\/infocul.pt\\\/arquivo\\\/actualidade\\\/big-brother-acusado-de-colocar-saude-dos-concorrentes-em-risco-apos-pedro-soa-sentir-se-mal\\\/\"},\"wordCount\":103,\"publisher\":{\"@id\":\"https:\\\/\\\/infocul.pt\\\/arquivo\\\/#organization\"},\"image\":{\"@id\":\"https:\\\/\\\/infocul.pt\\\/arquivo\\\/actualidade\\\/big-brother-acusado-de-colocar-saude-dos-concorrentes-em-risco-apos-pedro-soa-sentir-se-mal\\\/#primaryimage\"},\"thumbnailUrl\":\"https:\\\/\\\/infocul.pt\\\/arquivo\\\/wp-content\\\/uploads\\\/2020\\\/05\\\/vip-pt-47883-noticia-bb2020-pedro-soa-expulso-em-pleno-aniversario.jpg\",\"articleSection\":[\"Actualidade\",\"Televis\u00e3o\"],\"inLanguage\":\"pt-PT\"},{\"@type\":\"WebPage\",\"@id\":\"https:\\\/\\\/infocul.pt\\\/arquivo\\\/actualidade\\\/big-brother-acusado-de-colocar-saude-dos-concorrentes-em-risco-apos-pedro-soa-sentir-se-mal\\\/\",\"url\":\"https:\\\/\\\/infocul.pt\\\/arquivo\\\/actualidade\\\/big-brother-acusado-de-colocar-saude-dos-concorrentes-em-risco-apos-pedro-soa-sentir-se-mal\\\/\",\"name\":\"Big Brother acusado de colocar sa\u00fade dos concorrentes em risco ap\u00f3s Pedro So\u00e1 sentir-se mal | Infocul.pt - Arquivo Digital\",\"isPartOf\":{\"@id\":\"https:\\\/\\\/infocul.pt\\\/arquivo\\\/#website\"},\"primaryImageOfPage\":{\"@id\":\"https:\\\/\\\/infocul.pt\\\/arquivo\\\/actualidade\\\/big-brother-acusado-de-colocar-saude-dos-concorrentes-em-risco-apos-pedro-soa-sentir-se-mal\\\/#primaryimage\"},\"image\":{\"@id\":\"https:\\\/\\\/infocul.pt\\\/arquivo\\\/actualidade\\\/big-brother-acusado-de-colocar-saude-dos-concorrentes-em-risco-apos-pedro-soa-sentir-se-mal\\\/#primaryimage\"},\"thumbnailUrl\":\"https:\\\/\\\/infocul.pt\\\/arquivo\\\/wp-content\\\/uploads\\\/2020\\\/05\\\/vip-pt-47883-noticia-bb2020-pedro-soa-expulso-em-pleno-aniversario.jpg\",\"datePublished\":\"2021-01-19T16:16:15+00:00\",\"description\":\"Big Brother acusado de colocar sa\u00fade dos concorrentes em risco ap\u00f3s Pedro So\u00e1 sentir-se mal | Infocul.pt - Arquivo Digital\",\"breadcrumb\":{\"@id\":\"https:\\\/\\\/infocul.pt\\\/arquivo\\\/actualidade\\\/big-brother-acusado-de-colocar-saude-dos-concorrentes-em-risco-apos-pedro-soa-sentir-se-mal\\\/#breadcrumb\"},\"inLanguage\":\"pt-PT\",\"potentialAction\":[{\"@type\":\"ReadAction\",\"target\":[\"https:\\\/\\\/infocul.pt\\\/arquivo\\\/actualidade\\\/big-brother-acusado-de-colocar-saude-dos-concorrentes-em-risco-apos-pedro-soa-sentir-se-mal\\\/\"]}]},{\"@type\":\"ImageObject\",\"inLanguage\":\"pt-PT\",\"@id\":\"https:\\\/\\\/infocul.pt\\\/arquivo\\\/actualidade\\\/big-brother-acusado-de-colocar-saude-dos-concorrentes-em-risco-apos-pedro-soa-sentir-se-mal\\\/#primaryimage\",\"url\":\"https:\\\/\\\/infocul.pt\\\/arquivo\\\/wp-content\\\/uploads\\\/2020\\\/05\\\/vip-pt-47883-noticia-bb2020-pedro-soa-expulso-em-pleno-aniversario.jpg\",\"contentUrl\":\"https:\\\/\\\/infocul.pt\\\/arquivo\\\/wp-content\\\/uploads\\\/2020\\\/05\\\/vip-pt-47883-noticia-bb2020-pedro-soa-expulso-em-pleno-aniversario.jpg\",\"width\":855,\"height\":534},{\"@type\":\"BreadcrumbList\",\"@id\":\"https:\\\/\\\/infocul.pt\\\/arquivo\\\/actualidade\\\/big-brother-acusado-de-colocar-saude-dos-concorrentes-em-risco-apos-pedro-soa-sentir-se-mal\\\/#breadcrumb\",\"itemListElement\":[{\"@type\":\"ListItem\",\"position\":1,\"name\":\"Home\",\"item\":\"https:\\\/\\\/infocul.pt\\\/arquivo\\\/\"},{\"@type\":\"ListItem\",\"position\":2,\"name\":\"Big Brother acusado de colocar sa\u00fade dos concorrentes em risco ap\u00f3s Pedro So\u00e1 sentir-se mal\"}]},{\"@type\":\"WebSite\",\"@id\":\"https:\\\/\\\/infocul.pt\\\/arquivo\\\/#website\",\"url\":\"https:\\\/\\\/infocul.pt\\\/arquivo\\\/\",\"name\":\"Infocul.pt - Arquivo Digital\",\"description\":\"Arquivo digital da Infocul.pt\",\"publisher\":{\"@id\":\"https:\\\/\\\/infocul.pt\\\/arquivo\\\/#organization\"},\"potentialAction\":[{\"@type\":\"SearchAction\",\"target\":{\"@type\":\"EntryPoint\",\"urlTemplate\":\"https:\\\/\\\/infocul.pt\\\/arquivo\\\/?s={search_term_string}\"},\"query-input\":{\"@type\":\"PropertyValueSpecification\",\"valueRequired\":true,\"valueName\":\"search_term_string\"}}],\"inLanguage\":\"pt-PT\"},{\"@type\":\"Organization\",\"@id\":\"https:\\\/\\\/infocul.pt\\\/arquivo\\\/#organization\",\"name\":\"Infocul.pt\",\"url\":\"https:\\\/\\\/infocul.pt\\\/arquivo\\\/\",\"logo\":{\"@type\":\"ImageObject\",\"inLanguage\":\"pt-PT\",\"@id\":\"https:\\\/\\\/infocul.pt\\\/arquivo\\\/#\\\/schema\\\/logo\\\/image\\\/\",\"url\":\"https:\\\/\\\/infocul.pt\\\/arquivo\\\/wp-content\\\/uploads\\\/2018\\\/12\\\/Infocul_logo-1.png\",\"contentUrl\":\"https:\\\/\\\/infocul.pt\\\/arquivo\\\/wp-content\\\/uploads\\\/2018\\\/12\\\/Infocul_logo-1.png\",\"width\":800,\"height\":800,\"caption\":\"Infocul.pt\"},\"image\":{\"@id\":\"https:\\\/\\\/infocul.pt\\\/arquivo\\\/#\\\/schema\\\/logo\\\/image\\\/\"},\"sameAs\":[\"https:\\\/\\\/www.facebook.com\\\/Infocul-147816815585015\\\/\",\"https:\\\/\\\/x.com\\\/Infoculpt\",\"http:\\\/\\\/www.pictaram.com\\\/user\\\/infocul.pt\\\/2370423710\",\"https:\\\/\\\/www.youtube.com\\\/channel\\\/UCYEB91AGI9FL9ek2i_IaQAA\"]},{\"@type\":\"Person\",\"@id\":\"https:\\\/\\\/infocul.pt\\\/arquivo\\\/#\\\/schema\\\/person\\\/f243f45ae8d67639120a7586884f3abc\",\"name\":\"Redac\u00e7\u00e3o\",\"image\":{\"@type\":\"ImageObject\",\"inLanguage\":\"pt-PT\",\"@id\":\"https:\\\/\\\/secure.gravatar.com\\\/avatar\\\/151b1b76c598ab5e749407223bd6c1bad4e41c4e95de3c3df83540ebee2deaf8?s=96&d=mm&r=g\",\"url\":\"https:\\\/\\\/secure.gravatar.com\\\/avatar\\\/151b1b76c598ab5e749407223bd6c1bad4e41c4e95de3c3df83540ebee2deaf8?s=96&d=mm&r=g\",\"contentUrl\":\"https:\\\/\\\/secure.gravatar.com\\\/avatar\\\/151b1b76c598ab5e749407223bd6c1bad4e41c4e95de3c3df83540ebee2deaf8?s=96&d=mm&r=g\",\"caption\":\"Redac\u00e7\u00e3o\"}}]}<\/script>\n<!-- \/ Yoast SEO plugin. -->","yoast_head_json":{"title":"Big Brother acusado de colocar sa\u00fade dos concorrentes em risco ap\u00f3s Pedro So\u00e1 sentir-se mal | Infocul.pt - Arquivo Digital","description":"Big Brother acusado de colocar sa\u00fade dos concorrentes em risco ap\u00f3s Pedro So\u00e1 sentir-se mal | Infocul.pt - Arquivo Digital","robots":{"index":"noindex","follow":"follow","max-snippet":"max-snippet:-1","max-image-preview":"max-image-preview:large","max-video-preview":"max-video-preview:-1"},"og_locale":"pt_PT","og_type":"article","og_title":"Big Brother acusado de colocar sa\u00fade dos concorrentes em risco ap\u00f3s Pedro So\u00e1 sentir-se mal | Infocul.pt - Arquivo Digital","og_description":"Big Brother acusado de colocar sa\u00fade dos concorrentes em risco ap\u00f3s Pedro So\u00e1 sentir-se mal | Infocul.pt - Arquivo Digital","og_url":"https:\/\/infocul.pt\/arquivo\/actualidade\/big-brother-acusado-de-colocar-saude-dos-concorrentes-em-risco-apos-pedro-soa-sentir-se-mal\/","og_site_name":"Infocul.pt - Arquivo Digital","article_publisher":"https:\/\/www.facebook.com\/Infocul-147816815585015\/","article_published_time":"2021-01-19T16:16:15+00:00","og_image":[{"width":855,"height":534,"url":"https:\/\/infocul.pt\/arquivo\/wp-content\/uploads\/2020\/05\/vip-pt-47883-noticia-bb2020-pedro-soa-expulso-em-pleno-aniversario.jpg","type":"image\/jpeg"}],"author":"Redac\u00e7\u00e3o","twitter_card":"summary_large_image","twitter_creator":"@Infoculpt","twitter_site":"@Infoculpt","twitter_misc":{"Escrito por":"Redac\u00e7\u00e3o","Tempo estimado de leitura":"1 minuto"},"schema":{"@context":"https:\/\/schema.org","@graph":[{"@type":"Article","@id":"https:\/\/infocul.pt\/arquivo\/actualidade\/big-brother-acusado-de-colocar-saude-dos-concorrentes-em-risco-apos-pedro-soa-sentir-se-mal\/#article","isPartOf":{"@id":"https:\/\/infocul.pt\/arquivo\/actualidade\/big-brother-acusado-de-colocar-saude-dos-concorrentes-em-risco-apos-pedro-soa-sentir-se-mal\/"},"author":{"name":"Redac\u00e7\u00e3o","@id":"https:\/\/infocul.pt\/arquivo\/#\/schema\/person\/f243f45ae8d67639120a7586884f3abc"},"headline":"Big Brother acusado de colocar sa\u00fade dos concorrentes em risco ap\u00f3s Pedro So\u00e1 sentir-se mal","datePublished":"2021-01-19T16:16:15+00:00","mainEntityOfPage":{"@id":"https:\/\/infocul.pt\/arquivo\/actualidade\/big-brother-acusado-de-colocar-saude-dos-concorrentes-em-risco-apos-pedro-soa-sentir-se-mal\/"},"wordCount":103,"publisher":{"@id":"https:\/\/infocul.pt\/arquivo\/#organization"},"image":{"@id":"https:\/\/infocul.pt\/arquivo\/actualidade\/big-brother-acusado-de-colocar-saude-dos-concorrentes-em-risco-apos-pedro-soa-sentir-se-mal\/#primaryimage"},"thumbnailUrl":"https:\/\/infocul.pt\/arquivo\/wp-content\/uploads\/2020\/05\/vip-pt-47883-noticia-bb2020-pedro-soa-expulso-em-pleno-aniversario.jpg","articleSection":["Actualidade","Televis\u00e3o"],"inLanguage":"pt-PT"},{"@type":"WebPage","@id":"https:\/\/infocul.pt\/arquivo\/actualidade\/big-brother-acusado-de-colocar-saude-dos-concorrentes-em-risco-apos-pedro-soa-sentir-se-mal\/","url":"https:\/\/infocul.pt\/arquivo\/actualidade\/big-brother-acusado-de-colocar-saude-dos-concorrentes-em-risco-apos-pedro-soa-sentir-se-mal\/","name":"Big Brother acusado de colocar sa\u00fade dos concorrentes em risco ap\u00f3s Pedro So\u00e1 sentir-se mal | Infocul.pt - Arquivo Digital","isPartOf":{"@id":"https:\/\/infocul.pt\/arquivo\/#website"},"primaryImageOfPage":{"@id":"https:\/\/infocul.pt\/arquivo\/actualidade\/big-brother-acusado-de-colocar-saude-dos-concorrentes-em-risco-apos-pedro-soa-sentir-se-mal\/#primaryimage"},"image":{"@id":"https:\/\/infocul.pt\/arquivo\/actualidade\/big-brother-acusado-de-colocar-saude-dos-concorrentes-em-risco-apos-pedro-soa-sentir-se-mal\/#primaryimage"},"thumbnailUrl":"https:\/\/infocul.pt\/arquivo\/wp-content\/uploads\/2020\/05\/vip-pt-47883-noticia-bb2020-pedro-soa-expulso-em-pleno-aniversario.jpg","datePublished":"2021-01-19T16:16:15+00:00","description":"Big Brother acusado de colocar sa\u00fade dos concorrentes em risco ap\u00f3s Pedro So\u00e1 sentir-se mal | Infocul.pt - Arquivo Digital","breadcrumb":{"@id":"https:\/\/infocul.pt\/arquivo\/actualidade\/big-brother-acusado-de-colocar-saude-dos-concorrentes-em-risco-apos-pedro-soa-sentir-se-mal\/#breadcrumb"},"inLanguage":"pt-PT","potentialAction":[{"@type":"ReadAction","target":["https:\/\/infocul.pt\/arquivo\/actualidade\/big-brother-acusado-de-colocar-saude-dos-concorrentes-em-risco-apos-pedro-soa-sentir-se-mal\/"]}]},{"@type":"ImageObject","inLanguage":"pt-PT","@id":"https:\/\/infocul.pt\/arquivo\/actualidade\/big-brother-acusado-de-colocar-saude-dos-concorrentes-em-risco-apos-pedro-soa-sentir-se-mal\/#primaryimage","url":"https:\/\/infocul.pt\/arquivo\/wp-content\/uploads\/2020\/05\/vip-pt-47883-noticia-bb2020-pedro-soa-expulso-em-pleno-aniversario.jpg","contentUrl":"https:\/\/infocul.pt\/arquivo\/wp-content\/uploads\/2020\/05\/vip-pt-47883-noticia-bb2020-pedro-soa-expulso-em-pleno-aniversario.jpg","width":855,"height":534},{"@type":"BreadcrumbList","@id":"https:\/\/infocul.pt\/arquivo\/actualidade\/big-brother-acusado-de-colocar-saude-dos-concorrentes-em-risco-apos-pedro-soa-sentir-se-mal\/#breadcrumb","itemListElement":[{"@type":"ListItem","position":1,"name":"Home","item":"https:\/\/infocul.pt\/arquivo\/"},{"@type":"ListItem","position":2,"name":"Big Brother acusado de colocar sa\u00fade dos concorrentes em risco ap\u00f3s Pedro So\u00e1 sentir-se mal"}]},{"@type":"WebSite","@id":"https:\/\/infocul.pt\/arquivo\/#website","url":"https:\/\/infocul.pt\/arquivo\/","name":"Infocul.pt - Arquivo Digital","description":"Arquivo digital da Infocul.pt","publisher":{"@id":"https:\/\/infocul.pt\/arquivo\/#organization"},"potentialAction":[{"@type":"SearchAction","target":{"@type":"EntryPoint","urlTemplate":"https:\/\/infocul.pt\/arquivo\/?s={search_term_string}"},"query-input":{"@type":"PropertyValueSpecification","valueRequired":true,"valueName":"search_term_string"}}],"inLanguage":"pt-PT"},{"@type":"Organization","@id":"https:\/\/infocul.pt\/arquivo\/#organization","name":"Infocul.pt","url":"https:\/\/infocul.pt\/arquivo\/","logo":{"@type":"ImageObject","inLanguage":"pt-PT","@id":"https:\/\/infocul.pt\/arquivo\/#\/schema\/logo\/image\/","url":"https:\/\/infocul.pt\/arquivo\/wp-content\/uploads\/2018\/12\/Infocul_logo-1.png","contentUrl":"https:\/\/infocul.pt\/arquivo\/wp-content\/uploads\/2018\/12\/Infocul_logo-1.png","width":800,"height":800,"caption":"Infocul.pt"},"image":{"@id":"https:\/\/infocul.pt\/arquivo\/#\/schema\/logo\/image\/"},"sameAs":["https:\/\/www.facebook.com\/Infocul-147816815585015\/","https:\/\/x.com\/Infoculpt","http:\/\/www.pictaram.com\/user\/infocul.pt\/2370423710","https:\/\/www.youtube.com\/channel\/UCYEB91AGI9FL9ek2i_IaQAA"]},{"@type":"Person","@id":"https:\/\/infocul.pt\/arquivo\/#\/schema\/person\/f243f45ae8d67639120a7586884f3abc","name":"Redac\u00e7\u00e3o","image":{"@type":"ImageObject","inLanguage":"pt-PT","@id":"https:\/\/secure.gravatar.com\/avatar\/151b1b76c598ab5e749407223bd6c1bad4e41c4e95de3c3df83540ebee2deaf8?s=96&d=mm&r=g","url":"https:\/\/secure.gravatar.com\/avatar\/151b1b76c598ab5e749407223bd6c1bad4e41c4e95de3c3df83540ebee2deaf8?s=96&d=mm&r=g","contentUrl":"https:\/\/secure.gravatar.com\/avatar\/151b1b76c598ab5e749407223bd6c1bad4e41c4e95de3c3df83540ebee2deaf8?s=96&d=mm&r=g","caption":"Redac\u00e7\u00e3o"}}]}},"_links":{"self":[{"href":"https:\/\/infocul.pt\/arquivo\/wp-json\/wp\/v2\/posts\/89414","targetHints":{"allow":["GET"]}}],"collection":[{"href":"https:\/\/infocul.pt\/arquivo\/wp-json\/wp\/v2\/posts"}],"about":[{"href":"https:\/\/infocul.pt\/arquivo\/wp-json\/wp\/v2\/types\/post"}],"author":[{"embeddable":true,"href":"https:\/\/infocul.pt\/arquivo\/wp-json\/wp\/v2\/users\/13"}],"replies":[{"embeddable":true,"href":"https:\/\/infocul.pt\/arquivo\/wp-json\/wp\/v2\/comments?post=89414"}],"version-history":[{"count":0,"href":"https:\/\/infocul.pt\/arquivo\/wp-json\/wp\/v2\/posts\/89414\/revisions"}],"wp:featuredmedia":[{"embeddable":true,"href":"https:\/\/infocul.pt\/arquivo\/wp-json\/wp\/v2\/media\/72515"}],"wp:attachment":[{"href":"https:\/\/infocul.pt\/arquivo\/wp-json\/wp\/v2\/media?parent=89414"}],"wp:term":[{"taxonomy":"category","embeddable":true,"href":"https:\/\/infocul.pt\/arquivo\/wp-json\/wp\/v2\/categories?post=89414"},{"taxonomy":"post_tag","embeddable":true,"href":"https:\/\/infocul.pt\/arquivo\/wp-json\/wp\/v2\/tags?post=89414"}],"curies":[{"name":"wp","href":"https:\/\/api.w.org\/{rel}","templated":true}]}}