{"id":89486,"date":"2021-01-20T17:26:11","date_gmt":"2021-01-20T17:26:11","guid":{"rendered":"https:\/\/infocul.pt\/?p=89486"},"modified":"2021-01-20T17:26:11","modified_gmt":"2021-01-20T17:26:11","slug":"conheca-os-interpretes-do-festival-da-cancao-2021","status":"publish","type":"post","link":"https:\/\/infocul.pt\/arquivo\/actualidade\/conheca-os-interpretes-do-festival-da-cancao-2021\/","title":{"rendered":"Conhe\u00e7a os int\u00e9rpretes do Festival da Can\u00e7\u00e3o 2021"},"content":{"rendered":"<p><img decoding=\"async\" class=\"aligncenter wp-image-89487 size-full lazyload\" data-src=\"https:\/\/infocul.pt\/arquivo\/wp-content\/uploads\/2021\/01\/image003-8.jpg\" alt=\"\" width=\"831\" height=\"468\" data-srcset=\"https:\/\/infocul.pt\/arquivo\/wp-content\/uploads\/2021\/01\/image003-8.jpg 831w, https:\/\/infocul.pt\/arquivo\/wp-content\/uploads\/2021\/01\/image003-8-300x169.jpg 300w, https:\/\/infocul.pt\/arquivo\/wp-content\/uploads\/2021\/01\/image003-8-768x433.jpg 768w\" data-sizes=\"(max-width: 831px) 100vw, 831px\" src=\"data:image\/svg+xml;base64,PHN2ZyB3aWR0aD0iMSIgaGVpZ2h0PSIxIiB4bWxucz0iaHR0cDovL3d3dy53My5vcmcvMjAwMC9zdmciPjwvc3ZnPg==\" style=\"--smush-placeholder-width: 831px; --smush-placeholder-aspect-ratio: 831\/468;\" \/><\/p>\n<p class=\"v1MsoNormal\">O modelo do Festival da Can\u00e7\u00e3o \u00e9 semelhante ao dos anos anteriores, envolvendo duas semifinais e uma final. As semifinais ter\u00e3o lugar nos dias 20 e 27 de fevereiro e a final est\u00e1 agendada para 6 de mar\u00e7o. Todos os programas ser\u00e3o realizados em est\u00fadio. Uma emiss\u00e3o que iremos poder acompanhar em direto na RTP1, RTP Play e na RTP Internacional e, com o apoio de sempre, da Antena 1 com a sua emiss\u00e3o especial dedicada ao Festival da Can\u00e7\u00e3o.<!--more--><\/p>\n<p class=\"v1MsoNormal\">\n<p class=\"v1MsoNormal\">Nomes j\u00e1 familiares da hist\u00f3ria recente do Festival da Can\u00e7\u00e3o v\u00e3o assegurar a apresenta\u00e7\u00e3o dos tr\u00eas programas. Na primeira semifinal encontraremos a dupla S\u00f3nia Ara\u00fajo e Jorge Gabriel. Na segunda semifinal teremos a apresenta\u00e7\u00e3o entregue a T\u00e2nia Ribas de Oliveira e Jos\u00e9 Carlos Malato. E na final, uma vez mais, a dupla Filomena Cautela e Vasco Palmeirim. Nos tr\u00eas programas a Green Room estar\u00e1 entregue a In\u00eas Lopes Gon\u00e7alves. Ao mesmo tempo, durante os tr\u00eas programas, nas redes haver\u00e1 uma emiss\u00e3o complementar apresentada por Joana Martins.<\/p>\n<p class=\"v1MsoNormal\">\n<p class=\"v1MsoNormal\">Em cada semifinal haver\u00e1 10 can\u00e7\u00f5es concorrentes, cinco das quais ser\u00e3o apuradas para a Final. Haver\u00e1, assim sendo, 10 can\u00e7\u00f5es na final. A vota\u00e7\u00e3o seguir\u00e1 o modelo habitual, cabendo metade da pontua\u00e7\u00e3o a um j\u00fari profissional e a outra metade ao voto popular.<\/p>\n<p class=\"v1MsoNormal\">\n<p class=\"v1MsoNormal\">Em dezembro foram j\u00e1 revelados os autores das can\u00e7\u00f5es e as semifinais em que as respetivas can\u00e7\u00f5es ser\u00e3o apresentadas. Hoje \u00e9 a vez de conhecermos os int\u00e9rpretes e as pr\u00f3prias can\u00e7\u00f5es.<\/p>\n<p class=\"v1MsoNormal\">\n<p class=\"v1MsoNormal\">E aqui est\u00e3o:<\/p>\n<table class=\"v1MsoNormalTable\" border=\"0\" width=\"644\" cellspacing=\"0\" cellpadding=\"0\" align=\"left\">\n<tbody>\n<tr>\n<td valign=\"top\" width=\"211\">\n<p class=\"v1MsoNormal\" align=\"center\"><b>AUTOR CONVIDADO<\/b><\/p>\n<\/td>\n<td valign=\"top\" width=\"179\">\n<p class=\"v1MsoNormal\" align=\"center\"><b>INT\u00c9RPRETE<\/b><\/p>\n<\/td>\n<td valign=\"top\" width=\"255\">\n<p class=\"v1MsoNormal\" align=\"center\"><b>CAN\u00c7\u00c3O<\/b><\/p>\n<\/td>\n<\/tr>\n<tr>\n<td valign=\"top\" width=\"211\">\n<p class=\"v1MsoNormal\">Anne Victorino d&#8217;Almeida<\/p>\n<\/td>\n<td valign=\"top\" width=\"179\">\n<p class=\"v1MsoNormal\">Nadine<\/p>\n<\/td>\n<td valign=\"top\" width=\"255\">\n<p class=\"v1MsoNormal\" align=\"center\">Cheguei Aqui<\/p>\n<\/td>\n<\/tr>\n<tr>\n<td valign=\"top\" width=\"211\">\n<p class=\"v1MsoNormal\">Carolina Deslandes<\/p>\n<\/td>\n<td valign=\"top\" width=\"179\">\n<p class=\"v1MsoNormal\">Carolina Deslandes<\/p>\n<\/td>\n<td valign=\"top\" width=\"255\">\n<p class=\"v1MsoNormal\" align=\"center\">Por um Triz<\/p>\n<\/td>\n<\/tr>\n<tr>\n<td valign=\"top\" width=\"211\">\n<p class=\"v1MsoNormal\">Da Chick<\/p>\n<\/td>\n<td valign=\"top\" width=\"179\">\n<p class=\"v1MsoNormal\">Da Chick<\/p>\n<\/td>\n<td valign=\"top\" width=\"255\">\n<p class=\"v1MsoNormal\" align=\"center\">I Got Music<\/p>\n<\/td>\n<\/tr>\n<tr>\n<td valign=\"top\" width=\"211\">\n<p class=\"v1MsoNormal\">F\u00e1bia Maia<\/p>\n<\/td>\n<td valign=\"top\" width=\"179\">\n<p class=\"v1MsoNormal\">F\u00e1bia Maia<\/p>\n<\/td>\n<td valign=\"top\" width=\"255\">\n<p class=\"v1MsoNormal\" align=\"center\">Dia Lindo<\/p>\n<\/td>\n<\/tr>\n<tr>\n<td valign=\"top\" width=\"211\">\n<p class=\"v1MsoNormal\">Filipe Melo<\/p>\n<\/td>\n<td valign=\"top\" width=\"179\">\n<p class=\"v1MsoNormal\">Sara Afonso<\/p>\n<\/td>\n<td valign=\"top\" width=\"255\">\n<p class=\"v1MsoNormal\" align=\"center\">Contram\u00e3o<\/p>\n<\/td>\n<\/tr>\n<tr>\n<td valign=\"top\" width=\"211\">\n<p class=\"v1MsoNormal\">H\u00e9lder Moutinho<\/p>\n<\/td>\n<td valign=\"top\" width=\"179\">\n<p class=\"v1MsoNormal\">Val\u00e9ria<\/p>\n<\/td>\n<td valign=\"top\" width=\"255\">\n<p class=\"v1MsoNormal\" align=\"center\">Na Mais Profunda Saudade<\/p>\n<\/td>\n<\/tr>\n<tr>\n<td valign=\"top\" width=\"211\">\n<p class=\"v1MsoNormal\">IAN<\/p>\n<\/td>\n<td valign=\"top\" width=\"179\">\n<p class=\"v1MsoNormal\">IAN<\/p>\n<\/td>\n<td valign=\"top\" width=\"255\">\n<p class=\"v1MsoNormal\" align=\"center\">Mundo<\/p>\n<\/td>\n<\/tr>\n<tr>\n<td valign=\"top\" width=\"211\">\n<p class=\"v1MsoNormal\">IRMA<\/p>\n<\/td>\n<td valign=\"top\" width=\"179\">\n<p class=\"v1MsoNormal\">IRMA<\/p>\n<\/td>\n<td valign=\"top\" width=\"255\">\n<p class=\"v1MsoNormal\" align=\"center\">Livros<\/p>\n<\/td>\n<\/tr>\n<tr>\n<td valign=\"top\" width=\"211\">\n<p class=\"v1MsoNormal\">Joana Alegre<\/p>\n<\/td>\n<td valign=\"top\" width=\"179\">\n<p class=\"v1MsoNormal\">Joana Alegre<\/p>\n<\/td>\n<td valign=\"top\" width=\"255\">\n<p class=\"v1MsoNormal\" align=\"center\">Joana do Mar<\/p>\n<\/td>\n<\/tr>\n<tr>\n<td valign=\"top\" width=\"211\">\n<p class=\"v1MsoNormal\">Jo\u00e3o Vieira<\/p>\n<\/td>\n<td valign=\"top\" width=\"179\">\n<p class=\"v1MsoNormal\">Graciela<\/p>\n<\/td>\n<td valign=\"top\" width=\"255\">\n<p class=\"v1MsoNormal\" align=\"center\">A Vida Sem Acontecer<\/p>\n<\/td>\n<\/tr>\n<tr>\n<td valign=\"top\" width=\"211\">\n<p class=\"v1MsoNormal\">Karetus<\/p>\n<\/td>\n<td valign=\"top\" width=\"179\">\n<p class=\"v1MsoNormal\">Karetus, Romeu Bairos<\/p>\n<\/td>\n<td valign=\"top\" width=\"255\">\n<p class=\"v1MsoNormal\" align=\"center\">Saudade<\/p>\n<\/td>\n<\/tr>\n<tr>\n<td valign=\"top\" width=\"211\">\n<p class=\"v1MsoNormal\">Miguel Mar\u00f4co<\/p>\n<\/td>\n<td valign=\"top\" width=\"179\">\n<p class=\"v1MsoNormal\">Miguel Mar\u00f4co<\/p>\n<\/td>\n<td valign=\"top\" width=\"255\">\n<p class=\"v1MsoNormal\" align=\"center\">Girassol<\/p>\n<\/td>\n<\/tr>\n<tr>\n<td valign=\"top\" width=\"211\">\n<p class=\"v1MsoNormal\">NEEV<\/p>\n<\/td>\n<td valign=\"top\" width=\"179\">\n<p class=\"v1MsoNormal\">NEEV<\/p>\n<\/td>\n<td valign=\"top\" width=\"255\">\n<p class=\"v1MsoNormal\" align=\"center\">Dancing in the Stars<\/p>\n<\/td>\n<\/tr>\n<tr>\n<td valign=\"top\" width=\"211\">\n<p class=\"v1MsoNormal\">Pedro da Linha<\/p>\n<\/td>\n<td valign=\"top\" width=\"179\">\n<p class=\"v1MsoNormal\">EU.CLIDES<\/p>\n<\/td>\n<td valign=\"top\" width=\"255\">\n<p class=\"v1MsoNormal\" align=\"center\">VOLTE-FACE<\/p>\n<\/td>\n<\/tr>\n<tr>\n<td valign=\"top\" width=\"211\">\n<p class=\"v1MsoNormal\">Pedro Gon\u00e7alves<\/p>\n<\/td>\n<td valign=\"top\" width=\"179\">\n<p class=\"v1MsoNormal\">Pedro Gon\u00e7alves<\/p>\n<\/td>\n<td valign=\"top\" width=\"255\">\n<p class=\"v1MsoNormal\" align=\"center\">N\u00e3o Vou Ficar<\/p>\n<\/td>\n<\/tr>\n<tr>\n<td valign=\"top\" width=\"211\">\n<p class=\"v1MsoNormal\">Stereossauro<\/p>\n<\/td>\n<td valign=\"top\" width=\"179\">\n<p class=\"v1MsoNormal\">mema.<\/p>\n<\/td>\n<td valign=\"top\" width=\"255\">\n<p class=\"v1MsoNormal\" align=\"center\">Claro Como \u00c1gua<\/p>\n<\/td>\n<\/tr>\n<tr>\n<td valign=\"top\" width=\"211\">\n<p class=\"v1MsoNormal\">Tain\u00e1<\/p>\n<\/td>\n<td valign=\"top\" width=\"179\">\n<p class=\"v1MsoNormal\">Tain\u00e1<\/p>\n<\/td>\n<td valign=\"top\" width=\"255\">\n<p class=\"v1MsoNormal\" align=\"center\">Jasmim<\/p>\n<\/td>\n<\/tr>\n<tr>\n<td valign=\"top\" width=\"211\">\n<p class=\"v1MsoNormal\">TATANKA<\/p>\n<\/td>\n<td valign=\"top\" width=\"179\">\n<p class=\"v1MsoNormal\">The Black Mamba<\/p>\n<\/td>\n<td valign=\"top\" width=\"255\">\n<p class=\"v1MsoNormal\" align=\"center\"><span lang=\"EN-US\">Love is on My Side<\/span><\/p>\n<\/td>\n<\/tr>\n<tr>\n<td valign=\"top\" width=\"211\">\n<p class=\"v1MsoNormal\">Virgul<\/p>\n<\/td>\n<td valign=\"top\" width=\"179\">\n<p class=\"v1MsoNormal\">Ariana<\/p>\n<\/td>\n<td valign=\"top\" width=\"255\">\n<p class=\"v1MsoNormal\" align=\"center\">Mundo Melhor<\/p>\n<\/td>\n<\/tr>\n<tr>\n<td valign=\"top\" width=\"211\">\n<p class=\"v1MsoNormal\">Viviane<\/p>\n<\/td>\n<td valign=\"top\" width=\"179\">\n<p class=\"v1MsoNormal\">Ana Tereza<\/p>\n<\/td>\n<td valign=\"top\" width=\"255\">\n<p class=\"v1MsoNormal\" align=\"center\">Com um abra\u00e7o<\/p>\n<\/td>\n<\/tr>\n<\/tbody>\n<\/table>\n<p class=\"v1MsoNormal\">\n<p class=\"v1MsoNormal\">\n<p class=\"v1MsoNormal\">\n<p class=\"v1MsoNormal\">\n<p class=\"v1MsoNormal\">\n<p class=\"v1MsoNormal\">\n<p class=\"v1MsoNormal\">\n<p class=\"v1MsoNormal\">\n<p class=\"v1MsoNormal\">\n<p class=\"v1MsoNormal\">\n<p class=\"v1MsoNormal\">\n<p class=\"v1MsoNormal\">\n<p class=\"v1MsoNormal\">\n<p class=\"v1MsoNormal\">\n<p class=\"v1MsoNormal\">\n<p class=\"v1MsoNormal\">\n<p class=\"v1MsoNormal\">\n<p class=\"v1MsoNormal\">\n<p class=\"v1MsoNormal\">\n<p class=\"v1MsoNormal\">\n<p class=\"v1MsoNormal\">\n<p class=\"v1MsoNormal\">\n<p class=\"v1MsoNormal\">\n<p class=\"v1MsoNormal\">\n<p>&nbsp;<\/p>\n<p>&nbsp;<\/p>\n<p>&nbsp;<\/p>\n<p>&nbsp;<\/p>\n<p>&nbsp;<\/p>\n<p>&nbsp;<\/p>\n<p>&nbsp;<\/p>\n<p>&nbsp;<\/p>\n<p class=\"v1MsoNormal\">Todas as can\u00e7\u00f5es est\u00e3o, a partir de hoje, dispon\u00edveis em lyric v\u00eddeos para ver e escutar no s\u00edtio e no YouTube do Festival da Can\u00e7\u00e3o.<\/p>\n<p class=\"v1MsoNormal\">\n","protected":false},"excerpt":{"rendered":"<p>O modelo do Festival da Can\u00e7\u00e3o \u00e9 semelhante ao dos anos anteriores, envolvendo duas semifinais e uma final. As semifinais ter\u00e3o lugar nos dias 20 e 27 de fevereiro e a final est\u00e1 agendada para 6 de mar\u00e7o. Todos os programas ser\u00e3o realizados em est\u00fadio. Uma emiss\u00e3o que iremos poder acompanhar em direto na RTP1, [&hellip;]<\/p>\n","protected":false},"author":13,"featured_media":89487,"comment_status":"closed","ping_status":"closed","sticky":false,"template":"","format":"standard","meta":{"footnotes":""},"categories":[10,2,9,14],"tags":[],"class_list":["post-89486","post","type-post","status-publish","format-standard","has-post-thumbnail","hentry","category-actualidade","category-cultura","category-outros","category-televisao"],"yoast_head":"<!-- This site is optimized with the Yoast SEO plugin v27.4 - https:\/\/yoast.com\/product\/yoast-seo-wordpress\/ -->\n<title>Conhe\u00e7a os int\u00e9rpretes do Festival da Can\u00e7\u00e3o 2021 | Infocul.pt - Arquivo Digital<\/title>\n<meta name=\"description\" content=\"Conhe\u00e7a os int\u00e9rpretes do Festival da Can\u00e7\u00e3o 2021 | Infocul.pt - Arquivo Digital\" \/>\n<meta name=\"robots\" content=\"noindex, follow, max-snippet:-1, max-image-preview:large, max-video-preview:-1\" \/>\n<meta property=\"og:locale\" content=\"pt_PT\" \/>\n<meta property=\"og:type\" content=\"article\" \/>\n<meta property=\"og:title\" content=\"Conhe\u00e7a os int\u00e9rpretes do Festival da Can\u00e7\u00e3o 2021 | Infocul.pt - Arquivo Digital\" \/>\n<meta property=\"og:description\" content=\"Conhe\u00e7a os int\u00e9rpretes do Festival da Can\u00e7\u00e3o 2021 | Infocul.pt - Arquivo Digital\" \/>\n<meta property=\"og:url\" content=\"https:\/\/infocul.pt\/arquivo\/actualidade\/conheca-os-interpretes-do-festival-da-cancao-2021\/\" \/>\n<meta property=\"og:site_name\" content=\"Infocul.pt - Arquivo Digital\" \/>\n<meta property=\"article:publisher\" content=\"https:\/\/www.facebook.com\/Infocul-147816815585015\/\" \/>\n<meta property=\"article:published_time\" content=\"2021-01-20T17:26:11+00:00\" \/>\n<meta property=\"og:image\" content=\"https:\/\/infocul.pt\/arquivo\/wp-content\/uploads\/2021\/01\/image003-8.jpg\" \/>\n\t<meta property=\"og:image:width\" content=\"831\" \/>\n\t<meta property=\"og:image:height\" content=\"468\" \/>\n\t<meta property=\"og:image:type\" content=\"image\/jpeg\" \/>\n<meta name=\"author\" content=\"Redac\u00e7\u00e3o\" \/>\n<meta name=\"twitter:card\" content=\"summary_large_image\" \/>\n<meta name=\"twitter:creator\" content=\"@Infoculpt\" \/>\n<meta name=\"twitter:site\" content=\"@Infoculpt\" \/>\n<meta name=\"twitter:label1\" content=\"Escrito por\" \/>\n\t<meta name=\"twitter:data1\" content=\"Redac\u00e7\u00e3o\" \/>\n\t<meta name=\"twitter:label2\" content=\"Tempo estimado de leitura\" \/>\n\t<meta name=\"twitter:data2\" content=\"2 minutos\" \/>\n<script type=\"application\/ld+json\" class=\"yoast-schema-graph\">{\"@context\":\"https:\\\/\\\/schema.org\",\"@graph\":[{\"@type\":\"Article\",\"@id\":\"https:\\\/\\\/infocul.pt\\\/arquivo\\\/actualidade\\\/conheca-os-interpretes-do-festival-da-cancao-2021\\\/#article\",\"isPartOf\":{\"@id\":\"https:\\\/\\\/infocul.pt\\\/arquivo\\\/actualidade\\\/conheca-os-interpretes-do-festival-da-cancao-2021\\\/\"},\"author\":{\"name\":\"Redac\u00e7\u00e3o\",\"@id\":\"https:\\\/\\\/infocul.pt\\\/arquivo\\\/#\\\/schema\\\/person\\\/f243f45ae8d67639120a7586884f3abc\"},\"headline\":\"Conhe\u00e7a os int\u00e9rpretes do Festival da Can\u00e7\u00e3o 2021\",\"datePublished\":\"2021-01-20T17:26:11+00:00\",\"mainEntityOfPage\":{\"@id\":\"https:\\\/\\\/infocul.pt\\\/arquivo\\\/actualidade\\\/conheca-os-interpretes-do-festival-da-cancao-2021\\\/\"},\"wordCount\":452,\"publisher\":{\"@id\":\"https:\\\/\\\/infocul.pt\\\/arquivo\\\/#organization\"},\"image\":{\"@id\":\"https:\\\/\\\/infocul.pt\\\/arquivo\\\/actualidade\\\/conheca-os-interpretes-do-festival-da-cancao-2021\\\/#primaryimage\"},\"thumbnailUrl\":\"https:\\\/\\\/infocul.pt\\\/arquivo\\\/wp-content\\\/uploads\\\/2021\\\/01\\\/image003-8.jpg\",\"articleSection\":[\"Actualidade\",\"Cultura\",\"Outros\",\"Televis\u00e3o\"],\"inLanguage\":\"pt-PT\"},{\"@type\":\"WebPage\",\"@id\":\"https:\\\/\\\/infocul.pt\\\/arquivo\\\/actualidade\\\/conheca-os-interpretes-do-festival-da-cancao-2021\\\/\",\"url\":\"https:\\\/\\\/infocul.pt\\\/arquivo\\\/actualidade\\\/conheca-os-interpretes-do-festival-da-cancao-2021\\\/\",\"name\":\"Conhe\u00e7a os int\u00e9rpretes do Festival da Can\u00e7\u00e3o 2021 | Infocul.pt - Arquivo Digital\",\"isPartOf\":{\"@id\":\"https:\\\/\\\/infocul.pt\\\/arquivo\\\/#website\"},\"primaryImageOfPage\":{\"@id\":\"https:\\\/\\\/infocul.pt\\\/arquivo\\\/actualidade\\\/conheca-os-interpretes-do-festival-da-cancao-2021\\\/#primaryimage\"},\"image\":{\"@id\":\"https:\\\/\\\/infocul.pt\\\/arquivo\\\/actualidade\\\/conheca-os-interpretes-do-festival-da-cancao-2021\\\/#primaryimage\"},\"thumbnailUrl\":\"https:\\\/\\\/infocul.pt\\\/arquivo\\\/wp-content\\\/uploads\\\/2021\\\/01\\\/image003-8.jpg\",\"datePublished\":\"2021-01-20T17:26:11+00:00\",\"description\":\"Conhe\u00e7a os int\u00e9rpretes do Festival da Can\u00e7\u00e3o 2021 | Infocul.pt - Arquivo Digital\",\"breadcrumb\":{\"@id\":\"https:\\\/\\\/infocul.pt\\\/arquivo\\\/actualidade\\\/conheca-os-interpretes-do-festival-da-cancao-2021\\\/#breadcrumb\"},\"inLanguage\":\"pt-PT\",\"potentialAction\":[{\"@type\":\"ReadAction\",\"target\":[\"https:\\\/\\\/infocul.pt\\\/arquivo\\\/actualidade\\\/conheca-os-interpretes-do-festival-da-cancao-2021\\\/\"]}]},{\"@type\":\"ImageObject\",\"inLanguage\":\"pt-PT\",\"@id\":\"https:\\\/\\\/infocul.pt\\\/arquivo\\\/actualidade\\\/conheca-os-interpretes-do-festival-da-cancao-2021\\\/#primaryimage\",\"url\":\"https:\\\/\\\/infocul.pt\\\/arquivo\\\/wp-content\\\/uploads\\\/2021\\\/01\\\/image003-8.jpg\",\"contentUrl\":\"https:\\\/\\\/infocul.pt\\\/arquivo\\\/wp-content\\\/uploads\\\/2021\\\/01\\\/image003-8.jpg\",\"width\":831,\"height\":468},{\"@type\":\"BreadcrumbList\",\"@id\":\"https:\\\/\\\/infocul.pt\\\/arquivo\\\/actualidade\\\/conheca-os-interpretes-do-festival-da-cancao-2021\\\/#breadcrumb\",\"itemListElement\":[{\"@type\":\"ListItem\",\"position\":1,\"name\":\"Home\",\"item\":\"https:\\\/\\\/infocul.pt\\\/arquivo\\\/\"},{\"@type\":\"ListItem\",\"position\":2,\"name\":\"Conhe\u00e7a os int\u00e9rpretes do Festival da Can\u00e7\u00e3o 2021\"}]},{\"@type\":\"WebSite\",\"@id\":\"https:\\\/\\\/infocul.pt\\\/arquivo\\\/#website\",\"url\":\"https:\\\/\\\/infocul.pt\\\/arquivo\\\/\",\"name\":\"Infocul.pt - Arquivo Digital\",\"description\":\"Arquivo digital da Infocul.pt\",\"publisher\":{\"@id\":\"https:\\\/\\\/infocul.pt\\\/arquivo\\\/#organization\"},\"potentialAction\":[{\"@type\":\"SearchAction\",\"target\":{\"@type\":\"EntryPoint\",\"urlTemplate\":\"https:\\\/\\\/infocul.pt\\\/arquivo\\\/?s={search_term_string}\"},\"query-input\":{\"@type\":\"PropertyValueSpecification\",\"valueRequired\":true,\"valueName\":\"search_term_string\"}}],\"inLanguage\":\"pt-PT\"},{\"@type\":\"Organization\",\"@id\":\"https:\\\/\\\/infocul.pt\\\/arquivo\\\/#organization\",\"name\":\"Infocul.pt\",\"url\":\"https:\\\/\\\/infocul.pt\\\/arquivo\\\/\",\"logo\":{\"@type\":\"ImageObject\",\"inLanguage\":\"pt-PT\",\"@id\":\"https:\\\/\\\/infocul.pt\\\/arquivo\\\/#\\\/schema\\\/logo\\\/image\\\/\",\"url\":\"https:\\\/\\\/infocul.pt\\\/arquivo\\\/wp-content\\\/uploads\\\/2018\\\/12\\\/Infocul_logo-1.png\",\"contentUrl\":\"https:\\\/\\\/infocul.pt\\\/arquivo\\\/wp-content\\\/uploads\\\/2018\\\/12\\\/Infocul_logo-1.png\",\"width\":800,\"height\":800,\"caption\":\"Infocul.pt\"},\"image\":{\"@id\":\"https:\\\/\\\/infocul.pt\\\/arquivo\\\/#\\\/schema\\\/logo\\\/image\\\/\"},\"sameAs\":[\"https:\\\/\\\/www.facebook.com\\\/Infocul-147816815585015\\\/\",\"https:\\\/\\\/x.com\\\/Infoculpt\",\"http:\\\/\\\/www.pictaram.com\\\/user\\\/infocul.pt\\\/2370423710\",\"https:\\\/\\\/www.youtube.com\\\/channel\\\/UCYEB91AGI9FL9ek2i_IaQAA\"]},{\"@type\":\"Person\",\"@id\":\"https:\\\/\\\/infocul.pt\\\/arquivo\\\/#\\\/schema\\\/person\\\/f243f45ae8d67639120a7586884f3abc\",\"name\":\"Redac\u00e7\u00e3o\",\"image\":{\"@type\":\"ImageObject\",\"inLanguage\":\"pt-PT\",\"@id\":\"https:\\\/\\\/secure.gravatar.com\\\/avatar\\\/151b1b76c598ab5e749407223bd6c1bad4e41c4e95de3c3df83540ebee2deaf8?s=96&d=mm&r=g\",\"url\":\"https:\\\/\\\/secure.gravatar.com\\\/avatar\\\/151b1b76c598ab5e749407223bd6c1bad4e41c4e95de3c3df83540ebee2deaf8?s=96&d=mm&r=g\",\"contentUrl\":\"https:\\\/\\\/secure.gravatar.com\\\/avatar\\\/151b1b76c598ab5e749407223bd6c1bad4e41c4e95de3c3df83540ebee2deaf8?s=96&d=mm&r=g\",\"caption\":\"Redac\u00e7\u00e3o\"}}]}<\/script>\n<!-- \/ Yoast SEO plugin. -->","yoast_head_json":{"title":"Conhe\u00e7a os int\u00e9rpretes do Festival da Can\u00e7\u00e3o 2021 | Infocul.pt - Arquivo Digital","description":"Conhe\u00e7a os int\u00e9rpretes do Festival da Can\u00e7\u00e3o 2021 | Infocul.pt - Arquivo Digital","robots":{"index":"noindex","follow":"follow","max-snippet":"max-snippet:-1","max-image-preview":"max-image-preview:large","max-video-preview":"max-video-preview:-1"},"og_locale":"pt_PT","og_type":"article","og_title":"Conhe\u00e7a os int\u00e9rpretes do Festival da Can\u00e7\u00e3o 2021 | Infocul.pt - Arquivo Digital","og_description":"Conhe\u00e7a os int\u00e9rpretes do Festival da Can\u00e7\u00e3o 2021 | Infocul.pt - Arquivo Digital","og_url":"https:\/\/infocul.pt\/arquivo\/actualidade\/conheca-os-interpretes-do-festival-da-cancao-2021\/","og_site_name":"Infocul.pt - Arquivo Digital","article_publisher":"https:\/\/www.facebook.com\/Infocul-147816815585015\/","article_published_time":"2021-01-20T17:26:11+00:00","og_image":[{"width":831,"height":468,"url":"https:\/\/infocul.pt\/arquivo\/wp-content\/uploads\/2021\/01\/image003-8.jpg","type":"image\/jpeg"}],"author":"Redac\u00e7\u00e3o","twitter_card":"summary_large_image","twitter_creator":"@Infoculpt","twitter_site":"@Infoculpt","twitter_misc":{"Escrito por":"Redac\u00e7\u00e3o","Tempo estimado de leitura":"2 minutos"},"schema":{"@context":"https:\/\/schema.org","@graph":[{"@type":"Article","@id":"https:\/\/infocul.pt\/arquivo\/actualidade\/conheca-os-interpretes-do-festival-da-cancao-2021\/#article","isPartOf":{"@id":"https:\/\/infocul.pt\/arquivo\/actualidade\/conheca-os-interpretes-do-festival-da-cancao-2021\/"},"author":{"name":"Redac\u00e7\u00e3o","@id":"https:\/\/infocul.pt\/arquivo\/#\/schema\/person\/f243f45ae8d67639120a7586884f3abc"},"headline":"Conhe\u00e7a os int\u00e9rpretes do Festival da Can\u00e7\u00e3o 2021","datePublished":"2021-01-20T17:26:11+00:00","mainEntityOfPage":{"@id":"https:\/\/infocul.pt\/arquivo\/actualidade\/conheca-os-interpretes-do-festival-da-cancao-2021\/"},"wordCount":452,"publisher":{"@id":"https:\/\/infocul.pt\/arquivo\/#organization"},"image":{"@id":"https:\/\/infocul.pt\/arquivo\/actualidade\/conheca-os-interpretes-do-festival-da-cancao-2021\/#primaryimage"},"thumbnailUrl":"https:\/\/infocul.pt\/arquivo\/wp-content\/uploads\/2021\/01\/image003-8.jpg","articleSection":["Actualidade","Cultura","Outros","Televis\u00e3o"],"inLanguage":"pt-PT"},{"@type":"WebPage","@id":"https:\/\/infocul.pt\/arquivo\/actualidade\/conheca-os-interpretes-do-festival-da-cancao-2021\/","url":"https:\/\/infocul.pt\/arquivo\/actualidade\/conheca-os-interpretes-do-festival-da-cancao-2021\/","name":"Conhe\u00e7a os int\u00e9rpretes do Festival da Can\u00e7\u00e3o 2021 | Infocul.pt - Arquivo Digital","isPartOf":{"@id":"https:\/\/infocul.pt\/arquivo\/#website"},"primaryImageOfPage":{"@id":"https:\/\/infocul.pt\/arquivo\/actualidade\/conheca-os-interpretes-do-festival-da-cancao-2021\/#primaryimage"},"image":{"@id":"https:\/\/infocul.pt\/arquivo\/actualidade\/conheca-os-interpretes-do-festival-da-cancao-2021\/#primaryimage"},"thumbnailUrl":"https:\/\/infocul.pt\/arquivo\/wp-content\/uploads\/2021\/01\/image003-8.jpg","datePublished":"2021-01-20T17:26:11+00:00","description":"Conhe\u00e7a os int\u00e9rpretes do Festival da Can\u00e7\u00e3o 2021 | Infocul.pt - Arquivo Digital","breadcrumb":{"@id":"https:\/\/infocul.pt\/arquivo\/actualidade\/conheca-os-interpretes-do-festival-da-cancao-2021\/#breadcrumb"},"inLanguage":"pt-PT","potentialAction":[{"@type":"ReadAction","target":["https:\/\/infocul.pt\/arquivo\/actualidade\/conheca-os-interpretes-do-festival-da-cancao-2021\/"]}]},{"@type":"ImageObject","inLanguage":"pt-PT","@id":"https:\/\/infocul.pt\/arquivo\/actualidade\/conheca-os-interpretes-do-festival-da-cancao-2021\/#primaryimage","url":"https:\/\/infocul.pt\/arquivo\/wp-content\/uploads\/2021\/01\/image003-8.jpg","contentUrl":"https:\/\/infocul.pt\/arquivo\/wp-content\/uploads\/2021\/01\/image003-8.jpg","width":831,"height":468},{"@type":"BreadcrumbList","@id":"https:\/\/infocul.pt\/arquivo\/actualidade\/conheca-os-interpretes-do-festival-da-cancao-2021\/#breadcrumb","itemListElement":[{"@type":"ListItem","position":1,"name":"Home","item":"https:\/\/infocul.pt\/arquivo\/"},{"@type":"ListItem","position":2,"name":"Conhe\u00e7a os int\u00e9rpretes do Festival da Can\u00e7\u00e3o 2021"}]},{"@type":"WebSite","@id":"https:\/\/infocul.pt\/arquivo\/#website","url":"https:\/\/infocul.pt\/arquivo\/","name":"Infocul.pt - Arquivo Digital","description":"Arquivo digital da Infocul.pt","publisher":{"@id":"https:\/\/infocul.pt\/arquivo\/#organization"},"potentialAction":[{"@type":"SearchAction","target":{"@type":"EntryPoint","urlTemplate":"https:\/\/infocul.pt\/arquivo\/?s={search_term_string}"},"query-input":{"@type":"PropertyValueSpecification","valueRequired":true,"valueName":"search_term_string"}}],"inLanguage":"pt-PT"},{"@type":"Organization","@id":"https:\/\/infocul.pt\/arquivo\/#organization","name":"Infocul.pt","url":"https:\/\/infocul.pt\/arquivo\/","logo":{"@type":"ImageObject","inLanguage":"pt-PT","@id":"https:\/\/infocul.pt\/arquivo\/#\/schema\/logo\/image\/","url":"https:\/\/infocul.pt\/arquivo\/wp-content\/uploads\/2018\/12\/Infocul_logo-1.png","contentUrl":"https:\/\/infocul.pt\/arquivo\/wp-content\/uploads\/2018\/12\/Infocul_logo-1.png","width":800,"height":800,"caption":"Infocul.pt"},"image":{"@id":"https:\/\/infocul.pt\/arquivo\/#\/schema\/logo\/image\/"},"sameAs":["https:\/\/www.facebook.com\/Infocul-147816815585015\/","https:\/\/x.com\/Infoculpt","http:\/\/www.pictaram.com\/user\/infocul.pt\/2370423710","https:\/\/www.youtube.com\/channel\/UCYEB91AGI9FL9ek2i_IaQAA"]},{"@type":"Person","@id":"https:\/\/infocul.pt\/arquivo\/#\/schema\/person\/f243f45ae8d67639120a7586884f3abc","name":"Redac\u00e7\u00e3o","image":{"@type":"ImageObject","inLanguage":"pt-PT","@id":"https:\/\/secure.gravatar.com\/avatar\/151b1b76c598ab5e749407223bd6c1bad4e41c4e95de3c3df83540ebee2deaf8?s=96&d=mm&r=g","url":"https:\/\/secure.gravatar.com\/avatar\/151b1b76c598ab5e749407223bd6c1bad4e41c4e95de3c3df83540ebee2deaf8?s=96&d=mm&r=g","contentUrl":"https:\/\/secure.gravatar.com\/avatar\/151b1b76c598ab5e749407223bd6c1bad4e41c4e95de3c3df83540ebee2deaf8?s=96&d=mm&r=g","caption":"Redac\u00e7\u00e3o"}}]}},"_links":{"self":[{"href":"https:\/\/infocul.pt\/arquivo\/wp-json\/wp\/v2\/posts\/89486","targetHints":{"allow":["GET"]}}],"collection":[{"href":"https:\/\/infocul.pt\/arquivo\/wp-json\/wp\/v2\/posts"}],"about":[{"href":"https:\/\/infocul.pt\/arquivo\/wp-json\/wp\/v2\/types\/post"}],"author":[{"embeddable":true,"href":"https:\/\/infocul.pt\/arquivo\/wp-json\/wp\/v2\/users\/13"}],"replies":[{"embeddable":true,"href":"https:\/\/infocul.pt\/arquivo\/wp-json\/wp\/v2\/comments?post=89486"}],"version-history":[{"count":0,"href":"https:\/\/infocul.pt\/arquivo\/wp-json\/wp\/v2\/posts\/89486\/revisions"}],"wp:featuredmedia":[{"embeddable":true,"href":"https:\/\/infocul.pt\/arquivo\/wp-json\/wp\/v2\/media\/89487"}],"wp:attachment":[{"href":"https:\/\/infocul.pt\/arquivo\/wp-json\/wp\/v2\/media?parent=89486"}],"wp:term":[{"taxonomy":"category","embeddable":true,"href":"https:\/\/infocul.pt\/arquivo\/wp-json\/wp\/v2\/categories?post=89486"},{"taxonomy":"post_tag","embeddable":true,"href":"https:\/\/infocul.pt\/arquivo\/wp-json\/wp\/v2\/tags?post=89486"}],"curies":[{"name":"wp","href":"https:\/\/api.w.org\/{rel}","templated":true}]}}