{"id":89496,"date":"2021-01-21T11:00:36","date_gmt":"2021-01-21T11:00:36","guid":{"rendered":"https:\/\/infocul.pt\/?p=89496"},"modified":"2021-01-21T11:00:36","modified_gmt":"2021-01-21T11:00:36","slug":"canja-a-vila-franquense-ja-e-marca-registada-de-vila-franca-de-xira","status":"publish","type":"post","link":"https:\/\/infocul.pt\/arquivo\/actualidade\/canja-a-vila-franquense-ja-e-marca-registada-de-vila-franca-de-xira\/","title":{"rendered":"Canja \u00e0 Vila-franquense j\u00e1 \u00e9 marca registada de Vila Franca de Xira"},"content":{"rendered":"<p><img decoding=\"async\" class=\"aligncenter wp-image-89497 size-full lazyload\" data-src=\"https:\/\/infocul.pt\/arquivo\/wp-content\/uploads\/2021\/01\/image008-1.jpg\" alt=\"\" width=\"439\" height=\"658\" data-srcset=\"https:\/\/infocul.pt\/arquivo\/wp-content\/uploads\/2021\/01\/image008-1.jpg 439w, https:\/\/infocul.pt\/arquivo\/wp-content\/uploads\/2021\/01\/image008-1-200x300.jpg 200w\" data-sizes=\"(max-width: 439px) 100vw, 439px\" src=\"data:image\/svg+xml;base64,PHN2ZyB3aWR0aD0iMSIgaGVpZ2h0PSIxIiB4bWxucz0iaHR0cDovL3d3dy53My5vcmcvMjAwMC9zdmciPjwvc3ZnPg==\" style=\"--smush-placeholder-width: 439px; --smush-placeholder-aspect-ratio: 439\/658;\" \/><\/p>\n<p style=\"font-weight: 400;\"><strong>A Canja \u00e0 Vila-franquense \u00e9 formalmente marca registada de Vila Franca de Xira<\/strong>. Esta\u00a0<strong>receita tradicional<\/strong>, adaptada pelo\u00a0<strong><a href=\"https:\/\/www.facebook.com\/profile.php?id=100006761775343\" data-saferedirecturl=\"https:\/\/www.google.com\/url?q=https:\/\/www.facebook.com\/profile.php?id%3D100006761775343&amp;source=gmail&amp;ust=1611312901038000&amp;usg=AFQjCNFGdzEG8nNgfzmwvARyyjdlF6O9zQ\">Chef Jos\u00e9 Maria Lino<\/a><\/strong>, passa agora a ser\u00a0<strong>mais um s\u00edmbolo oficial da Gastronomia do Munic\u00edpio de Vila Franca de Xira<\/strong>, sendo presen\u00e7a regular nos eventos de promo\u00e7\u00e3o tur\u00edstica da Autarquia.<!--more--><\/p>\n<p style=\"font-weight: 400;\">Atrav\u00e9s desta iguaria,\u00a0<strong>a C\u00e2mara Municipal de Vila Franca de Xira volta a distinguir as ancestrais ra\u00edzes hist\u00f3ricas do Munic\u00edpio nos campos da Lez\u00edria e a sua identidade cultural associada \u00e0 vida campestre<\/strong>. Esta\u00a0<strong>reconfortante e nutritiva canja<\/strong>\u00a0prov\u00e9m dos antigos costumes dos agricultores, bem como dos campinos, que recorriam a ingredientes locais e monetariamente mais acess\u00edveis, para compor a sua refei\u00e7\u00e3o. Da\u00ed nasce a\u00a0<strong>Canja \u00e0 Vila-franquense<\/strong>, uma canja de frango enriquecida com carne de porco (chispe e chouri\u00e7o) e \u00e0 qual se acrescentava ainda um corte de vaca (alcatra).<\/p>\n<p style=\"font-weight: 400;\"><strong>Este prato passa a integrar a oferta gastron\u00f3mica do Concelho de Vila Franca de Xira ao longo de todo o ano,\u00a0<\/strong>em colabora\u00e7\u00e3o com os restaurantes do Munic\u00edpio.<strong>\u00a0<\/strong>Marcar\u00e1 tamb\u00e9m presen\u00e7a nas<strong>\u00a0Campanhas de Gastronomia promovidas pela C\u00e2mara Municipal de Vila Franca de Xira<\/strong>\u00a0em\u00a0<strong>mar\u00e7o e novembro<\/strong>, com\u00a0<strong>particular destaque para a campanha de novembro, \u201cSabores do Campo \u00e0 Mesa\u201d<\/strong>. A inten\u00e7\u00e3o da C\u00e2mara Municipal \u00e9\u00a0<strong>diversificar os pratos apresentados nestas Campanhas<\/strong>, agora atrav\u00e9s da\u00a0<strong>Canja \u00e0 Vila-franquense<\/strong>, mas tamb\u00e9m no futuro com outras sugest\u00f5es como as receitas de coelho, sempre evocando as liga\u00e7\u00f5es fortes do territ\u00f3rio \u00e0 gastronomia regional.<\/p>\n<p><img decoding=\"async\" class=\"aligncenter wp-image-89498 size-full lazyload\" data-src=\"https:\/\/infocul.pt\/arquivo\/wp-content\/uploads\/2021\/01\/image007-1.png\" alt=\"\" width=\"378\" height=\"378\" data-srcset=\"https:\/\/infocul.pt\/arquivo\/wp-content\/uploads\/2021\/01\/image007-1.png 378w, https:\/\/infocul.pt\/arquivo\/wp-content\/uploads\/2021\/01\/image007-1-300x300.png 300w, https:\/\/infocul.pt\/arquivo\/wp-content\/uploads\/2021\/01\/image007-1-150x150.png 150w\" data-sizes=\"(max-width: 378px) 100vw, 378px\" src=\"data:image\/svg+xml;base64,PHN2ZyB3aWR0aD0iMSIgaGVpZ2h0PSIxIiB4bWxucz0iaHR0cDovL3d3dy53My5vcmcvMjAwMC9zdmciPjwvc3ZnPg==\" style=\"--smush-placeholder-width: 378px; --smush-placeholder-aspect-ratio: 378\/378;\" \/><\/p>\n","protected":false},"excerpt":{"rendered":"<p>A Canja \u00e0 Vila-franquense \u00e9 formalmente marca registada de Vila Franca de Xira. Esta\u00a0receita tradicional, adaptada pelo\u00a0Chef Jos\u00e9 Maria Lino, passa agora a ser\u00a0mais um s\u00edmbolo oficial da Gastronomia do Munic\u00edpio de Vila Franca de Xira, sendo presen\u00e7a regular nos eventos de promo\u00e7\u00e3o tur\u00edstica da Autarquia.<\/p>\n","protected":false},"author":13,"featured_media":89497,"comment_status":"closed","ping_status":"closed","sticky":false,"template":"","format":"standard","meta":{"footnotes":""},"categories":[10,13],"tags":[],"class_list":["post-89496","post","type-post","status-publish","format-standard","has-post-thumbnail","hentry","category-actualidade","category-turismo"],"yoast_head":"<!-- This site is optimized with the Yoast SEO plugin v27.4 - https:\/\/yoast.com\/product\/yoast-seo-wordpress\/ -->\n<title>Canja \u00e0 Vila-franquense j\u00e1 \u00e9 marca registada de Vila Franca de Xira | Infocul.pt - Arquivo Digital<\/title>\n<meta name=\"description\" content=\"Canja \u00e0 Vila-franquense j\u00e1 \u00e9 marca registada de Vila Franca de Xira | Infocul.pt - Arquivo Digital\" \/>\n<meta name=\"robots\" content=\"noindex, follow, max-snippet:-1, max-image-preview:large, max-video-preview:-1\" \/>\n<meta property=\"og:locale\" content=\"pt_PT\" \/>\n<meta property=\"og:type\" content=\"article\" \/>\n<meta property=\"og:title\" content=\"Canja \u00e0 Vila-franquense j\u00e1 \u00e9 marca registada de Vila Franca de Xira | Infocul.pt - Arquivo Digital\" \/>\n<meta property=\"og:description\" content=\"Canja \u00e0 Vila-franquense j\u00e1 \u00e9 marca registada de Vila Franca de Xira | Infocul.pt - Arquivo Digital\" \/>\n<meta property=\"og:url\" content=\"https:\/\/infocul.pt\/arquivo\/actualidade\/canja-a-vila-franquense-ja-e-marca-registada-de-vila-franca-de-xira\/\" \/>\n<meta property=\"og:site_name\" content=\"Infocul.pt - Arquivo Digital\" \/>\n<meta property=\"article:publisher\" content=\"https:\/\/www.facebook.com\/Infocul-147816815585015\/\" \/>\n<meta property=\"article:published_time\" content=\"2021-01-21T11:00:36+00:00\" \/>\n<meta property=\"og:image\" content=\"https:\/\/infocul.pt\/arquivo\/wp-content\/uploads\/2021\/01\/image008-1.jpg\" \/>\n\t<meta property=\"og:image:width\" content=\"439\" \/>\n\t<meta property=\"og:image:height\" content=\"658\" \/>\n\t<meta property=\"og:image:type\" content=\"image\/jpeg\" \/>\n<meta name=\"author\" content=\"Redac\u00e7\u00e3o\" \/>\n<meta name=\"twitter:card\" content=\"summary_large_image\" \/>\n<meta name=\"twitter:creator\" content=\"@Infoculpt\" \/>\n<meta name=\"twitter:site\" content=\"@Infoculpt\" \/>\n<meta name=\"twitter:label1\" content=\"Escrito por\" \/>\n\t<meta name=\"twitter:data1\" content=\"Redac\u00e7\u00e3o\" \/>\n\t<meta name=\"twitter:label2\" content=\"Tempo estimado de leitura\" \/>\n\t<meta name=\"twitter:data2\" content=\"2 minutos\" \/>\n<script type=\"application\/ld+json\" class=\"yoast-schema-graph\">{\"@context\":\"https:\\\/\\\/schema.org\",\"@graph\":[{\"@type\":\"Article\",\"@id\":\"https:\\\/\\\/infocul.pt\\\/arquivo\\\/actualidade\\\/canja-a-vila-franquense-ja-e-marca-registada-de-vila-franca-de-xira\\\/#article\",\"isPartOf\":{\"@id\":\"https:\\\/\\\/infocul.pt\\\/arquivo\\\/actualidade\\\/canja-a-vila-franquense-ja-e-marca-registada-de-vila-franca-de-xira\\\/\"},\"author\":{\"name\":\"Redac\u00e7\u00e3o\",\"@id\":\"https:\\\/\\\/infocul.pt\\\/arquivo\\\/#\\\/schema\\\/person\\\/f243f45ae8d67639120a7586884f3abc\"},\"headline\":\"Canja \u00e0 Vila-franquense j\u00e1 \u00e9 marca registada de Vila Franca de Xira\",\"datePublished\":\"2021-01-21T11:00:36+00:00\",\"mainEntityOfPage\":{\"@id\":\"https:\\\/\\\/infocul.pt\\\/arquivo\\\/actualidade\\\/canja-a-vila-franquense-ja-e-marca-registada-de-vila-franca-de-xira\\\/\"},\"wordCount\":271,\"publisher\":{\"@id\":\"https:\\\/\\\/infocul.pt\\\/arquivo\\\/#organization\"},\"image\":{\"@id\":\"https:\\\/\\\/infocul.pt\\\/arquivo\\\/actualidade\\\/canja-a-vila-franquense-ja-e-marca-registada-de-vila-franca-de-xira\\\/#primaryimage\"},\"thumbnailUrl\":\"https:\\\/\\\/infocul.pt\\\/arquivo\\\/wp-content\\\/uploads\\\/2021\\\/01\\\/image008-1.jpg\",\"articleSection\":[\"Actualidade\",\"Turismo\"],\"inLanguage\":\"pt-PT\"},{\"@type\":\"WebPage\",\"@id\":\"https:\\\/\\\/infocul.pt\\\/arquivo\\\/actualidade\\\/canja-a-vila-franquense-ja-e-marca-registada-de-vila-franca-de-xira\\\/\",\"url\":\"https:\\\/\\\/infocul.pt\\\/arquivo\\\/actualidade\\\/canja-a-vila-franquense-ja-e-marca-registada-de-vila-franca-de-xira\\\/\",\"name\":\"Canja \u00e0 Vila-franquense j\u00e1 \u00e9 marca registada de Vila Franca de Xira | Infocul.pt - Arquivo Digital\",\"isPartOf\":{\"@id\":\"https:\\\/\\\/infocul.pt\\\/arquivo\\\/#website\"},\"primaryImageOfPage\":{\"@id\":\"https:\\\/\\\/infocul.pt\\\/arquivo\\\/actualidade\\\/canja-a-vila-franquense-ja-e-marca-registada-de-vila-franca-de-xira\\\/#primaryimage\"},\"image\":{\"@id\":\"https:\\\/\\\/infocul.pt\\\/arquivo\\\/actualidade\\\/canja-a-vila-franquense-ja-e-marca-registada-de-vila-franca-de-xira\\\/#primaryimage\"},\"thumbnailUrl\":\"https:\\\/\\\/infocul.pt\\\/arquivo\\\/wp-content\\\/uploads\\\/2021\\\/01\\\/image008-1.jpg\",\"datePublished\":\"2021-01-21T11:00:36+00:00\",\"description\":\"Canja \u00e0 Vila-franquense j\u00e1 \u00e9 marca registada de Vila Franca de Xira | Infocul.pt - Arquivo Digital\",\"breadcrumb\":{\"@id\":\"https:\\\/\\\/infocul.pt\\\/arquivo\\\/actualidade\\\/canja-a-vila-franquense-ja-e-marca-registada-de-vila-franca-de-xira\\\/#breadcrumb\"},\"inLanguage\":\"pt-PT\",\"potentialAction\":[{\"@type\":\"ReadAction\",\"target\":[\"https:\\\/\\\/infocul.pt\\\/arquivo\\\/actualidade\\\/canja-a-vila-franquense-ja-e-marca-registada-de-vila-franca-de-xira\\\/\"]}]},{\"@type\":\"ImageObject\",\"inLanguage\":\"pt-PT\",\"@id\":\"https:\\\/\\\/infocul.pt\\\/arquivo\\\/actualidade\\\/canja-a-vila-franquense-ja-e-marca-registada-de-vila-franca-de-xira\\\/#primaryimage\",\"url\":\"https:\\\/\\\/infocul.pt\\\/arquivo\\\/wp-content\\\/uploads\\\/2021\\\/01\\\/image008-1.jpg\",\"contentUrl\":\"https:\\\/\\\/infocul.pt\\\/arquivo\\\/wp-content\\\/uploads\\\/2021\\\/01\\\/image008-1.jpg\",\"width\":439,\"height\":658},{\"@type\":\"BreadcrumbList\",\"@id\":\"https:\\\/\\\/infocul.pt\\\/arquivo\\\/actualidade\\\/canja-a-vila-franquense-ja-e-marca-registada-de-vila-franca-de-xira\\\/#breadcrumb\",\"itemListElement\":[{\"@type\":\"ListItem\",\"position\":1,\"name\":\"Home\",\"item\":\"https:\\\/\\\/infocul.pt\\\/arquivo\\\/\"},{\"@type\":\"ListItem\",\"position\":2,\"name\":\"Canja \u00e0 Vila-franquense j\u00e1 \u00e9 marca registada de Vila Franca de Xira\"}]},{\"@type\":\"WebSite\",\"@id\":\"https:\\\/\\\/infocul.pt\\\/arquivo\\\/#website\",\"url\":\"https:\\\/\\\/infocul.pt\\\/arquivo\\\/\",\"name\":\"Infocul.pt - Arquivo Digital\",\"description\":\"Arquivo digital da Infocul.pt\",\"publisher\":{\"@id\":\"https:\\\/\\\/infocul.pt\\\/arquivo\\\/#organization\"},\"potentialAction\":[{\"@type\":\"SearchAction\",\"target\":{\"@type\":\"EntryPoint\",\"urlTemplate\":\"https:\\\/\\\/infocul.pt\\\/arquivo\\\/?s={search_term_string}\"},\"query-input\":{\"@type\":\"PropertyValueSpecification\",\"valueRequired\":true,\"valueName\":\"search_term_string\"}}],\"inLanguage\":\"pt-PT\"},{\"@type\":\"Organization\",\"@id\":\"https:\\\/\\\/infocul.pt\\\/arquivo\\\/#organization\",\"name\":\"Infocul.pt\",\"url\":\"https:\\\/\\\/infocul.pt\\\/arquivo\\\/\",\"logo\":{\"@type\":\"ImageObject\",\"inLanguage\":\"pt-PT\",\"@id\":\"https:\\\/\\\/infocul.pt\\\/arquivo\\\/#\\\/schema\\\/logo\\\/image\\\/\",\"url\":\"https:\\\/\\\/infocul.pt\\\/arquivo\\\/wp-content\\\/uploads\\\/2018\\\/12\\\/Infocul_logo-1.png\",\"contentUrl\":\"https:\\\/\\\/infocul.pt\\\/arquivo\\\/wp-content\\\/uploads\\\/2018\\\/12\\\/Infocul_logo-1.png\",\"width\":800,\"height\":800,\"caption\":\"Infocul.pt\"},\"image\":{\"@id\":\"https:\\\/\\\/infocul.pt\\\/arquivo\\\/#\\\/schema\\\/logo\\\/image\\\/\"},\"sameAs\":[\"https:\\\/\\\/www.facebook.com\\\/Infocul-147816815585015\\\/\",\"https:\\\/\\\/x.com\\\/Infoculpt\",\"http:\\\/\\\/www.pictaram.com\\\/user\\\/infocul.pt\\\/2370423710\",\"https:\\\/\\\/www.youtube.com\\\/channel\\\/UCYEB91AGI9FL9ek2i_IaQAA\"]},{\"@type\":\"Person\",\"@id\":\"https:\\\/\\\/infocul.pt\\\/arquivo\\\/#\\\/schema\\\/person\\\/f243f45ae8d67639120a7586884f3abc\",\"name\":\"Redac\u00e7\u00e3o\",\"image\":{\"@type\":\"ImageObject\",\"inLanguage\":\"pt-PT\",\"@id\":\"https:\\\/\\\/secure.gravatar.com\\\/avatar\\\/151b1b76c598ab5e749407223bd6c1bad4e41c4e95de3c3df83540ebee2deaf8?s=96&d=mm&r=g\",\"url\":\"https:\\\/\\\/secure.gravatar.com\\\/avatar\\\/151b1b76c598ab5e749407223bd6c1bad4e41c4e95de3c3df83540ebee2deaf8?s=96&d=mm&r=g\",\"contentUrl\":\"https:\\\/\\\/secure.gravatar.com\\\/avatar\\\/151b1b76c598ab5e749407223bd6c1bad4e41c4e95de3c3df83540ebee2deaf8?s=96&d=mm&r=g\",\"caption\":\"Redac\u00e7\u00e3o\"}}]}<\/script>\n<!-- \/ Yoast SEO plugin. -->","yoast_head_json":{"title":"Canja \u00e0 Vila-franquense j\u00e1 \u00e9 marca registada de Vila Franca de Xira | Infocul.pt - Arquivo Digital","description":"Canja \u00e0 Vila-franquense j\u00e1 \u00e9 marca registada de Vila Franca de Xira | Infocul.pt - Arquivo Digital","robots":{"index":"noindex","follow":"follow","max-snippet":"max-snippet:-1","max-image-preview":"max-image-preview:large","max-video-preview":"max-video-preview:-1"},"og_locale":"pt_PT","og_type":"article","og_title":"Canja \u00e0 Vila-franquense j\u00e1 \u00e9 marca registada de Vila Franca de Xira | Infocul.pt - Arquivo Digital","og_description":"Canja \u00e0 Vila-franquense j\u00e1 \u00e9 marca registada de Vila Franca de Xira | Infocul.pt - Arquivo Digital","og_url":"https:\/\/infocul.pt\/arquivo\/actualidade\/canja-a-vila-franquense-ja-e-marca-registada-de-vila-franca-de-xira\/","og_site_name":"Infocul.pt - Arquivo Digital","article_publisher":"https:\/\/www.facebook.com\/Infocul-147816815585015\/","article_published_time":"2021-01-21T11:00:36+00:00","og_image":[{"width":439,"height":658,"url":"https:\/\/infocul.pt\/arquivo\/wp-content\/uploads\/2021\/01\/image008-1.jpg","type":"image\/jpeg"}],"author":"Redac\u00e7\u00e3o","twitter_card":"summary_large_image","twitter_creator":"@Infoculpt","twitter_site":"@Infoculpt","twitter_misc":{"Escrito por":"Redac\u00e7\u00e3o","Tempo estimado de leitura":"2 minutos"},"schema":{"@context":"https:\/\/schema.org","@graph":[{"@type":"Article","@id":"https:\/\/infocul.pt\/arquivo\/actualidade\/canja-a-vila-franquense-ja-e-marca-registada-de-vila-franca-de-xira\/#article","isPartOf":{"@id":"https:\/\/infocul.pt\/arquivo\/actualidade\/canja-a-vila-franquense-ja-e-marca-registada-de-vila-franca-de-xira\/"},"author":{"name":"Redac\u00e7\u00e3o","@id":"https:\/\/infocul.pt\/arquivo\/#\/schema\/person\/f243f45ae8d67639120a7586884f3abc"},"headline":"Canja \u00e0 Vila-franquense j\u00e1 \u00e9 marca registada de Vila Franca de Xira","datePublished":"2021-01-21T11:00:36+00:00","mainEntityOfPage":{"@id":"https:\/\/infocul.pt\/arquivo\/actualidade\/canja-a-vila-franquense-ja-e-marca-registada-de-vila-franca-de-xira\/"},"wordCount":271,"publisher":{"@id":"https:\/\/infocul.pt\/arquivo\/#organization"},"image":{"@id":"https:\/\/infocul.pt\/arquivo\/actualidade\/canja-a-vila-franquense-ja-e-marca-registada-de-vila-franca-de-xira\/#primaryimage"},"thumbnailUrl":"https:\/\/infocul.pt\/arquivo\/wp-content\/uploads\/2021\/01\/image008-1.jpg","articleSection":["Actualidade","Turismo"],"inLanguage":"pt-PT"},{"@type":"WebPage","@id":"https:\/\/infocul.pt\/arquivo\/actualidade\/canja-a-vila-franquense-ja-e-marca-registada-de-vila-franca-de-xira\/","url":"https:\/\/infocul.pt\/arquivo\/actualidade\/canja-a-vila-franquense-ja-e-marca-registada-de-vila-franca-de-xira\/","name":"Canja \u00e0 Vila-franquense j\u00e1 \u00e9 marca registada de Vila Franca de Xira | Infocul.pt - Arquivo Digital","isPartOf":{"@id":"https:\/\/infocul.pt\/arquivo\/#website"},"primaryImageOfPage":{"@id":"https:\/\/infocul.pt\/arquivo\/actualidade\/canja-a-vila-franquense-ja-e-marca-registada-de-vila-franca-de-xira\/#primaryimage"},"image":{"@id":"https:\/\/infocul.pt\/arquivo\/actualidade\/canja-a-vila-franquense-ja-e-marca-registada-de-vila-franca-de-xira\/#primaryimage"},"thumbnailUrl":"https:\/\/infocul.pt\/arquivo\/wp-content\/uploads\/2021\/01\/image008-1.jpg","datePublished":"2021-01-21T11:00:36+00:00","description":"Canja \u00e0 Vila-franquense j\u00e1 \u00e9 marca registada de Vila Franca de Xira | Infocul.pt - Arquivo Digital","breadcrumb":{"@id":"https:\/\/infocul.pt\/arquivo\/actualidade\/canja-a-vila-franquense-ja-e-marca-registada-de-vila-franca-de-xira\/#breadcrumb"},"inLanguage":"pt-PT","potentialAction":[{"@type":"ReadAction","target":["https:\/\/infocul.pt\/arquivo\/actualidade\/canja-a-vila-franquense-ja-e-marca-registada-de-vila-franca-de-xira\/"]}]},{"@type":"ImageObject","inLanguage":"pt-PT","@id":"https:\/\/infocul.pt\/arquivo\/actualidade\/canja-a-vila-franquense-ja-e-marca-registada-de-vila-franca-de-xira\/#primaryimage","url":"https:\/\/infocul.pt\/arquivo\/wp-content\/uploads\/2021\/01\/image008-1.jpg","contentUrl":"https:\/\/infocul.pt\/arquivo\/wp-content\/uploads\/2021\/01\/image008-1.jpg","width":439,"height":658},{"@type":"BreadcrumbList","@id":"https:\/\/infocul.pt\/arquivo\/actualidade\/canja-a-vila-franquense-ja-e-marca-registada-de-vila-franca-de-xira\/#breadcrumb","itemListElement":[{"@type":"ListItem","position":1,"name":"Home","item":"https:\/\/infocul.pt\/arquivo\/"},{"@type":"ListItem","position":2,"name":"Canja \u00e0 Vila-franquense j\u00e1 \u00e9 marca registada de Vila Franca de Xira"}]},{"@type":"WebSite","@id":"https:\/\/infocul.pt\/arquivo\/#website","url":"https:\/\/infocul.pt\/arquivo\/","name":"Infocul.pt - Arquivo Digital","description":"Arquivo digital da Infocul.pt","publisher":{"@id":"https:\/\/infocul.pt\/arquivo\/#organization"},"potentialAction":[{"@type":"SearchAction","target":{"@type":"EntryPoint","urlTemplate":"https:\/\/infocul.pt\/arquivo\/?s={search_term_string}"},"query-input":{"@type":"PropertyValueSpecification","valueRequired":true,"valueName":"search_term_string"}}],"inLanguage":"pt-PT"},{"@type":"Organization","@id":"https:\/\/infocul.pt\/arquivo\/#organization","name":"Infocul.pt","url":"https:\/\/infocul.pt\/arquivo\/","logo":{"@type":"ImageObject","inLanguage":"pt-PT","@id":"https:\/\/infocul.pt\/arquivo\/#\/schema\/logo\/image\/","url":"https:\/\/infocul.pt\/arquivo\/wp-content\/uploads\/2018\/12\/Infocul_logo-1.png","contentUrl":"https:\/\/infocul.pt\/arquivo\/wp-content\/uploads\/2018\/12\/Infocul_logo-1.png","width":800,"height":800,"caption":"Infocul.pt"},"image":{"@id":"https:\/\/infocul.pt\/arquivo\/#\/schema\/logo\/image\/"},"sameAs":["https:\/\/www.facebook.com\/Infocul-147816815585015\/","https:\/\/x.com\/Infoculpt","http:\/\/www.pictaram.com\/user\/infocul.pt\/2370423710","https:\/\/www.youtube.com\/channel\/UCYEB91AGI9FL9ek2i_IaQAA"]},{"@type":"Person","@id":"https:\/\/infocul.pt\/arquivo\/#\/schema\/person\/f243f45ae8d67639120a7586884f3abc","name":"Redac\u00e7\u00e3o","image":{"@type":"ImageObject","inLanguage":"pt-PT","@id":"https:\/\/secure.gravatar.com\/avatar\/151b1b76c598ab5e749407223bd6c1bad4e41c4e95de3c3df83540ebee2deaf8?s=96&d=mm&r=g","url":"https:\/\/secure.gravatar.com\/avatar\/151b1b76c598ab5e749407223bd6c1bad4e41c4e95de3c3df83540ebee2deaf8?s=96&d=mm&r=g","contentUrl":"https:\/\/secure.gravatar.com\/avatar\/151b1b76c598ab5e749407223bd6c1bad4e41c4e95de3c3df83540ebee2deaf8?s=96&d=mm&r=g","caption":"Redac\u00e7\u00e3o"}}]}},"_links":{"self":[{"href":"https:\/\/infocul.pt\/arquivo\/wp-json\/wp\/v2\/posts\/89496","targetHints":{"allow":["GET"]}}],"collection":[{"href":"https:\/\/infocul.pt\/arquivo\/wp-json\/wp\/v2\/posts"}],"about":[{"href":"https:\/\/infocul.pt\/arquivo\/wp-json\/wp\/v2\/types\/post"}],"author":[{"embeddable":true,"href":"https:\/\/infocul.pt\/arquivo\/wp-json\/wp\/v2\/users\/13"}],"replies":[{"embeddable":true,"href":"https:\/\/infocul.pt\/arquivo\/wp-json\/wp\/v2\/comments?post=89496"}],"version-history":[{"count":0,"href":"https:\/\/infocul.pt\/arquivo\/wp-json\/wp\/v2\/posts\/89496\/revisions"}],"wp:featuredmedia":[{"embeddable":true,"href":"https:\/\/infocul.pt\/arquivo\/wp-json\/wp\/v2\/media\/89497"}],"wp:attachment":[{"href":"https:\/\/infocul.pt\/arquivo\/wp-json\/wp\/v2\/media?parent=89496"}],"wp:term":[{"taxonomy":"category","embeddable":true,"href":"https:\/\/infocul.pt\/arquivo\/wp-json\/wp\/v2\/categories?post=89496"},{"taxonomy":"post_tag","embeddable":true,"href":"https:\/\/infocul.pt\/arquivo\/wp-json\/wp\/v2\/tags?post=89496"}],"curies":[{"name":"wp","href":"https:\/\/api.w.org\/{rel}","templated":true}]}}