{"id":89517,"date":"2021-01-21T13:58:56","date_gmt":"2021-01-21T13:58:56","guid":{"rendered":"https:\/\/infocul.pt\/?p=89517"},"modified":"2021-01-21T13:58:56","modified_gmt":"2021-01-21T13:58:56","slug":"tony-carreira-apoia-se-em-fernanda-antunes-e-nos-filhos-para-suportar-a-dor-pela-morte-de-sara-carreira","status":"publish","type":"post","link":"https:\/\/infocul.pt\/arquivo\/actualidade\/tony-carreira-apoia-se-em-fernanda-antunes-e-nos-filhos-para-suportar-a-dor-pela-morte-de-sara-carreira\/","title":{"rendered":"Tony Carreira apoia-se em Fernanda Antunes e nos filhos para suportar a dor pela morte de Sara Carreira"},"content":{"rendered":"<p><img decoding=\"async\" class=\"aligncenter wp-image-88323 size-full lazyload\" data-src=\"https:\/\/infocul.pt\/arquivo\/wp-content\/uploads\/2020\/12\/tony.jpg\" alt=\"\" width=\"960\" height=\"640\" data-srcset=\"https:\/\/infocul.pt\/arquivo\/wp-content\/uploads\/2020\/12\/tony.jpg 960w, https:\/\/infocul.pt\/arquivo\/wp-content\/uploads\/2020\/12\/tony-300x200.jpg 300w, https:\/\/infocul.pt\/arquivo\/wp-content\/uploads\/2020\/12\/tony-768x512.jpg 768w\" data-sizes=\"(max-width: 960px) 100vw, 960px\" src=\"data:image\/svg+xml;base64,PHN2ZyB3aWR0aD0iMSIgaGVpZ2h0PSIxIiB4bWxucz0iaHR0cDovL3d3dy53My5vcmcvMjAwMC9zdmciPjwvc3ZnPg==\" style=\"--smush-placeholder-width: 960px; --smush-placeholder-aspect-ratio: 960\/640;\" \/><\/p>\n<p>Tony Carreira tem sofrido bastante desde a morte da filha Sara Carreira.<!--more--><\/p>\n<p>O seu grande apoio tem sido a ex-mulher, Fernanda Antunes, e os dois filhos: Mickael e David Carreira.<\/p>\n<p>Ap\u00f3s ter surgido na missa de primeiro m\u00eas, com a barba grande e o cabelo maior que o habitual, Tony tem-se apoiado na fam\u00edlia.<\/p>\n<p>Desmarcou o concerto de natal e n\u00e3o se sabe quando regressa aos palcos.<\/p>\n<p>Entretanto, Ivo Lucas, regressou \u00e0s grava\u00e7\u00f5es da novela Amor Amor, da SIC.<\/p>\n<p>O namorado de Sara Carreira \u201cest\u00e1 muito abalado\u201d, segundo fonte da produtora \u00e0 TV Guia.<\/p>\n<p>\u00c9 ainda revelado que \u201cn\u00e3o foram pedidas nenhumas justifica\u00e7\u00f5es\u201d a Ivo Lucas pela fam\u00edlia Carreira.<\/p>\n<p>Recordar que Sara morreu num acidente de via\u00e7\u00e3o a 5 de Dezembro, na A1.<\/p>\n<p>Ivo Lucas era o condutor do carro.<\/p>\n","protected":false},"excerpt":{"rendered":"<p>Tony Carreira tem sofrido bastante desde a morte da filha Sara Carreira.<\/p>\n","protected":false},"author":13,"featured_media":88323,"comment_status":"closed","ping_status":"closed","sticky":false,"template":"","format":"standard","meta":{"footnotes":""},"categories":[10,15],"tags":[],"class_list":["post-89517","post","type-post","status-publish","format-standard","has-post-thumbnail","hentry","category-actualidade","category-social-e-lifestyle"],"yoast_head":"<!-- This site is optimized with the Yoast SEO plugin v27.4 - https:\/\/yoast.com\/product\/yoast-seo-wordpress\/ -->\n<title>Tony Carreira apoia-se em Fernanda Antunes e nos filhos para suportar a dor pela morte de Sara Carreira | Infocul.pt - Arquivo Digital<\/title>\n<meta name=\"description\" content=\"Tony Carreira apoia-se em Fernanda Antunes e nos filhos para suportar a dor pela morte de Sara Carreira | Infocul.pt - Arquivo Digital\" \/>\n<meta name=\"robots\" content=\"noindex, follow, max-snippet:-1, max-image-preview:large, max-video-preview:-1\" \/>\n<meta property=\"og:locale\" content=\"pt_PT\" \/>\n<meta property=\"og:type\" content=\"article\" \/>\n<meta property=\"og:title\" content=\"Tony Carreira apoia-se em Fernanda Antunes e nos filhos para suportar a dor pela morte de Sara Carreira | Infocul.pt - Arquivo Digital\" \/>\n<meta property=\"og:description\" content=\"Tony Carreira apoia-se em Fernanda Antunes e nos filhos para suportar a dor pela morte de Sara Carreira | Infocul.pt - Arquivo Digital\" \/>\n<meta property=\"og:url\" content=\"https:\/\/infocul.pt\/arquivo\/actualidade\/tony-carreira-apoia-se-em-fernanda-antunes-e-nos-filhos-para-suportar-a-dor-pela-morte-de-sara-carreira\/\" \/>\n<meta property=\"og:site_name\" content=\"Infocul.pt - Arquivo Digital\" \/>\n<meta property=\"article:publisher\" content=\"https:\/\/www.facebook.com\/Infocul-147816815585015\/\" \/>\n<meta property=\"article:published_time\" content=\"2021-01-21T13:58:56+00:00\" \/>\n<meta property=\"og:image\" content=\"https:\/\/infocul.pt\/arquivo\/wp-content\/uploads\/2020\/12\/tony.jpg\" \/>\n\t<meta property=\"og:image:width\" content=\"960\" \/>\n\t<meta property=\"og:image:height\" content=\"640\" \/>\n\t<meta property=\"og:image:type\" content=\"image\/jpeg\" \/>\n<meta name=\"author\" content=\"Redac\u00e7\u00e3o\" \/>\n<meta name=\"twitter:card\" content=\"summary_large_image\" \/>\n<meta name=\"twitter:creator\" content=\"@Infoculpt\" \/>\n<meta name=\"twitter:site\" content=\"@Infoculpt\" \/>\n<meta name=\"twitter:label1\" content=\"Escrito por\" \/>\n\t<meta name=\"twitter:data1\" content=\"Redac\u00e7\u00e3o\" \/>\n\t<meta name=\"twitter:label2\" content=\"Tempo estimado de leitura\" \/>\n\t<meta name=\"twitter:data2\" content=\"1 minuto\" \/>\n<script type=\"application\/ld+json\" class=\"yoast-schema-graph\">{\"@context\":\"https:\\\/\\\/schema.org\",\"@graph\":[{\"@type\":\"Article\",\"@id\":\"https:\\\/\\\/infocul.pt\\\/arquivo\\\/actualidade\\\/tony-carreira-apoia-se-em-fernanda-antunes-e-nos-filhos-para-suportar-a-dor-pela-morte-de-sara-carreira\\\/#article\",\"isPartOf\":{\"@id\":\"https:\\\/\\\/infocul.pt\\\/arquivo\\\/actualidade\\\/tony-carreira-apoia-se-em-fernanda-antunes-e-nos-filhos-para-suportar-a-dor-pela-morte-de-sara-carreira\\\/\"},\"author\":{\"name\":\"Redac\u00e7\u00e3o\",\"@id\":\"https:\\\/\\\/infocul.pt\\\/arquivo\\\/#\\\/schema\\\/person\\\/f243f45ae8d67639120a7586884f3abc\"},\"headline\":\"Tony Carreira apoia-se em Fernanda Antunes e nos filhos para suportar a dor pela morte de Sara Carreira\",\"datePublished\":\"2021-01-21T13:58:56+00:00\",\"mainEntityOfPage\":{\"@id\":\"https:\\\/\\\/infocul.pt\\\/arquivo\\\/actualidade\\\/tony-carreira-apoia-se-em-fernanda-antunes-e-nos-filhos-para-suportar-a-dor-pela-morte-de-sara-carreira\\\/\"},\"wordCount\":154,\"publisher\":{\"@id\":\"https:\\\/\\\/infocul.pt\\\/arquivo\\\/#organization\"},\"image\":{\"@id\":\"https:\\\/\\\/infocul.pt\\\/arquivo\\\/actualidade\\\/tony-carreira-apoia-se-em-fernanda-antunes-e-nos-filhos-para-suportar-a-dor-pela-morte-de-sara-carreira\\\/#primaryimage\"},\"thumbnailUrl\":\"https:\\\/\\\/infocul.pt\\\/arquivo\\\/wp-content\\\/uploads\\\/2020\\\/12\\\/tony.jpg\",\"articleSection\":[\"Actualidade\",\"Social &amp; LifeStyle\"],\"inLanguage\":\"pt-PT\"},{\"@type\":\"WebPage\",\"@id\":\"https:\\\/\\\/infocul.pt\\\/arquivo\\\/actualidade\\\/tony-carreira-apoia-se-em-fernanda-antunes-e-nos-filhos-para-suportar-a-dor-pela-morte-de-sara-carreira\\\/\",\"url\":\"https:\\\/\\\/infocul.pt\\\/arquivo\\\/actualidade\\\/tony-carreira-apoia-se-em-fernanda-antunes-e-nos-filhos-para-suportar-a-dor-pela-morte-de-sara-carreira\\\/\",\"name\":\"Tony Carreira apoia-se em Fernanda Antunes e nos filhos para suportar a dor pela morte de Sara Carreira | Infocul.pt - Arquivo Digital\",\"isPartOf\":{\"@id\":\"https:\\\/\\\/infocul.pt\\\/arquivo\\\/#website\"},\"primaryImageOfPage\":{\"@id\":\"https:\\\/\\\/infocul.pt\\\/arquivo\\\/actualidade\\\/tony-carreira-apoia-se-em-fernanda-antunes-e-nos-filhos-para-suportar-a-dor-pela-morte-de-sara-carreira\\\/#primaryimage\"},\"image\":{\"@id\":\"https:\\\/\\\/infocul.pt\\\/arquivo\\\/actualidade\\\/tony-carreira-apoia-se-em-fernanda-antunes-e-nos-filhos-para-suportar-a-dor-pela-morte-de-sara-carreira\\\/#primaryimage\"},\"thumbnailUrl\":\"https:\\\/\\\/infocul.pt\\\/arquivo\\\/wp-content\\\/uploads\\\/2020\\\/12\\\/tony.jpg\",\"datePublished\":\"2021-01-21T13:58:56+00:00\",\"description\":\"Tony Carreira apoia-se em Fernanda Antunes e nos filhos para suportar a dor pela morte de Sara Carreira | Infocul.pt - Arquivo Digital\",\"breadcrumb\":{\"@id\":\"https:\\\/\\\/infocul.pt\\\/arquivo\\\/actualidade\\\/tony-carreira-apoia-se-em-fernanda-antunes-e-nos-filhos-para-suportar-a-dor-pela-morte-de-sara-carreira\\\/#breadcrumb\"},\"inLanguage\":\"pt-PT\",\"potentialAction\":[{\"@type\":\"ReadAction\",\"target\":[\"https:\\\/\\\/infocul.pt\\\/arquivo\\\/actualidade\\\/tony-carreira-apoia-se-em-fernanda-antunes-e-nos-filhos-para-suportar-a-dor-pela-morte-de-sara-carreira\\\/\"]}]},{\"@type\":\"ImageObject\",\"inLanguage\":\"pt-PT\",\"@id\":\"https:\\\/\\\/infocul.pt\\\/arquivo\\\/actualidade\\\/tony-carreira-apoia-se-em-fernanda-antunes-e-nos-filhos-para-suportar-a-dor-pela-morte-de-sara-carreira\\\/#primaryimage\",\"url\":\"https:\\\/\\\/infocul.pt\\\/arquivo\\\/wp-content\\\/uploads\\\/2020\\\/12\\\/tony.jpg\",\"contentUrl\":\"https:\\\/\\\/infocul.pt\\\/arquivo\\\/wp-content\\\/uploads\\\/2020\\\/12\\\/tony.jpg\",\"width\":960,\"height\":640},{\"@type\":\"BreadcrumbList\",\"@id\":\"https:\\\/\\\/infocul.pt\\\/arquivo\\\/actualidade\\\/tony-carreira-apoia-se-em-fernanda-antunes-e-nos-filhos-para-suportar-a-dor-pela-morte-de-sara-carreira\\\/#breadcrumb\",\"itemListElement\":[{\"@type\":\"ListItem\",\"position\":1,\"name\":\"Home\",\"item\":\"https:\\\/\\\/infocul.pt\\\/arquivo\\\/\"},{\"@type\":\"ListItem\",\"position\":2,\"name\":\"Tony Carreira apoia-se em Fernanda Antunes e nos filhos para suportar a dor pela morte de Sara Carreira\"}]},{\"@type\":\"WebSite\",\"@id\":\"https:\\\/\\\/infocul.pt\\\/arquivo\\\/#website\",\"url\":\"https:\\\/\\\/infocul.pt\\\/arquivo\\\/\",\"name\":\"Infocul.pt - Arquivo Digital\",\"description\":\"Arquivo digital da Infocul.pt\",\"publisher\":{\"@id\":\"https:\\\/\\\/infocul.pt\\\/arquivo\\\/#organization\"},\"potentialAction\":[{\"@type\":\"SearchAction\",\"target\":{\"@type\":\"EntryPoint\",\"urlTemplate\":\"https:\\\/\\\/infocul.pt\\\/arquivo\\\/?s={search_term_string}\"},\"query-input\":{\"@type\":\"PropertyValueSpecification\",\"valueRequired\":true,\"valueName\":\"search_term_string\"}}],\"inLanguage\":\"pt-PT\"},{\"@type\":\"Organization\",\"@id\":\"https:\\\/\\\/infocul.pt\\\/arquivo\\\/#organization\",\"name\":\"Infocul.pt\",\"url\":\"https:\\\/\\\/infocul.pt\\\/arquivo\\\/\",\"logo\":{\"@type\":\"ImageObject\",\"inLanguage\":\"pt-PT\",\"@id\":\"https:\\\/\\\/infocul.pt\\\/arquivo\\\/#\\\/schema\\\/logo\\\/image\\\/\",\"url\":\"https:\\\/\\\/infocul.pt\\\/arquivo\\\/wp-content\\\/uploads\\\/2018\\\/12\\\/Infocul_logo-1.png\",\"contentUrl\":\"https:\\\/\\\/infocul.pt\\\/arquivo\\\/wp-content\\\/uploads\\\/2018\\\/12\\\/Infocul_logo-1.png\",\"width\":800,\"height\":800,\"caption\":\"Infocul.pt\"},\"image\":{\"@id\":\"https:\\\/\\\/infocul.pt\\\/arquivo\\\/#\\\/schema\\\/logo\\\/image\\\/\"},\"sameAs\":[\"https:\\\/\\\/www.facebook.com\\\/Infocul-147816815585015\\\/\",\"https:\\\/\\\/x.com\\\/Infoculpt\",\"http:\\\/\\\/www.pictaram.com\\\/user\\\/infocul.pt\\\/2370423710\",\"https:\\\/\\\/www.youtube.com\\\/channel\\\/UCYEB91AGI9FL9ek2i_IaQAA\"]},{\"@type\":\"Person\",\"@id\":\"https:\\\/\\\/infocul.pt\\\/arquivo\\\/#\\\/schema\\\/person\\\/f243f45ae8d67639120a7586884f3abc\",\"name\":\"Redac\u00e7\u00e3o\",\"image\":{\"@type\":\"ImageObject\",\"inLanguage\":\"pt-PT\",\"@id\":\"https:\\\/\\\/secure.gravatar.com\\\/avatar\\\/151b1b76c598ab5e749407223bd6c1bad4e41c4e95de3c3df83540ebee2deaf8?s=96&d=mm&r=g\",\"url\":\"https:\\\/\\\/secure.gravatar.com\\\/avatar\\\/151b1b76c598ab5e749407223bd6c1bad4e41c4e95de3c3df83540ebee2deaf8?s=96&d=mm&r=g\",\"contentUrl\":\"https:\\\/\\\/secure.gravatar.com\\\/avatar\\\/151b1b76c598ab5e749407223bd6c1bad4e41c4e95de3c3df83540ebee2deaf8?s=96&d=mm&r=g\",\"caption\":\"Redac\u00e7\u00e3o\"}}]}<\/script>\n<!-- \/ Yoast SEO plugin. -->","yoast_head_json":{"title":"Tony Carreira apoia-se em Fernanda Antunes e nos filhos para suportar a dor pela morte de Sara Carreira | Infocul.pt - Arquivo Digital","description":"Tony Carreira apoia-se em Fernanda Antunes e nos filhos para suportar a dor pela morte de Sara Carreira | Infocul.pt - Arquivo Digital","robots":{"index":"noindex","follow":"follow","max-snippet":"max-snippet:-1","max-image-preview":"max-image-preview:large","max-video-preview":"max-video-preview:-1"},"og_locale":"pt_PT","og_type":"article","og_title":"Tony Carreira apoia-se em Fernanda Antunes e nos filhos para suportar a dor pela morte de Sara Carreira | Infocul.pt - Arquivo Digital","og_description":"Tony Carreira apoia-se em Fernanda Antunes e nos filhos para suportar a dor pela morte de Sara Carreira | Infocul.pt - Arquivo Digital","og_url":"https:\/\/infocul.pt\/arquivo\/actualidade\/tony-carreira-apoia-se-em-fernanda-antunes-e-nos-filhos-para-suportar-a-dor-pela-morte-de-sara-carreira\/","og_site_name":"Infocul.pt - Arquivo Digital","article_publisher":"https:\/\/www.facebook.com\/Infocul-147816815585015\/","article_published_time":"2021-01-21T13:58:56+00:00","og_image":[{"width":960,"height":640,"url":"https:\/\/infocul.pt\/arquivo\/wp-content\/uploads\/2020\/12\/tony.jpg","type":"image\/jpeg"}],"author":"Redac\u00e7\u00e3o","twitter_card":"summary_large_image","twitter_creator":"@Infoculpt","twitter_site":"@Infoculpt","twitter_misc":{"Escrito por":"Redac\u00e7\u00e3o","Tempo estimado de leitura":"1 minuto"},"schema":{"@context":"https:\/\/schema.org","@graph":[{"@type":"Article","@id":"https:\/\/infocul.pt\/arquivo\/actualidade\/tony-carreira-apoia-se-em-fernanda-antunes-e-nos-filhos-para-suportar-a-dor-pela-morte-de-sara-carreira\/#article","isPartOf":{"@id":"https:\/\/infocul.pt\/arquivo\/actualidade\/tony-carreira-apoia-se-em-fernanda-antunes-e-nos-filhos-para-suportar-a-dor-pela-morte-de-sara-carreira\/"},"author":{"name":"Redac\u00e7\u00e3o","@id":"https:\/\/infocul.pt\/arquivo\/#\/schema\/person\/f243f45ae8d67639120a7586884f3abc"},"headline":"Tony Carreira apoia-se em Fernanda Antunes e nos filhos para suportar a dor pela morte de Sara Carreira","datePublished":"2021-01-21T13:58:56+00:00","mainEntityOfPage":{"@id":"https:\/\/infocul.pt\/arquivo\/actualidade\/tony-carreira-apoia-se-em-fernanda-antunes-e-nos-filhos-para-suportar-a-dor-pela-morte-de-sara-carreira\/"},"wordCount":154,"publisher":{"@id":"https:\/\/infocul.pt\/arquivo\/#organization"},"image":{"@id":"https:\/\/infocul.pt\/arquivo\/actualidade\/tony-carreira-apoia-se-em-fernanda-antunes-e-nos-filhos-para-suportar-a-dor-pela-morte-de-sara-carreira\/#primaryimage"},"thumbnailUrl":"https:\/\/infocul.pt\/arquivo\/wp-content\/uploads\/2020\/12\/tony.jpg","articleSection":["Actualidade","Social &amp; LifeStyle"],"inLanguage":"pt-PT"},{"@type":"WebPage","@id":"https:\/\/infocul.pt\/arquivo\/actualidade\/tony-carreira-apoia-se-em-fernanda-antunes-e-nos-filhos-para-suportar-a-dor-pela-morte-de-sara-carreira\/","url":"https:\/\/infocul.pt\/arquivo\/actualidade\/tony-carreira-apoia-se-em-fernanda-antunes-e-nos-filhos-para-suportar-a-dor-pela-morte-de-sara-carreira\/","name":"Tony Carreira apoia-se em Fernanda Antunes e nos filhos para suportar a dor pela morte de Sara Carreira | Infocul.pt - Arquivo Digital","isPartOf":{"@id":"https:\/\/infocul.pt\/arquivo\/#website"},"primaryImageOfPage":{"@id":"https:\/\/infocul.pt\/arquivo\/actualidade\/tony-carreira-apoia-se-em-fernanda-antunes-e-nos-filhos-para-suportar-a-dor-pela-morte-de-sara-carreira\/#primaryimage"},"image":{"@id":"https:\/\/infocul.pt\/arquivo\/actualidade\/tony-carreira-apoia-se-em-fernanda-antunes-e-nos-filhos-para-suportar-a-dor-pela-morte-de-sara-carreira\/#primaryimage"},"thumbnailUrl":"https:\/\/infocul.pt\/arquivo\/wp-content\/uploads\/2020\/12\/tony.jpg","datePublished":"2021-01-21T13:58:56+00:00","description":"Tony Carreira apoia-se em Fernanda Antunes e nos filhos para suportar a dor pela morte de Sara Carreira | Infocul.pt - Arquivo Digital","breadcrumb":{"@id":"https:\/\/infocul.pt\/arquivo\/actualidade\/tony-carreira-apoia-se-em-fernanda-antunes-e-nos-filhos-para-suportar-a-dor-pela-morte-de-sara-carreira\/#breadcrumb"},"inLanguage":"pt-PT","potentialAction":[{"@type":"ReadAction","target":["https:\/\/infocul.pt\/arquivo\/actualidade\/tony-carreira-apoia-se-em-fernanda-antunes-e-nos-filhos-para-suportar-a-dor-pela-morte-de-sara-carreira\/"]}]},{"@type":"ImageObject","inLanguage":"pt-PT","@id":"https:\/\/infocul.pt\/arquivo\/actualidade\/tony-carreira-apoia-se-em-fernanda-antunes-e-nos-filhos-para-suportar-a-dor-pela-morte-de-sara-carreira\/#primaryimage","url":"https:\/\/infocul.pt\/arquivo\/wp-content\/uploads\/2020\/12\/tony.jpg","contentUrl":"https:\/\/infocul.pt\/arquivo\/wp-content\/uploads\/2020\/12\/tony.jpg","width":960,"height":640},{"@type":"BreadcrumbList","@id":"https:\/\/infocul.pt\/arquivo\/actualidade\/tony-carreira-apoia-se-em-fernanda-antunes-e-nos-filhos-para-suportar-a-dor-pela-morte-de-sara-carreira\/#breadcrumb","itemListElement":[{"@type":"ListItem","position":1,"name":"Home","item":"https:\/\/infocul.pt\/arquivo\/"},{"@type":"ListItem","position":2,"name":"Tony Carreira apoia-se em Fernanda Antunes e nos filhos para suportar a dor pela morte de Sara Carreira"}]},{"@type":"WebSite","@id":"https:\/\/infocul.pt\/arquivo\/#website","url":"https:\/\/infocul.pt\/arquivo\/","name":"Infocul.pt - Arquivo Digital","description":"Arquivo digital da Infocul.pt","publisher":{"@id":"https:\/\/infocul.pt\/arquivo\/#organization"},"potentialAction":[{"@type":"SearchAction","target":{"@type":"EntryPoint","urlTemplate":"https:\/\/infocul.pt\/arquivo\/?s={search_term_string}"},"query-input":{"@type":"PropertyValueSpecification","valueRequired":true,"valueName":"search_term_string"}}],"inLanguage":"pt-PT"},{"@type":"Organization","@id":"https:\/\/infocul.pt\/arquivo\/#organization","name":"Infocul.pt","url":"https:\/\/infocul.pt\/arquivo\/","logo":{"@type":"ImageObject","inLanguage":"pt-PT","@id":"https:\/\/infocul.pt\/arquivo\/#\/schema\/logo\/image\/","url":"https:\/\/infocul.pt\/arquivo\/wp-content\/uploads\/2018\/12\/Infocul_logo-1.png","contentUrl":"https:\/\/infocul.pt\/arquivo\/wp-content\/uploads\/2018\/12\/Infocul_logo-1.png","width":800,"height":800,"caption":"Infocul.pt"},"image":{"@id":"https:\/\/infocul.pt\/arquivo\/#\/schema\/logo\/image\/"},"sameAs":["https:\/\/www.facebook.com\/Infocul-147816815585015\/","https:\/\/x.com\/Infoculpt","http:\/\/www.pictaram.com\/user\/infocul.pt\/2370423710","https:\/\/www.youtube.com\/channel\/UCYEB91AGI9FL9ek2i_IaQAA"]},{"@type":"Person","@id":"https:\/\/infocul.pt\/arquivo\/#\/schema\/person\/f243f45ae8d67639120a7586884f3abc","name":"Redac\u00e7\u00e3o","image":{"@type":"ImageObject","inLanguage":"pt-PT","@id":"https:\/\/secure.gravatar.com\/avatar\/151b1b76c598ab5e749407223bd6c1bad4e41c4e95de3c3df83540ebee2deaf8?s=96&d=mm&r=g","url":"https:\/\/secure.gravatar.com\/avatar\/151b1b76c598ab5e749407223bd6c1bad4e41c4e95de3c3df83540ebee2deaf8?s=96&d=mm&r=g","contentUrl":"https:\/\/secure.gravatar.com\/avatar\/151b1b76c598ab5e749407223bd6c1bad4e41c4e95de3c3df83540ebee2deaf8?s=96&d=mm&r=g","caption":"Redac\u00e7\u00e3o"}}]}},"_links":{"self":[{"href":"https:\/\/infocul.pt\/arquivo\/wp-json\/wp\/v2\/posts\/89517","targetHints":{"allow":["GET"]}}],"collection":[{"href":"https:\/\/infocul.pt\/arquivo\/wp-json\/wp\/v2\/posts"}],"about":[{"href":"https:\/\/infocul.pt\/arquivo\/wp-json\/wp\/v2\/types\/post"}],"author":[{"embeddable":true,"href":"https:\/\/infocul.pt\/arquivo\/wp-json\/wp\/v2\/users\/13"}],"replies":[{"embeddable":true,"href":"https:\/\/infocul.pt\/arquivo\/wp-json\/wp\/v2\/comments?post=89517"}],"version-history":[{"count":0,"href":"https:\/\/infocul.pt\/arquivo\/wp-json\/wp\/v2\/posts\/89517\/revisions"}],"wp:featuredmedia":[{"embeddable":true,"href":"https:\/\/infocul.pt\/arquivo\/wp-json\/wp\/v2\/media\/88323"}],"wp:attachment":[{"href":"https:\/\/infocul.pt\/arquivo\/wp-json\/wp\/v2\/media?parent=89517"}],"wp:term":[{"taxonomy":"category","embeddable":true,"href":"https:\/\/infocul.pt\/arquivo\/wp-json\/wp\/v2\/categories?post=89517"},{"taxonomy":"post_tag","embeddable":true,"href":"https:\/\/infocul.pt\/arquivo\/wp-json\/wp\/v2\/tags?post=89517"}],"curies":[{"name":"wp","href":"https:\/\/api.w.org\/{rel}","templated":true}]}}