{"id":89535,"date":"2021-01-21T16:07:23","date_gmt":"2021-01-21T16:07:23","guid":{"rendered":"https:\/\/infocul.pt\/?p=89535"},"modified":"2021-01-21T16:07:23","modified_gmt":"2021-01-21T16:07:23","slug":"covid-19-marcelo-rebelo-de-sousa-defende-que-novas-circunstancias-justificam-a-decisao-do-governo-de-encerrar-as-escolas","status":"publish","type":"post","link":"https:\/\/infocul.pt\/arquivo\/actualidade\/covid-19-marcelo-rebelo-de-sousa-defende-que-novas-circunstancias-justificam-a-decisao-do-governo-de-encerrar-as-escolas\/","title":{"rendered":"COVID-19: Marcelo Rebelo de Sousa defende que novas circunst\u00e2ncias justificam a decis\u00e3o do Governo de encerrar as escolas"},"content":{"rendered":"<p><img decoding=\"async\" class=\"aligncenter wp-image-6541 size-full lazyload\" data-src=\"https:\/\/infocul.pt\/arquivo\/wp-content\/uploads\/2016\/04\/Marcelo-Rebelo-de-Sousa-04.jpg\" alt=\"\" width=\"600\" height=\"400\" data-srcset=\"https:\/\/infocul.pt\/arquivo\/wp-content\/uploads\/2016\/04\/Marcelo-Rebelo-de-Sousa-04.jpg 600w, https:\/\/infocul.pt\/arquivo\/wp-content\/uploads\/2016\/04\/Marcelo-Rebelo-de-Sousa-04-300x200.jpg 300w, https:\/\/infocul.pt\/arquivo\/wp-content\/uploads\/2016\/04\/Marcelo-Rebelo-de-Sousa-04-272x182.jpg 272w\" data-sizes=\"(max-width: 600px) 100vw, 600px\" src=\"data:image\/svg+xml;base64,PHN2ZyB3aWR0aD0iMSIgaGVpZ2h0PSIxIiB4bWxucz0iaHR0cDovL3d3dy53My5vcmcvMjAwMC9zdmciPjwvc3ZnPg==\" style=\"--smush-placeholder-width: 600px; --smush-placeholder-aspect-ratio: 600\/400;\" \/><\/p>\n<p>O Presidente da Rep\u00fablica e recandidato ao cargo defendeu hoje que novas circunst\u00e2ncias justificam a decis\u00e3o do Governo de encerrar as escolas, apontando como fator decisivo a propaga\u00e7\u00e3o da &#8220;variante brit\u00e2nica&#8221; do novo coronav\u00edrus.<!--more--><\/p>\n<p class=\"text-paragraph\">&#8220;A minha rea\u00e7\u00e3o \u00e9 a de entender que h\u00e1 um conjunto de circunst\u00e2ncias novas que justificam a decis\u00e3o do Governo&#8221;, declarou Marcelo Rebelo de Sousa aos jornalistas, no final de uma visita \u00e0s instala\u00e7\u00f5es do grupo Salvador Caetano, do setor autom\u00f3vel, em Vila Nova de Gaia, no distrito do Porto.<\/p>\n<p class=\"text-paragraph\">Questionado se 15 dias de encerramento das escolas s\u00e3o suficientes, respondeu: &#8220;Quando o Governo decide 15 dias \u00e9 nitidamente para tentar encontrar um equil\u00edbrio entre a necessidade de fechar devido \u00e0 progress\u00e3o acelerada da pandemia e a preocupa\u00e7\u00e3o de n\u00e3o estragar o ano letivo&#8221;.<\/p>\n<p class=\"text-paragraph\">&#8220;Como quem diz: daqui a quinze vamos ponderar. E faz sentido, porque o estado de emerg\u00eancia vai ser renovado certamente dentro de dias por 15 dias, portanto, faz sentido que coincida, &#8216;grosso modo&#8217;, esta medida com a medida da renova\u00e7\u00e3o&#8221;, considerou.<\/p>\n<p class=\"text-paragraph\">Interrogado se h\u00e1 condi\u00e7\u00f5es para serem retomadas as aulas \u00e0 dist\u00e2ncia, Marcelo Rebelo de Sousa declarou: &#8220;Vamos ver. Cada caso \u00e9 um caso. O ensino superior \u00e9 um caso que est\u00e1 em avalia\u00e7\u00e3o, a situa\u00e7\u00e3o no pr\u00e9-escolar e nalguns ciclos do b\u00e1sico \u00e9 uma, noutro ciclo do b\u00e1sico, o terceiro, e no secund\u00e1rio poder\u00e1 ser outra.&#8221;<\/p>\n<p class=\"text-paragraph\">&#8220;\u00c9 uma quest\u00e3o que vai ter de ser ponderada, como foi ponderada quando houve que fechar [as escolas] da primeira vez&#8221;, acrescentou.<\/p>\n<p class=\"text-paragraph\">Ainda antes de reagir ao an\u00fancio feito pelo primeiro-ministro, Ant\u00f3nio Costa, de que o decretou o fecho das escolas de todos os n\u00edveis de ensino durante 15 dias, para tentar contar a propaga\u00e7\u00e3o da covid-19, o chefe de Estado referiu que em Portugal, &#8220;como em todos os pa\u00edses&#8221;, as medidas est\u00e3o a ser adotadas &#8220;em fun\u00e7\u00e3o da evolu\u00e7\u00e3o dos acontecimentos&#8221;.<\/p>\n<p class=\"text-paragraph\">&#8220;E h\u00e1 dados hoje que se conhecem, nomeadamente quanto \u00e0 variante brit\u00e2nica, que permitem tomar medidas que, se n\u00e3o houvesse essa evolu\u00e7\u00e3o, se n\u00e3o houvesse esses dados, provavelmente n\u00e3o teriam sido tomadas&#8221;, sustentou.<\/p>\n<p class=\"text-paragraph\">Marcelo Rebelo de Sousa disse que &#8220;a ideia era salvar o mais poss\u00edvel letivo&#8221;, porque &#8220;j\u00e1 foi atropelado um ano letivo, novo ano letivo atropelado s\u00e3o milhares e milhares e milhares de crian\u00e7as e jovens&#8221;.<\/p>\n<p class=\"text-paragraph\">Segundo o Presidente da Rep\u00fablica e candidato presidencial, &#8220;durante muito tempo&#8221; as escolas &#8220;n\u00e3o eram um problema&#8221;, mas o seu encerramento passou a &#8220;ter de ser equacionado&#8221; pelo Governo &#8220;a partir do momento em que h\u00e1 novos dados&#8221;.<\/p>\n<p class=\"text-paragraph\">&#8220;A situa\u00e7\u00e3o entre a sociedade e as escolas, a infe\u00e7\u00e3o levada da sociedade para as escolas cria condi\u00e7\u00f5es novas que obrigam a decis\u00f5es novas&#8221;, argumentou.<\/p>\n<p class=\"text-paragraph\">Em Portugal, j\u00e1 morreram 9.686 doentes com covid-19 e foram contabilizados at\u00e9 agora mais de 595 mil casos de infe\u00e7\u00e3o, de acordo com a Dire\u00e7\u00e3o-Geral da Sa\u00fade (DGS).<\/p>\n<p>Texto: Lusa<\/p>\n","protected":false},"excerpt":{"rendered":"<p>O Presidente da Rep\u00fablica e recandidato ao cargo defendeu hoje que novas circunst\u00e2ncias justificam a decis\u00e3o do Governo de encerrar as escolas, apontando como fator decisivo a propaga\u00e7\u00e3o da &#8220;variante brit\u00e2nica&#8221; do novo coronav\u00edrus.<\/p>\n","protected":false},"author":13,"featured_media":6541,"comment_status":"closed","ping_status":"closed","sticky":false,"template":"","format":"standard","meta":{"footnotes":""},"categories":[10,11,16],"tags":[],"class_list":["post-89535","post","type-post","status-publish","format-standard","has-post-thumbnail","hentry","category-actualidade","category-pais","category-politica"],"yoast_head":"<!-- This site is optimized with the Yoast SEO plugin v27.4 - https:\/\/yoast.com\/product\/yoast-seo-wordpress\/ -->\n<title>COVID-19: Marcelo Rebelo de Sousa defende que novas circunst\u00e2ncias justificam a decis\u00e3o do Governo de encerrar as escolas | Infocul.pt - Arquivo Digital<\/title>\n<meta name=\"description\" content=\"COVID-19: Marcelo Rebelo de Sousa defende que novas circunst\u00e2ncias justificam a decis\u00e3o do Governo de encerrar as escolas | Infocul.pt - Arquivo Digital\" \/>\n<meta name=\"robots\" content=\"noindex, follow, max-snippet:-1, max-image-preview:large, max-video-preview:-1\" \/>\n<meta property=\"og:locale\" content=\"pt_PT\" \/>\n<meta property=\"og:type\" content=\"article\" \/>\n<meta property=\"og:title\" content=\"COVID-19: Marcelo Rebelo de Sousa defende que novas circunst\u00e2ncias justificam a decis\u00e3o do Governo de encerrar as escolas | Infocul.pt - Arquivo Digital\" \/>\n<meta property=\"og:description\" content=\"COVID-19: Marcelo Rebelo de Sousa defende que novas circunst\u00e2ncias justificam a decis\u00e3o do Governo de encerrar as escolas | Infocul.pt - Arquivo Digital\" \/>\n<meta property=\"og:url\" content=\"https:\/\/infocul.pt\/arquivo\/actualidade\/covid-19-marcelo-rebelo-de-sousa-defende-que-novas-circunstancias-justificam-a-decisao-do-governo-de-encerrar-as-escolas\/\" \/>\n<meta property=\"og:site_name\" content=\"Infocul.pt - Arquivo Digital\" \/>\n<meta property=\"article:publisher\" content=\"https:\/\/www.facebook.com\/Infocul-147816815585015\/\" \/>\n<meta property=\"article:published_time\" content=\"2021-01-21T16:07:23+00:00\" \/>\n<meta property=\"og:image\" content=\"https:\/\/infocul.pt\/arquivo\/wp-content\/uploads\/2016\/04\/Marcelo-Rebelo-de-Sousa-04.jpg\" \/>\n\t<meta property=\"og:image:width\" content=\"600\" \/>\n\t<meta property=\"og:image:height\" content=\"400\" \/>\n\t<meta property=\"og:image:type\" content=\"image\/jpeg\" \/>\n<meta name=\"author\" content=\"Redac\u00e7\u00e3o\" \/>\n<meta name=\"twitter:card\" content=\"summary_large_image\" \/>\n<meta name=\"twitter:creator\" content=\"@Infoculpt\" \/>\n<meta name=\"twitter:site\" content=\"@Infoculpt\" \/>\n<meta name=\"twitter:label1\" content=\"Escrito por\" \/>\n\t<meta name=\"twitter:data1\" content=\"Redac\u00e7\u00e3o\" \/>\n\t<meta name=\"twitter:label2\" content=\"Tempo estimado de leitura\" \/>\n\t<meta name=\"twitter:data2\" content=\"3 minutos\" \/>\n<script type=\"application\/ld+json\" class=\"yoast-schema-graph\">{\"@context\":\"https:\\\/\\\/schema.org\",\"@graph\":[{\"@type\":\"Article\",\"@id\":\"https:\\\/\\\/infocul.pt\\\/arquivo\\\/actualidade\\\/covid-19-marcelo-rebelo-de-sousa-defende-que-novas-circunstancias-justificam-a-decisao-do-governo-de-encerrar-as-escolas\\\/#article\",\"isPartOf\":{\"@id\":\"https:\\\/\\\/infocul.pt\\\/arquivo\\\/actualidade\\\/covid-19-marcelo-rebelo-de-sousa-defende-que-novas-circunstancias-justificam-a-decisao-do-governo-de-encerrar-as-escolas\\\/\"},\"author\":{\"name\":\"Redac\u00e7\u00e3o\",\"@id\":\"https:\\\/\\\/infocul.pt\\\/arquivo\\\/#\\\/schema\\\/person\\\/f243f45ae8d67639120a7586884f3abc\"},\"headline\":\"COVID-19: Marcelo Rebelo de Sousa defende que novas circunst\u00e2ncias justificam a decis\u00e3o do Governo de encerrar as escolas\",\"datePublished\":\"2021-01-21T16:07:23+00:00\",\"mainEntityOfPage\":{\"@id\":\"https:\\\/\\\/infocul.pt\\\/arquivo\\\/actualidade\\\/covid-19-marcelo-rebelo-de-sousa-defende-que-novas-circunstancias-justificam-a-decisao-do-governo-de-encerrar-as-escolas\\\/\"},\"wordCount\":525,\"publisher\":{\"@id\":\"https:\\\/\\\/infocul.pt\\\/arquivo\\\/#organization\"},\"image\":{\"@id\":\"https:\\\/\\\/infocul.pt\\\/arquivo\\\/actualidade\\\/covid-19-marcelo-rebelo-de-sousa-defende-que-novas-circunstancias-justificam-a-decisao-do-governo-de-encerrar-as-escolas\\\/#primaryimage\"},\"thumbnailUrl\":\"https:\\\/\\\/infocul.pt\\\/arquivo\\\/wp-content\\\/uploads\\\/2016\\\/04\\\/Marcelo-Rebelo-de-Sousa-04.jpg\",\"articleSection\":[\"Actualidade\",\"Pa\u00eds\",\"Politica\"],\"inLanguage\":\"pt-PT\"},{\"@type\":\"WebPage\",\"@id\":\"https:\\\/\\\/infocul.pt\\\/arquivo\\\/actualidade\\\/covid-19-marcelo-rebelo-de-sousa-defende-que-novas-circunstancias-justificam-a-decisao-do-governo-de-encerrar-as-escolas\\\/\",\"url\":\"https:\\\/\\\/infocul.pt\\\/arquivo\\\/actualidade\\\/covid-19-marcelo-rebelo-de-sousa-defende-que-novas-circunstancias-justificam-a-decisao-do-governo-de-encerrar-as-escolas\\\/\",\"name\":\"COVID-19: Marcelo Rebelo de Sousa defende que novas circunst\u00e2ncias justificam a decis\u00e3o do Governo de encerrar as escolas | Infocul.pt - Arquivo Digital\",\"isPartOf\":{\"@id\":\"https:\\\/\\\/infocul.pt\\\/arquivo\\\/#website\"},\"primaryImageOfPage\":{\"@id\":\"https:\\\/\\\/infocul.pt\\\/arquivo\\\/actualidade\\\/covid-19-marcelo-rebelo-de-sousa-defende-que-novas-circunstancias-justificam-a-decisao-do-governo-de-encerrar-as-escolas\\\/#primaryimage\"},\"image\":{\"@id\":\"https:\\\/\\\/infocul.pt\\\/arquivo\\\/actualidade\\\/covid-19-marcelo-rebelo-de-sousa-defende-que-novas-circunstancias-justificam-a-decisao-do-governo-de-encerrar-as-escolas\\\/#primaryimage\"},\"thumbnailUrl\":\"https:\\\/\\\/infocul.pt\\\/arquivo\\\/wp-content\\\/uploads\\\/2016\\\/04\\\/Marcelo-Rebelo-de-Sousa-04.jpg\",\"datePublished\":\"2021-01-21T16:07:23+00:00\",\"description\":\"COVID-19: Marcelo Rebelo de Sousa defende que novas circunst\u00e2ncias justificam a decis\u00e3o do Governo de encerrar as escolas | Infocul.pt - Arquivo Digital\",\"breadcrumb\":{\"@id\":\"https:\\\/\\\/infocul.pt\\\/arquivo\\\/actualidade\\\/covid-19-marcelo-rebelo-de-sousa-defende-que-novas-circunstancias-justificam-a-decisao-do-governo-de-encerrar-as-escolas\\\/#breadcrumb\"},\"inLanguage\":\"pt-PT\",\"potentialAction\":[{\"@type\":\"ReadAction\",\"target\":[\"https:\\\/\\\/infocul.pt\\\/arquivo\\\/actualidade\\\/covid-19-marcelo-rebelo-de-sousa-defende-que-novas-circunstancias-justificam-a-decisao-do-governo-de-encerrar-as-escolas\\\/\"]}]},{\"@type\":\"ImageObject\",\"inLanguage\":\"pt-PT\",\"@id\":\"https:\\\/\\\/infocul.pt\\\/arquivo\\\/actualidade\\\/covid-19-marcelo-rebelo-de-sousa-defende-que-novas-circunstancias-justificam-a-decisao-do-governo-de-encerrar-as-escolas\\\/#primaryimage\",\"url\":\"https:\\\/\\\/infocul.pt\\\/arquivo\\\/wp-content\\\/uploads\\\/2016\\\/04\\\/Marcelo-Rebelo-de-Sousa-04.jpg\",\"contentUrl\":\"https:\\\/\\\/infocul.pt\\\/arquivo\\\/wp-content\\\/uploads\\\/2016\\\/04\\\/Marcelo-Rebelo-de-Sousa-04.jpg\",\"width\":600,\"height\":400},{\"@type\":\"BreadcrumbList\",\"@id\":\"https:\\\/\\\/infocul.pt\\\/arquivo\\\/actualidade\\\/covid-19-marcelo-rebelo-de-sousa-defende-que-novas-circunstancias-justificam-a-decisao-do-governo-de-encerrar-as-escolas\\\/#breadcrumb\",\"itemListElement\":[{\"@type\":\"ListItem\",\"position\":1,\"name\":\"Home\",\"item\":\"https:\\\/\\\/infocul.pt\\\/arquivo\\\/\"},{\"@type\":\"ListItem\",\"position\":2,\"name\":\"COVID-19: Marcelo Rebelo de Sousa defende que novas circunst\u00e2ncias justificam a decis\u00e3o do Governo de encerrar as escolas\"}]},{\"@type\":\"WebSite\",\"@id\":\"https:\\\/\\\/infocul.pt\\\/arquivo\\\/#website\",\"url\":\"https:\\\/\\\/infocul.pt\\\/arquivo\\\/\",\"name\":\"Infocul.pt - Arquivo Digital\",\"description\":\"Arquivo digital da Infocul.pt\",\"publisher\":{\"@id\":\"https:\\\/\\\/infocul.pt\\\/arquivo\\\/#organization\"},\"potentialAction\":[{\"@type\":\"SearchAction\",\"target\":{\"@type\":\"EntryPoint\",\"urlTemplate\":\"https:\\\/\\\/infocul.pt\\\/arquivo\\\/?s={search_term_string}\"},\"query-input\":{\"@type\":\"PropertyValueSpecification\",\"valueRequired\":true,\"valueName\":\"search_term_string\"}}],\"inLanguage\":\"pt-PT\"},{\"@type\":\"Organization\",\"@id\":\"https:\\\/\\\/infocul.pt\\\/arquivo\\\/#organization\",\"name\":\"Infocul.pt\",\"url\":\"https:\\\/\\\/infocul.pt\\\/arquivo\\\/\",\"logo\":{\"@type\":\"ImageObject\",\"inLanguage\":\"pt-PT\",\"@id\":\"https:\\\/\\\/infocul.pt\\\/arquivo\\\/#\\\/schema\\\/logo\\\/image\\\/\",\"url\":\"https:\\\/\\\/infocul.pt\\\/arquivo\\\/wp-content\\\/uploads\\\/2018\\\/12\\\/Infocul_logo-1.png\",\"contentUrl\":\"https:\\\/\\\/infocul.pt\\\/arquivo\\\/wp-content\\\/uploads\\\/2018\\\/12\\\/Infocul_logo-1.png\",\"width\":800,\"height\":800,\"caption\":\"Infocul.pt\"},\"image\":{\"@id\":\"https:\\\/\\\/infocul.pt\\\/arquivo\\\/#\\\/schema\\\/logo\\\/image\\\/\"},\"sameAs\":[\"https:\\\/\\\/www.facebook.com\\\/Infocul-147816815585015\\\/\",\"https:\\\/\\\/x.com\\\/Infoculpt\",\"http:\\\/\\\/www.pictaram.com\\\/user\\\/infocul.pt\\\/2370423710\",\"https:\\\/\\\/www.youtube.com\\\/channel\\\/UCYEB91AGI9FL9ek2i_IaQAA\"]},{\"@type\":\"Person\",\"@id\":\"https:\\\/\\\/infocul.pt\\\/arquivo\\\/#\\\/schema\\\/person\\\/f243f45ae8d67639120a7586884f3abc\",\"name\":\"Redac\u00e7\u00e3o\",\"image\":{\"@type\":\"ImageObject\",\"inLanguage\":\"pt-PT\",\"@id\":\"https:\\\/\\\/secure.gravatar.com\\\/avatar\\\/151b1b76c598ab5e749407223bd6c1bad4e41c4e95de3c3df83540ebee2deaf8?s=96&d=mm&r=g\",\"url\":\"https:\\\/\\\/secure.gravatar.com\\\/avatar\\\/151b1b76c598ab5e749407223bd6c1bad4e41c4e95de3c3df83540ebee2deaf8?s=96&d=mm&r=g\",\"contentUrl\":\"https:\\\/\\\/secure.gravatar.com\\\/avatar\\\/151b1b76c598ab5e749407223bd6c1bad4e41c4e95de3c3df83540ebee2deaf8?s=96&d=mm&r=g\",\"caption\":\"Redac\u00e7\u00e3o\"}}]}<\/script>\n<!-- \/ Yoast SEO plugin. -->","yoast_head_json":{"title":"COVID-19: Marcelo Rebelo de Sousa defende que novas circunst\u00e2ncias justificam a decis\u00e3o do Governo de encerrar as escolas | Infocul.pt - Arquivo Digital","description":"COVID-19: Marcelo Rebelo de Sousa defende que novas circunst\u00e2ncias justificam a decis\u00e3o do Governo de encerrar as escolas | Infocul.pt - Arquivo Digital","robots":{"index":"noindex","follow":"follow","max-snippet":"max-snippet:-1","max-image-preview":"max-image-preview:large","max-video-preview":"max-video-preview:-1"},"og_locale":"pt_PT","og_type":"article","og_title":"COVID-19: Marcelo Rebelo de Sousa defende que novas circunst\u00e2ncias justificam a decis\u00e3o do Governo de encerrar as escolas | Infocul.pt - Arquivo Digital","og_description":"COVID-19: Marcelo Rebelo de Sousa defende que novas circunst\u00e2ncias justificam a decis\u00e3o do Governo de encerrar as escolas | Infocul.pt - Arquivo Digital","og_url":"https:\/\/infocul.pt\/arquivo\/actualidade\/covid-19-marcelo-rebelo-de-sousa-defende-que-novas-circunstancias-justificam-a-decisao-do-governo-de-encerrar-as-escolas\/","og_site_name":"Infocul.pt - Arquivo Digital","article_publisher":"https:\/\/www.facebook.com\/Infocul-147816815585015\/","article_published_time":"2021-01-21T16:07:23+00:00","og_image":[{"width":600,"height":400,"url":"https:\/\/infocul.pt\/arquivo\/wp-content\/uploads\/2016\/04\/Marcelo-Rebelo-de-Sousa-04.jpg","type":"image\/jpeg"}],"author":"Redac\u00e7\u00e3o","twitter_card":"summary_large_image","twitter_creator":"@Infoculpt","twitter_site":"@Infoculpt","twitter_misc":{"Escrito por":"Redac\u00e7\u00e3o","Tempo estimado de leitura":"3 minutos"},"schema":{"@context":"https:\/\/schema.org","@graph":[{"@type":"Article","@id":"https:\/\/infocul.pt\/arquivo\/actualidade\/covid-19-marcelo-rebelo-de-sousa-defende-que-novas-circunstancias-justificam-a-decisao-do-governo-de-encerrar-as-escolas\/#article","isPartOf":{"@id":"https:\/\/infocul.pt\/arquivo\/actualidade\/covid-19-marcelo-rebelo-de-sousa-defende-que-novas-circunstancias-justificam-a-decisao-do-governo-de-encerrar-as-escolas\/"},"author":{"name":"Redac\u00e7\u00e3o","@id":"https:\/\/infocul.pt\/arquivo\/#\/schema\/person\/f243f45ae8d67639120a7586884f3abc"},"headline":"COVID-19: Marcelo Rebelo de Sousa defende que novas circunst\u00e2ncias justificam a decis\u00e3o do Governo de encerrar as escolas","datePublished":"2021-01-21T16:07:23+00:00","mainEntityOfPage":{"@id":"https:\/\/infocul.pt\/arquivo\/actualidade\/covid-19-marcelo-rebelo-de-sousa-defende-que-novas-circunstancias-justificam-a-decisao-do-governo-de-encerrar-as-escolas\/"},"wordCount":525,"publisher":{"@id":"https:\/\/infocul.pt\/arquivo\/#organization"},"image":{"@id":"https:\/\/infocul.pt\/arquivo\/actualidade\/covid-19-marcelo-rebelo-de-sousa-defende-que-novas-circunstancias-justificam-a-decisao-do-governo-de-encerrar-as-escolas\/#primaryimage"},"thumbnailUrl":"https:\/\/infocul.pt\/arquivo\/wp-content\/uploads\/2016\/04\/Marcelo-Rebelo-de-Sousa-04.jpg","articleSection":["Actualidade","Pa\u00eds","Politica"],"inLanguage":"pt-PT"},{"@type":"WebPage","@id":"https:\/\/infocul.pt\/arquivo\/actualidade\/covid-19-marcelo-rebelo-de-sousa-defende-que-novas-circunstancias-justificam-a-decisao-do-governo-de-encerrar-as-escolas\/","url":"https:\/\/infocul.pt\/arquivo\/actualidade\/covid-19-marcelo-rebelo-de-sousa-defende-que-novas-circunstancias-justificam-a-decisao-do-governo-de-encerrar-as-escolas\/","name":"COVID-19: Marcelo Rebelo de Sousa defende que novas circunst\u00e2ncias justificam a decis\u00e3o do Governo de encerrar as escolas | Infocul.pt - Arquivo Digital","isPartOf":{"@id":"https:\/\/infocul.pt\/arquivo\/#website"},"primaryImageOfPage":{"@id":"https:\/\/infocul.pt\/arquivo\/actualidade\/covid-19-marcelo-rebelo-de-sousa-defende-que-novas-circunstancias-justificam-a-decisao-do-governo-de-encerrar-as-escolas\/#primaryimage"},"image":{"@id":"https:\/\/infocul.pt\/arquivo\/actualidade\/covid-19-marcelo-rebelo-de-sousa-defende-que-novas-circunstancias-justificam-a-decisao-do-governo-de-encerrar-as-escolas\/#primaryimage"},"thumbnailUrl":"https:\/\/infocul.pt\/arquivo\/wp-content\/uploads\/2016\/04\/Marcelo-Rebelo-de-Sousa-04.jpg","datePublished":"2021-01-21T16:07:23+00:00","description":"COVID-19: Marcelo Rebelo de Sousa defende que novas circunst\u00e2ncias justificam a decis\u00e3o do Governo de encerrar as escolas | Infocul.pt - Arquivo Digital","breadcrumb":{"@id":"https:\/\/infocul.pt\/arquivo\/actualidade\/covid-19-marcelo-rebelo-de-sousa-defende-que-novas-circunstancias-justificam-a-decisao-do-governo-de-encerrar-as-escolas\/#breadcrumb"},"inLanguage":"pt-PT","potentialAction":[{"@type":"ReadAction","target":["https:\/\/infocul.pt\/arquivo\/actualidade\/covid-19-marcelo-rebelo-de-sousa-defende-que-novas-circunstancias-justificam-a-decisao-do-governo-de-encerrar-as-escolas\/"]}]},{"@type":"ImageObject","inLanguage":"pt-PT","@id":"https:\/\/infocul.pt\/arquivo\/actualidade\/covid-19-marcelo-rebelo-de-sousa-defende-que-novas-circunstancias-justificam-a-decisao-do-governo-de-encerrar-as-escolas\/#primaryimage","url":"https:\/\/infocul.pt\/arquivo\/wp-content\/uploads\/2016\/04\/Marcelo-Rebelo-de-Sousa-04.jpg","contentUrl":"https:\/\/infocul.pt\/arquivo\/wp-content\/uploads\/2016\/04\/Marcelo-Rebelo-de-Sousa-04.jpg","width":600,"height":400},{"@type":"BreadcrumbList","@id":"https:\/\/infocul.pt\/arquivo\/actualidade\/covid-19-marcelo-rebelo-de-sousa-defende-que-novas-circunstancias-justificam-a-decisao-do-governo-de-encerrar-as-escolas\/#breadcrumb","itemListElement":[{"@type":"ListItem","position":1,"name":"Home","item":"https:\/\/infocul.pt\/arquivo\/"},{"@type":"ListItem","position":2,"name":"COVID-19: Marcelo Rebelo de Sousa defende que novas circunst\u00e2ncias justificam a decis\u00e3o do Governo de encerrar as escolas"}]},{"@type":"WebSite","@id":"https:\/\/infocul.pt\/arquivo\/#website","url":"https:\/\/infocul.pt\/arquivo\/","name":"Infocul.pt - Arquivo Digital","description":"Arquivo digital da Infocul.pt","publisher":{"@id":"https:\/\/infocul.pt\/arquivo\/#organization"},"potentialAction":[{"@type":"SearchAction","target":{"@type":"EntryPoint","urlTemplate":"https:\/\/infocul.pt\/arquivo\/?s={search_term_string}"},"query-input":{"@type":"PropertyValueSpecification","valueRequired":true,"valueName":"search_term_string"}}],"inLanguage":"pt-PT"},{"@type":"Organization","@id":"https:\/\/infocul.pt\/arquivo\/#organization","name":"Infocul.pt","url":"https:\/\/infocul.pt\/arquivo\/","logo":{"@type":"ImageObject","inLanguage":"pt-PT","@id":"https:\/\/infocul.pt\/arquivo\/#\/schema\/logo\/image\/","url":"https:\/\/infocul.pt\/arquivo\/wp-content\/uploads\/2018\/12\/Infocul_logo-1.png","contentUrl":"https:\/\/infocul.pt\/arquivo\/wp-content\/uploads\/2018\/12\/Infocul_logo-1.png","width":800,"height":800,"caption":"Infocul.pt"},"image":{"@id":"https:\/\/infocul.pt\/arquivo\/#\/schema\/logo\/image\/"},"sameAs":["https:\/\/www.facebook.com\/Infocul-147816815585015\/","https:\/\/x.com\/Infoculpt","http:\/\/www.pictaram.com\/user\/infocul.pt\/2370423710","https:\/\/www.youtube.com\/channel\/UCYEB91AGI9FL9ek2i_IaQAA"]},{"@type":"Person","@id":"https:\/\/infocul.pt\/arquivo\/#\/schema\/person\/f243f45ae8d67639120a7586884f3abc","name":"Redac\u00e7\u00e3o","image":{"@type":"ImageObject","inLanguage":"pt-PT","@id":"https:\/\/secure.gravatar.com\/avatar\/151b1b76c598ab5e749407223bd6c1bad4e41c4e95de3c3df83540ebee2deaf8?s=96&d=mm&r=g","url":"https:\/\/secure.gravatar.com\/avatar\/151b1b76c598ab5e749407223bd6c1bad4e41c4e95de3c3df83540ebee2deaf8?s=96&d=mm&r=g","contentUrl":"https:\/\/secure.gravatar.com\/avatar\/151b1b76c598ab5e749407223bd6c1bad4e41c4e95de3c3df83540ebee2deaf8?s=96&d=mm&r=g","caption":"Redac\u00e7\u00e3o"}}]}},"_links":{"self":[{"href":"https:\/\/infocul.pt\/arquivo\/wp-json\/wp\/v2\/posts\/89535","targetHints":{"allow":["GET"]}}],"collection":[{"href":"https:\/\/infocul.pt\/arquivo\/wp-json\/wp\/v2\/posts"}],"about":[{"href":"https:\/\/infocul.pt\/arquivo\/wp-json\/wp\/v2\/types\/post"}],"author":[{"embeddable":true,"href":"https:\/\/infocul.pt\/arquivo\/wp-json\/wp\/v2\/users\/13"}],"replies":[{"embeddable":true,"href":"https:\/\/infocul.pt\/arquivo\/wp-json\/wp\/v2\/comments?post=89535"}],"version-history":[{"count":0,"href":"https:\/\/infocul.pt\/arquivo\/wp-json\/wp\/v2\/posts\/89535\/revisions"}],"wp:featuredmedia":[{"embeddable":true,"href":"https:\/\/infocul.pt\/arquivo\/wp-json\/wp\/v2\/media\/6541"}],"wp:attachment":[{"href":"https:\/\/infocul.pt\/arquivo\/wp-json\/wp\/v2\/media?parent=89535"}],"wp:term":[{"taxonomy":"category","embeddable":true,"href":"https:\/\/infocul.pt\/arquivo\/wp-json\/wp\/v2\/categories?post=89535"},{"taxonomy":"post_tag","embeddable":true,"href":"https:\/\/infocul.pt\/arquivo\/wp-json\/wp\/v2\/tags?post=89535"}],"curies":[{"name":"wp","href":"https:\/\/api.w.org\/{rel}","templated":true}]}}