{"id":89537,"date":"2021-01-21T16:24:13","date_gmt":"2021-01-21T16:24:13","guid":{"rendered":"https:\/\/infocul.pt\/?p=89537"},"modified":"2021-01-21T16:24:13","modified_gmt":"2021-01-21T16:24:13","slug":"2020-foi-o-4o-ano-mais-quente-dos-ultimos-90-anos-em-portugal-continental","status":"publish","type":"post","link":"https:\/\/infocul.pt\/arquivo\/actualidade\/2020-foi-o-4o-ano-mais-quente-dos-ultimos-90-anos-em-portugal-continental\/","title":{"rendered":"2020 foi o 4\u00ba ano mais quente, dos \u00faltimos 90 anos, em Portugal Continental"},"content":{"rendered":"<p><img decoding=\"async\" class=\"aligncenter wp-image-45604 size-full lazyload\" data-src=\"https:\/\/infocul.pt\/arquivo\/wp-content\/uploads\/2018\/08\/calor.jpg\" alt=\"\" width=\"730\" height=\"438\" data-srcset=\"https:\/\/infocul.pt\/arquivo\/wp-content\/uploads\/2018\/08\/calor.jpg 730w, https:\/\/infocul.pt\/arquivo\/wp-content\/uploads\/2018\/08\/calor-300x180.jpg 300w, https:\/\/infocul.pt\/arquivo\/wp-content\/uploads\/2018\/08\/calor-395x237.jpg 395w\" data-sizes=\"(max-width: 730px) 100vw, 730px\" src=\"data:image\/svg+xml;base64,PHN2ZyB3aWR0aD0iMSIgaGVpZ2h0PSIxIiB4bWxucz0iaHR0cDovL3d3dy53My5vcmcvMjAwMC9zdmciPjwvc3ZnPg==\" style=\"--smush-placeholder-width: 730px; --smush-placeholder-aspect-ratio: 730\/438;\" \/><\/p>\n<p>O ano de 2020 foi o mais quente a n\u00edvel global e na Europa e o 4\u00ba mais quente dos \u00faltimos 90 anos em Portugal continental.<!--more--><\/p>\n<p>De acordo com o Copernicus Climate Change Service (C3S) 2020 foi o ano\u00a0<strong>mais quente a n\u00edvel global,<\/strong>\u00a0igualando 2016,<strong>\u00a0<\/strong>e na<strong>\u00a0Europa<\/strong>:<br \/>\n\u2022 Globalmente, 2020 e 2016 foram os anos mais quentes;<br \/>\n\u2022 O ano 2020 teve uma anomalia de + 0.6 \u00b0C em rela\u00e7\u00e3o \u00e0 normal 1981-2010 e cerca de +1.25 \u00b0C em rela\u00e7\u00e3o ao per\u00edodo pr\u00e9-industrial 1850-1900, no respeita \u00e0 temperatura do ar m\u00e9dia anual;<br \/>\n\u2022 \u00daltimos 6 anos os mais quentes desde que h\u00e1 registos: 2020, 2016, 2019, 2015, 2017, 2018;<br \/>\n\u2022 Na Europa, em rela\u00e7\u00e3o \u00e0 temperatura do ar m\u00e9dia anual, verificou-se uma anomalia de + 1.6\u00b0C em rela\u00e7\u00e3o \u00e0 normal 1981-2010 e + 0.4\u00b0C em rela\u00e7\u00e3o a 2019 (o anterior ano mais quente);<br \/>\n\u2022 Os maiores desvios da temperatura do ar m\u00e9dia anual, em rela\u00e7\u00e3o ao per\u00edodo 1981-2010, verificaram-se no \u00c1rtico e no Norte da Sib\u00e9ria, com anomalias de + 6.0 \u00b0C (Figura 1).<br \/>\n\u2022 A d\u00e9cada 2011-2020 foi a mais quente no Globo desde que h\u00e1 registos, com os 6 anos mais quentes a ocorrerem todos desde 2015.<\/p>\n<p>Em\u00a0<strong>Portugal continental\u00a0<\/strong>o ano de 2020 classificou-se como\u00a0<strong>muito quente e seco<\/strong>\u00a0(Figura 2).<br \/>\nFoi o 4\u00ba ano mais quente dos \u00faltimos 90 anos em Portugal continental:<br \/>\n\u2022 1997: temperatura m\u00e9dia, 16.57 \u00b0C, + 1.31 \u00b0C\/normal 1971-200<br \/>\n\u2022 2017: temperatura m\u00e9dia, 16.33 \u00b0C, + 1.07 \u00b0C\/normal 1971-200<br \/>\n\u2022 1995: temperatura m\u00e9dia, 16.25 \u00b0C, + 0.99 \u00b0C\/normal 1971-200<br \/>\n\u2022 2020: temperatura m\u00e9dia, 16.22 \u00b0C, + 0.96 \u00b0C\/normal 1971-200<\/p>\n<p>A \u00faltima d\u00e9cada,<strong>\u00a02011-2020<\/strong>, \u00e9 a mais quente desde 1931 em Portugal continental, ultrapassando o anterior maior valor que se verificou na d\u00e9cada 1991-2000.<\/p>\n<p>O valor m\u00e9dio anual da m\u00e9dia da\u00a0<strong>temperatura\u00a0<\/strong>m\u00e1xima do ar em 2020, 21.95 \u00b0C, foi o 2\u00ba mais alto desde 1931, enquanto o valor m\u00e9dio anual da m\u00e9dia da temperatura m\u00ednima do ar, 10.49 \u00b0C foi 4\u00ba valor mais alto dos \u00faltimos 20 anos.<\/p>\n<p>Em rela\u00e7\u00e3o \u00e0<strong>\u00a0precipita\u00e7\u00e3o<\/strong>\u00a0no ano de 2020 verificou-se um valor total anual de 746.8 mm que corresponde a cerca de 85 % do valor normal.<\/p>\n<p>A d\u00e9cada 2011-2020 \u00e9 a segunda mais\u00a0<strong>seca<\/strong> em Portugal continental, desde 1931, com uma diferen\u00e7a de apenas 5 mm em rela\u00e7\u00e3o \u00e0 d\u00e9cada mais seca, 2001-2010.<\/p>\n<p>Fonte: IPMA<\/p>\n","protected":false},"excerpt":{"rendered":"<p>O ano de 2020 foi o mais quente a n\u00edvel global e na Europa e o 4\u00ba mais quente dos \u00faltimos 90 anos em Portugal continental.<\/p>\n","protected":false},"author":13,"featured_media":45604,"comment_status":"closed","ping_status":"closed","sticky":false,"template":"","format":"standard","meta":{"footnotes":""},"categories":[10,12,11],"tags":[],"class_list":["post-89537","post","type-post","status-publish","format-standard","has-post-thumbnail","hentry","category-actualidade","category-mundo","category-pais"],"yoast_head":"<!-- This site is optimized with the Yoast SEO plugin v27.4 - https:\/\/yoast.com\/product\/yoast-seo-wordpress\/ -->\n<title>2020 foi o 4\u00ba ano mais quente, dos \u00faltimos 90 anos, em Portugal Continental | Infocul.pt - Arquivo Digital<\/title>\n<meta name=\"description\" content=\"2020 foi o 4\u00ba ano mais quente, dos \u00faltimos 90 anos, em Portugal Continental | Infocul.pt - Arquivo Digital\" \/>\n<meta name=\"robots\" content=\"noindex, follow, max-snippet:-1, max-image-preview:large, max-video-preview:-1\" \/>\n<meta property=\"og:locale\" content=\"pt_PT\" \/>\n<meta property=\"og:type\" content=\"article\" \/>\n<meta property=\"og:title\" content=\"2020 foi o 4\u00ba ano mais quente, dos \u00faltimos 90 anos, em Portugal Continental | Infocul.pt - Arquivo Digital\" \/>\n<meta property=\"og:description\" content=\"2020 foi o 4\u00ba ano mais quente, dos \u00faltimos 90 anos, em Portugal Continental | Infocul.pt - Arquivo Digital\" \/>\n<meta property=\"og:url\" content=\"https:\/\/infocul.pt\/arquivo\/actualidade\/2020-foi-o-4o-ano-mais-quente-dos-ultimos-90-anos-em-portugal-continental\/\" \/>\n<meta property=\"og:site_name\" content=\"Infocul.pt - Arquivo Digital\" \/>\n<meta property=\"article:publisher\" content=\"https:\/\/www.facebook.com\/Infocul-147816815585015\/\" \/>\n<meta property=\"article:published_time\" content=\"2021-01-21T16:24:13+00:00\" \/>\n<meta property=\"og:image\" content=\"https:\/\/infocul.pt\/arquivo\/wp-content\/uploads\/2018\/08\/calor.jpg\" \/>\n\t<meta property=\"og:image:width\" content=\"730\" \/>\n\t<meta property=\"og:image:height\" content=\"438\" \/>\n\t<meta property=\"og:image:type\" content=\"image\/jpeg\" \/>\n<meta name=\"author\" content=\"Redac\u00e7\u00e3o\" \/>\n<meta name=\"twitter:card\" content=\"summary_large_image\" \/>\n<meta name=\"twitter:creator\" content=\"@Infoculpt\" \/>\n<meta name=\"twitter:site\" content=\"@Infoculpt\" \/>\n<meta name=\"twitter:label1\" content=\"Escrito por\" \/>\n\t<meta name=\"twitter:data1\" content=\"Redac\u00e7\u00e3o\" \/>\n\t<meta name=\"twitter:label2\" content=\"Tempo estimado de leitura\" \/>\n\t<meta name=\"twitter:data2\" content=\"2 minutos\" \/>\n<script type=\"application\/ld+json\" class=\"yoast-schema-graph\">{\"@context\":\"https:\\\/\\\/schema.org\",\"@graph\":[{\"@type\":\"Article\",\"@id\":\"https:\\\/\\\/infocul.pt\\\/arquivo\\\/actualidade\\\/2020-foi-o-4o-ano-mais-quente-dos-ultimos-90-anos-em-portugal-continental\\\/#article\",\"isPartOf\":{\"@id\":\"https:\\\/\\\/infocul.pt\\\/arquivo\\\/actualidade\\\/2020-foi-o-4o-ano-mais-quente-dos-ultimos-90-anos-em-portugal-continental\\\/\"},\"author\":{\"name\":\"Redac\u00e7\u00e3o\",\"@id\":\"https:\\\/\\\/infocul.pt\\\/arquivo\\\/#\\\/schema\\\/person\\\/f243f45ae8d67639120a7586884f3abc\"},\"headline\":\"2020 foi o 4\u00ba ano mais quente, dos \u00faltimos 90 anos, em Portugal Continental\",\"datePublished\":\"2021-01-21T16:24:13+00:00\",\"mainEntityOfPage\":{\"@id\":\"https:\\\/\\\/infocul.pt\\\/arquivo\\\/actualidade\\\/2020-foi-o-4o-ano-mais-quente-dos-ultimos-90-anos-em-portugal-continental\\\/\"},\"wordCount\":365,\"publisher\":{\"@id\":\"https:\\\/\\\/infocul.pt\\\/arquivo\\\/#organization\"},\"image\":{\"@id\":\"https:\\\/\\\/infocul.pt\\\/arquivo\\\/actualidade\\\/2020-foi-o-4o-ano-mais-quente-dos-ultimos-90-anos-em-portugal-continental\\\/#primaryimage\"},\"thumbnailUrl\":\"https:\\\/\\\/infocul.pt\\\/arquivo\\\/wp-content\\\/uploads\\\/2018\\\/08\\\/calor.jpg\",\"articleSection\":[\"Actualidade\",\"Mundo\",\"Pa\u00eds\"],\"inLanguage\":\"pt-PT\"},{\"@type\":\"WebPage\",\"@id\":\"https:\\\/\\\/infocul.pt\\\/arquivo\\\/actualidade\\\/2020-foi-o-4o-ano-mais-quente-dos-ultimos-90-anos-em-portugal-continental\\\/\",\"url\":\"https:\\\/\\\/infocul.pt\\\/arquivo\\\/actualidade\\\/2020-foi-o-4o-ano-mais-quente-dos-ultimos-90-anos-em-portugal-continental\\\/\",\"name\":\"2020 foi o 4\u00ba ano mais quente, dos \u00faltimos 90 anos, em Portugal Continental | Infocul.pt - Arquivo Digital\",\"isPartOf\":{\"@id\":\"https:\\\/\\\/infocul.pt\\\/arquivo\\\/#website\"},\"primaryImageOfPage\":{\"@id\":\"https:\\\/\\\/infocul.pt\\\/arquivo\\\/actualidade\\\/2020-foi-o-4o-ano-mais-quente-dos-ultimos-90-anos-em-portugal-continental\\\/#primaryimage\"},\"image\":{\"@id\":\"https:\\\/\\\/infocul.pt\\\/arquivo\\\/actualidade\\\/2020-foi-o-4o-ano-mais-quente-dos-ultimos-90-anos-em-portugal-continental\\\/#primaryimage\"},\"thumbnailUrl\":\"https:\\\/\\\/infocul.pt\\\/arquivo\\\/wp-content\\\/uploads\\\/2018\\\/08\\\/calor.jpg\",\"datePublished\":\"2021-01-21T16:24:13+00:00\",\"description\":\"2020 foi o 4\u00ba ano mais quente, dos \u00faltimos 90 anos, em Portugal Continental | Infocul.pt - Arquivo Digital\",\"breadcrumb\":{\"@id\":\"https:\\\/\\\/infocul.pt\\\/arquivo\\\/actualidade\\\/2020-foi-o-4o-ano-mais-quente-dos-ultimos-90-anos-em-portugal-continental\\\/#breadcrumb\"},\"inLanguage\":\"pt-PT\",\"potentialAction\":[{\"@type\":\"ReadAction\",\"target\":[\"https:\\\/\\\/infocul.pt\\\/arquivo\\\/actualidade\\\/2020-foi-o-4o-ano-mais-quente-dos-ultimos-90-anos-em-portugal-continental\\\/\"]}]},{\"@type\":\"ImageObject\",\"inLanguage\":\"pt-PT\",\"@id\":\"https:\\\/\\\/infocul.pt\\\/arquivo\\\/actualidade\\\/2020-foi-o-4o-ano-mais-quente-dos-ultimos-90-anos-em-portugal-continental\\\/#primaryimage\",\"url\":\"https:\\\/\\\/infocul.pt\\\/arquivo\\\/wp-content\\\/uploads\\\/2018\\\/08\\\/calor.jpg\",\"contentUrl\":\"https:\\\/\\\/infocul.pt\\\/arquivo\\\/wp-content\\\/uploads\\\/2018\\\/08\\\/calor.jpg\",\"width\":730,\"height\":438},{\"@type\":\"BreadcrumbList\",\"@id\":\"https:\\\/\\\/infocul.pt\\\/arquivo\\\/actualidade\\\/2020-foi-o-4o-ano-mais-quente-dos-ultimos-90-anos-em-portugal-continental\\\/#breadcrumb\",\"itemListElement\":[{\"@type\":\"ListItem\",\"position\":1,\"name\":\"Home\",\"item\":\"https:\\\/\\\/infocul.pt\\\/arquivo\\\/\"},{\"@type\":\"ListItem\",\"position\":2,\"name\":\"2020 foi o 4\u00ba ano mais quente, dos \u00faltimos 90 anos, em Portugal Continental\"}]},{\"@type\":\"WebSite\",\"@id\":\"https:\\\/\\\/infocul.pt\\\/arquivo\\\/#website\",\"url\":\"https:\\\/\\\/infocul.pt\\\/arquivo\\\/\",\"name\":\"Infocul.pt - Arquivo Digital\",\"description\":\"Arquivo digital da Infocul.pt\",\"publisher\":{\"@id\":\"https:\\\/\\\/infocul.pt\\\/arquivo\\\/#organization\"},\"potentialAction\":[{\"@type\":\"SearchAction\",\"target\":{\"@type\":\"EntryPoint\",\"urlTemplate\":\"https:\\\/\\\/infocul.pt\\\/arquivo\\\/?s={search_term_string}\"},\"query-input\":{\"@type\":\"PropertyValueSpecification\",\"valueRequired\":true,\"valueName\":\"search_term_string\"}}],\"inLanguage\":\"pt-PT\"},{\"@type\":\"Organization\",\"@id\":\"https:\\\/\\\/infocul.pt\\\/arquivo\\\/#organization\",\"name\":\"Infocul.pt\",\"url\":\"https:\\\/\\\/infocul.pt\\\/arquivo\\\/\",\"logo\":{\"@type\":\"ImageObject\",\"inLanguage\":\"pt-PT\",\"@id\":\"https:\\\/\\\/infocul.pt\\\/arquivo\\\/#\\\/schema\\\/logo\\\/image\\\/\",\"url\":\"https:\\\/\\\/infocul.pt\\\/arquivo\\\/wp-content\\\/uploads\\\/2018\\\/12\\\/Infocul_logo-1.png\",\"contentUrl\":\"https:\\\/\\\/infocul.pt\\\/arquivo\\\/wp-content\\\/uploads\\\/2018\\\/12\\\/Infocul_logo-1.png\",\"width\":800,\"height\":800,\"caption\":\"Infocul.pt\"},\"image\":{\"@id\":\"https:\\\/\\\/infocul.pt\\\/arquivo\\\/#\\\/schema\\\/logo\\\/image\\\/\"},\"sameAs\":[\"https:\\\/\\\/www.facebook.com\\\/Infocul-147816815585015\\\/\",\"https:\\\/\\\/x.com\\\/Infoculpt\",\"http:\\\/\\\/www.pictaram.com\\\/user\\\/infocul.pt\\\/2370423710\",\"https:\\\/\\\/www.youtube.com\\\/channel\\\/UCYEB91AGI9FL9ek2i_IaQAA\"]},{\"@type\":\"Person\",\"@id\":\"https:\\\/\\\/infocul.pt\\\/arquivo\\\/#\\\/schema\\\/person\\\/f243f45ae8d67639120a7586884f3abc\",\"name\":\"Redac\u00e7\u00e3o\",\"image\":{\"@type\":\"ImageObject\",\"inLanguage\":\"pt-PT\",\"@id\":\"https:\\\/\\\/secure.gravatar.com\\\/avatar\\\/151b1b76c598ab5e749407223bd6c1bad4e41c4e95de3c3df83540ebee2deaf8?s=96&d=mm&r=g\",\"url\":\"https:\\\/\\\/secure.gravatar.com\\\/avatar\\\/151b1b76c598ab5e749407223bd6c1bad4e41c4e95de3c3df83540ebee2deaf8?s=96&d=mm&r=g\",\"contentUrl\":\"https:\\\/\\\/secure.gravatar.com\\\/avatar\\\/151b1b76c598ab5e749407223bd6c1bad4e41c4e95de3c3df83540ebee2deaf8?s=96&d=mm&r=g\",\"caption\":\"Redac\u00e7\u00e3o\"}}]}<\/script>\n<!-- \/ Yoast SEO plugin. -->","yoast_head_json":{"title":"2020 foi o 4\u00ba ano mais quente, dos \u00faltimos 90 anos, em Portugal Continental | Infocul.pt - Arquivo Digital","description":"2020 foi o 4\u00ba ano mais quente, dos \u00faltimos 90 anos, em Portugal Continental | Infocul.pt - Arquivo Digital","robots":{"index":"noindex","follow":"follow","max-snippet":"max-snippet:-1","max-image-preview":"max-image-preview:large","max-video-preview":"max-video-preview:-1"},"og_locale":"pt_PT","og_type":"article","og_title":"2020 foi o 4\u00ba ano mais quente, dos \u00faltimos 90 anos, em Portugal Continental | Infocul.pt - Arquivo Digital","og_description":"2020 foi o 4\u00ba ano mais quente, dos \u00faltimos 90 anos, em Portugal Continental | Infocul.pt - Arquivo Digital","og_url":"https:\/\/infocul.pt\/arquivo\/actualidade\/2020-foi-o-4o-ano-mais-quente-dos-ultimos-90-anos-em-portugal-continental\/","og_site_name":"Infocul.pt - Arquivo Digital","article_publisher":"https:\/\/www.facebook.com\/Infocul-147816815585015\/","article_published_time":"2021-01-21T16:24:13+00:00","og_image":[{"width":730,"height":438,"url":"https:\/\/infocul.pt\/arquivo\/wp-content\/uploads\/2018\/08\/calor.jpg","type":"image\/jpeg"}],"author":"Redac\u00e7\u00e3o","twitter_card":"summary_large_image","twitter_creator":"@Infoculpt","twitter_site":"@Infoculpt","twitter_misc":{"Escrito por":"Redac\u00e7\u00e3o","Tempo estimado de leitura":"2 minutos"},"schema":{"@context":"https:\/\/schema.org","@graph":[{"@type":"Article","@id":"https:\/\/infocul.pt\/arquivo\/actualidade\/2020-foi-o-4o-ano-mais-quente-dos-ultimos-90-anos-em-portugal-continental\/#article","isPartOf":{"@id":"https:\/\/infocul.pt\/arquivo\/actualidade\/2020-foi-o-4o-ano-mais-quente-dos-ultimos-90-anos-em-portugal-continental\/"},"author":{"name":"Redac\u00e7\u00e3o","@id":"https:\/\/infocul.pt\/arquivo\/#\/schema\/person\/f243f45ae8d67639120a7586884f3abc"},"headline":"2020 foi o 4\u00ba ano mais quente, dos \u00faltimos 90 anos, em Portugal Continental","datePublished":"2021-01-21T16:24:13+00:00","mainEntityOfPage":{"@id":"https:\/\/infocul.pt\/arquivo\/actualidade\/2020-foi-o-4o-ano-mais-quente-dos-ultimos-90-anos-em-portugal-continental\/"},"wordCount":365,"publisher":{"@id":"https:\/\/infocul.pt\/arquivo\/#organization"},"image":{"@id":"https:\/\/infocul.pt\/arquivo\/actualidade\/2020-foi-o-4o-ano-mais-quente-dos-ultimos-90-anos-em-portugal-continental\/#primaryimage"},"thumbnailUrl":"https:\/\/infocul.pt\/arquivo\/wp-content\/uploads\/2018\/08\/calor.jpg","articleSection":["Actualidade","Mundo","Pa\u00eds"],"inLanguage":"pt-PT"},{"@type":"WebPage","@id":"https:\/\/infocul.pt\/arquivo\/actualidade\/2020-foi-o-4o-ano-mais-quente-dos-ultimos-90-anos-em-portugal-continental\/","url":"https:\/\/infocul.pt\/arquivo\/actualidade\/2020-foi-o-4o-ano-mais-quente-dos-ultimos-90-anos-em-portugal-continental\/","name":"2020 foi o 4\u00ba ano mais quente, dos \u00faltimos 90 anos, em Portugal Continental | Infocul.pt - Arquivo Digital","isPartOf":{"@id":"https:\/\/infocul.pt\/arquivo\/#website"},"primaryImageOfPage":{"@id":"https:\/\/infocul.pt\/arquivo\/actualidade\/2020-foi-o-4o-ano-mais-quente-dos-ultimos-90-anos-em-portugal-continental\/#primaryimage"},"image":{"@id":"https:\/\/infocul.pt\/arquivo\/actualidade\/2020-foi-o-4o-ano-mais-quente-dos-ultimos-90-anos-em-portugal-continental\/#primaryimage"},"thumbnailUrl":"https:\/\/infocul.pt\/arquivo\/wp-content\/uploads\/2018\/08\/calor.jpg","datePublished":"2021-01-21T16:24:13+00:00","description":"2020 foi o 4\u00ba ano mais quente, dos \u00faltimos 90 anos, em Portugal Continental | Infocul.pt - Arquivo Digital","breadcrumb":{"@id":"https:\/\/infocul.pt\/arquivo\/actualidade\/2020-foi-o-4o-ano-mais-quente-dos-ultimos-90-anos-em-portugal-continental\/#breadcrumb"},"inLanguage":"pt-PT","potentialAction":[{"@type":"ReadAction","target":["https:\/\/infocul.pt\/arquivo\/actualidade\/2020-foi-o-4o-ano-mais-quente-dos-ultimos-90-anos-em-portugal-continental\/"]}]},{"@type":"ImageObject","inLanguage":"pt-PT","@id":"https:\/\/infocul.pt\/arquivo\/actualidade\/2020-foi-o-4o-ano-mais-quente-dos-ultimos-90-anos-em-portugal-continental\/#primaryimage","url":"https:\/\/infocul.pt\/arquivo\/wp-content\/uploads\/2018\/08\/calor.jpg","contentUrl":"https:\/\/infocul.pt\/arquivo\/wp-content\/uploads\/2018\/08\/calor.jpg","width":730,"height":438},{"@type":"BreadcrumbList","@id":"https:\/\/infocul.pt\/arquivo\/actualidade\/2020-foi-o-4o-ano-mais-quente-dos-ultimos-90-anos-em-portugal-continental\/#breadcrumb","itemListElement":[{"@type":"ListItem","position":1,"name":"Home","item":"https:\/\/infocul.pt\/arquivo\/"},{"@type":"ListItem","position":2,"name":"2020 foi o 4\u00ba ano mais quente, dos \u00faltimos 90 anos, em Portugal Continental"}]},{"@type":"WebSite","@id":"https:\/\/infocul.pt\/arquivo\/#website","url":"https:\/\/infocul.pt\/arquivo\/","name":"Infocul.pt - Arquivo Digital","description":"Arquivo digital da Infocul.pt","publisher":{"@id":"https:\/\/infocul.pt\/arquivo\/#organization"},"potentialAction":[{"@type":"SearchAction","target":{"@type":"EntryPoint","urlTemplate":"https:\/\/infocul.pt\/arquivo\/?s={search_term_string}"},"query-input":{"@type":"PropertyValueSpecification","valueRequired":true,"valueName":"search_term_string"}}],"inLanguage":"pt-PT"},{"@type":"Organization","@id":"https:\/\/infocul.pt\/arquivo\/#organization","name":"Infocul.pt","url":"https:\/\/infocul.pt\/arquivo\/","logo":{"@type":"ImageObject","inLanguage":"pt-PT","@id":"https:\/\/infocul.pt\/arquivo\/#\/schema\/logo\/image\/","url":"https:\/\/infocul.pt\/arquivo\/wp-content\/uploads\/2018\/12\/Infocul_logo-1.png","contentUrl":"https:\/\/infocul.pt\/arquivo\/wp-content\/uploads\/2018\/12\/Infocul_logo-1.png","width":800,"height":800,"caption":"Infocul.pt"},"image":{"@id":"https:\/\/infocul.pt\/arquivo\/#\/schema\/logo\/image\/"},"sameAs":["https:\/\/www.facebook.com\/Infocul-147816815585015\/","https:\/\/x.com\/Infoculpt","http:\/\/www.pictaram.com\/user\/infocul.pt\/2370423710","https:\/\/www.youtube.com\/channel\/UCYEB91AGI9FL9ek2i_IaQAA"]},{"@type":"Person","@id":"https:\/\/infocul.pt\/arquivo\/#\/schema\/person\/f243f45ae8d67639120a7586884f3abc","name":"Redac\u00e7\u00e3o","image":{"@type":"ImageObject","inLanguage":"pt-PT","@id":"https:\/\/secure.gravatar.com\/avatar\/151b1b76c598ab5e749407223bd6c1bad4e41c4e95de3c3df83540ebee2deaf8?s=96&d=mm&r=g","url":"https:\/\/secure.gravatar.com\/avatar\/151b1b76c598ab5e749407223bd6c1bad4e41c4e95de3c3df83540ebee2deaf8?s=96&d=mm&r=g","contentUrl":"https:\/\/secure.gravatar.com\/avatar\/151b1b76c598ab5e749407223bd6c1bad4e41c4e95de3c3df83540ebee2deaf8?s=96&d=mm&r=g","caption":"Redac\u00e7\u00e3o"}}]}},"_links":{"self":[{"href":"https:\/\/infocul.pt\/arquivo\/wp-json\/wp\/v2\/posts\/89537","targetHints":{"allow":["GET"]}}],"collection":[{"href":"https:\/\/infocul.pt\/arquivo\/wp-json\/wp\/v2\/posts"}],"about":[{"href":"https:\/\/infocul.pt\/arquivo\/wp-json\/wp\/v2\/types\/post"}],"author":[{"embeddable":true,"href":"https:\/\/infocul.pt\/arquivo\/wp-json\/wp\/v2\/users\/13"}],"replies":[{"embeddable":true,"href":"https:\/\/infocul.pt\/arquivo\/wp-json\/wp\/v2\/comments?post=89537"}],"version-history":[{"count":0,"href":"https:\/\/infocul.pt\/arquivo\/wp-json\/wp\/v2\/posts\/89537\/revisions"}],"wp:featuredmedia":[{"embeddable":true,"href":"https:\/\/infocul.pt\/arquivo\/wp-json\/wp\/v2\/media\/45604"}],"wp:attachment":[{"href":"https:\/\/infocul.pt\/arquivo\/wp-json\/wp\/v2\/media?parent=89537"}],"wp:term":[{"taxonomy":"category","embeddable":true,"href":"https:\/\/infocul.pt\/arquivo\/wp-json\/wp\/v2\/categories?post=89537"},{"taxonomy":"post_tag","embeddable":true,"href":"https:\/\/infocul.pt\/arquivo\/wp-json\/wp\/v2\/tags?post=89537"}],"curies":[{"name":"wp","href":"https:\/\/api.w.org\/{rel}","templated":true}]}}