{"id":89820,"date":"2021-01-28T00:00:00","date_gmt":"2021-01-28T00:00:00","guid":{"rendered":"https:\/\/infocul.pt\/?p=89820"},"modified":"2021-01-27T22:03:11","modified_gmt":"2021-01-27T22:03:11","slug":"viemos-para-ficar-por-coruche-mais-e-melhor","status":"publish","type":"post","link":"https:\/\/infocul.pt\/arquivo\/destaque\/viemos-para-ficar-por-coruche-mais-e-melhor\/","title":{"rendered":"Viemos para ficar, Por Coruche, mais e melhor."},"content":{"rendered":"\n<figure class=\"wp-block-image size-large\"><img decoding=\"async\" width=\"1024\" height=\"1024\" data-src=\"https:\/\/infocul.pt\/arquivo\/wp-content\/uploads\/2021\/01\/Image-2-1024x1024.jpeg\" alt=\"\" class=\"wp-image-89821 lazyload\" data-srcset=\"https:\/\/infocul.pt\/arquivo\/wp-content\/uploads\/2021\/01\/Image-2.jpeg 1024w, https:\/\/infocul.pt\/arquivo\/wp-content\/uploads\/2021\/01\/Image-2-300x300.jpeg 300w, https:\/\/infocul.pt\/arquivo\/wp-content\/uploads\/2021\/01\/Image-2-150x150.jpeg 150w, https:\/\/infocul.pt\/arquivo\/wp-content\/uploads\/2021\/01\/Image-2-768x768.jpeg 768w\" data-sizes=\"(max-width: 1024px) 100vw, 1024px\" src=\"data:image\/svg+xml;base64,PHN2ZyB3aWR0aD0iMSIgaGVpZ2h0PSIxIiB4bWxucz0iaHR0cDovL3d3dy53My5vcmcvMjAwMC9zdmciPjwvc3ZnPg==\" style=\"--smush-placeholder-width: 1024px; --smush-placeholder-aspect-ratio: 1024\/1024;\" \/><\/figure>\n\n\n\n<p>Se h\u00e1 umas semanas, alguns julgariam que \u00e9ramos mais uma pagina falsa, meramente um meio de dar voz a qualquer coisa obscura e de cr\u00edtica f\u00e1cil e imediata, desenganem-se.<\/p>\n\n\n\n<!--more-->\n\n\n\n<p>&nbsp;Este movimento c\u00edvico, pretende atrav\u00e9s das redes sociais e deste espa\u00e7o que muito gentilmente nos foi cedido, motivar a popula\u00e7\u00e3o, em especial a mais jovem, do nosso Concelho, e de todos quantos nos sigam, a olhar \u00e0 volta.&nbsp;<\/p>\n\n\n\n<p>Muitas vezes, ficamos acomodados na nossa vis\u00e3o e no \u201c\u00e9 suficiente\u201d, ficamos acomodados no t\u00edpico \u201c<strong><em>n\u00e3o faria melhor<\/em><\/strong>\u201d ou \u201ca<strong><em>lgu\u00e9m vai fazer por mim<\/em><\/strong>\u201d e deixamos que o mundo nos passe ao lado, com tanto de bom ou mau que traga consigo.<\/p>\n\n\n\n<p>Por isso, nos pr\u00f3ximos meses e conforme temos vindo a fazer, iremos abordar diversos temas, a n\u00edvel aut\u00e1rquico, mas tamb\u00e9m nacional, procurando incentivar os jovens e menos jovens, a refletir e a estarem civicamente presentes na nossa sociedade. A sociedade e este vai e vem louco em que todos andamos, exige que fa\u00e7amos um esfor\u00e7o para olhar \u00e0 nossa volta, n\u00e3o deixar que os gritos dos loucos, silenciem a certeza de que a melhoria e a evolu\u00e7\u00e3o se conseguem na interven\u00e7\u00e3o coerente, sustentada, cred\u00edvel e acima de tudo, real.<\/p>\n\n\n\n<p>\u00c9 por isso, que queremos este movimento cheio de todos quantos queiram, mais e melhor, ou at\u00e9 todos quantos queiram, meramente, opinar ou contar alguma hist\u00f3ria que julguem importante para a sensibiliza\u00e7\u00e3o sobre o que \u00e9 verdadeiramente Coruche. Por tudo isto e sabendo que nada se faz sozinhos, este movimento n\u00e3o tem donos e precisa de todos quantos estiverem dispostos a sem barreiras, receios, discrimina\u00e7\u00f5es ou demagogias. Todos quantos quiserem ajudar a tornar este peda\u00e7o de terra onde temos a sorte de viver um pouco melhor, s\u00e3o bem-vindo e ter\u00e3o toda a liberdade de propor, expor ou meramente apreciar o potencial e a for\u00e7a que este movimento pode ter.<\/p>\n\n\n\n<p>O mundo s\u00f3 avan\u00e7a quando algu\u00e9m se levanta e acredita que o pode fazer girar, n\u00f3s j\u00e1 estamos a tentar, e tu? Vais ficar sentado? ESTA \u00c9 A TUA VEZ!<\/p>\n\n\n\n<p>At\u00e9 Amanh\u00e3. <a href=\"https:\/\/www.facebook.com\/porcoruchemaisemelhor\/\" target=\"_blank\" rel=\"noreferrer noopener\">Por Coruche<\/a>, mais em melhor<\/p>\n","protected":false},"excerpt":{"rendered":"<p>Se h\u00e1 umas semanas, alguns julgariam que \u00e9ramos mais uma pagina falsa, meramente um meio de dar voz a qualquer coisa obscura e de cr\u00edtica f\u00e1cil e imediata, desenganem-se.<\/p>\n","protected":false},"author":28,"featured_media":89821,"comment_status":"closed","ping_status":"closed","sticky":false,"template":"","format":"standard","meta":{"footnotes":""},"categories":[36,4121],"tags":[],"class_list":["post-89820","post","type-post","status-publish","format-standard","has-post-thumbnail","hentry","category-destaque","category-opiniao"],"yoast_head":"<!-- This site is optimized with the Yoast SEO plugin v27.4 - https:\/\/yoast.com\/product\/yoast-seo-wordpress\/ -->\n<title>Viemos para ficar, Por Coruche, mais e melhor. | Infocul.pt - Arquivo Digital<\/title>\n<meta name=\"description\" content=\"Viemos para ficar, Por Coruche, mais e melhor. | Infocul.pt - Arquivo Digital\" \/>\n<meta name=\"robots\" content=\"noindex, follow, max-snippet:-1, max-image-preview:large, max-video-preview:-1\" \/>\n<meta property=\"og:locale\" content=\"pt_PT\" \/>\n<meta property=\"og:type\" content=\"article\" \/>\n<meta property=\"og:title\" content=\"Viemos para ficar, Por Coruche, mais e melhor. | Infocul.pt - Arquivo Digital\" \/>\n<meta property=\"og:description\" content=\"Viemos para ficar, Por Coruche, mais e melhor. | Infocul.pt - Arquivo Digital\" \/>\n<meta property=\"og:url\" content=\"https:\/\/infocul.pt\/arquivo\/destaque\/viemos-para-ficar-por-coruche-mais-e-melhor\/\" \/>\n<meta property=\"og:site_name\" content=\"Infocul.pt - Arquivo Digital\" \/>\n<meta property=\"article:publisher\" content=\"https:\/\/www.facebook.com\/Infocul-147816815585015\/\" \/>\n<meta property=\"article:published_time\" content=\"2021-01-28T00:00:00+00:00\" \/>\n<meta property=\"og:image\" content=\"https:\/\/infocul.pt\/arquivo\/wp-content\/uploads\/2021\/01\/Image-2.jpeg\" \/>\n\t<meta property=\"og:image:width\" content=\"1024\" \/>\n\t<meta property=\"og:image:height\" content=\"1024\" \/>\n\t<meta property=\"og:image:type\" content=\"image\/jpeg\" \/>\n<meta name=\"author\" content=\"Por Coruche, Mais e Melhor\" \/>\n<meta name=\"twitter:card\" content=\"summary_large_image\" \/>\n<meta name=\"twitter:creator\" content=\"@Infoculpt\" \/>\n<meta name=\"twitter:site\" content=\"@Infoculpt\" \/>\n<meta name=\"twitter:label1\" content=\"Escrito por\" \/>\n\t<meta name=\"twitter:data1\" content=\"Por Coruche, Mais e Melhor\" \/>\n\t<meta name=\"twitter:label2\" content=\"Tempo estimado de leitura\" \/>\n\t<meta name=\"twitter:data2\" content=\"2 minutos\" \/>\n<script type=\"application\/ld+json\" class=\"yoast-schema-graph\">{\"@context\":\"https:\\\/\\\/schema.org\",\"@graph\":[{\"@type\":\"Article\",\"@id\":\"https:\\\/\\\/infocul.pt\\\/arquivo\\\/destaque\\\/viemos-para-ficar-por-coruche-mais-e-melhor\\\/#article\",\"isPartOf\":{\"@id\":\"https:\\\/\\\/infocul.pt\\\/arquivo\\\/destaque\\\/viemos-para-ficar-por-coruche-mais-e-melhor\\\/\"},\"author\":{\"name\":\"Por Coruche, Mais e Melhor\",\"@id\":\"https:\\\/\\\/infocul.pt\\\/arquivo\\\/#\\\/schema\\\/person\\\/ffa90448eea8fa0f7a6e52dce6cfb1b5\"},\"headline\":\"Viemos para ficar, Por Coruche, mais e melhor.\",\"datePublished\":\"2021-01-28T00:00:00+00:00\",\"mainEntityOfPage\":{\"@id\":\"https:\\\/\\\/infocul.pt\\\/arquivo\\\/destaque\\\/viemos-para-ficar-por-coruche-mais-e-melhor\\\/\"},\"wordCount\":380,\"publisher\":{\"@id\":\"https:\\\/\\\/infocul.pt\\\/arquivo\\\/#organization\"},\"image\":{\"@id\":\"https:\\\/\\\/infocul.pt\\\/arquivo\\\/destaque\\\/viemos-para-ficar-por-coruche-mais-e-melhor\\\/#primaryimage\"},\"thumbnailUrl\":\"https:\\\/\\\/infocul.pt\\\/arquivo\\\/wp-content\\\/uploads\\\/2021\\\/01\\\/Image-2.jpeg\",\"articleSection\":[\"Destaque\",\"Opini\u00e3o\"],\"inLanguage\":\"pt-PT\"},{\"@type\":\"WebPage\",\"@id\":\"https:\\\/\\\/infocul.pt\\\/arquivo\\\/destaque\\\/viemos-para-ficar-por-coruche-mais-e-melhor\\\/\",\"url\":\"https:\\\/\\\/infocul.pt\\\/arquivo\\\/destaque\\\/viemos-para-ficar-por-coruche-mais-e-melhor\\\/\",\"name\":\"Viemos para ficar, Por Coruche, mais e melhor. | Infocul.pt - Arquivo Digital\",\"isPartOf\":{\"@id\":\"https:\\\/\\\/infocul.pt\\\/arquivo\\\/#website\"},\"primaryImageOfPage\":{\"@id\":\"https:\\\/\\\/infocul.pt\\\/arquivo\\\/destaque\\\/viemos-para-ficar-por-coruche-mais-e-melhor\\\/#primaryimage\"},\"image\":{\"@id\":\"https:\\\/\\\/infocul.pt\\\/arquivo\\\/destaque\\\/viemos-para-ficar-por-coruche-mais-e-melhor\\\/#primaryimage\"},\"thumbnailUrl\":\"https:\\\/\\\/infocul.pt\\\/arquivo\\\/wp-content\\\/uploads\\\/2021\\\/01\\\/Image-2.jpeg\",\"datePublished\":\"2021-01-28T00:00:00+00:00\",\"description\":\"Viemos para ficar, Por Coruche, mais e melhor. | Infocul.pt - Arquivo Digital\",\"breadcrumb\":{\"@id\":\"https:\\\/\\\/infocul.pt\\\/arquivo\\\/destaque\\\/viemos-para-ficar-por-coruche-mais-e-melhor\\\/#breadcrumb\"},\"inLanguage\":\"pt-PT\",\"potentialAction\":[{\"@type\":\"ReadAction\",\"target\":[\"https:\\\/\\\/infocul.pt\\\/arquivo\\\/destaque\\\/viemos-para-ficar-por-coruche-mais-e-melhor\\\/\"]}]},{\"@type\":\"ImageObject\",\"inLanguage\":\"pt-PT\",\"@id\":\"https:\\\/\\\/infocul.pt\\\/arquivo\\\/destaque\\\/viemos-para-ficar-por-coruche-mais-e-melhor\\\/#primaryimage\",\"url\":\"https:\\\/\\\/infocul.pt\\\/arquivo\\\/wp-content\\\/uploads\\\/2021\\\/01\\\/Image-2.jpeg\",\"contentUrl\":\"https:\\\/\\\/infocul.pt\\\/arquivo\\\/wp-content\\\/uploads\\\/2021\\\/01\\\/Image-2.jpeg\",\"width\":1024,\"height\":1024},{\"@type\":\"BreadcrumbList\",\"@id\":\"https:\\\/\\\/infocul.pt\\\/arquivo\\\/destaque\\\/viemos-para-ficar-por-coruche-mais-e-melhor\\\/#breadcrumb\",\"itemListElement\":[{\"@type\":\"ListItem\",\"position\":1,\"name\":\"Home\",\"item\":\"https:\\\/\\\/infocul.pt\\\/arquivo\\\/\"},{\"@type\":\"ListItem\",\"position\":2,\"name\":\"Viemos para ficar, Por Coruche, mais e melhor.\"}]},{\"@type\":\"WebSite\",\"@id\":\"https:\\\/\\\/infocul.pt\\\/arquivo\\\/#website\",\"url\":\"https:\\\/\\\/infocul.pt\\\/arquivo\\\/\",\"name\":\"Infocul.pt - Arquivo Digital\",\"description\":\"Arquivo digital da Infocul.pt\",\"publisher\":{\"@id\":\"https:\\\/\\\/infocul.pt\\\/arquivo\\\/#organization\"},\"potentialAction\":[{\"@type\":\"SearchAction\",\"target\":{\"@type\":\"EntryPoint\",\"urlTemplate\":\"https:\\\/\\\/infocul.pt\\\/arquivo\\\/?s={search_term_string}\"},\"query-input\":{\"@type\":\"PropertyValueSpecification\",\"valueRequired\":true,\"valueName\":\"search_term_string\"}}],\"inLanguage\":\"pt-PT\"},{\"@type\":\"Organization\",\"@id\":\"https:\\\/\\\/infocul.pt\\\/arquivo\\\/#organization\",\"name\":\"Infocul.pt\",\"url\":\"https:\\\/\\\/infocul.pt\\\/arquivo\\\/\",\"logo\":{\"@type\":\"ImageObject\",\"inLanguage\":\"pt-PT\",\"@id\":\"https:\\\/\\\/infocul.pt\\\/arquivo\\\/#\\\/schema\\\/logo\\\/image\\\/\",\"url\":\"https:\\\/\\\/infocul.pt\\\/arquivo\\\/wp-content\\\/uploads\\\/2018\\\/12\\\/Infocul_logo-1.png\",\"contentUrl\":\"https:\\\/\\\/infocul.pt\\\/arquivo\\\/wp-content\\\/uploads\\\/2018\\\/12\\\/Infocul_logo-1.png\",\"width\":800,\"height\":800,\"caption\":\"Infocul.pt\"},\"image\":{\"@id\":\"https:\\\/\\\/infocul.pt\\\/arquivo\\\/#\\\/schema\\\/logo\\\/image\\\/\"},\"sameAs\":[\"https:\\\/\\\/www.facebook.com\\\/Infocul-147816815585015\\\/\",\"https:\\\/\\\/x.com\\\/Infoculpt\",\"http:\\\/\\\/www.pictaram.com\\\/user\\\/infocul.pt\\\/2370423710\",\"https:\\\/\\\/www.youtube.com\\\/channel\\\/UCYEB91AGI9FL9ek2i_IaQAA\"]},{\"@type\":\"Person\",\"@id\":\"https:\\\/\\\/infocul.pt\\\/arquivo\\\/#\\\/schema\\\/person\\\/ffa90448eea8fa0f7a6e52dce6cfb1b5\",\"name\":\"Por Coruche, Mais e Melhor\",\"image\":{\"@type\":\"ImageObject\",\"inLanguage\":\"pt-PT\",\"@id\":\"https:\\\/\\\/secure.gravatar.com\\\/avatar\\\/4e1ef1625a798dad579472bdc495bde578f714a3a03f0cb87fdbcff48ae42232?s=96&d=mm&r=g\",\"url\":\"https:\\\/\\\/secure.gravatar.com\\\/avatar\\\/4e1ef1625a798dad579472bdc495bde578f714a3a03f0cb87fdbcff48ae42232?s=96&d=mm&r=g\",\"contentUrl\":\"https:\\\/\\\/secure.gravatar.com\\\/avatar\\\/4e1ef1625a798dad579472bdc495bde578f714a3a03f0cb87fdbcff48ae42232?s=96&d=mm&r=g\",\"caption\":\"Por Coruche, Mais e Melhor\"}}]}<\/script>\n<!-- \/ Yoast SEO plugin. -->","yoast_head_json":{"title":"Viemos para ficar, Por Coruche, mais e melhor. | Infocul.pt - Arquivo Digital","description":"Viemos para ficar, Por Coruche, mais e melhor. | Infocul.pt - Arquivo Digital","robots":{"index":"noindex","follow":"follow","max-snippet":"max-snippet:-1","max-image-preview":"max-image-preview:large","max-video-preview":"max-video-preview:-1"},"og_locale":"pt_PT","og_type":"article","og_title":"Viemos para ficar, Por Coruche, mais e melhor. | Infocul.pt - Arquivo Digital","og_description":"Viemos para ficar, Por Coruche, mais e melhor. | Infocul.pt - Arquivo Digital","og_url":"https:\/\/infocul.pt\/arquivo\/destaque\/viemos-para-ficar-por-coruche-mais-e-melhor\/","og_site_name":"Infocul.pt - Arquivo Digital","article_publisher":"https:\/\/www.facebook.com\/Infocul-147816815585015\/","article_published_time":"2021-01-28T00:00:00+00:00","og_image":[{"width":1024,"height":1024,"url":"https:\/\/infocul.pt\/arquivo\/wp-content\/uploads\/2021\/01\/Image-2.jpeg","type":"image\/jpeg"}],"author":"Por Coruche, Mais e Melhor","twitter_card":"summary_large_image","twitter_creator":"@Infoculpt","twitter_site":"@Infoculpt","twitter_misc":{"Escrito por":"Por Coruche, Mais e Melhor","Tempo estimado de leitura":"2 minutos"},"schema":{"@context":"https:\/\/schema.org","@graph":[{"@type":"Article","@id":"https:\/\/infocul.pt\/arquivo\/destaque\/viemos-para-ficar-por-coruche-mais-e-melhor\/#article","isPartOf":{"@id":"https:\/\/infocul.pt\/arquivo\/destaque\/viemos-para-ficar-por-coruche-mais-e-melhor\/"},"author":{"name":"Por Coruche, Mais e Melhor","@id":"https:\/\/infocul.pt\/arquivo\/#\/schema\/person\/ffa90448eea8fa0f7a6e52dce6cfb1b5"},"headline":"Viemos para ficar, Por Coruche, mais e melhor.","datePublished":"2021-01-28T00:00:00+00:00","mainEntityOfPage":{"@id":"https:\/\/infocul.pt\/arquivo\/destaque\/viemos-para-ficar-por-coruche-mais-e-melhor\/"},"wordCount":380,"publisher":{"@id":"https:\/\/infocul.pt\/arquivo\/#organization"},"image":{"@id":"https:\/\/infocul.pt\/arquivo\/destaque\/viemos-para-ficar-por-coruche-mais-e-melhor\/#primaryimage"},"thumbnailUrl":"https:\/\/infocul.pt\/arquivo\/wp-content\/uploads\/2021\/01\/Image-2.jpeg","articleSection":["Destaque","Opini\u00e3o"],"inLanguage":"pt-PT"},{"@type":"WebPage","@id":"https:\/\/infocul.pt\/arquivo\/destaque\/viemos-para-ficar-por-coruche-mais-e-melhor\/","url":"https:\/\/infocul.pt\/arquivo\/destaque\/viemos-para-ficar-por-coruche-mais-e-melhor\/","name":"Viemos para ficar, Por Coruche, mais e melhor. | Infocul.pt - Arquivo Digital","isPartOf":{"@id":"https:\/\/infocul.pt\/arquivo\/#website"},"primaryImageOfPage":{"@id":"https:\/\/infocul.pt\/arquivo\/destaque\/viemos-para-ficar-por-coruche-mais-e-melhor\/#primaryimage"},"image":{"@id":"https:\/\/infocul.pt\/arquivo\/destaque\/viemos-para-ficar-por-coruche-mais-e-melhor\/#primaryimage"},"thumbnailUrl":"https:\/\/infocul.pt\/arquivo\/wp-content\/uploads\/2021\/01\/Image-2.jpeg","datePublished":"2021-01-28T00:00:00+00:00","description":"Viemos para ficar, Por Coruche, mais e melhor. | Infocul.pt - Arquivo Digital","breadcrumb":{"@id":"https:\/\/infocul.pt\/arquivo\/destaque\/viemos-para-ficar-por-coruche-mais-e-melhor\/#breadcrumb"},"inLanguage":"pt-PT","potentialAction":[{"@type":"ReadAction","target":["https:\/\/infocul.pt\/arquivo\/destaque\/viemos-para-ficar-por-coruche-mais-e-melhor\/"]}]},{"@type":"ImageObject","inLanguage":"pt-PT","@id":"https:\/\/infocul.pt\/arquivo\/destaque\/viemos-para-ficar-por-coruche-mais-e-melhor\/#primaryimage","url":"https:\/\/infocul.pt\/arquivo\/wp-content\/uploads\/2021\/01\/Image-2.jpeg","contentUrl":"https:\/\/infocul.pt\/arquivo\/wp-content\/uploads\/2021\/01\/Image-2.jpeg","width":1024,"height":1024},{"@type":"BreadcrumbList","@id":"https:\/\/infocul.pt\/arquivo\/destaque\/viemos-para-ficar-por-coruche-mais-e-melhor\/#breadcrumb","itemListElement":[{"@type":"ListItem","position":1,"name":"Home","item":"https:\/\/infocul.pt\/arquivo\/"},{"@type":"ListItem","position":2,"name":"Viemos para ficar, Por Coruche, mais e melhor."}]},{"@type":"WebSite","@id":"https:\/\/infocul.pt\/arquivo\/#website","url":"https:\/\/infocul.pt\/arquivo\/","name":"Infocul.pt - Arquivo Digital","description":"Arquivo digital da Infocul.pt","publisher":{"@id":"https:\/\/infocul.pt\/arquivo\/#organization"},"potentialAction":[{"@type":"SearchAction","target":{"@type":"EntryPoint","urlTemplate":"https:\/\/infocul.pt\/arquivo\/?s={search_term_string}"},"query-input":{"@type":"PropertyValueSpecification","valueRequired":true,"valueName":"search_term_string"}}],"inLanguage":"pt-PT"},{"@type":"Organization","@id":"https:\/\/infocul.pt\/arquivo\/#organization","name":"Infocul.pt","url":"https:\/\/infocul.pt\/arquivo\/","logo":{"@type":"ImageObject","inLanguage":"pt-PT","@id":"https:\/\/infocul.pt\/arquivo\/#\/schema\/logo\/image\/","url":"https:\/\/infocul.pt\/arquivo\/wp-content\/uploads\/2018\/12\/Infocul_logo-1.png","contentUrl":"https:\/\/infocul.pt\/arquivo\/wp-content\/uploads\/2018\/12\/Infocul_logo-1.png","width":800,"height":800,"caption":"Infocul.pt"},"image":{"@id":"https:\/\/infocul.pt\/arquivo\/#\/schema\/logo\/image\/"},"sameAs":["https:\/\/www.facebook.com\/Infocul-147816815585015\/","https:\/\/x.com\/Infoculpt","http:\/\/www.pictaram.com\/user\/infocul.pt\/2370423710","https:\/\/www.youtube.com\/channel\/UCYEB91AGI9FL9ek2i_IaQAA"]},{"@type":"Person","@id":"https:\/\/infocul.pt\/arquivo\/#\/schema\/person\/ffa90448eea8fa0f7a6e52dce6cfb1b5","name":"Por Coruche, Mais e Melhor","image":{"@type":"ImageObject","inLanguage":"pt-PT","@id":"https:\/\/secure.gravatar.com\/avatar\/4e1ef1625a798dad579472bdc495bde578f714a3a03f0cb87fdbcff48ae42232?s=96&d=mm&r=g","url":"https:\/\/secure.gravatar.com\/avatar\/4e1ef1625a798dad579472bdc495bde578f714a3a03f0cb87fdbcff48ae42232?s=96&d=mm&r=g","contentUrl":"https:\/\/secure.gravatar.com\/avatar\/4e1ef1625a798dad579472bdc495bde578f714a3a03f0cb87fdbcff48ae42232?s=96&d=mm&r=g","caption":"Por Coruche, Mais e Melhor"}}]}},"_links":{"self":[{"href":"https:\/\/infocul.pt\/arquivo\/wp-json\/wp\/v2\/posts\/89820","targetHints":{"allow":["GET"]}}],"collection":[{"href":"https:\/\/infocul.pt\/arquivo\/wp-json\/wp\/v2\/posts"}],"about":[{"href":"https:\/\/infocul.pt\/arquivo\/wp-json\/wp\/v2\/types\/post"}],"author":[{"embeddable":true,"href":"https:\/\/infocul.pt\/arquivo\/wp-json\/wp\/v2\/users\/28"}],"replies":[{"embeddable":true,"href":"https:\/\/infocul.pt\/arquivo\/wp-json\/wp\/v2\/comments?post=89820"}],"version-history":[{"count":0,"href":"https:\/\/infocul.pt\/arquivo\/wp-json\/wp\/v2\/posts\/89820\/revisions"}],"wp:featuredmedia":[{"embeddable":true,"href":"https:\/\/infocul.pt\/arquivo\/wp-json\/wp\/v2\/media\/89821"}],"wp:attachment":[{"href":"https:\/\/infocul.pt\/arquivo\/wp-json\/wp\/v2\/media?parent=89820"}],"wp:term":[{"taxonomy":"category","embeddable":true,"href":"https:\/\/infocul.pt\/arquivo\/wp-json\/wp\/v2\/categories?post=89820"},{"taxonomy":"post_tag","embeddable":true,"href":"https:\/\/infocul.pt\/arquivo\/wp-json\/wp\/v2\/tags?post=89820"}],"curies":[{"name":"wp","href":"https:\/\/api.w.org\/{rel}","templated":true}]}}